{"id":70965,"date":"2025-11-28T08:47:06","date_gmt":"2025-11-28T06:47:06","guid":{"rendered":"https:\/\/lesvolcansnews.net\/2025\/11\/28\/nord-kivu-la-societe-civile-accuse-le-rwanda-de-saboter-les-processus-de-paix-en-rdc\/"},"modified":"2025-11-28T08:47:06","modified_gmt":"2025-11-28T06:47:06","slug":"nord-kivu-la-societe-civile-accuse-le-rwanda-de-saboter-les-processus-de-paix-en-rdc","status":"publish","type":"post","link":"https:\/\/lesvolcansnews.net\/?p=70965","title":{"rendered":"Nord-Kivu : la soci\u00e9t\u00e9 civile accuse le Rwanda de saboter les processus de paix en RDC"},"content":{"rendered":"\n<h3 class=\"wp-block-heading\"><\/h3>\n\n\n\n<p><br><strong>Les organisations de d\u00e9fense des droits de l\u2019homme en province du Nord-Kivu ont exprim\u00e9 une vive inqui\u00e9tude face \u00e0 un nouveau plan pr\u00e9sum\u00e9 du Rwanda visant \u00e0 saboter les processus de paix en cours \u00e0 Washington et \u00e0 Doha.<\/strong><\/p>\n\n\n\n<p> Selon ces organisations, Kigali intensifie ses actions militaires dans l\u2019est de la R\u00e9publique D\u00e9mocratique du Congo (RDC), avec pour objectif de d\u00e9stabiliser davantage le pays et d\u2019enfoncer le clou dans un conflit qui dure depuis plus de deux d\u00e9cennies.<\/p>\n\n\n\n<p>Les \u00e9l\u00e9ments arm\u00e9s soutenus par le Rwanda, tels que le M23, poursuivent leur offensive avec l\u2019ambition de conqu\u00e9rir des villes strat\u00e9giques telles que Kalemie, Kindu et Kisangani. Les organisations de la soci\u00e9t\u00e9 civile d\u00e9noncent une nouvelle phase de guerre o\u00f9, derri\u00e8re les combats, se cache une volont\u00e9 de forcer le gouvernement congolais \u00e0 c\u00e9der sans condition aux demandes de Kigali.<\/p>\n\n\n\n<p>\u00ab La prise de Goma et Bukavu par les \u00e9l\u00e9ments du M23 n\u2019a pas suffi \u00e0 affaiblir le gouvernement congolais comme esp\u00e9r\u00e9. Le Rwanda, dans sa logique expansionniste, cherche maintenant \u00e0 contr\u00f4ler de nouveaux territoires pour asphyxier le gouvernement de Kinshasa et imposer ses exigences \u00bb, ont \u00e9crit ces organisations&nbsp; des droits humains.<\/p>\n\n\n\n<h3 class=\"wp-block-heading\">La Strat\u00e9gie Militaire du Rwanda : Vers une Extension des Fronts<\/h3>\n\n\n\n<p>Le 20 novembre 2025, des informations de sources fiables ont r\u00e9v\u00e9l\u00e9 que les forces rwandaises, initialement positionn\u00e9es dans le parc national des Virunga, avaient \u00e9t\u00e9 retir\u00e9es de leurs lignes avanc\u00e9es. Ces forces ont \u00e9t\u00e9 red\u00e9ploy\u00e9es sur de nouvelles positions strat\u00e9giques, notamment entre les territoires de Masisi et de Walikale, dans le Nord-Kivu. En parall\u00e8le, des renforts en provenance du Rwanda ont franchi la fronti\u00e8re pour soutenir l&#8217;offensive sur le territoire du Sud-Kivu, notamment autour de Shabunda et Lulingu, des zones connues pour leurs ressources mini\u00e8res, comme la cassit\u00e9rite et l\u2019or.<\/p>\n\n\n\n<p>Les informations recueillies font \u00e9tat d\u2019un red\u00e9ploiement visant \u00e0 renforcer les lignes de front dans des r\u00e9gions cruciales qui pourraient avoir un impact majeur sur les \u00e9changes commerciaux et le contr\u00f4le des ressources naturelles.<\/p>\n\n\n\n<p> \u00ab Ces zones sont strat\u00e9giques, non seulement pour leur richesse mini\u00e8re, mais aussi pour leur position g\u00e9ographique qui permettrait d\u2019ouvrir des voies vers d\u2019autres provinces vitales, telles que la Tshopo et le Maniema \u00bb, ont-elles expliqu\u00e9 .<\/p>\n\n\n\n<p>Les organisations de d\u00e9fense des droits humains craignent que cette escalade des combats provoque un nouveau cycle de violences \u00e0 l\u2019encontre des civils, entra\u00eenant des d\u00e9placements massifs de populations et une exacerbation de la crise humanitaire d\u00e9j\u00e0 critique.<\/p>\n\n\n\n<p> \u00ab Les nouvelles offensives risquent de provoquer de nouveaux massacres de civils et d\u2019aggraver la situation humanitaire dans l\u2019est de la RDC, une crise que le gouvernement congolais et la communaut\u00e9 internationale n\u2019ont pas su r\u00e9soudre \u00bb, a d\u00e9clar\u00e9 la soci\u00e9t\u00e9 civile en Nord-Kivu.<\/p>\n\n\n\n<h3 class=\"wp-block-heading\">Un Appel Urgent \u00e0 l\u2019Action Internationale<\/h3>\n\n\n\n<p>Face \u00e0 cette situation alarmante, les organisations de d\u00e9fense des droits humains en RDC appellent \u00e0 une mobilisation imm\u00e9diate des autorit\u00e9s nationales et des partenaires internationaux pour emp\u00eacher le Rwanda de poursuivre sa politique de d\u00e9stabilisation. Elles demandent au gouvernement congolais de r\u00e9agir avec fermet\u00e9 et coordination, en collaboration avec l\u2019\u00c9tat-Major des Forces Arm\u00e9es de la R\u00e9publique D\u00e9mocratique du Congo (FARDC), pour contrer les nouvelles offensives en pr\u00e9paration.<\/p>\n\n\n\n<p>\u00ab La priorit\u00e9 doit \u00eatre donn\u00e9e \u00e0 la d\u00e9fense de notre souverainet\u00e9. Le gouvernement congolais doit prendre des mesures concr\u00e8tes pour stopper l\u2019expansion militaire rwandaise et \u00e9viter une d\u00e9faillance sur le terrain qui pourrait compromettre la s\u00e9curit\u00e9 des civils \u00bb, a insist\u00e9 un responsable d\u2019une organisation humanitaire.<\/p>\n\n\n\n<p>Les organisations de la soci\u00e9t\u00e9 civile en RDC recommandent \u00e9galement une surveillance rigoureuse de toutes les forces militaires engag\u00e9es dans les combats, afin de pr\u00e9venir toute infiltration ou d\u00e9faillance dans la d\u00e9fense de la souverainet\u00e9 congolaise. Elles insistent aussi sur la n\u00e9cessit\u00e9 d\u2019une communication transparente et r\u00e9guli\u00e8re avec la population et les organisations humanitaires.<\/p>\n\n\n\n<p>En parall\u00e8le, elles appellent la communaut\u00e9 internationale \u00e0 prendre des mesures vigoureuses pour contraindre Kigali \u00e0 mettre fin \u00e0 son ing\u00e9rence militaire en RDC. Elles demandent en particulier au Conseil de S\u00e9curit\u00e9 de l\u2019ONU, aux \u00c9tats-Unis, \u00e0 l\u2019Union Europ\u00e9enne, \u00e0 l\u2019Union Africaine et \u00e0 l\u2019\u00c9tat du Qatar d\u2019intensifier leur pression diplomatique pour obtenir le retrait imm\u00e9diat et inconditionnel des troupes rwandaises du territoire congolais.<\/p>\n\n\n\n<p>\u00ab La communaut\u00e9 internationale doit utiliser tous les leviers diplomatiques possibles pour emp\u00eacher le Rwanda de saboter les pourparlers de paix \u00e0 Washington et \u00e0 Doha, et garantir que ces n\u00e9gociations n\u2019\u00e9chouent pas \u00e0 cause des actions militaires de Kigali \u00bb, a affirm\u00e9 un expert en relations internationales.<\/p>\n\n\n\n<h3 class=\"wp-block-heading\">La N\u00e9cessit\u00e9 d\u2019une Paix Durable<\/h3>\n\n\n\n<p>Les organisations de d\u00e9fense des droits humains rappellent que la paix durable en RDC ne peut pas se construire sur l\u2019occupation ill\u00e9gale, le pillage des ressources naturelles, les d\u00e9placements forc\u00e9s de populations et les violences contre les civils. Elles d\u00e9noncent fermement la politique de chaos men\u00e9e par le Rwanda, qui selon elles, cherche \u00e0 diviser et d\u00e9stabiliser la RDC pour imposer sa volont\u00e9.<\/p>\n\n\n\n<p>\u00ab La paix durable ne peut \u00eatre fond\u00e9e sur la violation syst\u00e9matique des droits humains et l\u2019exploitation des ressources naturelles au d\u00e9triment des populations locales. Il est urgent que la communaut\u00e9 internationale intervienne pour garantir la protection des civils et la pr\u00e9servation de l\u2019int\u00e9grit\u00e9 territoriale de la RDC \u00bb,&nbsp; des organisations des droits humains.<\/p>\n\n\n\n<p>Les organisations appellent \u00e0 une action imm\u00e9diate pour stopper cette spirale de violence et \u00e9viter une nouvelle catastrophe humanitaire. Elles soulignent que le temps presse : \u00ab Il faut agir maintenant avant qu\u2019il ne soit trop tard. La RDC ne peut pas survivre \u00e0 une nouvelle guerre \u00bb, a ajout\u00e9 un repr\u00e9sentant de la soci\u00e9t\u00e9 civile.<\/p>\n\n\n\n<h3 class=\"wp-block-heading\"><\/h3>\n\n\n\n<p>Le sort de la R\u00e9publique D\u00e9mocratique du Congo d\u00e9pend d\u00e9sormais d\u2019une action d\u00e9termin\u00e9e \u00e0 tous les niveaux, tant national qu&#8217;international. Alors que la guerre menace de s\u2019\u00e9tendre \u00e0 d\u2019autres r\u00e9gions strat\u00e9giques du pays, les appels \u00e0 une r\u00e9ponse imm\u00e9diate et coordonn\u00e9e se multiplient. La communaut\u00e9 internationale doit se mobiliser pour soutenir les efforts de paix et prot\u00e9ger les populations civiles, avant que la situation ne devienne irr\u00e9versible.<\/p>\n\n\n\n<p>Les prochains mois seront cruciaux pour l&#8217;avenir de la RDC et de la r\u00e9gion des Grands Lacs. Les menaces de balkanisation et de nouvelles violences massives sont bien r\u00e9elles, et les efforts pour parvenir \u00e0 une paix durable risquent d\u2019\u00eatre an\u00e9antis si le monde ne r\u00e9agit pas \u00e0 temps.<\/p>\n\n\n\n<p>La r\u00e9daction <\/p>\n\n\n\n<ul class=\"wp-block-list\">\n<li><\/li>\n<\/ul>\n","protected":false},"excerpt":{"rendered":"<p>Les organisations de d\u00e9fense des droits de l\u2019homme en province du Nord-Kivu ont exprim\u00e9 une vive inqui\u00e9tude face \u00e0 un nouveau plan pr\u00e9sum\u00e9 du Rwanda visant \u00e0 saboter les processus<\/p>\n","protected":false},"author":14,"featured_media":70964,"comment_status":"open","ping_status":"open","sticky":false,"template":"","format":"standard","meta":{"footnotes":""},"categories":[1],"tags":[],"class_list":["post-70965","post","type-post","status-publish","format-standard","has-post-thumbnail","hentry","category-actualite"],"yoast_head":"<!-- This site is optimized with the Yoast SEO plugin v27.3 - https:\/\/yoast.com\/product\/yoast-seo-wordpress\/ -->\n<title>Nord-Kivu : la soci\u00e9t\u00e9 civile accuse le Rwanda de saboter les processus de paix en RDC - LES VOLCANS NEWS<\/title>\n<meta name=\"robots\" content=\"index, follow, max-snippet:-1, max-image-preview:large, max-video-preview:-1\" \/>\n<link rel=\"canonical\" href=\"https:\/\/lesvolcansnews.net\/?p=70965\" \/>\n<meta property=\"og:locale\" content=\"fr_FR\" \/>\n<meta property=\"og:type\" content=\"article\" \/>\n<meta property=\"og:title\" content=\"Nord-Kivu : la soci\u00e9t\u00e9 civile accuse le Rwanda de saboter les processus de paix en RDC - LES VOLCANS NEWS\" \/>\n<meta property=\"og:description\" content=\"Les organisations de d\u00e9fense des droits de l\u2019homme en province du Nord-Kivu ont exprim\u00e9 une vive inqui\u00e9tude face \u00e0 un nouveau plan pr\u00e9sum\u00e9 du Rwanda visant \u00e0 saboter les processus\" \/>\n<meta property=\"og:url\" content=\"https:\/\/lesvolcansnews.net\/?p=70965\" \/>\n<meta property=\"og:site_name\" content=\"LES VOLCANS NEWS\" \/>\n<meta property=\"article:published_time\" content=\"2025-11-28T06:47:06+00:00\" \/>\n<meta property=\"og:image\" content=\"https:\/\/lesvolcansnews.net\/wp-content\/uploads\/2025\/11\/20251128_074631.jpg\" \/>\n\t<meta property=\"og:image:width\" content=\"1000\" \/>\n\t<meta property=\"og:image:height\" content=\"772\" \/>\n\t<meta property=\"og:image:type\" content=\"image\/jpeg\" \/>\n<meta name=\"author\" content=\"R\u00e9daction - Les Volcans News\" \/>\n<meta name=\"twitter:card\" content=\"summary_large_image\" \/>\n<meta name=\"twitter:label1\" content=\"\u00c9crit par\" \/>\n\t<meta name=\"twitter:data1\" content=\"R\u00e9daction - Les Volcans News\" \/>\n\t<meta name=\"twitter:label2\" content=\"Dur\u00e9e de lecture estim\u00e9e\" \/>\n\t<meta name=\"twitter:data2\" content=\"6 minutes\" \/>\n<script type=\"application\/ld+json\" class=\"yoast-schema-graph\">{\"@context\":\"https:\\\/\\\/schema.org\",\"@graph\":[{\"@type\":\"Article\",\"@id\":\"https:\\\/\\\/lesvolcansnews.net\\\/?p=70965#article\",\"isPartOf\":{\"@id\":\"https:\\\/\\\/lesvolcansnews.net\\\/?p=70965\"},\"author\":{\"name\":\"R\u00e9daction - Les Volcans News\",\"@id\":\"https:\\\/\\\/lesvolcansnews.net\\\/#\\\/schema\\\/person\\\/82c8bed2e77879ecf6cca63441f57354\"},\"headline\":\"Nord-Kivu : la soci\u00e9t\u00e9 civile accuse le Rwanda de saboter les processus de paix en RDC\",\"datePublished\":\"2025-11-28T06:47:06+00:00\",\"mainEntityOfPage\":{\"@id\":\"https:\\\/\\\/lesvolcansnews.net\\\/?p=70965\"},\"wordCount\":1141,\"commentCount\":0,\"image\":{\"@id\":\"https:\\\/\\\/lesvolcansnews.net\\\/?p=70965#primaryimage\"},\"thumbnailUrl\":\"https:\\\/\\\/lesvolcansnews.net\\\/wp-content\\\/uploads\\\/2025\\\/11\\\/20251128_074631.jpg\",\"articleSection\":[\"ACTUALIT\u00c9\"],\"inLanguage\":\"fr-FR\",\"potentialAction\":[{\"@type\":\"CommentAction\",\"name\":\"Comment\",\"target\":[\"https:\\\/\\\/lesvolcansnews.net\\\/?p=70965#respond\"]}]},{\"@type\":\"WebPage\",\"@id\":\"https:\\\/\\\/lesvolcansnews.net\\\/?p=70965\",\"url\":\"https:\\\/\\\/lesvolcansnews.net\\\/?p=70965\",\"name\":\"Nord-Kivu : la soci\u00e9t\u00e9 civile accuse le Rwanda de saboter les processus de paix en RDC - LES VOLCANS NEWS\",\"isPartOf\":{\"@id\":\"https:\\\/\\\/lesvolcansnews.net\\\/#website\"},\"primaryImageOfPage\":{\"@id\":\"https:\\\/\\\/lesvolcansnews.net\\\/?p=70965#primaryimage\"},\"image\":{\"@id\":\"https:\\\/\\\/lesvolcansnews.net\\\/?p=70965#primaryimage\"},\"thumbnailUrl\":\"https:\\\/\\\/lesvolcansnews.net\\\/wp-content\\\/uploads\\\/2025\\\/11\\\/20251128_074631.jpg\",\"datePublished\":\"2025-11-28T06:47:06+00:00\",\"author\":{\"@id\":\"https:\\\/\\\/lesvolcansnews.net\\\/#\\\/schema\\\/person\\\/82c8bed2e77879ecf6cca63441f57354\"},\"breadcrumb\":{\"@id\":\"https:\\\/\\\/lesvolcansnews.net\\\/?p=70965#breadcrumb\"},\"inLanguage\":\"fr-FR\",\"potentialAction\":[{\"@type\":\"ReadAction\",\"target\":[\"https:\\\/\\\/lesvolcansnews.net\\\/?p=70965\"]}]},{\"@type\":\"ImageObject\",\"inLanguage\":\"fr-FR\",\"@id\":\"https:\\\/\\\/lesvolcansnews.net\\\/?p=70965#primaryimage\",\"url\":\"https:\\\/\\\/lesvolcansnews.net\\\/wp-content\\\/uploads\\\/2025\\\/11\\\/20251128_074631.jpg\",\"contentUrl\":\"https:\\\/\\\/lesvolcansnews.net\\\/wp-content\\\/uploads\\\/2025\\\/11\\\/20251128_074631.jpg\",\"width\":1000,\"height\":772},{\"@type\":\"BreadcrumbList\",\"@id\":\"https:\\\/\\\/lesvolcansnews.net\\\/?p=70965#breadcrumb\",\"itemListElement\":[{\"@type\":\"ListItem\",\"position\":1,\"name\":\"Accueil\",\"item\":\"https:\\\/\\\/lesvolcansnews.net\\\/\"},{\"@type\":\"ListItem\",\"position\":2,\"name\":\"Nord-Kivu : la soci\u00e9t\u00e9 civile accuse le Rwanda de saboter les processus de paix en RDC\"}]},{\"@type\":\"WebSite\",\"@id\":\"https:\\\/\\\/lesvolcansnews.net\\\/#website\",\"url\":\"https:\\\/\\\/lesvolcansnews.net\\\/\",\"name\":\"LES VOLCANS NEWS\",\"description\":\"L&#039;INFORMATION C&#039;EST NOUS\",\"potentialAction\":[{\"@type\":\"SearchAction\",\"target\":{\"@type\":\"EntryPoint\",\"urlTemplate\":\"https:\\\/\\\/lesvolcansnews.net\\\/?s={search_term_string}\"},\"query-input\":{\"@type\":\"PropertyValueSpecification\",\"valueRequired\":true,\"valueName\":\"search_term_string\"}}],\"inLanguage\":\"fr-FR\"},{\"@type\":\"Person\",\"@id\":\"https:\\\/\\\/lesvolcansnews.net\\\/#\\\/schema\\\/person\\\/82c8bed2e77879ecf6cca63441f57354\",\"name\":\"R\u00e9daction - Les Volcans News\",\"image\":{\"@type\":\"ImageObject\",\"inLanguage\":\"fr-FR\",\"@id\":\"https:\\\/\\\/secure.gravatar.com\\\/avatar\\\/8408942dd851e8a9c09f3d382a661bc05d2b3cd9002139bc1795b9528cdc6c80?s=96&d=mm&r=g\",\"url\":\"https:\\\/\\\/secure.gravatar.com\\\/avatar\\\/8408942dd851e8a9c09f3d382a661bc05d2b3cd9002139bc1795b9528cdc6c80?s=96&d=mm&r=g\",\"contentUrl\":\"https:\\\/\\\/secure.gravatar.com\\\/avatar\\\/8408942dd851e8a9c09f3d382a661bc05d2b3cd9002139bc1795b9528cdc6c80?s=96&d=mm&r=g\",\"caption\":\"R\u00e9daction - Les Volcans News\"},\"url\":\"https:\\\/\\\/lesvolcansnews.net\\\/?author=14\"}]}<\/script>\n<!-- \/ Yoast SEO plugin. -->","yoast_head_json":{"title":"Nord-Kivu : la soci\u00e9t\u00e9 civile accuse le Rwanda de saboter les processus de paix en RDC - LES VOLCANS NEWS","robots":{"index":"index","follow":"follow","max-snippet":"max-snippet:-1","max-image-preview":"max-image-preview:large","max-video-preview":"max-video-preview:-1"},"canonical":"https:\/\/lesvolcansnews.net\/?p=70965","og_locale":"fr_FR","og_type":"article","og_title":"Nord-Kivu : la soci\u00e9t\u00e9 civile accuse le Rwanda de saboter les processus de paix en RDC - LES VOLCANS NEWS","og_description":"Les organisations de d\u00e9fense des droits de l\u2019homme en province du Nord-Kivu ont exprim\u00e9 une vive inqui\u00e9tude face \u00e0 un nouveau plan pr\u00e9sum\u00e9 du Rwanda visant \u00e0 saboter les processus","og_url":"https:\/\/lesvolcansnews.net\/?p=70965","og_site_name":"LES VOLCANS NEWS","article_published_time":"2025-11-28T06:47:06+00:00","og_image":[{"width":1000,"height":772,"url":"https:\/\/lesvolcansnews.net\/wp-content\/uploads\/2025\/11\/20251128_074631.jpg","type":"image\/jpeg"}],"author":"R\u00e9daction - Les Volcans News","twitter_card":"summary_large_image","twitter_misc":{"\u00c9crit par":"R\u00e9daction - Les Volcans News","Dur\u00e9e de lecture estim\u00e9e":"6 minutes"},"schema":{"@context":"https:\/\/schema.org","@graph":[{"@type":"Article","@id":"https:\/\/lesvolcansnews.net\/?p=70965#article","isPartOf":{"@id":"https:\/\/lesvolcansnews.net\/?p=70965"},"author":{"name":"R\u00e9daction - Les Volcans News","@id":"https:\/\/lesvolcansnews.net\/#\/schema\/person\/82c8bed2e77879ecf6cca63441f57354"},"headline":"Nord-Kivu : la soci\u00e9t\u00e9 civile accuse le Rwanda de saboter les processus de paix en RDC","datePublished":"2025-11-28T06:47:06+00:00","mainEntityOfPage":{"@id":"https:\/\/lesvolcansnews.net\/?p=70965"},"wordCount":1141,"commentCount":0,"image":{"@id":"https:\/\/lesvolcansnews.net\/?p=70965#primaryimage"},"thumbnailUrl":"https:\/\/lesvolcansnews.net\/wp-content\/uploads\/2025\/11\/20251128_074631.jpg","articleSection":["ACTUALIT\u00c9"],"inLanguage":"fr-FR","potentialAction":[{"@type":"CommentAction","name":"Comment","target":["https:\/\/lesvolcansnews.net\/?p=70965#respond"]}]},{"@type":"WebPage","@id":"https:\/\/lesvolcansnews.net\/?p=70965","url":"https:\/\/lesvolcansnews.net\/?p=70965","name":"Nord-Kivu : la soci\u00e9t\u00e9 civile accuse le Rwanda de saboter les processus de paix en RDC - LES VOLCANS NEWS","isPartOf":{"@id":"https:\/\/lesvolcansnews.net\/#website"},"primaryImageOfPage":{"@id":"https:\/\/lesvolcansnews.net\/?p=70965#primaryimage"},"image":{"@id":"https:\/\/lesvolcansnews.net\/?p=70965#primaryimage"},"thumbnailUrl":"https:\/\/lesvolcansnews.net\/wp-content\/uploads\/2025\/11\/20251128_074631.jpg","datePublished":"2025-11-28T06:47:06+00:00","author":{"@id":"https:\/\/lesvolcansnews.net\/#\/schema\/person\/82c8bed2e77879ecf6cca63441f57354"},"breadcrumb":{"@id":"https:\/\/lesvolcansnews.net\/?p=70965#breadcrumb"},"inLanguage":"fr-FR","potentialAction":[{"@type":"ReadAction","target":["https:\/\/lesvolcansnews.net\/?p=70965"]}]},{"@type":"ImageObject","inLanguage":"fr-FR","@id":"https:\/\/lesvolcansnews.net\/?p=70965#primaryimage","url":"https:\/\/lesvolcansnews.net\/wp-content\/uploads\/2025\/11\/20251128_074631.jpg","contentUrl":"https:\/\/lesvolcansnews.net\/wp-content\/uploads\/2025\/11\/20251128_074631.jpg","width":1000,"height":772},{"@type":"BreadcrumbList","@id":"https:\/\/lesvolcansnews.net\/?p=70965#breadcrumb","itemListElement":[{"@type":"ListItem","position":1,"name":"Accueil","item":"https:\/\/lesvolcansnews.net\/"},{"@type":"ListItem","position":2,"name":"Nord-Kivu : la soci\u00e9t\u00e9 civile accuse le Rwanda de saboter les processus de paix en RDC"}]},{"@type":"WebSite","@id":"https:\/\/lesvolcansnews.net\/#website","url":"https:\/\/lesvolcansnews.net\/","name":"LES VOLCANS NEWS","description":"L&#039;INFORMATION C&#039;EST NOUS","potentialAction":[{"@type":"SearchAction","target":{"@type":"EntryPoint","urlTemplate":"https:\/\/lesvolcansnews.net\/?s={search_term_string}"},"query-input":{"@type":"PropertyValueSpecification","valueRequired":true,"valueName":"search_term_string"}}],"inLanguage":"fr-FR"},{"@type":"Person","@id":"https:\/\/lesvolcansnews.net\/#\/schema\/person\/82c8bed2e77879ecf6cca63441f57354","name":"R\u00e9daction - Les Volcans News","image":{"@type":"ImageObject","inLanguage":"fr-FR","@id":"https:\/\/secure.gravatar.com\/avatar\/8408942dd851e8a9c09f3d382a661bc05d2b3cd9002139bc1795b9528cdc6c80?s=96&d=mm&r=g","url":"https:\/\/secure.gravatar.com\/avatar\/8408942dd851e8a9c09f3d382a661bc05d2b3cd9002139bc1795b9528cdc6c80?s=96&d=mm&r=g","contentUrl":"https:\/\/secure.gravatar.com\/avatar\/8408942dd851e8a9c09f3d382a661bc05d2b3cd9002139bc1795b9528cdc6c80?s=96&d=mm&r=g","caption":"R\u00e9daction - Les Volcans News"},"url":"https:\/\/lesvolcansnews.net\/?author=14"}]}},"_links":{"self":[{"href":"https:\/\/lesvolcansnews.net\/index.php?rest_route=\/wp\/v2\/posts\/70965","targetHints":{"allow":["GET"]}}],"collection":[{"href":"https:\/\/lesvolcansnews.net\/index.php?rest_route=\/wp\/v2\/posts"}],"about":[{"href":"https:\/\/lesvolcansnews.net\/index.php?rest_route=\/wp\/v2\/types\/post"}],"author":[{"embeddable":true,"href":"https:\/\/lesvolcansnews.net\/index.php?rest_route=\/wp\/v2\/users\/14"}],"replies":[{"embeddable":true,"href":"https:\/\/lesvolcansnews.net\/index.php?rest_route=%2Fwp%2Fv2%2Fcomments&post=70965"}],"version-history":[{"count":0,"href":"https:\/\/lesvolcansnews.net\/index.php?rest_route=\/wp\/v2\/posts\/70965\/revisions"}],"wp:featuredmedia":[{"embeddable":true,"href":"https:\/\/lesvolcansnews.net\/index.php?rest_route=\/wp\/v2\/media\/70964"}],"wp:attachment":[{"href":"https:\/\/lesvolcansnews.net\/index.php?rest_route=%2Fwp%2Fv2%2Fmedia&parent=70965"}],"wp:term":[{"taxonomy":"category","embeddable":true,"href":"https:\/\/lesvolcansnews.net\/index.php?rest_route=%2Fwp%2Fv2%2Fcategories&post=70965"},{"taxonomy":"post_tag","embeddable":true,"href":"https:\/\/lesvolcansnews.net\/index.php?rest_route=%2Fwp%2Fv2%2Ftags&post=70965"}],"curies":[{"name":"wp","href":"https:\/\/api.w.org\/{rel}","templated":true}]}}