{"id":70953,"date":"2025-11-28T07:37:35","date_gmt":"2025-11-28T05:37:35","guid":{"rendered":"https:\/\/lesvolcansnews.net\/2025\/11\/28\/lihau-apres-sa-visite-aux-militaires-blesses-nos-heros-la-meritent-notre-attention-et-prise-en-holistique\/"},"modified":"2025-11-28T08:17:06","modified_gmt":"2025-11-28T06:17:06","slug":"lihau-apres-sa-visite-aux-militaires-blesses-nos-heros-la-meritent-notre-attention-et-prise-en-holistique","status":"publish","type":"post","link":"https:\/\/lesvolcansnews.net\/?p=70953","title":{"rendered":"Lihau apr\u00e8s sa visite aux militaires bless\u00e9s : \u00ab Nos h\u00e9ros l\u00e0 m\u00e9ritent notre attention et prise en charge holistique \u00bb"},"content":{"rendered":"\n<p><\/p>\n\n\n\n<p><strong>Des militaires bless\u00e9s de guerre sur diff\u00e9rents fronts, m\u00e9ritent d&#8217;\u00eatre prot\u00e9g\u00e9s, d&#8217;\u00eatre c\u00e9l\u00e9br\u00e9s et toute notre attention, c&#8217;est ce qu&#8217;a laiss\u00e9 entendre le vice-premier ministre et ministre de la fonction publique Jean-Pierre Lihau apr\u00e8s sa visite \u00e0 l&#8217;unit\u00e9 m\u00e9dicale d&#8217;intervention rapide UMIR\/Bunia lors de son s\u00e9jour en province de l&#8217;Ituri.<\/strong><\/p>\n\n\n\n<p>Dans sa gibeci\u00e8re, ce membre du gouvernement Suminwa 2 a eu \u00e0 donner l&#8217;assistance \u00e0 cette cat\u00e9gorie de personnes qui, pour lui, constituent, les h\u00e9ros de la R\u00e9publique D\u00e9mocratique du Congo car ayant accept\u00e9 de la d\u00e9fendre jusqu&#8217;au sacrifice supr\u00eame.<\/p>\n\n\n\n<p>\u00ab <em>Ce que j&#8217;ai vu et ce qu&#8217;on nous envoie comme rapport diff\u00e8re. Ces militaires ici qui ont accept\u00e9 de mourir pour les uns et \u00eatre bless\u00e9s pour ce cas \u00e9ch\u00e9ant sont nos h\u00e9ros. Et pour \u00e7a, ils m\u00e9ritent d&#8217;\u00eatre prot\u00e9g\u00e9s, d&#8217;\u00eatre c\u00e9l\u00e9br\u00e9s, \u2026.\u00bb,<\/em> a-t-il rassur\u00e9 entour\u00e9 par le gouverneur Luboya et son comit\u00e9 provincial de s\u00e9curit\u00e9.<\/p>\n\n\n\n<p>Lihau promet une prise en charge et une motivation holistique voire permanente \u00e0 ces bless\u00e9s de guerre pour leur montrer solidarit\u00e9 au nom de leur travail rendu \u00e0 la RDC principalement \u00e0 l&#8217;Ituri contre ces groupes arm\u00e9s qui pullulent la zone.<\/p>\n\n\n\n<p>\u00ab <em>Et je leur promet une prise en charge particuli\u00e8re car rares sont ce qui acceptent mourir, \u00eatre bless\u00e9s pour la cause des autres. Je comprends pourquoi le Pr\u00e9sident de la R\u00e9publique m&#8217;avait charg\u00e9 de faire de la pension de personnel militaire, un acte \u00e0 part enti\u00e8re<\/em> \u00bb, poursuit le vice-premier ministre et ministre de la fonction publique Jean-Pierre Lihau Ebua.<\/p>\n\n\n\n<p>Pr\u00e9cisons qu&#8217;apr\u00e8s l&#8217;\u00e9tape de l&#8217;Ituri, ce membre du gouvernement central est attendu dans des provinces de Tshopo, Nord et Sud-Kivu pour installer, comme en Ituri, la Caisse Nationale de S\u00e9curit\u00e9 Sociale des Agents Publics de l&#8217;\u00c9tat CNSSAP mais \u00e9galement sensibiliser les militaires et policiers sur leur pension.<\/p>\n\n\n\n<p>Nickson Manzekele<\/p>\n","protected":false},"excerpt":{"rendered":"<p>Des militaires bless\u00e9s de guerre sur diff\u00e9rents fronts, m\u00e9ritent d&#8217;\u00eatre prot\u00e9g\u00e9s, d&#8217;\u00eatre c\u00e9l\u00e9br\u00e9s et toute notre attention, c&#8217;est ce qu&#8217;a laiss\u00e9 entendre le vice-premier ministre et ministre de la fonction<\/p>\n","protected":false},"author":14,"featured_media":70952,"comment_status":"open","ping_status":"open","sticky":false,"template":"","format":"standard","meta":{"footnotes":""},"categories":[29,32,9],"tags":[],"class_list":["post-70953","post","type-post","status-publish","format-standard","has-post-thumbnail","hentry","category-sante","category-securite","category-societe"],"yoast_head":"<!-- This site is optimized with the Yoast SEO plugin v27.3 - https:\/\/yoast.com\/product\/yoast-seo-wordpress\/ -->\n<title>Lihau apr\u00e8s sa visite aux militaires bless\u00e9s : \u00ab Nos h\u00e9ros l\u00e0 m\u00e9ritent notre attention et prise en charge holistique \u00bb - LES VOLCANS NEWS<\/title>\n<meta name=\"robots\" content=\"index, follow, max-snippet:-1, max-image-preview:large, max-video-preview:-1\" \/>\n<link rel=\"canonical\" href=\"https:\/\/lesvolcansnews.net\/?p=70953\" \/>\n<meta property=\"og:locale\" content=\"fr_FR\" \/>\n<meta property=\"og:type\" content=\"article\" \/>\n<meta property=\"og:title\" content=\"Lihau apr\u00e8s sa visite aux militaires bless\u00e9s : \u00ab Nos h\u00e9ros l\u00e0 m\u00e9ritent notre attention et prise en charge holistique \u00bb - LES VOLCANS NEWS\" \/>\n<meta property=\"og:description\" content=\"Des militaires bless\u00e9s de guerre sur diff\u00e9rents fronts, m\u00e9ritent d&#8217;\u00eatre prot\u00e9g\u00e9s, d&#8217;\u00eatre c\u00e9l\u00e9br\u00e9s et toute notre attention, c&#8217;est ce qu&#8217;a laiss\u00e9 entendre le vice-premier ministre et ministre de la fonction\" \/>\n<meta property=\"og:url\" content=\"https:\/\/lesvolcansnews.net\/?p=70953\" \/>\n<meta property=\"og:site_name\" content=\"LES VOLCANS NEWS\" \/>\n<meta property=\"article:published_time\" content=\"2025-11-28T05:37:35+00:00\" \/>\n<meta property=\"article:modified_time\" content=\"2025-11-28T06:17:06+00:00\" \/>\n<meta property=\"og:image\" content=\"https:\/\/lesvolcansnews.net\/wp-content\/uploads\/2025\/11\/IMG-20251128-WA0028.jpg\" \/>\n\t<meta property=\"og:image:width\" content=\"1080\" \/>\n\t<meta property=\"og:image:height\" content=\"720\" \/>\n\t<meta property=\"og:image:type\" content=\"image\/jpeg\" \/>\n<meta name=\"author\" content=\"R\u00e9daction - Les Volcans News\" \/>\n<meta name=\"twitter:card\" content=\"summary_large_image\" \/>\n<meta name=\"twitter:label1\" content=\"\u00c9crit par\" \/>\n\t<meta name=\"twitter:data1\" content=\"R\u00e9daction - Les Volcans News\" \/>\n\t<meta name=\"twitter:label2\" content=\"Dur\u00e9e de lecture estim\u00e9e\" \/>\n\t<meta name=\"twitter:data2\" content=\"2 minutes\" \/>\n<script type=\"application\/ld+json\" class=\"yoast-schema-graph\">{\"@context\":\"https:\\\/\\\/schema.org\",\"@graph\":[{\"@type\":\"Article\",\"@id\":\"https:\\\/\\\/lesvolcansnews.net\\\/?p=70953#article\",\"isPartOf\":{\"@id\":\"https:\\\/\\\/lesvolcansnews.net\\\/?p=70953\"},\"author\":{\"name\":\"R\u00e9daction - Les Volcans News\",\"@id\":\"https:\\\/\\\/lesvolcansnews.net\\\/#\\\/schema\\\/person\\\/82c8bed2e77879ecf6cca63441f57354\"},\"headline\":\"Lihau apr\u00e8s sa visite aux militaires bless\u00e9s : \u00ab Nos h\u00e9ros l\u00e0 m\u00e9ritent notre attention et prise en charge holistique \u00bb\",\"datePublished\":\"2025-11-28T05:37:35+00:00\",\"dateModified\":\"2025-11-28T06:17:06+00:00\",\"mainEntityOfPage\":{\"@id\":\"https:\\\/\\\/lesvolcansnews.net\\\/?p=70953\"},\"wordCount\":367,\"commentCount\":0,\"image\":{\"@id\":\"https:\\\/\\\/lesvolcansnews.net\\\/?p=70953#primaryimage\"},\"thumbnailUrl\":\"https:\\\/\\\/lesvolcansnews.net\\\/wp-content\\\/uploads\\\/2025\\\/11\\\/IMG-20251128-WA0028.jpg\",\"articleSection\":[\"SANT\u00c9\",\"S\u00c9CURIT\u00c9\",\"SOCIET\u00c9\"],\"inLanguage\":\"fr-FR\",\"potentialAction\":[{\"@type\":\"CommentAction\",\"name\":\"Comment\",\"target\":[\"https:\\\/\\\/lesvolcansnews.net\\\/?p=70953#respond\"]}]},{\"@type\":\"WebPage\",\"@id\":\"https:\\\/\\\/lesvolcansnews.net\\\/?p=70953\",\"url\":\"https:\\\/\\\/lesvolcansnews.net\\\/?p=70953\",\"name\":\"Lihau apr\u00e8s sa visite aux militaires bless\u00e9s : \u00ab Nos h\u00e9ros l\u00e0 m\u00e9ritent notre attention et prise en charge holistique \u00bb - LES VOLCANS NEWS\",\"isPartOf\":{\"@id\":\"https:\\\/\\\/lesvolcansnews.net\\\/#website\"},\"primaryImageOfPage\":{\"@id\":\"https:\\\/\\\/lesvolcansnews.net\\\/?p=70953#primaryimage\"},\"image\":{\"@id\":\"https:\\\/\\\/lesvolcansnews.net\\\/?p=70953#primaryimage\"},\"thumbnailUrl\":\"https:\\\/\\\/lesvolcansnews.net\\\/wp-content\\\/uploads\\\/2025\\\/11\\\/IMG-20251128-WA0028.jpg\",\"datePublished\":\"2025-11-28T05:37:35+00:00\",\"dateModified\":\"2025-11-28T06:17:06+00:00\",\"author\":{\"@id\":\"https:\\\/\\\/lesvolcansnews.net\\\/#\\\/schema\\\/person\\\/82c8bed2e77879ecf6cca63441f57354\"},\"breadcrumb\":{\"@id\":\"https:\\\/\\\/lesvolcansnews.net\\\/?p=70953#breadcrumb\"},\"inLanguage\":\"fr-FR\",\"potentialAction\":[{\"@type\":\"ReadAction\",\"target\":[\"https:\\\/\\\/lesvolcansnews.net\\\/?p=70953\"]}]},{\"@type\":\"ImageObject\",\"inLanguage\":\"fr-FR\",\"@id\":\"https:\\\/\\\/lesvolcansnews.net\\\/?p=70953#primaryimage\",\"url\":\"https:\\\/\\\/lesvolcansnews.net\\\/wp-content\\\/uploads\\\/2025\\\/11\\\/IMG-20251128-WA0028.jpg\",\"contentUrl\":\"https:\\\/\\\/lesvolcansnews.net\\\/wp-content\\\/uploads\\\/2025\\\/11\\\/IMG-20251128-WA0028.jpg\",\"width\":1080,\"height\":720},{\"@type\":\"BreadcrumbList\",\"@id\":\"https:\\\/\\\/lesvolcansnews.net\\\/?p=70953#breadcrumb\",\"itemListElement\":[{\"@type\":\"ListItem\",\"position\":1,\"name\":\"Accueil\",\"item\":\"https:\\\/\\\/lesvolcansnews.net\\\/\"},{\"@type\":\"ListItem\",\"position\":2,\"name\":\"Lihau apr\u00e8s sa visite aux militaires bless\u00e9s : \u00ab Nos h\u00e9ros l\u00e0 m\u00e9ritent notre attention et prise en charge holistique \u00bb\"}]},{\"@type\":\"WebSite\",\"@id\":\"https:\\\/\\\/lesvolcansnews.net\\\/#website\",\"url\":\"https:\\\/\\\/lesvolcansnews.net\\\/\",\"name\":\"LES VOLCANS NEWS\",\"description\":\"L&#039;INFORMATION C&#039;EST NOUS\",\"potentialAction\":[{\"@type\":\"SearchAction\",\"target\":{\"@type\":\"EntryPoint\",\"urlTemplate\":\"https:\\\/\\\/lesvolcansnews.net\\\/?s={search_term_string}\"},\"query-input\":{\"@type\":\"PropertyValueSpecification\",\"valueRequired\":true,\"valueName\":\"search_term_string\"}}],\"inLanguage\":\"fr-FR\"},{\"@type\":\"Person\",\"@id\":\"https:\\\/\\\/lesvolcansnews.net\\\/#\\\/schema\\\/person\\\/82c8bed2e77879ecf6cca63441f57354\",\"name\":\"R\u00e9daction - Les Volcans News\",\"image\":{\"@type\":\"ImageObject\",\"inLanguage\":\"fr-FR\",\"@id\":\"https:\\\/\\\/secure.gravatar.com\\\/avatar\\\/8408942dd851e8a9c09f3d382a661bc05d2b3cd9002139bc1795b9528cdc6c80?s=96&d=mm&r=g\",\"url\":\"https:\\\/\\\/secure.gravatar.com\\\/avatar\\\/8408942dd851e8a9c09f3d382a661bc05d2b3cd9002139bc1795b9528cdc6c80?s=96&d=mm&r=g\",\"contentUrl\":\"https:\\\/\\\/secure.gravatar.com\\\/avatar\\\/8408942dd851e8a9c09f3d382a661bc05d2b3cd9002139bc1795b9528cdc6c80?s=96&d=mm&r=g\",\"caption\":\"R\u00e9daction - Les Volcans News\"},\"url\":\"https:\\\/\\\/lesvolcansnews.net\\\/?author=14\"}]}<\/script>\n<!-- \/ Yoast SEO plugin. -->","yoast_head_json":{"title":"Lihau apr\u00e8s sa visite aux militaires bless\u00e9s : \u00ab Nos h\u00e9ros l\u00e0 m\u00e9ritent notre attention et prise en charge holistique \u00bb - LES VOLCANS NEWS","robots":{"index":"index","follow":"follow","max-snippet":"max-snippet:-1","max-image-preview":"max-image-preview:large","max-video-preview":"max-video-preview:-1"},"canonical":"https:\/\/lesvolcansnews.net\/?p=70953","og_locale":"fr_FR","og_type":"article","og_title":"Lihau apr\u00e8s sa visite aux militaires bless\u00e9s : \u00ab Nos h\u00e9ros l\u00e0 m\u00e9ritent notre attention et prise en charge holistique \u00bb - LES VOLCANS NEWS","og_description":"Des militaires bless\u00e9s de guerre sur diff\u00e9rents fronts, m\u00e9ritent d&#8217;\u00eatre prot\u00e9g\u00e9s, d&#8217;\u00eatre c\u00e9l\u00e9br\u00e9s et toute notre attention, c&#8217;est ce qu&#8217;a laiss\u00e9 entendre le vice-premier ministre et ministre de la fonction","og_url":"https:\/\/lesvolcansnews.net\/?p=70953","og_site_name":"LES VOLCANS NEWS","article_published_time":"2025-11-28T05:37:35+00:00","article_modified_time":"2025-11-28T06:17:06+00:00","og_image":[{"width":1080,"height":720,"url":"https:\/\/lesvolcansnews.net\/wp-content\/uploads\/2025\/11\/IMG-20251128-WA0028.jpg","type":"image\/jpeg"}],"author":"R\u00e9daction - Les Volcans News","twitter_card":"summary_large_image","twitter_misc":{"\u00c9crit par":"R\u00e9daction - Les Volcans News","Dur\u00e9e de lecture estim\u00e9e":"2 minutes"},"schema":{"@context":"https:\/\/schema.org","@graph":[{"@type":"Article","@id":"https:\/\/lesvolcansnews.net\/?p=70953#article","isPartOf":{"@id":"https:\/\/lesvolcansnews.net\/?p=70953"},"author":{"name":"R\u00e9daction - Les Volcans News","@id":"https:\/\/lesvolcansnews.net\/#\/schema\/person\/82c8bed2e77879ecf6cca63441f57354"},"headline":"Lihau apr\u00e8s sa visite aux militaires bless\u00e9s : \u00ab Nos h\u00e9ros l\u00e0 m\u00e9ritent notre attention et prise en charge holistique \u00bb","datePublished":"2025-11-28T05:37:35+00:00","dateModified":"2025-11-28T06:17:06+00:00","mainEntityOfPage":{"@id":"https:\/\/lesvolcansnews.net\/?p=70953"},"wordCount":367,"commentCount":0,"image":{"@id":"https:\/\/lesvolcansnews.net\/?p=70953#primaryimage"},"thumbnailUrl":"https:\/\/lesvolcansnews.net\/wp-content\/uploads\/2025\/11\/IMG-20251128-WA0028.jpg","articleSection":["SANT\u00c9","S\u00c9CURIT\u00c9","SOCIET\u00c9"],"inLanguage":"fr-FR","potentialAction":[{"@type":"CommentAction","name":"Comment","target":["https:\/\/lesvolcansnews.net\/?p=70953#respond"]}]},{"@type":"WebPage","@id":"https:\/\/lesvolcansnews.net\/?p=70953","url":"https:\/\/lesvolcansnews.net\/?p=70953","name":"Lihau apr\u00e8s sa visite aux militaires bless\u00e9s : \u00ab Nos h\u00e9ros l\u00e0 m\u00e9ritent notre attention et prise en charge holistique \u00bb - LES VOLCANS NEWS","isPartOf":{"@id":"https:\/\/lesvolcansnews.net\/#website"},"primaryImageOfPage":{"@id":"https:\/\/lesvolcansnews.net\/?p=70953#primaryimage"},"image":{"@id":"https:\/\/lesvolcansnews.net\/?p=70953#primaryimage"},"thumbnailUrl":"https:\/\/lesvolcansnews.net\/wp-content\/uploads\/2025\/11\/IMG-20251128-WA0028.jpg","datePublished":"2025-11-28T05:37:35+00:00","dateModified":"2025-11-28T06:17:06+00:00","author":{"@id":"https:\/\/lesvolcansnews.net\/#\/schema\/person\/82c8bed2e77879ecf6cca63441f57354"},"breadcrumb":{"@id":"https:\/\/lesvolcansnews.net\/?p=70953#breadcrumb"},"inLanguage":"fr-FR","potentialAction":[{"@type":"ReadAction","target":["https:\/\/lesvolcansnews.net\/?p=70953"]}]},{"@type":"ImageObject","inLanguage":"fr-FR","@id":"https:\/\/lesvolcansnews.net\/?p=70953#primaryimage","url":"https:\/\/lesvolcansnews.net\/wp-content\/uploads\/2025\/11\/IMG-20251128-WA0028.jpg","contentUrl":"https:\/\/lesvolcansnews.net\/wp-content\/uploads\/2025\/11\/IMG-20251128-WA0028.jpg","width":1080,"height":720},{"@type":"BreadcrumbList","@id":"https:\/\/lesvolcansnews.net\/?p=70953#breadcrumb","itemListElement":[{"@type":"ListItem","position":1,"name":"Accueil","item":"https:\/\/lesvolcansnews.net\/"},{"@type":"ListItem","position":2,"name":"Lihau apr\u00e8s sa visite aux militaires bless\u00e9s : \u00ab Nos h\u00e9ros l\u00e0 m\u00e9ritent notre attention et prise en charge holistique \u00bb"}]},{"@type":"WebSite","@id":"https:\/\/lesvolcansnews.net\/#website","url":"https:\/\/lesvolcansnews.net\/","name":"LES VOLCANS NEWS","description":"L&#039;INFORMATION C&#039;EST NOUS","potentialAction":[{"@type":"SearchAction","target":{"@type":"EntryPoint","urlTemplate":"https:\/\/lesvolcansnews.net\/?s={search_term_string}"},"query-input":{"@type":"PropertyValueSpecification","valueRequired":true,"valueName":"search_term_string"}}],"inLanguage":"fr-FR"},{"@type":"Person","@id":"https:\/\/lesvolcansnews.net\/#\/schema\/person\/82c8bed2e77879ecf6cca63441f57354","name":"R\u00e9daction - Les Volcans News","image":{"@type":"ImageObject","inLanguage":"fr-FR","@id":"https:\/\/secure.gravatar.com\/avatar\/8408942dd851e8a9c09f3d382a661bc05d2b3cd9002139bc1795b9528cdc6c80?s=96&d=mm&r=g","url":"https:\/\/secure.gravatar.com\/avatar\/8408942dd851e8a9c09f3d382a661bc05d2b3cd9002139bc1795b9528cdc6c80?s=96&d=mm&r=g","contentUrl":"https:\/\/secure.gravatar.com\/avatar\/8408942dd851e8a9c09f3d382a661bc05d2b3cd9002139bc1795b9528cdc6c80?s=96&d=mm&r=g","caption":"R\u00e9daction - Les Volcans News"},"url":"https:\/\/lesvolcansnews.net\/?author=14"}]}},"_links":{"self":[{"href":"https:\/\/lesvolcansnews.net\/index.php?rest_route=\/wp\/v2\/posts\/70953","targetHints":{"allow":["GET"]}}],"collection":[{"href":"https:\/\/lesvolcansnews.net\/index.php?rest_route=\/wp\/v2\/posts"}],"about":[{"href":"https:\/\/lesvolcansnews.net\/index.php?rest_route=\/wp\/v2\/types\/post"}],"author":[{"embeddable":true,"href":"https:\/\/lesvolcansnews.net\/index.php?rest_route=\/wp\/v2\/users\/14"}],"replies":[{"embeddable":true,"href":"https:\/\/lesvolcansnews.net\/index.php?rest_route=%2Fwp%2Fv2%2Fcomments&post=70953"}],"version-history":[{"count":2,"href":"https:\/\/lesvolcansnews.net\/index.php?rest_route=\/wp\/v2\/posts\/70953\/revisions"}],"predecessor-version":[{"id":70963,"href":"https:\/\/lesvolcansnews.net\/index.php?rest_route=\/wp\/v2\/posts\/70953\/revisions\/70963"}],"wp:featuredmedia":[{"embeddable":true,"href":"https:\/\/lesvolcansnews.net\/index.php?rest_route=\/wp\/v2\/media\/70952"}],"wp:attachment":[{"href":"https:\/\/lesvolcansnews.net\/index.php?rest_route=%2Fwp%2Fv2%2Fmedia&parent=70953"}],"wp:term":[{"taxonomy":"category","embeddable":true,"href":"https:\/\/lesvolcansnews.net\/index.php?rest_route=%2Fwp%2Fv2%2Fcategories&post=70953"},{"taxonomy":"post_tag","embeddable":true,"href":"https:\/\/lesvolcansnews.net\/index.php?rest_route=%2Fwp%2Fv2%2Ftags&post=70953"}],"curies":[{"name":"wp","href":"https:\/\/api.w.org\/{rel}","templated":true}]}}