{"id":70924,"date":"2025-11-26T20:00:55","date_gmt":"2025-11-26T18:00:55","guid":{"rendered":"https:\/\/lesvolcansnews.net\/?p=70924"},"modified":"2025-11-26T20:02:27","modified_gmt":"2025-11-26T18:02:27","slug":"rdc-poursuite-des-combats-au-nord-kivu-et-au-sud-kivu-malgre-les-accords-de-doha","status":"publish","type":"post","link":"https:\/\/lesvolcansnews.net\/?p=70924","title":{"rendered":"RDC : Poursuite des combats au Nord-Kivu et au Sud-Kivu malgr\u00e9 les accords de Doha"},"content":{"rendered":"<p><strong>Malgr\u00e9 les accords conclus entre le gouvernement congolais et les rebelles de l\u2019AFC\/M23 dans le cadre du processus de Doha, les combats se sont intensifi\u00e9s cette semaine dans l\u2019est de la R\u00e9publique d\u00e9mocratique du Congo, o\u00f9 les insurg\u00e9s poursuivent leur avanc\u00e9e dans les provinces du Nord-Kivu et du Sud-Kivu.<\/strong><\/p>\n<p>Mardi, les rebelles ont pris le contr\u00f4le du village de Kilungutwe, dans le territoire de Mwenga, au Sud-Kivu, confirmant leur progression vers le sud.<\/p>\n<p>\u00ab<em> Depuis lundi, certaines personnes \u00e9voquaient la chute de Kilungutwe. Cependant le village \u00e9tait devenu une zone neutre et les militaires FARDC se sont repli\u00e9s \u00e0 Kasika et \u00e0 Mwenga centre. De son c\u00f4t\u00e9, l&#8217;arm\u00e9e burundaise (FDNB) qui \u00e9tait visible, s&#8217;est repli\u00e9e dans la soir\u00e9e du 24 novembre<\/em> \u00bb, a d\u00e9clar\u00e9 \u00e0 ACTUALITE.CD un responsable local.<\/p>\n<p>Les forces gouvernementales congolaises ont recul\u00e9 vers Kasika, tandis que plusieurs sources locales font \u00e9tat de d\u00e9placements massifs de civils. Des milliers d\u2019habitants des villages de Mulanga, Chiyeshero et Kwitwabaluzi ont fui leurs maisons, contraints de passer plusieurs nuits \u00e0 la belle \u00e9toile dans des conditions pr\u00e9caires.<\/p>\n<p>\u00ab <em>L&#8217;AFC\/M23 a attaqu\u00e9 les positions des FARDC dans le groupement de Mulanga, Chiyeshero, et Kwitwabaluzi ainsi que Butongo dans le groupement de Burhinyi. Ces affrontements ont occasionn\u00e9 un d\u00e9placement massif de la population \u00bb,<\/em> a indiqu\u00e9 Lungele Itebo, pr\u00e9sident de la soci\u00e9t\u00e9 civile du territoire de Mwenga.<\/p>\n<p>Il ajoute que \u00ab<em> les habitants du chef-lieu de la chefferie de Lwindi, Kasika, Chidasa et du territoire de Mwenga ont pass\u00e9 la journ\u00e9e de mardi sous les coups des balles des pilleurs \u00bb<\/em>.<\/p>\n<p>Les combats se sont intensifi\u00e9s ces derniers jours autour de Kilungutwe et des localit\u00e9s environnantes. Les rebelles de l\u2019AFC\/M23 avaient d\u00e9j\u00e0 \u00e9tendu leur pr\u00e9sence dans le territoire de Mwenga en mai dernier apr\u00e8s avoir pris le contr\u00f4le de Burhinyi et de Luhwinja, o\u00f9 ils occupent la mine d\u2019or de Twangiza.<\/p>\n<p>Les autorit\u00e9s congolaises n\u2019ont pas encore r\u00e9agi officiellement \u00e0 ces nouveaux mouvements de troupes.<\/p>\n<p>La redaction<\/p>\n","protected":false},"excerpt":{"rendered":"<p>Malgr\u00e9 les accords conclus entre le gouvernement congolais et les rebelles de l\u2019AFC\/M23 dans le cadre du processus de Doha, les combats se sont intensifi\u00e9s cette semaine dans l\u2019est de<\/p>\n","protected":false},"author":14,"featured_media":70926,"comment_status":"open","ping_status":"open","sticky":false,"template":"","format":"standard","meta":{"footnotes":""},"categories":[32],"tags":[],"class_list":["post-70924","post","type-post","status-publish","format-standard","has-post-thumbnail","hentry","category-securite"],"yoast_head":"<!-- This site is optimized with the Yoast SEO plugin v27.3 - https:\/\/yoast.com\/product\/yoast-seo-wordpress\/ -->\n<title>RDC : Poursuite des combats au Nord-Kivu et au Sud-Kivu malgr\u00e9 les accords de Doha - LES VOLCANS NEWS<\/title>\n<meta name=\"robots\" content=\"index, follow, max-snippet:-1, max-image-preview:large, max-video-preview:-1\" \/>\n<link rel=\"canonical\" href=\"https:\/\/lesvolcansnews.net\/?p=70924\" \/>\n<meta property=\"og:locale\" content=\"fr_FR\" \/>\n<meta property=\"og:type\" content=\"article\" \/>\n<meta property=\"og:title\" content=\"RDC : Poursuite des combats au Nord-Kivu et au Sud-Kivu malgr\u00e9 les accords de Doha - LES VOLCANS NEWS\" \/>\n<meta property=\"og:description\" content=\"Malgr\u00e9 les accords conclus entre le gouvernement congolais et les rebelles de l\u2019AFC\/M23 dans le cadre du processus de Doha, les combats se sont intensifi\u00e9s cette semaine dans l\u2019est de\" \/>\n<meta property=\"og:url\" content=\"https:\/\/lesvolcansnews.net\/?p=70924\" \/>\n<meta property=\"og:site_name\" content=\"LES VOLCANS NEWS\" \/>\n<meta property=\"article:published_time\" content=\"2025-11-26T18:00:55+00:00\" \/>\n<meta property=\"article:modified_time\" content=\"2025-11-26T18:02:27+00:00\" \/>\n<meta property=\"og:image\" content=\"https:\/\/lesvolcansnews.net\/wp-content\/uploads\/2025\/11\/557568106_4240770046195783_3927138863080657087_n.jpg\" \/>\n\t<meta property=\"og:image:width\" content=\"1656\" \/>\n\t<meta property=\"og:image:height\" content=\"1060\" \/>\n\t<meta property=\"og:image:type\" content=\"image\/jpeg\" \/>\n<meta name=\"author\" content=\"R\u00e9daction - Les Volcans News\" \/>\n<meta name=\"twitter:card\" content=\"summary_large_image\" \/>\n<meta name=\"twitter:label1\" content=\"\u00c9crit par\" \/>\n\t<meta name=\"twitter:data1\" content=\"R\u00e9daction - Les Volcans News\" \/>\n\t<meta name=\"twitter:label2\" content=\"Dur\u00e9e de lecture estim\u00e9e\" \/>\n\t<meta name=\"twitter:data2\" content=\"2 minutes\" \/>\n<script type=\"application\/ld+json\" class=\"yoast-schema-graph\">{\"@context\":\"https:\\\/\\\/schema.org\",\"@graph\":[{\"@type\":\"Article\",\"@id\":\"https:\\\/\\\/lesvolcansnews.net\\\/?p=70924#article\",\"isPartOf\":{\"@id\":\"https:\\\/\\\/lesvolcansnews.net\\\/?p=70924\"},\"author\":{\"name\":\"R\u00e9daction - Les Volcans News\",\"@id\":\"https:\\\/\\\/lesvolcansnews.net\\\/#\\\/schema\\\/person\\\/82c8bed2e77879ecf6cca63441f57354\"},\"headline\":\"RDC : Poursuite des combats au Nord-Kivu et au Sud-Kivu malgr\u00e9 les accords de Doha\",\"datePublished\":\"2025-11-26T18:00:55+00:00\",\"dateModified\":\"2025-11-26T18:02:27+00:00\",\"mainEntityOfPage\":{\"@id\":\"https:\\\/\\\/lesvolcansnews.net\\\/?p=70924\"},\"wordCount\":365,\"commentCount\":0,\"image\":{\"@id\":\"https:\\\/\\\/lesvolcansnews.net\\\/?p=70924#primaryimage\"},\"thumbnailUrl\":\"https:\\\/\\\/lesvolcansnews.net\\\/wp-content\\\/uploads\\\/2025\\\/11\\\/557568106_4240770046195783_3927138863080657087_n.jpg\",\"articleSection\":[\"S\u00c9CURIT\u00c9\"],\"inLanguage\":\"fr-FR\",\"potentialAction\":[{\"@type\":\"CommentAction\",\"name\":\"Comment\",\"target\":[\"https:\\\/\\\/lesvolcansnews.net\\\/?p=70924#respond\"]}]},{\"@type\":\"WebPage\",\"@id\":\"https:\\\/\\\/lesvolcansnews.net\\\/?p=70924\",\"url\":\"https:\\\/\\\/lesvolcansnews.net\\\/?p=70924\",\"name\":\"RDC : Poursuite des combats au Nord-Kivu et au Sud-Kivu malgr\u00e9 les accords de Doha - LES VOLCANS NEWS\",\"isPartOf\":{\"@id\":\"https:\\\/\\\/lesvolcansnews.net\\\/#website\"},\"primaryImageOfPage\":{\"@id\":\"https:\\\/\\\/lesvolcansnews.net\\\/?p=70924#primaryimage\"},\"image\":{\"@id\":\"https:\\\/\\\/lesvolcansnews.net\\\/?p=70924#primaryimage\"},\"thumbnailUrl\":\"https:\\\/\\\/lesvolcansnews.net\\\/wp-content\\\/uploads\\\/2025\\\/11\\\/557568106_4240770046195783_3927138863080657087_n.jpg\",\"datePublished\":\"2025-11-26T18:00:55+00:00\",\"dateModified\":\"2025-11-26T18:02:27+00:00\",\"author\":{\"@id\":\"https:\\\/\\\/lesvolcansnews.net\\\/#\\\/schema\\\/person\\\/82c8bed2e77879ecf6cca63441f57354\"},\"breadcrumb\":{\"@id\":\"https:\\\/\\\/lesvolcansnews.net\\\/?p=70924#breadcrumb\"},\"inLanguage\":\"fr-FR\",\"potentialAction\":[{\"@type\":\"ReadAction\",\"target\":[\"https:\\\/\\\/lesvolcansnews.net\\\/?p=70924\"]}]},{\"@type\":\"ImageObject\",\"inLanguage\":\"fr-FR\",\"@id\":\"https:\\\/\\\/lesvolcansnews.net\\\/?p=70924#primaryimage\",\"url\":\"https:\\\/\\\/lesvolcansnews.net\\\/wp-content\\\/uploads\\\/2025\\\/11\\\/557568106_4240770046195783_3927138863080657087_n.jpg\",\"contentUrl\":\"https:\\\/\\\/lesvolcansnews.net\\\/wp-content\\\/uploads\\\/2025\\\/11\\\/557568106_4240770046195783_3927138863080657087_n.jpg\",\"width\":1656,\"height\":1060},{\"@type\":\"BreadcrumbList\",\"@id\":\"https:\\\/\\\/lesvolcansnews.net\\\/?p=70924#breadcrumb\",\"itemListElement\":[{\"@type\":\"ListItem\",\"position\":1,\"name\":\"Accueil\",\"item\":\"https:\\\/\\\/lesvolcansnews.net\\\/\"},{\"@type\":\"ListItem\",\"position\":2,\"name\":\"RDC : Poursuite des combats au Nord-Kivu et au Sud-Kivu malgr\u00e9 les accords de Doha\"}]},{\"@type\":\"WebSite\",\"@id\":\"https:\\\/\\\/lesvolcansnews.net\\\/#website\",\"url\":\"https:\\\/\\\/lesvolcansnews.net\\\/\",\"name\":\"LES VOLCANS NEWS\",\"description\":\"L&#039;INFORMATION C&#039;EST NOUS\",\"potentialAction\":[{\"@type\":\"SearchAction\",\"target\":{\"@type\":\"EntryPoint\",\"urlTemplate\":\"https:\\\/\\\/lesvolcansnews.net\\\/?s={search_term_string}\"},\"query-input\":{\"@type\":\"PropertyValueSpecification\",\"valueRequired\":true,\"valueName\":\"search_term_string\"}}],\"inLanguage\":\"fr-FR\"},{\"@type\":\"Person\",\"@id\":\"https:\\\/\\\/lesvolcansnews.net\\\/#\\\/schema\\\/person\\\/82c8bed2e77879ecf6cca63441f57354\",\"name\":\"R\u00e9daction - Les Volcans News\",\"image\":{\"@type\":\"ImageObject\",\"inLanguage\":\"fr-FR\",\"@id\":\"https:\\\/\\\/secure.gravatar.com\\\/avatar\\\/8408942dd851e8a9c09f3d382a661bc05d2b3cd9002139bc1795b9528cdc6c80?s=96&d=mm&r=g\",\"url\":\"https:\\\/\\\/secure.gravatar.com\\\/avatar\\\/8408942dd851e8a9c09f3d382a661bc05d2b3cd9002139bc1795b9528cdc6c80?s=96&d=mm&r=g\",\"contentUrl\":\"https:\\\/\\\/secure.gravatar.com\\\/avatar\\\/8408942dd851e8a9c09f3d382a661bc05d2b3cd9002139bc1795b9528cdc6c80?s=96&d=mm&r=g\",\"caption\":\"R\u00e9daction - Les Volcans News\"},\"url\":\"https:\\\/\\\/lesvolcansnews.net\\\/?author=14\"}]}<\/script>\n<!-- \/ Yoast SEO plugin. -->","yoast_head_json":{"title":"RDC : Poursuite des combats au Nord-Kivu et au Sud-Kivu malgr\u00e9 les accords de Doha - LES VOLCANS NEWS","robots":{"index":"index","follow":"follow","max-snippet":"max-snippet:-1","max-image-preview":"max-image-preview:large","max-video-preview":"max-video-preview:-1"},"canonical":"https:\/\/lesvolcansnews.net\/?p=70924","og_locale":"fr_FR","og_type":"article","og_title":"RDC : Poursuite des combats au Nord-Kivu et au Sud-Kivu malgr\u00e9 les accords de Doha - LES VOLCANS NEWS","og_description":"Malgr\u00e9 les accords conclus entre le gouvernement congolais et les rebelles de l\u2019AFC\/M23 dans le cadre du processus de Doha, les combats se sont intensifi\u00e9s cette semaine dans l\u2019est de","og_url":"https:\/\/lesvolcansnews.net\/?p=70924","og_site_name":"LES VOLCANS NEWS","article_published_time":"2025-11-26T18:00:55+00:00","article_modified_time":"2025-11-26T18:02:27+00:00","og_image":[{"width":1656,"height":1060,"url":"https:\/\/lesvolcansnews.net\/wp-content\/uploads\/2025\/11\/557568106_4240770046195783_3927138863080657087_n.jpg","type":"image\/jpeg"}],"author":"R\u00e9daction - Les Volcans News","twitter_card":"summary_large_image","twitter_misc":{"\u00c9crit par":"R\u00e9daction - Les Volcans News","Dur\u00e9e de lecture estim\u00e9e":"2 minutes"},"schema":{"@context":"https:\/\/schema.org","@graph":[{"@type":"Article","@id":"https:\/\/lesvolcansnews.net\/?p=70924#article","isPartOf":{"@id":"https:\/\/lesvolcansnews.net\/?p=70924"},"author":{"name":"R\u00e9daction - Les Volcans News","@id":"https:\/\/lesvolcansnews.net\/#\/schema\/person\/82c8bed2e77879ecf6cca63441f57354"},"headline":"RDC : Poursuite des combats au Nord-Kivu et au Sud-Kivu malgr\u00e9 les accords de Doha","datePublished":"2025-11-26T18:00:55+00:00","dateModified":"2025-11-26T18:02:27+00:00","mainEntityOfPage":{"@id":"https:\/\/lesvolcansnews.net\/?p=70924"},"wordCount":365,"commentCount":0,"image":{"@id":"https:\/\/lesvolcansnews.net\/?p=70924#primaryimage"},"thumbnailUrl":"https:\/\/lesvolcansnews.net\/wp-content\/uploads\/2025\/11\/557568106_4240770046195783_3927138863080657087_n.jpg","articleSection":["S\u00c9CURIT\u00c9"],"inLanguage":"fr-FR","potentialAction":[{"@type":"CommentAction","name":"Comment","target":["https:\/\/lesvolcansnews.net\/?p=70924#respond"]}]},{"@type":"WebPage","@id":"https:\/\/lesvolcansnews.net\/?p=70924","url":"https:\/\/lesvolcansnews.net\/?p=70924","name":"RDC : Poursuite des combats au Nord-Kivu et au Sud-Kivu malgr\u00e9 les accords de Doha - LES VOLCANS NEWS","isPartOf":{"@id":"https:\/\/lesvolcansnews.net\/#website"},"primaryImageOfPage":{"@id":"https:\/\/lesvolcansnews.net\/?p=70924#primaryimage"},"image":{"@id":"https:\/\/lesvolcansnews.net\/?p=70924#primaryimage"},"thumbnailUrl":"https:\/\/lesvolcansnews.net\/wp-content\/uploads\/2025\/11\/557568106_4240770046195783_3927138863080657087_n.jpg","datePublished":"2025-11-26T18:00:55+00:00","dateModified":"2025-11-26T18:02:27+00:00","author":{"@id":"https:\/\/lesvolcansnews.net\/#\/schema\/person\/82c8bed2e77879ecf6cca63441f57354"},"breadcrumb":{"@id":"https:\/\/lesvolcansnews.net\/?p=70924#breadcrumb"},"inLanguage":"fr-FR","potentialAction":[{"@type":"ReadAction","target":["https:\/\/lesvolcansnews.net\/?p=70924"]}]},{"@type":"ImageObject","inLanguage":"fr-FR","@id":"https:\/\/lesvolcansnews.net\/?p=70924#primaryimage","url":"https:\/\/lesvolcansnews.net\/wp-content\/uploads\/2025\/11\/557568106_4240770046195783_3927138863080657087_n.jpg","contentUrl":"https:\/\/lesvolcansnews.net\/wp-content\/uploads\/2025\/11\/557568106_4240770046195783_3927138863080657087_n.jpg","width":1656,"height":1060},{"@type":"BreadcrumbList","@id":"https:\/\/lesvolcansnews.net\/?p=70924#breadcrumb","itemListElement":[{"@type":"ListItem","position":1,"name":"Accueil","item":"https:\/\/lesvolcansnews.net\/"},{"@type":"ListItem","position":2,"name":"RDC : Poursuite des combats au Nord-Kivu et au Sud-Kivu malgr\u00e9 les accords de Doha"}]},{"@type":"WebSite","@id":"https:\/\/lesvolcansnews.net\/#website","url":"https:\/\/lesvolcansnews.net\/","name":"LES VOLCANS NEWS","description":"L&#039;INFORMATION C&#039;EST NOUS","potentialAction":[{"@type":"SearchAction","target":{"@type":"EntryPoint","urlTemplate":"https:\/\/lesvolcansnews.net\/?s={search_term_string}"},"query-input":{"@type":"PropertyValueSpecification","valueRequired":true,"valueName":"search_term_string"}}],"inLanguage":"fr-FR"},{"@type":"Person","@id":"https:\/\/lesvolcansnews.net\/#\/schema\/person\/82c8bed2e77879ecf6cca63441f57354","name":"R\u00e9daction - Les Volcans News","image":{"@type":"ImageObject","inLanguage":"fr-FR","@id":"https:\/\/secure.gravatar.com\/avatar\/8408942dd851e8a9c09f3d382a661bc05d2b3cd9002139bc1795b9528cdc6c80?s=96&d=mm&r=g","url":"https:\/\/secure.gravatar.com\/avatar\/8408942dd851e8a9c09f3d382a661bc05d2b3cd9002139bc1795b9528cdc6c80?s=96&d=mm&r=g","contentUrl":"https:\/\/secure.gravatar.com\/avatar\/8408942dd851e8a9c09f3d382a661bc05d2b3cd9002139bc1795b9528cdc6c80?s=96&d=mm&r=g","caption":"R\u00e9daction - Les Volcans News"},"url":"https:\/\/lesvolcansnews.net\/?author=14"}]}},"_links":{"self":[{"href":"https:\/\/lesvolcansnews.net\/index.php?rest_route=\/wp\/v2\/posts\/70924","targetHints":{"allow":["GET"]}}],"collection":[{"href":"https:\/\/lesvolcansnews.net\/index.php?rest_route=\/wp\/v2\/posts"}],"about":[{"href":"https:\/\/lesvolcansnews.net\/index.php?rest_route=\/wp\/v2\/types\/post"}],"author":[{"embeddable":true,"href":"https:\/\/lesvolcansnews.net\/index.php?rest_route=\/wp\/v2\/users\/14"}],"replies":[{"embeddable":true,"href":"https:\/\/lesvolcansnews.net\/index.php?rest_route=%2Fwp%2Fv2%2Fcomments&post=70924"}],"version-history":[{"count":3,"href":"https:\/\/lesvolcansnews.net\/index.php?rest_route=\/wp\/v2\/posts\/70924\/revisions"}],"predecessor-version":[{"id":70929,"href":"https:\/\/lesvolcansnews.net\/index.php?rest_route=\/wp\/v2\/posts\/70924\/revisions\/70929"}],"wp:featuredmedia":[{"embeddable":true,"href":"https:\/\/lesvolcansnews.net\/index.php?rest_route=\/wp\/v2\/media\/70926"}],"wp:attachment":[{"href":"https:\/\/lesvolcansnews.net\/index.php?rest_route=%2Fwp%2Fv2%2Fmedia&parent=70924"}],"wp:term":[{"taxonomy":"category","embeddable":true,"href":"https:\/\/lesvolcansnews.net\/index.php?rest_route=%2Fwp%2Fv2%2Fcategories&post=70924"},{"taxonomy":"post_tag","embeddable":true,"href":"https:\/\/lesvolcansnews.net\/index.php?rest_route=%2Fwp%2Fv2%2Ftags&post=70924"}],"curies":[{"name":"wp","href":"https:\/\/api.w.org\/{rel}","templated":true}]}}