{"id":70908,"date":"2025-11-26T17:52:42","date_gmt":"2025-11-26T15:52:42","guid":{"rendered":"https:\/\/lesvolcansnews.net\/2025\/11\/26\/la-cour-de-justice-de-leac-ouvre-une-procedure-contre-la-rdc-louganda-et-le-secretariat-de-leac-apres-une-plainte-de-lacedh\/"},"modified":"2025-11-26T21:47:19","modified_gmt":"2025-11-26T19:47:19","slug":"la-cour-de-justice-de-leac-ouvre-une-procedure-contre-la-rdc-louganda-et-le-secretariat-de-leac-apres-une-plainte-de-lacedh","status":"publish","type":"post","link":"https:\/\/lesvolcansnews.net\/?p=70908","title":{"rendered":"La Cour de justice de l\u2019EAC ouvre une proc\u00e9dure contre la RDC, l\u2019Ouganda et le secr\u00e9tariat de l\u2019EAC apr\u00e8s une plainte de l&#8217;ACEDH"},"content":{"rendered":"\r\n<p>&nbsp;<\/p>\r\n\r\n\r\n\r\n<p><strong>La Cour de justice de la Communaut\u00e9 d\u2019Afrique de l\u2019Est (EACJ) a officiellement enregistr\u00e9 une plainte d\u00e9pos\u00e9e par l\u2019Alerte Congolaise pour l\u2019Environnement et les Droits de l\u2019Homme (ACEDH) et deux d\u00e9fenseurs locaux de l\u2019environnement concernant les impacts pr\u00e9sum\u00e9s des projets p\u00e9troliers Tilenga et Kingfisher en Ouganda. La plainte, enregistr\u00e9e le 27 octobre 2025 sous la r\u00e9f\u00e9rence N\u00b0 47 of 2025, vise l\u2019Ouganda, la R\u00e9publique d\u00e9mocratique du Congo (RDC) et le Secr\u00e9taire g\u00e9n\u00e9ral de la Communaut\u00e9 d\u2019Afrique de l\u2019Est.<\/strong><\/p>\r\n\r\n\r\n\r\n<p>Les requ\u00e9rants, r\u00e9unis au sein de la campagne \u00ab Notre Terre sans P\u00e9trole \u00bb, affirment que l\u2019affaire constitue un pr\u00e9c\u00e9dent majeur pour la r\u00e9gion du Rift Albertin. \u00ab Nous portons ce dossier devant la justice pour prot\u00e9ger nos lacs, nos moyens de subsistance et notre avenir \u00bb, d\u00e9clarent-ils dans leur communiqu\u00e9.<\/p>\r\n\r\n\r\n\r\n<p>Selon la plainte, les communaut\u00e9s de p\u00eacheurs du lac Albert et du lac \u00c9douard ont observ\u00e9 en septembre 2025 un d\u00e9clin brutal et inexpliqu\u00e9 des prises de poissons. Ces observations ont ensuite \u00e9t\u00e9 appuy\u00e9es par un rapport de l\u2019Environmental Law Alliance Worldwide (ELAW) publi\u00e9 le 2 octobre, \u00e9tablissant un lien entre les op\u00e9rations p\u00e9troli\u00e8res ougandaises et des risques accrus d\u2019eutrophisation et de pollution chimique.<\/p>\r\n\r\n\r\n\r\n<p>Les requ\u00e9rants accusent les \u00c9tats concern\u00e9s d\u2019avoir manqu\u00e9 \u00e0 leurs obligations en mati\u00e8re de coop\u00e9ration transfrontali\u00e8re et de gestion durable des ressources partag\u00e9es. Ils reprochent notamment \u00e0 l\u2019Ouganda de n\u2019avoir men\u00e9 aucune consultation aupr\u00e8s des communaut\u00e9s congolaises, malgr\u00e9 la proximit\u00e9 imm\u00e9diate des installations p\u00e9troli\u00e8res, et \u00e0 la RDC de n\u2019avoir r\u00e9alis\u00e9 aucune \u00e9tude d\u2019impact environnemental transfrontalier.<\/p>\r\n\r\n\r\n\r\n<p><em>\u00ab L\u2019\u00c9tat congolais a failli \u00e0 son obligation de prot\u00e9ger ses propres citoyens \u00bb<\/em>, affirme l\u2019ACEDH, estimant que l\u2019absence de dialogue entre Kinshasa et Kampala a laiss\u00e9 les populations riveraines \u00ab <em>expos\u00e9es sans d\u00e9fense aux risques industriels \u00bb.<\/em><\/p>\r\n\r\n\r\n\r\n<p>Les plaignants soutiennent que les activit\u00e9s p\u00e9troli\u00e8res menacent des \u00e9cosyst\u00e8mes sensibles, dont le Parc national des Virunga et plusieurs zones humides inscrites sur la liste Ramsar.<\/p>\r\n<p>Ils estiment que ces projets violent les principes de pr\u00e9caution et de pr\u00e9vention inscrits dans le Trait\u00e9 de l\u2019EAC, accusant \u00e9galement le Secr\u00e9taire g\u00e9n\u00e9ral de l\u2019organisation d\u2019avoir manqu\u00e9 \u00e0 son r\u00f4le de surveillance.<\/p>\r\n\r\n\r\n\r\n<p>Bien que les autorit\u00e9s ougandaises pr\u00e9sentent les projets Tilenga et Kingfisher comme des leviers \u00e9conomiques, les requ\u00e9rants les qualifient de <em>\u00ab dangereux et anachroniques \u00bb. \u00ab Sans acc\u00e8s \u00e0 l&#8217;information ni garanties juridiques, ce projet hypoth\u00e8que notre avenir climatique et contredit la posture de &#8220;Pays-Solution&#8221; revendiqu\u00e9e par la RDC \u00bb<\/em>, d\u00e9clarent-ils, y voyant \u00ab <em>une menace existentielle pour la biodiversit\u00e9 unique de notre r\u00e9gion et pour la survie m\u00eame de nos communaut\u00e9s \u00bb.<\/em><\/p>\r\n\r\n\r\n\r\n<p>Dans leur requ\u00eate, ils demandent \u00e0 la Cour d\u2019ordonner la suspension imm\u00e9diate des activit\u00e9s polluantes, de mandater un audit environnemental ind\u00e9pendant et de reconna\u00eetre le droit des communaut\u00e9s \u00e0 obtenir r\u00e9paration. \u00ab Nous avons vu nos filets remonter vides et nos eaux se troubler. Ce proc\u00e8s n\u2019est pas seulement pour nous, mais pour la survie du lac Albert, du lac \u00c9douard et des g\u00e9n\u00e9rations futures. Nous demandons \u00e0 la Cour de faire appliquer le principe Pollueur-Payeur \u00bb, d\u00e9clare Mo\u00efse Uweci Wele, d\u00e9fenseur de l\u2019environnement au lac Albert.<\/p>\r\n\r\n\r\n\r\n<p>L\u2019ACEDH rappelle que son action s\u2019appuie sur la Constitution de la RDC, l\u2019Accord de Paris et la Charte africaine des droits de l\u2019homme et des peuples.<\/p>\r\n<p><em>\u00ab Nous r\u00e9affirmons notre d\u00e9termination in\u00e9branlable \u00e0 obtenir la justice pour les communaut\u00e9s affect\u00e9es et \u00e0 garantir la protection durable des \u00e9cosyst\u00e8mes du Rift Albertin \u00bb<\/em>, indique l\u2019organisation.<\/p>\r\n\r\n\r\n\r\n<p>Les requ\u00e9rants disent faire confiance \u00e0 la Cour tout en demandant des mesures de protection renforc\u00e9es pour les plaignants et les t\u00e9moins impliqu\u00e9s.<\/p>\r\n<p>\u00ab<em> Ce combat est l\u00e9gitime, mais il comporte des risques. Nous demandons des garanties pour notre s\u00e9curit\u00e9 physique et juridique \u00bb<\/em>, concluent-ils.<\/p>\r\n\r\n\r\n\r\n<p>La r\u00e9daction<\/p>\r\n","protected":false},"excerpt":{"rendered":"<p>&nbsp; La Cour de justice de la Communaut\u00e9 d\u2019Afrique de l\u2019Est (EACJ) a officiellement enregistr\u00e9 une plainte d\u00e9pos\u00e9e par l\u2019Alerte Congolaise pour l\u2019Environnement et les Droits de l\u2019Homme (ACEDH) et<\/p>\n","protected":false},"author":14,"featured_media":70907,"comment_status":"open","ping_status":"open","sticky":false,"template":"","format":"standard","meta":{"footnotes":""},"categories":[50],"tags":[],"class_list":["post-70908","post","type-post","status-publish","format-standard","has-post-thumbnail","hentry","category-environnement"],"yoast_head":"<!-- This site is optimized with the Yoast SEO plugin v27.3 - https:\/\/yoast.com\/product\/yoast-seo-wordpress\/ -->\n<title>La Cour de justice de l\u2019EAC ouvre une proc\u00e9dure contre la RDC, l\u2019Ouganda et le secr\u00e9tariat de l\u2019EAC apr\u00e8s une plainte de l&#039;ACEDH - LES VOLCANS NEWS<\/title>\n<meta name=\"robots\" content=\"index, follow, max-snippet:-1, max-image-preview:large, max-video-preview:-1\" \/>\n<link rel=\"canonical\" href=\"https:\/\/lesvolcansnews.net\/?p=70908\" \/>\n<meta property=\"og:locale\" content=\"fr_FR\" \/>\n<meta property=\"og:type\" content=\"article\" \/>\n<meta property=\"og:title\" content=\"La Cour de justice de l\u2019EAC ouvre une proc\u00e9dure contre la RDC, l\u2019Ouganda et le secr\u00e9tariat de l\u2019EAC apr\u00e8s une plainte de l&#039;ACEDH - LES VOLCANS NEWS\" \/>\n<meta property=\"og:description\" content=\"&nbsp; La Cour de justice de la Communaut\u00e9 d\u2019Afrique de l\u2019Est (EACJ) a officiellement enregistr\u00e9 une plainte d\u00e9pos\u00e9e par l\u2019Alerte Congolaise pour l\u2019Environnement et les Droits de l\u2019Homme (ACEDH) et\" \/>\n<meta property=\"og:url\" content=\"https:\/\/lesvolcansnews.net\/?p=70908\" \/>\n<meta property=\"og:site_name\" content=\"LES VOLCANS NEWS\" \/>\n<meta property=\"article:published_time\" content=\"2025-11-26T15:52:42+00:00\" \/>\n<meta property=\"article:modified_time\" content=\"2025-11-26T19:47:19+00:00\" \/>\n<meta property=\"og:image\" content=\"https:\/\/lesvolcansnews.net\/wp-content\/uploads\/2025\/11\/Screenshot_20251126-165017.png\" \/>\n\t<meta property=\"og:image:width\" content=\"772\" \/>\n\t<meta property=\"og:image:height\" content=\"585\" \/>\n\t<meta property=\"og:image:type\" content=\"image\/png\" \/>\n<meta name=\"author\" content=\"R\u00e9daction - Les Volcans News\" \/>\n<meta name=\"twitter:card\" content=\"summary_large_image\" \/>\n<meta name=\"twitter:label1\" content=\"\u00c9crit par\" \/>\n\t<meta name=\"twitter:data1\" content=\"R\u00e9daction - Les Volcans News\" \/>\n\t<meta name=\"twitter:label2\" content=\"Dur\u00e9e de lecture estim\u00e9e\" \/>\n\t<meta name=\"twitter:data2\" content=\"3 minutes\" \/>\n<script type=\"application\/ld+json\" class=\"yoast-schema-graph\">{\"@context\":\"https:\\\/\\\/schema.org\",\"@graph\":[{\"@type\":\"Article\",\"@id\":\"https:\\\/\\\/lesvolcansnews.net\\\/?p=70908#article\",\"isPartOf\":{\"@id\":\"https:\\\/\\\/lesvolcansnews.net\\\/?p=70908\"},\"author\":{\"name\":\"R\u00e9daction - Les Volcans News\",\"@id\":\"https:\\\/\\\/lesvolcansnews.net\\\/#\\\/schema\\\/person\\\/82c8bed2e77879ecf6cca63441f57354\"},\"headline\":\"La Cour de justice de l\u2019EAC ouvre une proc\u00e9dure contre la RDC, l\u2019Ouganda et le secr\u00e9tariat de l\u2019EAC apr\u00e8s une plainte de l&#8217;ACEDH\",\"datePublished\":\"2025-11-26T15:52:42+00:00\",\"dateModified\":\"2025-11-26T19:47:19+00:00\",\"mainEntityOfPage\":{\"@id\":\"https:\\\/\\\/lesvolcansnews.net\\\/?p=70908\"},\"wordCount\":722,\"commentCount\":0,\"image\":{\"@id\":\"https:\\\/\\\/lesvolcansnews.net\\\/?p=70908#primaryimage\"},\"thumbnailUrl\":\"https:\\\/\\\/lesvolcansnews.net\\\/wp-content\\\/uploads\\\/2025\\\/11\\\/Screenshot_20251126-165017.png\",\"articleSection\":[\"ENVIRONNEMENT\"],\"inLanguage\":\"fr-FR\",\"potentialAction\":[{\"@type\":\"CommentAction\",\"name\":\"Comment\",\"target\":[\"https:\\\/\\\/lesvolcansnews.net\\\/?p=70908#respond\"]}]},{\"@type\":\"WebPage\",\"@id\":\"https:\\\/\\\/lesvolcansnews.net\\\/?p=70908\",\"url\":\"https:\\\/\\\/lesvolcansnews.net\\\/?p=70908\",\"name\":\"La Cour de justice de l\u2019EAC ouvre une proc\u00e9dure contre la RDC, l\u2019Ouganda et le secr\u00e9tariat de l\u2019EAC apr\u00e8s une plainte de l'ACEDH - LES VOLCANS NEWS\",\"isPartOf\":{\"@id\":\"https:\\\/\\\/lesvolcansnews.net\\\/#website\"},\"primaryImageOfPage\":{\"@id\":\"https:\\\/\\\/lesvolcansnews.net\\\/?p=70908#primaryimage\"},\"image\":{\"@id\":\"https:\\\/\\\/lesvolcansnews.net\\\/?p=70908#primaryimage\"},\"thumbnailUrl\":\"https:\\\/\\\/lesvolcansnews.net\\\/wp-content\\\/uploads\\\/2025\\\/11\\\/Screenshot_20251126-165017.png\",\"datePublished\":\"2025-11-26T15:52:42+00:00\",\"dateModified\":\"2025-11-26T19:47:19+00:00\",\"author\":{\"@id\":\"https:\\\/\\\/lesvolcansnews.net\\\/#\\\/schema\\\/person\\\/82c8bed2e77879ecf6cca63441f57354\"},\"breadcrumb\":{\"@id\":\"https:\\\/\\\/lesvolcansnews.net\\\/?p=70908#breadcrumb\"},\"inLanguage\":\"fr-FR\",\"potentialAction\":[{\"@type\":\"ReadAction\",\"target\":[\"https:\\\/\\\/lesvolcansnews.net\\\/?p=70908\"]}]},{\"@type\":\"ImageObject\",\"inLanguage\":\"fr-FR\",\"@id\":\"https:\\\/\\\/lesvolcansnews.net\\\/?p=70908#primaryimage\",\"url\":\"https:\\\/\\\/lesvolcansnews.net\\\/wp-content\\\/uploads\\\/2025\\\/11\\\/Screenshot_20251126-165017.png\",\"contentUrl\":\"https:\\\/\\\/lesvolcansnews.net\\\/wp-content\\\/uploads\\\/2025\\\/11\\\/Screenshot_20251126-165017.png\",\"width\":772,\"height\":585},{\"@type\":\"BreadcrumbList\",\"@id\":\"https:\\\/\\\/lesvolcansnews.net\\\/?p=70908#breadcrumb\",\"itemListElement\":[{\"@type\":\"ListItem\",\"position\":1,\"name\":\"Accueil\",\"item\":\"https:\\\/\\\/lesvolcansnews.net\\\/\"},{\"@type\":\"ListItem\",\"position\":2,\"name\":\"La Cour de justice de l\u2019EAC ouvre une proc\u00e9dure contre la RDC, l\u2019Ouganda et le secr\u00e9tariat de l\u2019EAC apr\u00e8s une plainte de l&#8217;ACEDH\"}]},{\"@type\":\"WebSite\",\"@id\":\"https:\\\/\\\/lesvolcansnews.net\\\/#website\",\"url\":\"https:\\\/\\\/lesvolcansnews.net\\\/\",\"name\":\"LES VOLCANS NEWS\",\"description\":\"L&#039;INFORMATION C&#039;EST NOUS\",\"potentialAction\":[{\"@type\":\"SearchAction\",\"target\":{\"@type\":\"EntryPoint\",\"urlTemplate\":\"https:\\\/\\\/lesvolcansnews.net\\\/?s={search_term_string}\"},\"query-input\":{\"@type\":\"PropertyValueSpecification\",\"valueRequired\":true,\"valueName\":\"search_term_string\"}}],\"inLanguage\":\"fr-FR\"},{\"@type\":\"Person\",\"@id\":\"https:\\\/\\\/lesvolcansnews.net\\\/#\\\/schema\\\/person\\\/82c8bed2e77879ecf6cca63441f57354\",\"name\":\"R\u00e9daction - Les Volcans News\",\"image\":{\"@type\":\"ImageObject\",\"inLanguage\":\"fr-FR\",\"@id\":\"https:\\\/\\\/secure.gravatar.com\\\/avatar\\\/8408942dd851e8a9c09f3d382a661bc05d2b3cd9002139bc1795b9528cdc6c80?s=96&d=mm&r=g\",\"url\":\"https:\\\/\\\/secure.gravatar.com\\\/avatar\\\/8408942dd851e8a9c09f3d382a661bc05d2b3cd9002139bc1795b9528cdc6c80?s=96&d=mm&r=g\",\"contentUrl\":\"https:\\\/\\\/secure.gravatar.com\\\/avatar\\\/8408942dd851e8a9c09f3d382a661bc05d2b3cd9002139bc1795b9528cdc6c80?s=96&d=mm&r=g\",\"caption\":\"R\u00e9daction - Les Volcans News\"},\"url\":\"https:\\\/\\\/lesvolcansnews.net\\\/?author=14\"}]}<\/script>\n<!-- \/ Yoast SEO plugin. -->","yoast_head_json":{"title":"La Cour de justice de l\u2019EAC ouvre une proc\u00e9dure contre la RDC, l\u2019Ouganda et le secr\u00e9tariat de l\u2019EAC apr\u00e8s une plainte de l'ACEDH - LES VOLCANS NEWS","robots":{"index":"index","follow":"follow","max-snippet":"max-snippet:-1","max-image-preview":"max-image-preview:large","max-video-preview":"max-video-preview:-1"},"canonical":"https:\/\/lesvolcansnews.net\/?p=70908","og_locale":"fr_FR","og_type":"article","og_title":"La Cour de justice de l\u2019EAC ouvre une proc\u00e9dure contre la RDC, l\u2019Ouganda et le secr\u00e9tariat de l\u2019EAC apr\u00e8s une plainte de l'ACEDH - LES VOLCANS NEWS","og_description":"&nbsp; La Cour de justice de la Communaut\u00e9 d\u2019Afrique de l\u2019Est (EACJ) a officiellement enregistr\u00e9 une plainte d\u00e9pos\u00e9e par l\u2019Alerte Congolaise pour l\u2019Environnement et les Droits de l\u2019Homme (ACEDH) et","og_url":"https:\/\/lesvolcansnews.net\/?p=70908","og_site_name":"LES VOLCANS NEWS","article_published_time":"2025-11-26T15:52:42+00:00","article_modified_time":"2025-11-26T19:47:19+00:00","og_image":[{"width":772,"height":585,"url":"https:\/\/lesvolcansnews.net\/wp-content\/uploads\/2025\/11\/Screenshot_20251126-165017.png","type":"image\/png"}],"author":"R\u00e9daction - Les Volcans News","twitter_card":"summary_large_image","twitter_misc":{"\u00c9crit par":"R\u00e9daction - Les Volcans News","Dur\u00e9e de lecture estim\u00e9e":"3 minutes"},"schema":{"@context":"https:\/\/schema.org","@graph":[{"@type":"Article","@id":"https:\/\/lesvolcansnews.net\/?p=70908#article","isPartOf":{"@id":"https:\/\/lesvolcansnews.net\/?p=70908"},"author":{"name":"R\u00e9daction - Les Volcans News","@id":"https:\/\/lesvolcansnews.net\/#\/schema\/person\/82c8bed2e77879ecf6cca63441f57354"},"headline":"La Cour de justice de l\u2019EAC ouvre une proc\u00e9dure contre la RDC, l\u2019Ouganda et le secr\u00e9tariat de l\u2019EAC apr\u00e8s une plainte de l&#8217;ACEDH","datePublished":"2025-11-26T15:52:42+00:00","dateModified":"2025-11-26T19:47:19+00:00","mainEntityOfPage":{"@id":"https:\/\/lesvolcansnews.net\/?p=70908"},"wordCount":722,"commentCount":0,"image":{"@id":"https:\/\/lesvolcansnews.net\/?p=70908#primaryimage"},"thumbnailUrl":"https:\/\/lesvolcansnews.net\/wp-content\/uploads\/2025\/11\/Screenshot_20251126-165017.png","articleSection":["ENVIRONNEMENT"],"inLanguage":"fr-FR","potentialAction":[{"@type":"CommentAction","name":"Comment","target":["https:\/\/lesvolcansnews.net\/?p=70908#respond"]}]},{"@type":"WebPage","@id":"https:\/\/lesvolcansnews.net\/?p=70908","url":"https:\/\/lesvolcansnews.net\/?p=70908","name":"La Cour de justice de l\u2019EAC ouvre une proc\u00e9dure contre la RDC, l\u2019Ouganda et le secr\u00e9tariat de l\u2019EAC apr\u00e8s une plainte de l'ACEDH - LES VOLCANS NEWS","isPartOf":{"@id":"https:\/\/lesvolcansnews.net\/#website"},"primaryImageOfPage":{"@id":"https:\/\/lesvolcansnews.net\/?p=70908#primaryimage"},"image":{"@id":"https:\/\/lesvolcansnews.net\/?p=70908#primaryimage"},"thumbnailUrl":"https:\/\/lesvolcansnews.net\/wp-content\/uploads\/2025\/11\/Screenshot_20251126-165017.png","datePublished":"2025-11-26T15:52:42+00:00","dateModified":"2025-11-26T19:47:19+00:00","author":{"@id":"https:\/\/lesvolcansnews.net\/#\/schema\/person\/82c8bed2e77879ecf6cca63441f57354"},"breadcrumb":{"@id":"https:\/\/lesvolcansnews.net\/?p=70908#breadcrumb"},"inLanguage":"fr-FR","potentialAction":[{"@type":"ReadAction","target":["https:\/\/lesvolcansnews.net\/?p=70908"]}]},{"@type":"ImageObject","inLanguage":"fr-FR","@id":"https:\/\/lesvolcansnews.net\/?p=70908#primaryimage","url":"https:\/\/lesvolcansnews.net\/wp-content\/uploads\/2025\/11\/Screenshot_20251126-165017.png","contentUrl":"https:\/\/lesvolcansnews.net\/wp-content\/uploads\/2025\/11\/Screenshot_20251126-165017.png","width":772,"height":585},{"@type":"BreadcrumbList","@id":"https:\/\/lesvolcansnews.net\/?p=70908#breadcrumb","itemListElement":[{"@type":"ListItem","position":1,"name":"Accueil","item":"https:\/\/lesvolcansnews.net\/"},{"@type":"ListItem","position":2,"name":"La Cour de justice de l\u2019EAC ouvre une proc\u00e9dure contre la RDC, l\u2019Ouganda et le secr\u00e9tariat de l\u2019EAC apr\u00e8s une plainte de l&#8217;ACEDH"}]},{"@type":"WebSite","@id":"https:\/\/lesvolcansnews.net\/#website","url":"https:\/\/lesvolcansnews.net\/","name":"LES VOLCANS NEWS","description":"L&#039;INFORMATION C&#039;EST NOUS","potentialAction":[{"@type":"SearchAction","target":{"@type":"EntryPoint","urlTemplate":"https:\/\/lesvolcansnews.net\/?s={search_term_string}"},"query-input":{"@type":"PropertyValueSpecification","valueRequired":true,"valueName":"search_term_string"}}],"inLanguage":"fr-FR"},{"@type":"Person","@id":"https:\/\/lesvolcansnews.net\/#\/schema\/person\/82c8bed2e77879ecf6cca63441f57354","name":"R\u00e9daction - Les Volcans News","image":{"@type":"ImageObject","inLanguage":"fr-FR","@id":"https:\/\/secure.gravatar.com\/avatar\/8408942dd851e8a9c09f3d382a661bc05d2b3cd9002139bc1795b9528cdc6c80?s=96&d=mm&r=g","url":"https:\/\/secure.gravatar.com\/avatar\/8408942dd851e8a9c09f3d382a661bc05d2b3cd9002139bc1795b9528cdc6c80?s=96&d=mm&r=g","contentUrl":"https:\/\/secure.gravatar.com\/avatar\/8408942dd851e8a9c09f3d382a661bc05d2b3cd9002139bc1795b9528cdc6c80?s=96&d=mm&r=g","caption":"R\u00e9daction - Les Volcans News"},"url":"https:\/\/lesvolcansnews.net\/?author=14"}]}},"_links":{"self":[{"href":"https:\/\/lesvolcansnews.net\/index.php?rest_route=\/wp\/v2\/posts\/70908","targetHints":{"allow":["GET"]}}],"collection":[{"href":"https:\/\/lesvolcansnews.net\/index.php?rest_route=\/wp\/v2\/posts"}],"about":[{"href":"https:\/\/lesvolcansnews.net\/index.php?rest_route=\/wp\/v2\/types\/post"}],"author":[{"embeddable":true,"href":"https:\/\/lesvolcansnews.net\/index.php?rest_route=\/wp\/v2\/users\/14"}],"replies":[{"embeddable":true,"href":"https:\/\/lesvolcansnews.net\/index.php?rest_route=%2Fwp%2Fv2%2Fcomments&post=70908"}],"version-history":[{"count":2,"href":"https:\/\/lesvolcansnews.net\/index.php?rest_route=\/wp\/v2\/posts\/70908\/revisions"}],"predecessor-version":[{"id":70943,"href":"https:\/\/lesvolcansnews.net\/index.php?rest_route=\/wp\/v2\/posts\/70908\/revisions\/70943"}],"wp:featuredmedia":[{"embeddable":true,"href":"https:\/\/lesvolcansnews.net\/index.php?rest_route=\/wp\/v2\/media\/70907"}],"wp:attachment":[{"href":"https:\/\/lesvolcansnews.net\/index.php?rest_route=%2Fwp%2Fv2%2Fmedia&parent=70908"}],"wp:term":[{"taxonomy":"category","embeddable":true,"href":"https:\/\/lesvolcansnews.net\/index.php?rest_route=%2Fwp%2Fv2%2Fcategories&post=70908"},{"taxonomy":"post_tag","embeddable":true,"href":"https:\/\/lesvolcansnews.net\/index.php?rest_route=%2Fwp%2Fv2%2Ftags&post=70908"}],"curies":[{"name":"wp","href":"https:\/\/api.w.org\/{rel}","templated":true}]}}