{"id":70892,"date":"2025-11-25T23:36:11","date_gmt":"2025-11-25T21:36:11","guid":{"rendered":"https:\/\/lesvolcansnews.net\/?p=70892"},"modified":"2025-11-25T23:58:44","modified_gmt":"2025-11-25T21:58:44","slug":"nord-kivu-de-retour-a-beni-le-president-de-lassemblee-provinciale-robert-seninga-alerte-sur-lescalade-des-attaques-adf-mtm-et-presse-larmee-dagir","status":"publish","type":"post","link":"https:\/\/lesvolcansnews.net\/?p=70892","title":{"rendered":"Nord-Kivu : De retour \u00e0 Beni, le pr\u00e9sident de l\u2019Assembl\u00e9e provinciale Robert Seninga alerte sur l\u2019escalade des attaques ADF\/MTM et presse l\u2019arm\u00e9e d\u2019agir"},"content":{"rendered":"<p><strong>\u00a0Le pr\u00e9sident de l\u2019Assembl\u00e9e provinciale du Nord-Kivu, Robert Habinshuti Seninga, a lanc\u00e9 lundi un appel pressant aux forces de s\u00e9curit\u00e9 face \u00e0 l\u2019escalade de l\u2019ins\u00e9curit\u00e9 dans l\u2019est de la R\u00e9publique d\u00e9mocratique du Congo, d\u00e9non\u00e7ant la \u00ab d\u00e9solation \u00bb et la \u00ab peur \u00bb impos\u00e9es aux civils par les combattants ADF\/MTM.<\/strong><\/p>\n<p>Seninga est arriv\u00e9 \u00e0 l\u2019a\u00e9roport priv\u00e9 de la Monusco \u00e0 Mavivi, pr\u00e8s de Beni, apr\u00e8s un s\u00e9jour officiel \u00e0 Kinshasa o\u00f9 il avait r\u00e9pondu \u00e0 des invitations de la haute hi\u00e9rarchie, notamment dans le cadre de la conf\u00e9rence des gouverneurs et de discussions sur la stabilit\u00e9 des institutions provinciales en pleine guerre d\u2019agression dans l\u2019Est. Accueilli par des membres du bureau de l\u2019Assembl\u00e9e provinciale et plusieurs d\u00e9put\u00e9s, il a imm\u00e9diatement \u00e9voqu\u00e9 une situation s\u00e9curitaire \u00ab pr\u00e9occupante \u00bb.<\/p>\n<p>\u00ab Nous arrivons dans notre zone de pouvoir, alors que la situation s\u00e9curitaire s\u2019aggrave dans les territoires de Beni et de Lubero avec les tueries \u00e0 r\u00e9p\u00e9tition de populations civiles par les terroristes du mouvement ADF\/MTM \u00bb, a-t-il d\u00e9clar\u00e9 au pied de l\u2019avion.<\/p>\n<p>Face \u00e0 cette recrudescence d\u2019attaques, Seninga a exhort\u00e9 les FARDC et la Police nationale congolaise \u00e0 \u00ab doubler d\u2019efforts \u00bb pour prot\u00e9ger les habitants et leurs biens. Il a \u00e9galement interpell\u00e9 la hi\u00e9rarchie militaire, appelant le commandant des op\u00e9rations Sokola 1 et les responsables des autres r\u00e9gions militaires \u00e0 mobiliser davantage de troupes afin de \u00ab mettre hors d\u2019\u00e9tat de nuire ces groupes arm\u00e9s \u00bb.<\/p>\n<p>Le retour du pr\u00e9sident de l\u2019Assembl\u00e9e provinciale intervient alors que les autorit\u00e9s locales subissent une pression croissante pour r\u00e9tablir la s\u00e9curit\u00e9 dans une r\u00e9gion r\u00e9guli\u00e8rement meurtrie par les violences des groupes arm\u00e9s.<\/p>\n","protected":false},"excerpt":{"rendered":"<p>\u00a0Le pr\u00e9sident de l\u2019Assembl\u00e9e provinciale du Nord-Kivu, Robert Habinshuti Seninga, a lanc\u00e9 lundi un appel pressant aux forces de s\u00e9curit\u00e9 face \u00e0 l\u2019escalade de l\u2019ins\u00e9curit\u00e9 dans l\u2019est de la R\u00e9publique<\/p>\n","protected":false},"author":14,"featured_media":0,"comment_status":"open","ping_status":"open","sticky":false,"template":"","format":"standard","meta":{"footnotes":""},"categories":[1],"tags":[],"class_list":["post-70892","post","type-post","status-publish","format-standard","hentry","category-actualite"],"yoast_head":"<!-- This site is optimized with the Yoast SEO plugin v27.3 - https:\/\/yoast.com\/product\/yoast-seo-wordpress\/ -->\n<title>Nord-Kivu : De retour \u00e0 Beni, le pr\u00e9sident de l\u2019Assembl\u00e9e provinciale Robert Seninga alerte sur l\u2019escalade des attaques ADF\/MTM et presse l\u2019arm\u00e9e d\u2019agir - LES VOLCANS NEWS<\/title>\n<meta name=\"robots\" content=\"index, follow, max-snippet:-1, max-image-preview:large, max-video-preview:-1\" \/>\n<link rel=\"canonical\" href=\"https:\/\/lesvolcansnews.net\/?p=70892\" \/>\n<meta property=\"og:locale\" content=\"fr_FR\" \/>\n<meta property=\"og:type\" content=\"article\" \/>\n<meta property=\"og:title\" content=\"Nord-Kivu : De retour \u00e0 Beni, le pr\u00e9sident de l\u2019Assembl\u00e9e provinciale Robert Seninga alerte sur l\u2019escalade des attaques ADF\/MTM et presse l\u2019arm\u00e9e d\u2019agir - LES VOLCANS NEWS\" \/>\n<meta property=\"og:description\" content=\"\u00a0Le pr\u00e9sident de l\u2019Assembl\u00e9e provinciale du Nord-Kivu, Robert Habinshuti Seninga, a lanc\u00e9 lundi un appel pressant aux forces de s\u00e9curit\u00e9 face \u00e0 l\u2019escalade de l\u2019ins\u00e9curit\u00e9 dans l\u2019est de la R\u00e9publique\" \/>\n<meta property=\"og:url\" content=\"https:\/\/lesvolcansnews.net\/?p=70892\" \/>\n<meta property=\"og:site_name\" content=\"LES VOLCANS NEWS\" \/>\n<meta property=\"article:published_time\" content=\"2025-11-25T21:36:11+00:00\" \/>\n<meta property=\"article:modified_time\" content=\"2025-11-25T21:58:44+00:00\" \/>\n<meta name=\"author\" content=\"R\u00e9daction - Les Volcans News\" \/>\n<meta name=\"twitter:card\" content=\"summary_large_image\" \/>\n<meta name=\"twitter:label1\" content=\"\u00c9crit par\" \/>\n\t<meta name=\"twitter:data1\" content=\"R\u00e9daction - Les Volcans News\" \/>\n\t<meta name=\"twitter:label2\" content=\"Dur\u00e9e de lecture estim\u00e9e\" \/>\n\t<meta name=\"twitter:data2\" content=\"2 minutes\" \/>\n<script type=\"application\/ld+json\" class=\"yoast-schema-graph\">{\"@context\":\"https:\\\/\\\/schema.org\",\"@graph\":[{\"@type\":\"Article\",\"@id\":\"https:\\\/\\\/lesvolcansnews.net\\\/?p=70892#article\",\"isPartOf\":{\"@id\":\"https:\\\/\\\/lesvolcansnews.net\\\/?p=70892\"},\"author\":{\"name\":\"R\u00e9daction - Les Volcans News\",\"@id\":\"https:\\\/\\\/lesvolcansnews.net\\\/#\\\/schema\\\/person\\\/82c8bed2e77879ecf6cca63441f57354\"},\"headline\":\"Nord-Kivu : De retour \u00e0 Beni, le pr\u00e9sident de l\u2019Assembl\u00e9e provinciale Robert Seninga alerte sur l\u2019escalade des attaques ADF\\\/MTM et presse l\u2019arm\u00e9e d\u2019agir\",\"datePublished\":\"2025-11-25T21:36:11+00:00\",\"dateModified\":\"2025-11-25T21:58:44+00:00\",\"mainEntityOfPage\":{\"@id\":\"https:\\\/\\\/lesvolcansnews.net\\\/?p=70892\"},\"wordCount\":331,\"commentCount\":0,\"articleSection\":[\"ACTUALIT\u00c9\"],\"inLanguage\":\"fr-FR\",\"potentialAction\":[{\"@type\":\"CommentAction\",\"name\":\"Comment\",\"target\":[\"https:\\\/\\\/lesvolcansnews.net\\\/?p=70892#respond\"]}]},{\"@type\":\"WebPage\",\"@id\":\"https:\\\/\\\/lesvolcansnews.net\\\/?p=70892\",\"url\":\"https:\\\/\\\/lesvolcansnews.net\\\/?p=70892\",\"name\":\"Nord-Kivu : De retour \u00e0 Beni, le pr\u00e9sident de l\u2019Assembl\u00e9e provinciale Robert Seninga alerte sur l\u2019escalade des attaques ADF\\\/MTM et presse l\u2019arm\u00e9e d\u2019agir - LES VOLCANS NEWS\",\"isPartOf\":{\"@id\":\"https:\\\/\\\/lesvolcansnews.net\\\/#website\"},\"datePublished\":\"2025-11-25T21:36:11+00:00\",\"dateModified\":\"2025-11-25T21:58:44+00:00\",\"author\":{\"@id\":\"https:\\\/\\\/lesvolcansnews.net\\\/#\\\/schema\\\/person\\\/82c8bed2e77879ecf6cca63441f57354\"},\"breadcrumb\":{\"@id\":\"https:\\\/\\\/lesvolcansnews.net\\\/?p=70892#breadcrumb\"},\"inLanguage\":\"fr-FR\",\"potentialAction\":[{\"@type\":\"ReadAction\",\"target\":[\"https:\\\/\\\/lesvolcansnews.net\\\/?p=70892\"]}]},{\"@type\":\"BreadcrumbList\",\"@id\":\"https:\\\/\\\/lesvolcansnews.net\\\/?p=70892#breadcrumb\",\"itemListElement\":[{\"@type\":\"ListItem\",\"position\":1,\"name\":\"Accueil\",\"item\":\"https:\\\/\\\/lesvolcansnews.net\\\/\"},{\"@type\":\"ListItem\",\"position\":2,\"name\":\"Nord-Kivu : De retour \u00e0 Beni, le pr\u00e9sident de l\u2019Assembl\u00e9e provinciale Robert Seninga alerte sur l\u2019escalade des attaques ADF\\\/MTM et presse l\u2019arm\u00e9e d\u2019agir\"}]},{\"@type\":\"WebSite\",\"@id\":\"https:\\\/\\\/lesvolcansnews.net\\\/#website\",\"url\":\"https:\\\/\\\/lesvolcansnews.net\\\/\",\"name\":\"LES VOLCANS NEWS\",\"description\":\"L&#039;INFORMATION C&#039;EST NOUS\",\"potentialAction\":[{\"@type\":\"SearchAction\",\"target\":{\"@type\":\"EntryPoint\",\"urlTemplate\":\"https:\\\/\\\/lesvolcansnews.net\\\/?s={search_term_string}\"},\"query-input\":{\"@type\":\"PropertyValueSpecification\",\"valueRequired\":true,\"valueName\":\"search_term_string\"}}],\"inLanguage\":\"fr-FR\"},{\"@type\":\"Person\",\"@id\":\"https:\\\/\\\/lesvolcansnews.net\\\/#\\\/schema\\\/person\\\/82c8bed2e77879ecf6cca63441f57354\",\"name\":\"R\u00e9daction - Les Volcans News\",\"image\":{\"@type\":\"ImageObject\",\"inLanguage\":\"fr-FR\",\"@id\":\"https:\\\/\\\/secure.gravatar.com\\\/avatar\\\/8408942dd851e8a9c09f3d382a661bc05d2b3cd9002139bc1795b9528cdc6c80?s=96&d=mm&r=g\",\"url\":\"https:\\\/\\\/secure.gravatar.com\\\/avatar\\\/8408942dd851e8a9c09f3d382a661bc05d2b3cd9002139bc1795b9528cdc6c80?s=96&d=mm&r=g\",\"contentUrl\":\"https:\\\/\\\/secure.gravatar.com\\\/avatar\\\/8408942dd851e8a9c09f3d382a661bc05d2b3cd9002139bc1795b9528cdc6c80?s=96&d=mm&r=g\",\"caption\":\"R\u00e9daction - Les Volcans News\"},\"url\":\"https:\\\/\\\/lesvolcansnews.net\\\/?author=14\"}]}<\/script>\n<!-- \/ Yoast SEO plugin. -->","yoast_head_json":{"title":"Nord-Kivu : De retour \u00e0 Beni, le pr\u00e9sident de l\u2019Assembl\u00e9e provinciale Robert Seninga alerte sur l\u2019escalade des attaques ADF\/MTM et presse l\u2019arm\u00e9e d\u2019agir - LES VOLCANS NEWS","robots":{"index":"index","follow":"follow","max-snippet":"max-snippet:-1","max-image-preview":"max-image-preview:large","max-video-preview":"max-video-preview:-1"},"canonical":"https:\/\/lesvolcansnews.net\/?p=70892","og_locale":"fr_FR","og_type":"article","og_title":"Nord-Kivu : De retour \u00e0 Beni, le pr\u00e9sident de l\u2019Assembl\u00e9e provinciale Robert Seninga alerte sur l\u2019escalade des attaques ADF\/MTM et presse l\u2019arm\u00e9e d\u2019agir - LES VOLCANS NEWS","og_description":"\u00a0Le pr\u00e9sident de l\u2019Assembl\u00e9e provinciale du Nord-Kivu, Robert Habinshuti Seninga, a lanc\u00e9 lundi un appel pressant aux forces de s\u00e9curit\u00e9 face \u00e0 l\u2019escalade de l\u2019ins\u00e9curit\u00e9 dans l\u2019est de la R\u00e9publique","og_url":"https:\/\/lesvolcansnews.net\/?p=70892","og_site_name":"LES VOLCANS NEWS","article_published_time":"2025-11-25T21:36:11+00:00","article_modified_time":"2025-11-25T21:58:44+00:00","author":"R\u00e9daction - Les Volcans News","twitter_card":"summary_large_image","twitter_misc":{"\u00c9crit par":"R\u00e9daction - Les Volcans News","Dur\u00e9e de lecture estim\u00e9e":"2 minutes"},"schema":{"@context":"https:\/\/schema.org","@graph":[{"@type":"Article","@id":"https:\/\/lesvolcansnews.net\/?p=70892#article","isPartOf":{"@id":"https:\/\/lesvolcansnews.net\/?p=70892"},"author":{"name":"R\u00e9daction - Les Volcans News","@id":"https:\/\/lesvolcansnews.net\/#\/schema\/person\/82c8bed2e77879ecf6cca63441f57354"},"headline":"Nord-Kivu : De retour \u00e0 Beni, le pr\u00e9sident de l\u2019Assembl\u00e9e provinciale Robert Seninga alerte sur l\u2019escalade des attaques ADF\/MTM et presse l\u2019arm\u00e9e d\u2019agir","datePublished":"2025-11-25T21:36:11+00:00","dateModified":"2025-11-25T21:58:44+00:00","mainEntityOfPage":{"@id":"https:\/\/lesvolcansnews.net\/?p=70892"},"wordCount":331,"commentCount":0,"articleSection":["ACTUALIT\u00c9"],"inLanguage":"fr-FR","potentialAction":[{"@type":"CommentAction","name":"Comment","target":["https:\/\/lesvolcansnews.net\/?p=70892#respond"]}]},{"@type":"WebPage","@id":"https:\/\/lesvolcansnews.net\/?p=70892","url":"https:\/\/lesvolcansnews.net\/?p=70892","name":"Nord-Kivu : De retour \u00e0 Beni, le pr\u00e9sident de l\u2019Assembl\u00e9e provinciale Robert Seninga alerte sur l\u2019escalade des attaques ADF\/MTM et presse l\u2019arm\u00e9e d\u2019agir - LES VOLCANS NEWS","isPartOf":{"@id":"https:\/\/lesvolcansnews.net\/#website"},"datePublished":"2025-11-25T21:36:11+00:00","dateModified":"2025-11-25T21:58:44+00:00","author":{"@id":"https:\/\/lesvolcansnews.net\/#\/schema\/person\/82c8bed2e77879ecf6cca63441f57354"},"breadcrumb":{"@id":"https:\/\/lesvolcansnews.net\/?p=70892#breadcrumb"},"inLanguage":"fr-FR","potentialAction":[{"@type":"ReadAction","target":["https:\/\/lesvolcansnews.net\/?p=70892"]}]},{"@type":"BreadcrumbList","@id":"https:\/\/lesvolcansnews.net\/?p=70892#breadcrumb","itemListElement":[{"@type":"ListItem","position":1,"name":"Accueil","item":"https:\/\/lesvolcansnews.net\/"},{"@type":"ListItem","position":2,"name":"Nord-Kivu : De retour \u00e0 Beni, le pr\u00e9sident de l\u2019Assembl\u00e9e provinciale Robert Seninga alerte sur l\u2019escalade des attaques ADF\/MTM et presse l\u2019arm\u00e9e d\u2019agir"}]},{"@type":"WebSite","@id":"https:\/\/lesvolcansnews.net\/#website","url":"https:\/\/lesvolcansnews.net\/","name":"LES VOLCANS NEWS","description":"L&#039;INFORMATION C&#039;EST NOUS","potentialAction":[{"@type":"SearchAction","target":{"@type":"EntryPoint","urlTemplate":"https:\/\/lesvolcansnews.net\/?s={search_term_string}"},"query-input":{"@type":"PropertyValueSpecification","valueRequired":true,"valueName":"search_term_string"}}],"inLanguage":"fr-FR"},{"@type":"Person","@id":"https:\/\/lesvolcansnews.net\/#\/schema\/person\/82c8bed2e77879ecf6cca63441f57354","name":"R\u00e9daction - Les Volcans News","image":{"@type":"ImageObject","inLanguage":"fr-FR","@id":"https:\/\/secure.gravatar.com\/avatar\/8408942dd851e8a9c09f3d382a661bc05d2b3cd9002139bc1795b9528cdc6c80?s=96&d=mm&r=g","url":"https:\/\/secure.gravatar.com\/avatar\/8408942dd851e8a9c09f3d382a661bc05d2b3cd9002139bc1795b9528cdc6c80?s=96&d=mm&r=g","contentUrl":"https:\/\/secure.gravatar.com\/avatar\/8408942dd851e8a9c09f3d382a661bc05d2b3cd9002139bc1795b9528cdc6c80?s=96&d=mm&r=g","caption":"R\u00e9daction - Les Volcans News"},"url":"https:\/\/lesvolcansnews.net\/?author=14"}]}},"_links":{"self":[{"href":"https:\/\/lesvolcansnews.net\/index.php?rest_route=\/wp\/v2\/posts\/70892","targetHints":{"allow":["GET"]}}],"collection":[{"href":"https:\/\/lesvolcansnews.net\/index.php?rest_route=\/wp\/v2\/posts"}],"about":[{"href":"https:\/\/lesvolcansnews.net\/index.php?rest_route=\/wp\/v2\/types\/post"}],"author":[{"embeddable":true,"href":"https:\/\/lesvolcansnews.net\/index.php?rest_route=\/wp\/v2\/users\/14"}],"replies":[{"embeddable":true,"href":"https:\/\/lesvolcansnews.net\/index.php?rest_route=%2Fwp%2Fv2%2Fcomments&post=70892"}],"version-history":[{"count":1,"href":"https:\/\/lesvolcansnews.net\/index.php?rest_route=\/wp\/v2\/posts\/70892\/revisions"}],"predecessor-version":[{"id":70898,"href":"https:\/\/lesvolcansnews.net\/index.php?rest_route=\/wp\/v2\/posts\/70892\/revisions\/70898"}],"wp:attachment":[{"href":"https:\/\/lesvolcansnews.net\/index.php?rest_route=%2Fwp%2Fv2%2Fmedia&parent=70892"}],"wp:term":[{"taxonomy":"category","embeddable":true,"href":"https:\/\/lesvolcansnews.net\/index.php?rest_route=%2Fwp%2Fv2%2Fcategories&post=70892"},{"taxonomy":"post_tag","embeddable":true,"href":"https:\/\/lesvolcansnews.net\/index.php?rest_route=%2Fwp%2Fv2%2Ftags&post=70892"}],"curies":[{"name":"wp","href":"https:\/\/api.w.org\/{rel}","templated":true}]}}