{"id":70849,"date":"2025-11-22T12:01:50","date_gmt":"2025-11-22T10:01:50","guid":{"rendered":"https:\/\/lesvolcansnews.net\/2025\/11\/22\/il-est-temps-darreter-cette-hypocrisie-louis-watum-ministre-des-mines-sonne-lalarme-a-geneve\/"},"modified":"2025-11-22T12:01:50","modified_gmt":"2025-11-22T10:01:50","slug":"il-est-temps-darreter-cette-hypocrisie-louis-watum-ministre-des-mines-sonne-lalarme-a-geneve","status":"publish","type":"post","link":"https:\/\/lesvolcansnews.net\/?p=70849","title":{"rendered":"\u00ab Il est temps d\u2019arr\u00eater cette hypocrisie \u00bb : Louis Watum, ministre des Mines, sonne l\u2019alarme \u00e0 Gen\u00e8ve"},"content":{"rendered":"\n<p><\/p>\n\n\n\n<p><strong>\u00ab Il est temps d\u2019arr\u00eater cette hypocrisie\u2026 Nous devons conjuguer tous nos efforts pour que le minerais soit trac\u00e9 depuis le site d\u2019extraction jusqu\u2019\u00e0 sa commercialisation,\u00bb Louis Watum Kabamba, Ministre national des Mines de la RDC.<\/strong><\/p>\n\n\n\n<p>Cette prise de position ferme de ce membre du gouvernement r\u00e9sonne dans les esprits, tant en RDC qu\u2019\u00e0 Gen\u00e8ve, o\u00f9 la d\u00e9l\u00e9gation gouvernementale congolaise, conduite par la Premi\u00e8re Ministre Judith Suminwa Tuluka, a men\u00e9 une mission strat\u00e9gique consacr\u00e9e \u00e0 la transparence et \u00e0 la tra\u00e7abilit\u00e9 des minerais critiques de l\u2019Est de la RDC.<\/p>\n\n\n\n<p><em><strong>Une d\u00e9claration forte au c\u0153ur des \u00e9changes internationaux<\/strong><\/em><\/p>\n\n\n\n<p>Au cours des diff\u00e9rentes rencontres organis\u00e9es, notamment avec la Chambre de Commerce, d\u2019Industrie et des Services de Gen\u00e8ve (CCIG), la F\u00e9d\u00e9ration des entreprises suisses romandes (FER), et les grands acteurs mondiaux r\u00e9unis au Centre pour le Dialogue Humanitaire Henri Dunant, le Ministre Louis Watum Kabamba a maintenu une ligne claire : aucune r\u00e9forme, aucun partenariat et aucune coop\u00e9ration internationale n\u2019auront de sens tant que la cha\u00eene d\u2019approvisionnement congolaise continuera d\u2019\u00eatre marqu\u00e9e par des zones d\u2019ombre.<\/p>\n\n\n\n<p><em><strong>La fin des circuits opaques : un engagement non n\u00e9gociable<\/strong><\/em><\/p>\n\n\n\n<p>En d\u00e9non\u00e7ant l\u2019\u00ab hypocrisie \u00bb qui entoure encore le commerce mondial des minerais critiques, le Ministre des Mines a mis en \u00e9vidence : les r\u00e9seaux parall\u00e8les qui profitent de l\u2019instabilit\u00e9 de l\u2019Est du pays,<br \/>les acteurs internationaux qui ferment les yeux sur l\u2019origine r\u00e9elle des minerais,<br \/>et les m\u00e9canismes de tra\u00e7abilit\u00e9 qui ne sont appliqu\u00e9s que partiellement.<\/p>\n\n\n\n<p>Pour Louis Watum Kabamba, la RDC est d\u00e9termin\u00e9e \u00e0 engager un tournant majeur : chaque gramme de minerai extrait du territoire national doit \u00eatre identifiable, suivi et certifi\u00e9, du site d\u2019exploitation jusqu\u2019au client final.<\/p>\n\n\n\n<p>Sa d\u00e9claration fixe d\u00e9sormais le cap : la tra\u00e7abilit\u00e9 totale n\u2019est pas un souhait, mais une exigence imp\u00e9rative pour assainir le secteur, rassurer les investisseurs s\u00e9rieux et couper d\u00e9finitivement les sources de financement des groupes arm\u00e9s.<\/p>\n\n\n\n<p>R\u00e9daction<\/p>\n","protected":false},"excerpt":{"rendered":"<p>\u00ab Il est temps d\u2019arr\u00eater cette hypocrisie\u2026 Nous devons conjuguer tous nos efforts pour que le minerais soit trac\u00e9 depuis le site d\u2019extraction jusqu\u2019\u00e0 sa commercialisation,\u00bb Louis Watum Kabamba, Ministre<\/p>\n","protected":false},"author":14,"featured_media":70848,"comment_status":"open","ping_status":"open","sticky":false,"template":"","format":"standard","meta":{"footnotes":""},"categories":[8],"tags":[],"class_list":["post-70849","post","type-post","status-publish","format-standard","has-post-thumbnail","hentry","category-economie"],"yoast_head":"<!-- This site is optimized with the Yoast SEO plugin v27.3 - https:\/\/yoast.com\/product\/yoast-seo-wordpress\/ -->\n<title>\u00ab Il est temps d\u2019arr\u00eater cette hypocrisie \u00bb : Louis Watum, ministre des Mines, sonne l\u2019alarme \u00e0 Gen\u00e8ve - LES VOLCANS NEWS<\/title>\n<meta name=\"robots\" content=\"index, follow, max-snippet:-1, max-image-preview:large, max-video-preview:-1\" \/>\n<link rel=\"canonical\" href=\"https:\/\/lesvolcansnews.net\/?p=70849\" \/>\n<meta property=\"og:locale\" content=\"fr_FR\" \/>\n<meta property=\"og:type\" content=\"article\" \/>\n<meta property=\"og:title\" content=\"\u00ab Il est temps d\u2019arr\u00eater cette hypocrisie \u00bb : Louis Watum, ministre des Mines, sonne l\u2019alarme \u00e0 Gen\u00e8ve - LES VOLCANS NEWS\" \/>\n<meta property=\"og:description\" content=\"\u00ab Il est temps d\u2019arr\u00eater cette hypocrisie\u2026 Nous devons conjuguer tous nos efforts pour que le minerais soit trac\u00e9 depuis le site d\u2019extraction jusqu\u2019\u00e0 sa commercialisation,\u00bb Louis Watum Kabamba, Ministre\" \/>\n<meta property=\"og:url\" content=\"https:\/\/lesvolcansnews.net\/?p=70849\" \/>\n<meta property=\"og:site_name\" content=\"LES VOLCANS NEWS\" \/>\n<meta property=\"article:published_time\" content=\"2025-11-22T10:01:50+00:00\" \/>\n<meta property=\"og:image\" content=\"https:\/\/lesvolcansnews.net\/wp-content\/uploads\/2025\/11\/IMG-20251122-WA0078.jpg\" \/>\n\t<meta property=\"og:image:width\" content=\"1024\" \/>\n\t<meta property=\"og:image:height\" content=\"683\" \/>\n\t<meta property=\"og:image:type\" content=\"image\/jpeg\" \/>\n<meta name=\"author\" content=\"R\u00e9daction - Les Volcans News\" \/>\n<meta name=\"twitter:card\" content=\"summary_large_image\" \/>\n<meta name=\"twitter:label1\" content=\"\u00c9crit par\" \/>\n\t<meta name=\"twitter:data1\" content=\"R\u00e9daction - Les Volcans News\" \/>\n\t<meta name=\"twitter:label2\" content=\"Dur\u00e9e de lecture estim\u00e9e\" \/>\n\t<meta name=\"twitter:data2\" content=\"2 minutes\" \/>\n<script type=\"application\/ld+json\" class=\"yoast-schema-graph\">{\"@context\":\"https:\\\/\\\/schema.org\",\"@graph\":[{\"@type\":\"Article\",\"@id\":\"https:\\\/\\\/lesvolcansnews.net\\\/?p=70849#article\",\"isPartOf\":{\"@id\":\"https:\\\/\\\/lesvolcansnews.net\\\/?p=70849\"},\"author\":{\"name\":\"R\u00e9daction - Les Volcans News\",\"@id\":\"https:\\\/\\\/lesvolcansnews.net\\\/#\\\/schema\\\/person\\\/82c8bed2e77879ecf6cca63441f57354\"},\"headline\":\"\u00ab Il est temps d\u2019arr\u00eater cette hypocrisie \u00bb : Louis Watum, ministre des Mines, sonne l\u2019alarme \u00e0 Gen\u00e8ve\",\"datePublished\":\"2025-11-22T10:01:50+00:00\",\"mainEntityOfPage\":{\"@id\":\"https:\\\/\\\/lesvolcansnews.net\\\/?p=70849\"},\"wordCount\":372,\"commentCount\":0,\"image\":{\"@id\":\"https:\\\/\\\/lesvolcansnews.net\\\/?p=70849#primaryimage\"},\"thumbnailUrl\":\"https:\\\/\\\/lesvolcansnews.net\\\/wp-content\\\/uploads\\\/2025\\\/11\\\/IMG-20251122-WA0078.jpg\",\"articleSection\":[\"\u00c9CONOMIE\"],\"inLanguage\":\"fr-FR\",\"potentialAction\":[{\"@type\":\"CommentAction\",\"name\":\"Comment\",\"target\":[\"https:\\\/\\\/lesvolcansnews.net\\\/?p=70849#respond\"]}]},{\"@type\":\"WebPage\",\"@id\":\"https:\\\/\\\/lesvolcansnews.net\\\/?p=70849\",\"url\":\"https:\\\/\\\/lesvolcansnews.net\\\/?p=70849\",\"name\":\"\u00ab Il est temps d\u2019arr\u00eater cette hypocrisie \u00bb : Louis Watum, ministre des Mines, sonne l\u2019alarme \u00e0 Gen\u00e8ve - LES VOLCANS NEWS\",\"isPartOf\":{\"@id\":\"https:\\\/\\\/lesvolcansnews.net\\\/#website\"},\"primaryImageOfPage\":{\"@id\":\"https:\\\/\\\/lesvolcansnews.net\\\/?p=70849#primaryimage\"},\"image\":{\"@id\":\"https:\\\/\\\/lesvolcansnews.net\\\/?p=70849#primaryimage\"},\"thumbnailUrl\":\"https:\\\/\\\/lesvolcansnews.net\\\/wp-content\\\/uploads\\\/2025\\\/11\\\/IMG-20251122-WA0078.jpg\",\"datePublished\":\"2025-11-22T10:01:50+00:00\",\"author\":{\"@id\":\"https:\\\/\\\/lesvolcansnews.net\\\/#\\\/schema\\\/person\\\/82c8bed2e77879ecf6cca63441f57354\"},\"breadcrumb\":{\"@id\":\"https:\\\/\\\/lesvolcansnews.net\\\/?p=70849#breadcrumb\"},\"inLanguage\":\"fr-FR\",\"potentialAction\":[{\"@type\":\"ReadAction\",\"target\":[\"https:\\\/\\\/lesvolcansnews.net\\\/?p=70849\"]}]},{\"@type\":\"ImageObject\",\"inLanguage\":\"fr-FR\",\"@id\":\"https:\\\/\\\/lesvolcansnews.net\\\/?p=70849#primaryimage\",\"url\":\"https:\\\/\\\/lesvolcansnews.net\\\/wp-content\\\/uploads\\\/2025\\\/11\\\/IMG-20251122-WA0078.jpg\",\"contentUrl\":\"https:\\\/\\\/lesvolcansnews.net\\\/wp-content\\\/uploads\\\/2025\\\/11\\\/IMG-20251122-WA0078.jpg\",\"width\":1024,\"height\":683},{\"@type\":\"BreadcrumbList\",\"@id\":\"https:\\\/\\\/lesvolcansnews.net\\\/?p=70849#breadcrumb\",\"itemListElement\":[{\"@type\":\"ListItem\",\"position\":1,\"name\":\"Accueil\",\"item\":\"https:\\\/\\\/lesvolcansnews.net\\\/\"},{\"@type\":\"ListItem\",\"position\":2,\"name\":\"\u00ab Il est temps d\u2019arr\u00eater cette hypocrisie \u00bb : Louis Watum, ministre des Mines, sonne l\u2019alarme \u00e0 Gen\u00e8ve\"}]},{\"@type\":\"WebSite\",\"@id\":\"https:\\\/\\\/lesvolcansnews.net\\\/#website\",\"url\":\"https:\\\/\\\/lesvolcansnews.net\\\/\",\"name\":\"LES VOLCANS NEWS\",\"description\":\"L&#039;INFORMATION C&#039;EST NOUS\",\"potentialAction\":[{\"@type\":\"SearchAction\",\"target\":{\"@type\":\"EntryPoint\",\"urlTemplate\":\"https:\\\/\\\/lesvolcansnews.net\\\/?s={search_term_string}\"},\"query-input\":{\"@type\":\"PropertyValueSpecification\",\"valueRequired\":true,\"valueName\":\"search_term_string\"}}],\"inLanguage\":\"fr-FR\"},{\"@type\":\"Person\",\"@id\":\"https:\\\/\\\/lesvolcansnews.net\\\/#\\\/schema\\\/person\\\/82c8bed2e77879ecf6cca63441f57354\",\"name\":\"R\u00e9daction - Les Volcans News\",\"image\":{\"@type\":\"ImageObject\",\"inLanguage\":\"fr-FR\",\"@id\":\"https:\\\/\\\/secure.gravatar.com\\\/avatar\\\/8408942dd851e8a9c09f3d382a661bc05d2b3cd9002139bc1795b9528cdc6c80?s=96&d=mm&r=g\",\"url\":\"https:\\\/\\\/secure.gravatar.com\\\/avatar\\\/8408942dd851e8a9c09f3d382a661bc05d2b3cd9002139bc1795b9528cdc6c80?s=96&d=mm&r=g\",\"contentUrl\":\"https:\\\/\\\/secure.gravatar.com\\\/avatar\\\/8408942dd851e8a9c09f3d382a661bc05d2b3cd9002139bc1795b9528cdc6c80?s=96&d=mm&r=g\",\"caption\":\"R\u00e9daction - Les Volcans News\"},\"url\":\"https:\\\/\\\/lesvolcansnews.net\\\/?author=14\"}]}<\/script>\n<!-- \/ Yoast SEO plugin. -->","yoast_head_json":{"title":"\u00ab Il est temps d\u2019arr\u00eater cette hypocrisie \u00bb : Louis Watum, ministre des Mines, sonne l\u2019alarme \u00e0 Gen\u00e8ve - LES VOLCANS NEWS","robots":{"index":"index","follow":"follow","max-snippet":"max-snippet:-1","max-image-preview":"max-image-preview:large","max-video-preview":"max-video-preview:-1"},"canonical":"https:\/\/lesvolcansnews.net\/?p=70849","og_locale":"fr_FR","og_type":"article","og_title":"\u00ab Il est temps d\u2019arr\u00eater cette hypocrisie \u00bb : Louis Watum, ministre des Mines, sonne l\u2019alarme \u00e0 Gen\u00e8ve - LES VOLCANS NEWS","og_description":"\u00ab Il est temps d\u2019arr\u00eater cette hypocrisie\u2026 Nous devons conjuguer tous nos efforts pour que le minerais soit trac\u00e9 depuis le site d\u2019extraction jusqu\u2019\u00e0 sa commercialisation,\u00bb Louis Watum Kabamba, Ministre","og_url":"https:\/\/lesvolcansnews.net\/?p=70849","og_site_name":"LES VOLCANS NEWS","article_published_time":"2025-11-22T10:01:50+00:00","og_image":[{"width":1024,"height":683,"url":"https:\/\/lesvolcansnews.net\/wp-content\/uploads\/2025\/11\/IMG-20251122-WA0078.jpg","type":"image\/jpeg"}],"author":"R\u00e9daction - Les Volcans News","twitter_card":"summary_large_image","twitter_misc":{"\u00c9crit par":"R\u00e9daction - Les Volcans News","Dur\u00e9e de lecture estim\u00e9e":"2 minutes"},"schema":{"@context":"https:\/\/schema.org","@graph":[{"@type":"Article","@id":"https:\/\/lesvolcansnews.net\/?p=70849#article","isPartOf":{"@id":"https:\/\/lesvolcansnews.net\/?p=70849"},"author":{"name":"R\u00e9daction - Les Volcans News","@id":"https:\/\/lesvolcansnews.net\/#\/schema\/person\/82c8bed2e77879ecf6cca63441f57354"},"headline":"\u00ab Il est temps d\u2019arr\u00eater cette hypocrisie \u00bb : Louis Watum, ministre des Mines, sonne l\u2019alarme \u00e0 Gen\u00e8ve","datePublished":"2025-11-22T10:01:50+00:00","mainEntityOfPage":{"@id":"https:\/\/lesvolcansnews.net\/?p=70849"},"wordCount":372,"commentCount":0,"image":{"@id":"https:\/\/lesvolcansnews.net\/?p=70849#primaryimage"},"thumbnailUrl":"https:\/\/lesvolcansnews.net\/wp-content\/uploads\/2025\/11\/IMG-20251122-WA0078.jpg","articleSection":["\u00c9CONOMIE"],"inLanguage":"fr-FR","potentialAction":[{"@type":"CommentAction","name":"Comment","target":["https:\/\/lesvolcansnews.net\/?p=70849#respond"]}]},{"@type":"WebPage","@id":"https:\/\/lesvolcansnews.net\/?p=70849","url":"https:\/\/lesvolcansnews.net\/?p=70849","name":"\u00ab Il est temps d\u2019arr\u00eater cette hypocrisie \u00bb : Louis Watum, ministre des Mines, sonne l\u2019alarme \u00e0 Gen\u00e8ve - LES VOLCANS NEWS","isPartOf":{"@id":"https:\/\/lesvolcansnews.net\/#website"},"primaryImageOfPage":{"@id":"https:\/\/lesvolcansnews.net\/?p=70849#primaryimage"},"image":{"@id":"https:\/\/lesvolcansnews.net\/?p=70849#primaryimage"},"thumbnailUrl":"https:\/\/lesvolcansnews.net\/wp-content\/uploads\/2025\/11\/IMG-20251122-WA0078.jpg","datePublished":"2025-11-22T10:01:50+00:00","author":{"@id":"https:\/\/lesvolcansnews.net\/#\/schema\/person\/82c8bed2e77879ecf6cca63441f57354"},"breadcrumb":{"@id":"https:\/\/lesvolcansnews.net\/?p=70849#breadcrumb"},"inLanguage":"fr-FR","potentialAction":[{"@type":"ReadAction","target":["https:\/\/lesvolcansnews.net\/?p=70849"]}]},{"@type":"ImageObject","inLanguage":"fr-FR","@id":"https:\/\/lesvolcansnews.net\/?p=70849#primaryimage","url":"https:\/\/lesvolcansnews.net\/wp-content\/uploads\/2025\/11\/IMG-20251122-WA0078.jpg","contentUrl":"https:\/\/lesvolcansnews.net\/wp-content\/uploads\/2025\/11\/IMG-20251122-WA0078.jpg","width":1024,"height":683},{"@type":"BreadcrumbList","@id":"https:\/\/lesvolcansnews.net\/?p=70849#breadcrumb","itemListElement":[{"@type":"ListItem","position":1,"name":"Accueil","item":"https:\/\/lesvolcansnews.net\/"},{"@type":"ListItem","position":2,"name":"\u00ab Il est temps d\u2019arr\u00eater cette hypocrisie \u00bb : Louis Watum, ministre des Mines, sonne l\u2019alarme \u00e0 Gen\u00e8ve"}]},{"@type":"WebSite","@id":"https:\/\/lesvolcansnews.net\/#website","url":"https:\/\/lesvolcansnews.net\/","name":"LES VOLCANS NEWS","description":"L&#039;INFORMATION C&#039;EST NOUS","potentialAction":[{"@type":"SearchAction","target":{"@type":"EntryPoint","urlTemplate":"https:\/\/lesvolcansnews.net\/?s={search_term_string}"},"query-input":{"@type":"PropertyValueSpecification","valueRequired":true,"valueName":"search_term_string"}}],"inLanguage":"fr-FR"},{"@type":"Person","@id":"https:\/\/lesvolcansnews.net\/#\/schema\/person\/82c8bed2e77879ecf6cca63441f57354","name":"R\u00e9daction - Les Volcans News","image":{"@type":"ImageObject","inLanguage":"fr-FR","@id":"https:\/\/secure.gravatar.com\/avatar\/8408942dd851e8a9c09f3d382a661bc05d2b3cd9002139bc1795b9528cdc6c80?s=96&d=mm&r=g","url":"https:\/\/secure.gravatar.com\/avatar\/8408942dd851e8a9c09f3d382a661bc05d2b3cd9002139bc1795b9528cdc6c80?s=96&d=mm&r=g","contentUrl":"https:\/\/secure.gravatar.com\/avatar\/8408942dd851e8a9c09f3d382a661bc05d2b3cd9002139bc1795b9528cdc6c80?s=96&d=mm&r=g","caption":"R\u00e9daction - Les Volcans News"},"url":"https:\/\/lesvolcansnews.net\/?author=14"}]}},"_links":{"self":[{"href":"https:\/\/lesvolcansnews.net\/index.php?rest_route=\/wp\/v2\/posts\/70849","targetHints":{"allow":["GET"]}}],"collection":[{"href":"https:\/\/lesvolcansnews.net\/index.php?rest_route=\/wp\/v2\/posts"}],"about":[{"href":"https:\/\/lesvolcansnews.net\/index.php?rest_route=\/wp\/v2\/types\/post"}],"author":[{"embeddable":true,"href":"https:\/\/lesvolcansnews.net\/index.php?rest_route=\/wp\/v2\/users\/14"}],"replies":[{"embeddable":true,"href":"https:\/\/lesvolcansnews.net\/index.php?rest_route=%2Fwp%2Fv2%2Fcomments&post=70849"}],"version-history":[{"count":0,"href":"https:\/\/lesvolcansnews.net\/index.php?rest_route=\/wp\/v2\/posts\/70849\/revisions"}],"wp:featuredmedia":[{"embeddable":true,"href":"https:\/\/lesvolcansnews.net\/index.php?rest_route=\/wp\/v2\/media\/70848"}],"wp:attachment":[{"href":"https:\/\/lesvolcansnews.net\/index.php?rest_route=%2Fwp%2Fv2%2Fmedia&parent=70849"}],"wp:term":[{"taxonomy":"category","embeddable":true,"href":"https:\/\/lesvolcansnews.net\/index.php?rest_route=%2Fwp%2Fv2%2Fcategories&post=70849"},{"taxonomy":"post_tag","embeddable":true,"href":"https:\/\/lesvolcansnews.net\/index.php?rest_route=%2Fwp%2Fv2%2Ftags&post=70849"}],"curies":[{"name":"wp","href":"https:\/\/api.w.org\/{rel}","templated":true}]}}