{"id":70671,"date":"2025-11-11T12:53:16","date_gmt":"2025-11-11T10:53:16","guid":{"rendered":"https:\/\/lesvolcansnews.net\/?p=70671"},"modified":"2025-11-11T12:53:16","modified_gmt":"2025-11-11T10:53:16","slug":"ituri-confondus-aux-presumes-miliciens-crp-des-jeunes-arretes-arbitrairement-a-djugu","status":"publish","type":"post","link":"https:\/\/lesvolcansnews.net\/?p=70671","title":{"rendered":"Ituri : confondus aux pr\u00e9sum\u00e9s miliciens CRP, des jeunes arr\u00eat\u00e9s arbitrairement \u00e0 Djugu"},"content":{"rendered":"<p><strong>En territoire de Djugu, des arrestations arbitraires sont signal\u00e9es dans plusieurs villages du territoire de Djugu pr\u00e9cis\u00e9ment du groupement Mayaribu en chefferie de Mambisa o\u00f9 op\u00e9raient jadis les autod\u00e9fenses Za\u00efre<\/strong>.<\/p>\n<p>Ces arrestations ciblent pour la plupart des cas des jeunes des localit\u00e9s Mabanga et Lalu o\u00f9 certains \u00e9l\u00e9ments FARDC les confondent aux pr\u00e9sum\u00e9s collaborateurs de la CRP. Le chef du groupement et le pr\u00e9sident de la FEC en \u00e9taient aussi victimes malgr\u00e9 rel\u00e2ch\u00e9s quelques jours apr\u00e8s, s&#8217;indigne la communaut\u00e9 locale. <\/p>\n<p>\u00ab <em>Depuis un moment donn\u00e9, des jeunes gens ont d\u00e9cid\u00e9 de remettre les armes aupr\u00e8s de l&#8217;arm\u00e9e qui contr\u00f4le la zone. Mais l&#8217;on constate des cas d&#8217;arrestations arbitraires dont m\u00eame le chef du groupement et le pr\u00e9sident de FEC en \u00e9taient victimes, acte condamnable<\/em> \u00bb, d\u00e9noncent des structures de d\u00e9fense des droits humains dans cette partie de l&#8217;Ituri.<\/p>\n<p>Le 10 novembre 2025, la notabilit\u00e9 locale est sortie de son silence pour exprimer son inqui\u00e9tude qui risque d&#8217;avoir des retomb\u00e9es n\u00e9gatives sur la collaboration civilo-militaire depuis la reconqu\u00eate de ces zones par l&#8217;arm\u00e9e. Issa Bin-Radjabu, l&#8217;un des notables de la chefferie de Mambisa qui qualifie cela d&#8217;une tracasserie, sollicite l&#8217;implication des autorit\u00e9s militaires pour la conscientisation de leurs troupes d\u00e9p\u00each\u00e9es dans la zone. <\/p>\n<p>\u00ab <em>Quand on essaye de demander, on nous laisse croire que ces jeunes travailleraient avec la CRP pourtant faux. C&#8217;est pourquoi nous sollicitons l&#8217;implication des autorit\u00e9s s\u00e9curitaires pour diff\u00e9rencier les habitants des groupes arm\u00e9s<\/em> \u00bb, a-t-il recommand\u00e9.<\/p>\n<p>L&#8217;arm\u00e9e, via son porte-parole, contact\u00e9e quant \u00e0 ce s&#8217;est r\u00e9serv\u00e9 de tout commentaire mais n\u00e9anmoins la r\u00e9daction lui r\u00e9serve un droit de r\u00e9ponse.<\/p>\n<p><strong>R\u00e9daction<\/strong><\/p>\n","protected":false},"excerpt":{"rendered":"<p>En territoire de Djugu, des arrestations arbitraires sont signal\u00e9es dans plusieurs villages du territoire de Djugu pr\u00e9cis\u00e9ment du groupement Mayaribu en chefferie de Mambisa o\u00f9 op\u00e9raient jadis les autod\u00e9fenses Za\u00efre.<\/p>\n","protected":false},"author":14,"featured_media":50373,"comment_status":"open","ping_status":"open","sticky":false,"template":"","format":"standard","meta":{"footnotes":""},"categories":[51,32],"tags":[],"class_list":["post-70671","post","type-post","status-publish","format-standard","has-post-thumbnail","hentry","category-justice","category-securite"],"yoast_head":"<!-- This site is optimized with the Yoast SEO plugin v27.5 - https:\/\/yoast.com\/product\/yoast-seo-wordpress\/ -->\n<title>Ituri : confondus aux pr\u00e9sum\u00e9s miliciens CRP, des jeunes arr\u00eat\u00e9s arbitrairement \u00e0 Djugu - LES VOLCANS NEWS<\/title>\n<meta name=\"robots\" content=\"index, follow, max-snippet:-1, max-image-preview:large, max-video-preview:-1\" \/>\n<link rel=\"canonical\" href=\"https:\/\/lesvolcansnews.net\/?p=70671\" \/>\n<meta property=\"og:locale\" content=\"fr_FR\" \/>\n<meta property=\"og:type\" content=\"article\" \/>\n<meta property=\"og:title\" content=\"Ituri : confondus aux pr\u00e9sum\u00e9s miliciens CRP, des jeunes arr\u00eat\u00e9s arbitrairement \u00e0 Djugu - LES VOLCANS NEWS\" \/>\n<meta property=\"og:description\" content=\"En territoire de Djugu, des arrestations arbitraires sont signal\u00e9es dans plusieurs villages du territoire de Djugu pr\u00e9cis\u00e9ment du groupement Mayaribu en chefferie de Mambisa o\u00f9 op\u00e9raient jadis les autod\u00e9fenses Za\u00efre.\" \/>\n<meta property=\"og:url\" content=\"https:\/\/lesvolcansnews.net\/?p=70671\" \/>\n<meta property=\"og:site_name\" content=\"LES VOLCANS NEWS\" \/>\n<meta property=\"article:published_time\" content=\"2025-11-11T10:53:16+00:00\" \/>\n<meta property=\"og:image\" content=\"https:\/\/lesvolcansnews.net\/wp-content\/uploads\/2024\/01\/bandit_arrestation_pnc_19_0214_jpg_640_350_1.jpeg\" \/>\n\t<meta property=\"og:image:width\" content=\"640\" \/>\n\t<meta property=\"og:image:height\" content=\"350\" \/>\n\t<meta property=\"og:image:type\" content=\"image\/jpeg\" \/>\n<meta name=\"author\" content=\"R\u00e9daction - Les Volcans News\" \/>\n<meta name=\"twitter:card\" content=\"summary_large_image\" \/>\n<meta name=\"twitter:label1\" content=\"\u00c9crit par\" \/>\n\t<meta name=\"twitter:data1\" content=\"R\u00e9daction - Les Volcans News\" \/>\n\t<meta name=\"twitter:label2\" content=\"Dur\u00e9e de lecture estim\u00e9e\" \/>\n\t<meta name=\"twitter:data2\" content=\"1 minute\" \/>\n<script type=\"application\/ld+json\" class=\"yoast-schema-graph\">{\"@context\":\"https:\\\/\\\/schema.org\",\"@graph\":[{\"@type\":\"Article\",\"@id\":\"https:\\\/\\\/lesvolcansnews.net\\\/?p=70671#article\",\"isPartOf\":{\"@id\":\"https:\\\/\\\/lesvolcansnews.net\\\/?p=70671\"},\"author\":{\"name\":\"R\u00e9daction - Les Volcans News\",\"@id\":\"https:\\\/\\\/lesvolcansnews.net\\\/#\\\/schema\\\/person\\\/82c8bed2e77879ecf6cca63441f57354\"},\"headline\":\"Ituri : confondus aux pr\u00e9sum\u00e9s miliciens CRP, des jeunes arr\u00eat\u00e9s arbitrairement \u00e0 Djugu\",\"datePublished\":\"2025-11-11T10:53:16+00:00\",\"mainEntityOfPage\":{\"@id\":\"https:\\\/\\\/lesvolcansnews.net\\\/?p=70671\"},\"wordCount\":328,\"commentCount\":0,\"image\":{\"@id\":\"https:\\\/\\\/lesvolcansnews.net\\\/?p=70671#primaryimage\"},\"thumbnailUrl\":\"https:\\\/\\\/lesvolcansnews.net\\\/wp-content\\\/uploads\\\/2024\\\/01\\\/bandit_arrestation_pnc_19_0214_jpg_640_350_1.jpeg\",\"articleSection\":[\"JUSTICE\",\"S\u00c9CURIT\u00c9\"],\"inLanguage\":\"fr-FR\",\"potentialAction\":[{\"@type\":\"CommentAction\",\"name\":\"Comment\",\"target\":[\"https:\\\/\\\/lesvolcansnews.net\\\/?p=70671#respond\"]}]},{\"@type\":\"WebPage\",\"@id\":\"https:\\\/\\\/lesvolcansnews.net\\\/?p=70671\",\"url\":\"https:\\\/\\\/lesvolcansnews.net\\\/?p=70671\",\"name\":\"Ituri : confondus aux pr\u00e9sum\u00e9s miliciens CRP, des jeunes arr\u00eat\u00e9s arbitrairement \u00e0 Djugu - LES VOLCANS NEWS\",\"isPartOf\":{\"@id\":\"https:\\\/\\\/lesvolcansnews.net\\\/#website\"},\"primaryImageOfPage\":{\"@id\":\"https:\\\/\\\/lesvolcansnews.net\\\/?p=70671#primaryimage\"},\"image\":{\"@id\":\"https:\\\/\\\/lesvolcansnews.net\\\/?p=70671#primaryimage\"},\"thumbnailUrl\":\"https:\\\/\\\/lesvolcansnews.net\\\/wp-content\\\/uploads\\\/2024\\\/01\\\/bandit_arrestation_pnc_19_0214_jpg_640_350_1.jpeg\",\"datePublished\":\"2025-11-11T10:53:16+00:00\",\"author\":{\"@id\":\"https:\\\/\\\/lesvolcansnews.net\\\/#\\\/schema\\\/person\\\/82c8bed2e77879ecf6cca63441f57354\"},\"breadcrumb\":{\"@id\":\"https:\\\/\\\/lesvolcansnews.net\\\/?p=70671#breadcrumb\"},\"inLanguage\":\"fr-FR\",\"potentialAction\":[{\"@type\":\"ReadAction\",\"target\":[\"https:\\\/\\\/lesvolcansnews.net\\\/?p=70671\"]}]},{\"@type\":\"ImageObject\",\"inLanguage\":\"fr-FR\",\"@id\":\"https:\\\/\\\/lesvolcansnews.net\\\/?p=70671#primaryimage\",\"url\":\"https:\\\/\\\/lesvolcansnews.net\\\/wp-content\\\/uploads\\\/2024\\\/01\\\/bandit_arrestation_pnc_19_0214_jpg_640_350_1.jpeg\",\"contentUrl\":\"https:\\\/\\\/lesvolcansnews.net\\\/wp-content\\\/uploads\\\/2024\\\/01\\\/bandit_arrestation_pnc_19_0214_jpg_640_350_1.jpeg\",\"width\":640,\"height\":350},{\"@type\":\"BreadcrumbList\",\"@id\":\"https:\\\/\\\/lesvolcansnews.net\\\/?p=70671#breadcrumb\",\"itemListElement\":[{\"@type\":\"ListItem\",\"position\":1,\"name\":\"Accueil\",\"item\":\"https:\\\/\\\/lesvolcansnews.net\\\/\"},{\"@type\":\"ListItem\",\"position\":2,\"name\":\"Ituri : confondus aux pr\u00e9sum\u00e9s miliciens CRP, des jeunes arr\u00eat\u00e9s arbitrairement \u00e0 Djugu\"}]},{\"@type\":\"WebSite\",\"@id\":\"https:\\\/\\\/lesvolcansnews.net\\\/#website\",\"url\":\"https:\\\/\\\/lesvolcansnews.net\\\/\",\"name\":\"LES VOLCANS NEWS\",\"description\":\"L&#039;INFORMATION C&#039;EST NOUS\",\"potentialAction\":[{\"@type\":\"SearchAction\",\"target\":{\"@type\":\"EntryPoint\",\"urlTemplate\":\"https:\\\/\\\/lesvolcansnews.net\\\/?s={search_term_string}\"},\"query-input\":{\"@type\":\"PropertyValueSpecification\",\"valueRequired\":true,\"valueName\":\"search_term_string\"}}],\"inLanguage\":\"fr-FR\"},{\"@type\":\"Person\",\"@id\":\"https:\\\/\\\/lesvolcansnews.net\\\/#\\\/schema\\\/person\\\/82c8bed2e77879ecf6cca63441f57354\",\"name\":\"R\u00e9daction - Les Volcans News\",\"image\":{\"@type\":\"ImageObject\",\"inLanguage\":\"fr-FR\",\"@id\":\"https:\\\/\\\/secure.gravatar.com\\\/avatar\\\/8408942dd851e8a9c09f3d382a661bc05d2b3cd9002139bc1795b9528cdc6c80?s=96&d=mm&r=g\",\"url\":\"https:\\\/\\\/secure.gravatar.com\\\/avatar\\\/8408942dd851e8a9c09f3d382a661bc05d2b3cd9002139bc1795b9528cdc6c80?s=96&d=mm&r=g\",\"contentUrl\":\"https:\\\/\\\/secure.gravatar.com\\\/avatar\\\/8408942dd851e8a9c09f3d382a661bc05d2b3cd9002139bc1795b9528cdc6c80?s=96&d=mm&r=g\",\"caption\":\"R\u00e9daction - Les Volcans News\"},\"url\":\"https:\\\/\\\/lesvolcansnews.net\\\/?author=14\"}]}<\/script>\n<!-- \/ Yoast SEO plugin. -->","yoast_head_json":{"title":"Ituri : confondus aux pr\u00e9sum\u00e9s miliciens CRP, des jeunes arr\u00eat\u00e9s arbitrairement \u00e0 Djugu - LES VOLCANS NEWS","robots":{"index":"index","follow":"follow","max-snippet":"max-snippet:-1","max-image-preview":"max-image-preview:large","max-video-preview":"max-video-preview:-1"},"canonical":"https:\/\/lesvolcansnews.net\/?p=70671","og_locale":"fr_FR","og_type":"article","og_title":"Ituri : confondus aux pr\u00e9sum\u00e9s miliciens CRP, des jeunes arr\u00eat\u00e9s arbitrairement \u00e0 Djugu - LES VOLCANS NEWS","og_description":"En territoire de Djugu, des arrestations arbitraires sont signal\u00e9es dans plusieurs villages du territoire de Djugu pr\u00e9cis\u00e9ment du groupement Mayaribu en chefferie de Mambisa o\u00f9 op\u00e9raient jadis les autod\u00e9fenses Za\u00efre.","og_url":"https:\/\/lesvolcansnews.net\/?p=70671","og_site_name":"LES VOLCANS NEWS","article_published_time":"2025-11-11T10:53:16+00:00","og_image":[{"width":640,"height":350,"url":"https:\/\/lesvolcansnews.net\/wp-content\/uploads\/2024\/01\/bandit_arrestation_pnc_19_0214_jpg_640_350_1.jpeg","type":"image\/jpeg"}],"author":"R\u00e9daction - Les Volcans News","twitter_card":"summary_large_image","twitter_misc":{"\u00c9crit par":"R\u00e9daction - Les Volcans News","Dur\u00e9e de lecture estim\u00e9e":"1 minute"},"schema":{"@context":"https:\/\/schema.org","@graph":[{"@type":"Article","@id":"https:\/\/lesvolcansnews.net\/?p=70671#article","isPartOf":{"@id":"https:\/\/lesvolcansnews.net\/?p=70671"},"author":{"name":"R\u00e9daction - Les Volcans News","@id":"https:\/\/lesvolcansnews.net\/#\/schema\/person\/82c8bed2e77879ecf6cca63441f57354"},"headline":"Ituri : confondus aux pr\u00e9sum\u00e9s miliciens CRP, des jeunes arr\u00eat\u00e9s arbitrairement \u00e0 Djugu","datePublished":"2025-11-11T10:53:16+00:00","mainEntityOfPage":{"@id":"https:\/\/lesvolcansnews.net\/?p=70671"},"wordCount":328,"commentCount":0,"image":{"@id":"https:\/\/lesvolcansnews.net\/?p=70671#primaryimage"},"thumbnailUrl":"https:\/\/lesvolcansnews.net\/wp-content\/uploads\/2024\/01\/bandit_arrestation_pnc_19_0214_jpg_640_350_1.jpeg","articleSection":["JUSTICE","S\u00c9CURIT\u00c9"],"inLanguage":"fr-FR","potentialAction":[{"@type":"CommentAction","name":"Comment","target":["https:\/\/lesvolcansnews.net\/?p=70671#respond"]}]},{"@type":"WebPage","@id":"https:\/\/lesvolcansnews.net\/?p=70671","url":"https:\/\/lesvolcansnews.net\/?p=70671","name":"Ituri : confondus aux pr\u00e9sum\u00e9s miliciens CRP, des jeunes arr\u00eat\u00e9s arbitrairement \u00e0 Djugu - LES VOLCANS NEWS","isPartOf":{"@id":"https:\/\/lesvolcansnews.net\/#website"},"primaryImageOfPage":{"@id":"https:\/\/lesvolcansnews.net\/?p=70671#primaryimage"},"image":{"@id":"https:\/\/lesvolcansnews.net\/?p=70671#primaryimage"},"thumbnailUrl":"https:\/\/lesvolcansnews.net\/wp-content\/uploads\/2024\/01\/bandit_arrestation_pnc_19_0214_jpg_640_350_1.jpeg","datePublished":"2025-11-11T10:53:16+00:00","author":{"@id":"https:\/\/lesvolcansnews.net\/#\/schema\/person\/82c8bed2e77879ecf6cca63441f57354"},"breadcrumb":{"@id":"https:\/\/lesvolcansnews.net\/?p=70671#breadcrumb"},"inLanguage":"fr-FR","potentialAction":[{"@type":"ReadAction","target":["https:\/\/lesvolcansnews.net\/?p=70671"]}]},{"@type":"ImageObject","inLanguage":"fr-FR","@id":"https:\/\/lesvolcansnews.net\/?p=70671#primaryimage","url":"https:\/\/lesvolcansnews.net\/wp-content\/uploads\/2024\/01\/bandit_arrestation_pnc_19_0214_jpg_640_350_1.jpeg","contentUrl":"https:\/\/lesvolcansnews.net\/wp-content\/uploads\/2024\/01\/bandit_arrestation_pnc_19_0214_jpg_640_350_1.jpeg","width":640,"height":350},{"@type":"BreadcrumbList","@id":"https:\/\/lesvolcansnews.net\/?p=70671#breadcrumb","itemListElement":[{"@type":"ListItem","position":1,"name":"Accueil","item":"https:\/\/lesvolcansnews.net\/"},{"@type":"ListItem","position":2,"name":"Ituri : confondus aux pr\u00e9sum\u00e9s miliciens CRP, des jeunes arr\u00eat\u00e9s arbitrairement \u00e0 Djugu"}]},{"@type":"WebSite","@id":"https:\/\/lesvolcansnews.net\/#website","url":"https:\/\/lesvolcansnews.net\/","name":"LES VOLCANS NEWS","description":"L&#039;INFORMATION C&#039;EST NOUS","potentialAction":[{"@type":"SearchAction","target":{"@type":"EntryPoint","urlTemplate":"https:\/\/lesvolcansnews.net\/?s={search_term_string}"},"query-input":{"@type":"PropertyValueSpecification","valueRequired":true,"valueName":"search_term_string"}}],"inLanguage":"fr-FR"},{"@type":"Person","@id":"https:\/\/lesvolcansnews.net\/#\/schema\/person\/82c8bed2e77879ecf6cca63441f57354","name":"R\u00e9daction - Les Volcans News","image":{"@type":"ImageObject","inLanguage":"fr-FR","@id":"https:\/\/secure.gravatar.com\/avatar\/8408942dd851e8a9c09f3d382a661bc05d2b3cd9002139bc1795b9528cdc6c80?s=96&d=mm&r=g","url":"https:\/\/secure.gravatar.com\/avatar\/8408942dd851e8a9c09f3d382a661bc05d2b3cd9002139bc1795b9528cdc6c80?s=96&d=mm&r=g","contentUrl":"https:\/\/secure.gravatar.com\/avatar\/8408942dd851e8a9c09f3d382a661bc05d2b3cd9002139bc1795b9528cdc6c80?s=96&d=mm&r=g","caption":"R\u00e9daction - Les Volcans News"},"url":"https:\/\/lesvolcansnews.net\/?author=14"}]}},"_links":{"self":[{"href":"https:\/\/lesvolcansnews.net\/index.php?rest_route=\/wp\/v2\/posts\/70671","targetHints":{"allow":["GET"]}}],"collection":[{"href":"https:\/\/lesvolcansnews.net\/index.php?rest_route=\/wp\/v2\/posts"}],"about":[{"href":"https:\/\/lesvolcansnews.net\/index.php?rest_route=\/wp\/v2\/types\/post"}],"author":[{"embeddable":true,"href":"https:\/\/lesvolcansnews.net\/index.php?rest_route=\/wp\/v2\/users\/14"}],"replies":[{"embeddable":true,"href":"https:\/\/lesvolcansnews.net\/index.php?rest_route=%2Fwp%2Fv2%2Fcomments&post=70671"}],"version-history":[{"count":1,"href":"https:\/\/lesvolcansnews.net\/index.php?rest_route=\/wp\/v2\/posts\/70671\/revisions"}],"predecessor-version":[{"id":70672,"href":"https:\/\/lesvolcansnews.net\/index.php?rest_route=\/wp\/v2\/posts\/70671\/revisions\/70672"}],"wp:featuredmedia":[{"embeddable":true,"href":"https:\/\/lesvolcansnews.net\/index.php?rest_route=\/wp\/v2\/media\/50373"}],"wp:attachment":[{"href":"https:\/\/lesvolcansnews.net\/index.php?rest_route=%2Fwp%2Fv2%2Fmedia&parent=70671"}],"wp:term":[{"taxonomy":"category","embeddable":true,"href":"https:\/\/lesvolcansnews.net\/index.php?rest_route=%2Fwp%2Fv2%2Fcategories&post=70671"},{"taxonomy":"post_tag","embeddable":true,"href":"https:\/\/lesvolcansnews.net\/index.php?rest_route=%2Fwp%2Fv2%2Ftags&post=70671"}],"curies":[{"name":"wp","href":"https:\/\/api.w.org\/{rel}","templated":true}]}}