{"id":70628,"date":"2025-11-08T18:50:05","date_gmt":"2025-11-08T16:50:05","guid":{"rendered":"https:\/\/lesvolcansnews.net\/?p=70628"},"modified":"2025-11-08T18:54:15","modified_gmt":"2025-11-08T16:54:15","slug":"ituri-accusee-de-presume-financement-a-la-crp-par-luc-malembe-la-fec-rejette-en-bloc-ces-allegations","status":"publish","type":"post","link":"https:\/\/lesvolcansnews.net\/?p=70628","title":{"rendered":"Ituri : accus\u00e9e de pr\u00e9sum\u00e9 \u00ab financement \u00bb \u00e0 la CRP par Luc Malembe, la FEC rejette en bloc ces all\u00e9gations"},"content":{"rendered":"<p><strong>La F\u00e9d\u00e9ration des Entreprises du Congo FEC, section de l&#8217;Ituri serait-elle en collaboration avec la milice \u00ab Convention pour la R\u00e9volution Populaire \u00bb CRP que l&#8217;arm\u00e9e attribue affectueusement \u00e0 Thomas Lubanga ?. C&#8217;est ce qu&#8217;a laiss\u00e9 entendre l&#8217;acteur politique Luc Malembe le 07 novembre 2025 dans une vid\u00e9o devenue virale sur les r\u00e9seaux sociaux.<\/strong><\/p>\n<p>Au fait, d&#8217;apr\u00e8s cet ancien communicateur de Lamuka et \u00e0 ce jour membre de l&#8217;Union Sacr\u00e9e, la corporation regroupant les op\u00e9rateurs \u00e9conomiques de l&#8217;Ituri collaborerait et financerait la milice CRP avant de demander la dissolution du comit\u00e9 actuel de la FEC\/Ituri. Une accusation qualifi\u00e9e de \u00ab sans fondement \u00bb, de \u00ab sans preuve \u00bb et d&#8217;\u00ab irresponsable \u00bb par la FEC.<\/p>\n<p>Dans un communiqu\u00e9 de presse portant d\u00e9menti officiel des accusations port\u00e9es par l&#8217;acteur politique Luc Malembe, le pr\u00e9sident du conseil provincial de la FEC r\u00e9affirme leur partenariat avec l&#8217;\u00e9tat congolais via l&#8217;\u00e9tat de si\u00e8ge en Ituri. D&#8217;o\u00f9, elle reste fid\u00e8le \u00e0 ses engagements de collaborer avec le gouvernement provincial et central pour l&#8217;\u00e9mergence de la province de l&#8217;Ituri.<\/p>\n<p>\u00ab <em>La FEC est un partenaire privil\u00e9gi\u00e9 de l&#8217;\u00e9tat. Et dans ce cadre, elle collabore positivement avec le gouvernement. C&#8217;est pourquoi dire qu&#8217;elle finance une milice en Ituri serait une fa\u00e7on de ternir gravement l&#8217;image d&#8217;une si grande institution. Si un commer\u00e7ant est rep\u00e9r\u00e9 ou cit\u00e9 dans des actes r\u00e9pr\u00e9hensibles, cela n&#8217;engage pas n\u00e9cessairement toute la FEC qui est une personne morale<\/em> \u00bb, rappelle Lonema Bahati Mukwa dans un ton ferme.<\/p>\n<p>Ce dernier avertit l&#8217;acteur politique Luc Malembe pour cette tentative de vouloir d\u00e9stabiliser une corporation soutenant toutes les d\u00e9marches du chef de l&#8217;\u00c9tat F\u00e9lix Antoine Tshisekedi et du gouverneur Luboya N&#8217;kashama Johnny dans la recherche de la paix dans cette province meurtrie depuis 2017.<\/p>\n<p>La FEC Ituri, tout en se r\u00e9servant le droit de se faire pr\u00e9valoir devant les instances judiciaires pour ce qu&#8217;elle qualifie \u00ab d&#8217;imputation dommageable, atteinte \u00e0 la r\u00e9putation, calomnie et faux bruit \u00bb :<br \/>\n&#8211; rejette les all\u00e9gations de Luc Malembe et d\u00e9ment cat\u00e9goriquement toute implication directe ou indirecte dans quelque financement que ce soit d&#8217;un groupe arm\u00e9 en Ituri.<br \/>\n&#8211; rappelle qu&#8217;elle est apolitique l\u00e9galement \u00e9tablie avec comme mission de repr\u00e9senter, d\u00e9fendre et encadrer les op\u00e9rateurs \u00e9conomiques.<br \/>\n&#8211; Etc.<\/p>\n<p><strong>R\u00e9daction<\/strong><\/p>\n","protected":false},"excerpt":{"rendered":"<p>La F\u00e9d\u00e9ration des Entreprises du Congo FEC, section de l&#8217;Ituri serait-elle en collaboration avec la milice \u00ab Convention pour la R\u00e9volution Populaire \u00bb CRP que l&#8217;arm\u00e9e attribue affectueusement \u00e0 Thomas<\/p>\n","protected":false},"author":14,"featured_media":70630,"comment_status":"open","ping_status":"open","sticky":false,"template":"","format":"standard","meta":{"footnotes":""},"categories":[1],"tags":[],"class_list":["post-70628","post","type-post","status-publish","format-standard","has-post-thumbnail","hentry","category-actualite"],"yoast_head":"<!-- This site is optimized with the Yoast SEO plugin v27.5 - https:\/\/yoast.com\/product\/yoast-seo-wordpress\/ -->\n<title>Ituri : accus\u00e9e de pr\u00e9sum\u00e9 \u00ab financement \u00bb \u00e0 la CRP par Luc Malembe, la FEC rejette en bloc ces all\u00e9gations - LES VOLCANS NEWS<\/title>\n<meta name=\"robots\" content=\"index, follow, max-snippet:-1, max-image-preview:large, max-video-preview:-1\" \/>\n<link rel=\"canonical\" href=\"https:\/\/lesvolcansnews.net\/?p=70628\" \/>\n<meta property=\"og:locale\" content=\"fr_FR\" \/>\n<meta property=\"og:type\" content=\"article\" \/>\n<meta property=\"og:title\" content=\"Ituri : accus\u00e9e de pr\u00e9sum\u00e9 \u00ab financement \u00bb \u00e0 la CRP par Luc Malembe, la FEC rejette en bloc ces all\u00e9gations - LES VOLCANS NEWS\" \/>\n<meta property=\"og:description\" content=\"La F\u00e9d\u00e9ration des Entreprises du Congo FEC, section de l&#8217;Ituri serait-elle en collaboration avec la milice \u00ab Convention pour la R\u00e9volution Populaire \u00bb CRP que l&#8217;arm\u00e9e attribue affectueusement \u00e0 Thomas\" \/>\n<meta property=\"og:url\" content=\"https:\/\/lesvolcansnews.net\/?p=70628\" \/>\n<meta property=\"og:site_name\" content=\"LES VOLCANS NEWS\" \/>\n<meta property=\"article:published_time\" content=\"2025-11-08T16:50:05+00:00\" \/>\n<meta property=\"article:modified_time\" content=\"2025-11-08T16:54:15+00:00\" \/>\n<meta property=\"og:image\" content=\"https:\/\/lesvolcansnews.net\/wp-content\/uploads\/2025\/11\/IMG-20251108-WA0158.jpg\" \/>\n\t<meta property=\"og:image:width\" content=\"793\" \/>\n\t<meta property=\"og:image:height\" content=\"447\" \/>\n\t<meta property=\"og:image:type\" content=\"image\/jpeg\" \/>\n<meta name=\"author\" content=\"R\u00e9daction - Les Volcans News\" \/>\n<meta name=\"twitter:card\" content=\"summary_large_image\" \/>\n<meta name=\"twitter:label1\" content=\"\u00c9crit par\" \/>\n\t<meta name=\"twitter:data1\" content=\"R\u00e9daction - Les Volcans News\" \/>\n\t<meta name=\"twitter:label2\" content=\"Dur\u00e9e de lecture estim\u00e9e\" \/>\n\t<meta name=\"twitter:data2\" content=\"2 minutes\" \/>\n<script type=\"application\/ld+json\" class=\"yoast-schema-graph\">{\"@context\":\"https:\\\/\\\/schema.org\",\"@graph\":[{\"@type\":\"Article\",\"@id\":\"https:\\\/\\\/lesvolcansnews.net\\\/?p=70628#article\",\"isPartOf\":{\"@id\":\"https:\\\/\\\/lesvolcansnews.net\\\/?p=70628\"},\"author\":{\"name\":\"R\u00e9daction - Les Volcans News\",\"@id\":\"https:\\\/\\\/lesvolcansnews.net\\\/#\\\/schema\\\/person\\\/82c8bed2e77879ecf6cca63441f57354\"},\"headline\":\"Ituri : accus\u00e9e de pr\u00e9sum\u00e9 \u00ab financement \u00bb \u00e0 la CRP par Luc Malembe, la FEC rejette en bloc ces all\u00e9gations\",\"datePublished\":\"2025-11-08T16:50:05+00:00\",\"dateModified\":\"2025-11-08T16:54:15+00:00\",\"mainEntityOfPage\":{\"@id\":\"https:\\\/\\\/lesvolcansnews.net\\\/?p=70628\"},\"wordCount\":434,\"commentCount\":0,\"image\":{\"@id\":\"https:\\\/\\\/lesvolcansnews.net\\\/?p=70628#primaryimage\"},\"thumbnailUrl\":\"https:\\\/\\\/lesvolcansnews.net\\\/wp-content\\\/uploads\\\/2025\\\/11\\\/IMG-20251108-WA0158.jpg\",\"articleSection\":[\"ACTUALIT\u00c9\"],\"inLanguage\":\"fr-FR\",\"potentialAction\":[{\"@type\":\"CommentAction\",\"name\":\"Comment\",\"target\":[\"https:\\\/\\\/lesvolcansnews.net\\\/?p=70628#respond\"]}]},{\"@type\":\"WebPage\",\"@id\":\"https:\\\/\\\/lesvolcansnews.net\\\/?p=70628\",\"url\":\"https:\\\/\\\/lesvolcansnews.net\\\/?p=70628\",\"name\":\"Ituri : accus\u00e9e de pr\u00e9sum\u00e9 \u00ab financement \u00bb \u00e0 la CRP par Luc Malembe, la FEC rejette en bloc ces all\u00e9gations - LES VOLCANS NEWS\",\"isPartOf\":{\"@id\":\"https:\\\/\\\/lesvolcansnews.net\\\/#website\"},\"primaryImageOfPage\":{\"@id\":\"https:\\\/\\\/lesvolcansnews.net\\\/?p=70628#primaryimage\"},\"image\":{\"@id\":\"https:\\\/\\\/lesvolcansnews.net\\\/?p=70628#primaryimage\"},\"thumbnailUrl\":\"https:\\\/\\\/lesvolcansnews.net\\\/wp-content\\\/uploads\\\/2025\\\/11\\\/IMG-20251108-WA0158.jpg\",\"datePublished\":\"2025-11-08T16:50:05+00:00\",\"dateModified\":\"2025-11-08T16:54:15+00:00\",\"author\":{\"@id\":\"https:\\\/\\\/lesvolcansnews.net\\\/#\\\/schema\\\/person\\\/82c8bed2e77879ecf6cca63441f57354\"},\"breadcrumb\":{\"@id\":\"https:\\\/\\\/lesvolcansnews.net\\\/?p=70628#breadcrumb\"},\"inLanguage\":\"fr-FR\",\"potentialAction\":[{\"@type\":\"ReadAction\",\"target\":[\"https:\\\/\\\/lesvolcansnews.net\\\/?p=70628\"]}]},{\"@type\":\"ImageObject\",\"inLanguage\":\"fr-FR\",\"@id\":\"https:\\\/\\\/lesvolcansnews.net\\\/?p=70628#primaryimage\",\"url\":\"https:\\\/\\\/lesvolcansnews.net\\\/wp-content\\\/uploads\\\/2025\\\/11\\\/IMG-20251108-WA0158.jpg\",\"contentUrl\":\"https:\\\/\\\/lesvolcansnews.net\\\/wp-content\\\/uploads\\\/2025\\\/11\\\/IMG-20251108-WA0158.jpg\",\"width\":793,\"height\":447},{\"@type\":\"BreadcrumbList\",\"@id\":\"https:\\\/\\\/lesvolcansnews.net\\\/?p=70628#breadcrumb\",\"itemListElement\":[{\"@type\":\"ListItem\",\"position\":1,\"name\":\"Accueil\",\"item\":\"https:\\\/\\\/lesvolcansnews.net\\\/\"},{\"@type\":\"ListItem\",\"position\":2,\"name\":\"Ituri : accus\u00e9e de pr\u00e9sum\u00e9 \u00ab financement \u00bb \u00e0 la CRP par Luc Malembe, la FEC rejette en bloc ces all\u00e9gations\"}]},{\"@type\":\"WebSite\",\"@id\":\"https:\\\/\\\/lesvolcansnews.net\\\/#website\",\"url\":\"https:\\\/\\\/lesvolcansnews.net\\\/\",\"name\":\"LES VOLCANS NEWS\",\"description\":\"L&#039;INFORMATION C&#039;EST NOUS\",\"potentialAction\":[{\"@type\":\"SearchAction\",\"target\":{\"@type\":\"EntryPoint\",\"urlTemplate\":\"https:\\\/\\\/lesvolcansnews.net\\\/?s={search_term_string}\"},\"query-input\":{\"@type\":\"PropertyValueSpecification\",\"valueRequired\":true,\"valueName\":\"search_term_string\"}}],\"inLanguage\":\"fr-FR\"},{\"@type\":\"Person\",\"@id\":\"https:\\\/\\\/lesvolcansnews.net\\\/#\\\/schema\\\/person\\\/82c8bed2e77879ecf6cca63441f57354\",\"name\":\"R\u00e9daction - Les Volcans News\",\"image\":{\"@type\":\"ImageObject\",\"inLanguage\":\"fr-FR\",\"@id\":\"https:\\\/\\\/secure.gravatar.com\\\/avatar\\\/8408942dd851e8a9c09f3d382a661bc05d2b3cd9002139bc1795b9528cdc6c80?s=96&d=mm&r=g\",\"url\":\"https:\\\/\\\/secure.gravatar.com\\\/avatar\\\/8408942dd851e8a9c09f3d382a661bc05d2b3cd9002139bc1795b9528cdc6c80?s=96&d=mm&r=g\",\"contentUrl\":\"https:\\\/\\\/secure.gravatar.com\\\/avatar\\\/8408942dd851e8a9c09f3d382a661bc05d2b3cd9002139bc1795b9528cdc6c80?s=96&d=mm&r=g\",\"caption\":\"R\u00e9daction - Les Volcans News\"},\"url\":\"https:\\\/\\\/lesvolcansnews.net\\\/?author=14\"}]}<\/script>\n<!-- \/ Yoast SEO plugin. -->","yoast_head_json":{"title":"Ituri : accus\u00e9e de pr\u00e9sum\u00e9 \u00ab financement \u00bb \u00e0 la CRP par Luc Malembe, la FEC rejette en bloc ces all\u00e9gations - LES VOLCANS NEWS","robots":{"index":"index","follow":"follow","max-snippet":"max-snippet:-1","max-image-preview":"max-image-preview:large","max-video-preview":"max-video-preview:-1"},"canonical":"https:\/\/lesvolcansnews.net\/?p=70628","og_locale":"fr_FR","og_type":"article","og_title":"Ituri : accus\u00e9e de pr\u00e9sum\u00e9 \u00ab financement \u00bb \u00e0 la CRP par Luc Malembe, la FEC rejette en bloc ces all\u00e9gations - LES VOLCANS NEWS","og_description":"La F\u00e9d\u00e9ration des Entreprises du Congo FEC, section de l&#8217;Ituri serait-elle en collaboration avec la milice \u00ab Convention pour la R\u00e9volution Populaire \u00bb CRP que l&#8217;arm\u00e9e attribue affectueusement \u00e0 Thomas","og_url":"https:\/\/lesvolcansnews.net\/?p=70628","og_site_name":"LES VOLCANS NEWS","article_published_time":"2025-11-08T16:50:05+00:00","article_modified_time":"2025-11-08T16:54:15+00:00","og_image":[{"width":793,"height":447,"url":"https:\/\/lesvolcansnews.net\/wp-content\/uploads\/2025\/11\/IMG-20251108-WA0158.jpg","type":"image\/jpeg"}],"author":"R\u00e9daction - Les Volcans News","twitter_card":"summary_large_image","twitter_misc":{"\u00c9crit par":"R\u00e9daction - Les Volcans News","Dur\u00e9e de lecture estim\u00e9e":"2 minutes"},"schema":{"@context":"https:\/\/schema.org","@graph":[{"@type":"Article","@id":"https:\/\/lesvolcansnews.net\/?p=70628#article","isPartOf":{"@id":"https:\/\/lesvolcansnews.net\/?p=70628"},"author":{"name":"R\u00e9daction - Les Volcans News","@id":"https:\/\/lesvolcansnews.net\/#\/schema\/person\/82c8bed2e77879ecf6cca63441f57354"},"headline":"Ituri : accus\u00e9e de pr\u00e9sum\u00e9 \u00ab financement \u00bb \u00e0 la CRP par Luc Malembe, la FEC rejette en bloc ces all\u00e9gations","datePublished":"2025-11-08T16:50:05+00:00","dateModified":"2025-11-08T16:54:15+00:00","mainEntityOfPage":{"@id":"https:\/\/lesvolcansnews.net\/?p=70628"},"wordCount":434,"commentCount":0,"image":{"@id":"https:\/\/lesvolcansnews.net\/?p=70628#primaryimage"},"thumbnailUrl":"https:\/\/lesvolcansnews.net\/wp-content\/uploads\/2025\/11\/IMG-20251108-WA0158.jpg","articleSection":["ACTUALIT\u00c9"],"inLanguage":"fr-FR","potentialAction":[{"@type":"CommentAction","name":"Comment","target":["https:\/\/lesvolcansnews.net\/?p=70628#respond"]}]},{"@type":"WebPage","@id":"https:\/\/lesvolcansnews.net\/?p=70628","url":"https:\/\/lesvolcansnews.net\/?p=70628","name":"Ituri : accus\u00e9e de pr\u00e9sum\u00e9 \u00ab financement \u00bb \u00e0 la CRP par Luc Malembe, la FEC rejette en bloc ces all\u00e9gations - LES VOLCANS NEWS","isPartOf":{"@id":"https:\/\/lesvolcansnews.net\/#website"},"primaryImageOfPage":{"@id":"https:\/\/lesvolcansnews.net\/?p=70628#primaryimage"},"image":{"@id":"https:\/\/lesvolcansnews.net\/?p=70628#primaryimage"},"thumbnailUrl":"https:\/\/lesvolcansnews.net\/wp-content\/uploads\/2025\/11\/IMG-20251108-WA0158.jpg","datePublished":"2025-11-08T16:50:05+00:00","dateModified":"2025-11-08T16:54:15+00:00","author":{"@id":"https:\/\/lesvolcansnews.net\/#\/schema\/person\/82c8bed2e77879ecf6cca63441f57354"},"breadcrumb":{"@id":"https:\/\/lesvolcansnews.net\/?p=70628#breadcrumb"},"inLanguage":"fr-FR","potentialAction":[{"@type":"ReadAction","target":["https:\/\/lesvolcansnews.net\/?p=70628"]}]},{"@type":"ImageObject","inLanguage":"fr-FR","@id":"https:\/\/lesvolcansnews.net\/?p=70628#primaryimage","url":"https:\/\/lesvolcansnews.net\/wp-content\/uploads\/2025\/11\/IMG-20251108-WA0158.jpg","contentUrl":"https:\/\/lesvolcansnews.net\/wp-content\/uploads\/2025\/11\/IMG-20251108-WA0158.jpg","width":793,"height":447},{"@type":"BreadcrumbList","@id":"https:\/\/lesvolcansnews.net\/?p=70628#breadcrumb","itemListElement":[{"@type":"ListItem","position":1,"name":"Accueil","item":"https:\/\/lesvolcansnews.net\/"},{"@type":"ListItem","position":2,"name":"Ituri : accus\u00e9e de pr\u00e9sum\u00e9 \u00ab financement \u00bb \u00e0 la CRP par Luc Malembe, la FEC rejette en bloc ces all\u00e9gations"}]},{"@type":"WebSite","@id":"https:\/\/lesvolcansnews.net\/#website","url":"https:\/\/lesvolcansnews.net\/","name":"LES VOLCANS NEWS","description":"L&#039;INFORMATION C&#039;EST NOUS","potentialAction":[{"@type":"SearchAction","target":{"@type":"EntryPoint","urlTemplate":"https:\/\/lesvolcansnews.net\/?s={search_term_string}"},"query-input":{"@type":"PropertyValueSpecification","valueRequired":true,"valueName":"search_term_string"}}],"inLanguage":"fr-FR"},{"@type":"Person","@id":"https:\/\/lesvolcansnews.net\/#\/schema\/person\/82c8bed2e77879ecf6cca63441f57354","name":"R\u00e9daction - Les Volcans News","image":{"@type":"ImageObject","inLanguage":"fr-FR","@id":"https:\/\/secure.gravatar.com\/avatar\/8408942dd851e8a9c09f3d382a661bc05d2b3cd9002139bc1795b9528cdc6c80?s=96&d=mm&r=g","url":"https:\/\/secure.gravatar.com\/avatar\/8408942dd851e8a9c09f3d382a661bc05d2b3cd9002139bc1795b9528cdc6c80?s=96&d=mm&r=g","contentUrl":"https:\/\/secure.gravatar.com\/avatar\/8408942dd851e8a9c09f3d382a661bc05d2b3cd9002139bc1795b9528cdc6c80?s=96&d=mm&r=g","caption":"R\u00e9daction - Les Volcans News"},"url":"https:\/\/lesvolcansnews.net\/?author=14"}]}},"_links":{"self":[{"href":"https:\/\/lesvolcansnews.net\/index.php?rest_route=\/wp\/v2\/posts\/70628","targetHints":{"allow":["GET"]}}],"collection":[{"href":"https:\/\/lesvolcansnews.net\/index.php?rest_route=\/wp\/v2\/posts"}],"about":[{"href":"https:\/\/lesvolcansnews.net\/index.php?rest_route=\/wp\/v2\/types\/post"}],"author":[{"embeddable":true,"href":"https:\/\/lesvolcansnews.net\/index.php?rest_route=\/wp\/v2\/users\/14"}],"replies":[{"embeddable":true,"href":"https:\/\/lesvolcansnews.net\/index.php?rest_route=%2Fwp%2Fv2%2Fcomments&post=70628"}],"version-history":[{"count":1,"href":"https:\/\/lesvolcansnews.net\/index.php?rest_route=\/wp\/v2\/posts\/70628\/revisions"}],"predecessor-version":[{"id":70629,"href":"https:\/\/lesvolcansnews.net\/index.php?rest_route=\/wp\/v2\/posts\/70628\/revisions\/70629"}],"wp:featuredmedia":[{"embeddable":true,"href":"https:\/\/lesvolcansnews.net\/index.php?rest_route=\/wp\/v2\/media\/70630"}],"wp:attachment":[{"href":"https:\/\/lesvolcansnews.net\/index.php?rest_route=%2Fwp%2Fv2%2Fmedia&parent=70628"}],"wp:term":[{"taxonomy":"category","embeddable":true,"href":"https:\/\/lesvolcansnews.net\/index.php?rest_route=%2Fwp%2Fv2%2Fcategories&post=70628"},{"taxonomy":"post_tag","embeddable":true,"href":"https:\/\/lesvolcansnews.net\/index.php?rest_route=%2Fwp%2Fv2%2Ftags&post=70628"}],"curies":[{"name":"wp","href":"https:\/\/api.w.org\/{rel}","templated":true}]}}