{"id":70625,"date":"2025-11-08T18:47:21","date_gmt":"2025-11-08T16:47:21","guid":{"rendered":"https:\/\/lesvolcansnews.net\/?p=70625"},"modified":"2025-11-08T18:47:21","modified_gmt":"2025-11-08T16:47:21","slug":"ituri-cette-crainte-du-chef-de-bandaka-apres-lenvahissement-de-sa-juridiction-par-le-haut-uele","status":"publish","type":"post","link":"https:\/\/lesvolcansnews.net\/?p=70625","title":{"rendered":"Ituri : Cette crainte du chef de Bandaka apr\u00e8s l&#8217;envahissement de sa juridiction par le Haut-Uele"},"content":{"rendered":"<p><strong>La province de l&#8217;Ituri, situ\u00e9e au nord-est de la R\u00e9publique D\u00e9mocratique du Congo, meurtrie depuis le mois de d\u00e9cembre 2017, est encore but\u00e9e \u00e0 diverses difficult\u00e9s \u00e0 part la tuerie des civils, vol, viol des femmes et des jeunes filles voire les conflits de limite ou administratifs qui sont, pour la plupart de cas, les causes de l&#8217;ins\u00e9curit\u00e9.<\/strong><\/p>\n<p>C&#8217;est le cas de la chefferie des Bandaka en territoire de Mambasa o\u00f9 l&#8217;agglomeration de  Niania situ\u00e9e \u00e0 plus de 300 kilom\u00e8tres au sud-ouest de Bunia, chef-lieu de la province de l&#8217;Ituri, qui est entrain d&#8217;\u00eatre spoli\u00e9e par le groupement Babonde du secteur Maberu Malika Babudu \u00ab MMB \u00bb, territoire de Wamba, qui a d\u00e9j\u00e0 d\u00e9plac\u00e9 les limites en d\u00e9truisant les bornes qui \u00e9taient pourtant plac\u00e9es par les experts de l&#8217;institut  g\u00e9ographique du Congo  \u00e0 3km de Nia-Nia sur le ruisseau Magbundu, une limite naturelle. <\/p>\n<p>Constat fait par l&#8217;un de nos reporters lors de son r\u00e9cent s\u00e9jour dans la zone. Peu apr\u00e8s sa descente sur le lieu o\u00f9 les bornes \u00e9taient detruites,  il a tendu le micro au chef de la chefferie des Bandaka qui confirme aussi le fait et alerte les autorit\u00e9s sur les risques et\/ou cons\u00e9quences qui peuvent en d\u00e9couler si rien n&#8217;est fait dans l&#8217;imm\u00e9diat. <\/p>\n<p>Christian Alimasi dit avoir, maintefois, alert\u00e9 sa hi\u00e9rarchie mais sans suite favorable avec une forte probabilit\u00e9 que 3 Kilom\u00e8tres de Niania soient pris de force par le secteur MMB de la province voisine du Haut-Uele sur la route de desserte agricole menant vers 51. Ceci, malgr\u00e9 le bornage intervenu, il y a peu, par une d\u00e9l\u00e9gation de l&#8217;institut g\u00e9ographique.<\/p>\n<p>\u00ab <em>Le plus grand probl\u00e8me que nous avons est le conflit de limite avec le secteur MMB du Haut-Uele. Nous patientons toujours les autorit\u00e9s pour d\u00e9canter cette situation car la fois pass\u00e9e, il y a eu une d\u00e9l\u00e9gation de l&#8217;institut g\u00e9ographique qui a plac\u00e9 la limite, clarifi\u00e9 et born\u00e9 mais malheureusement \u00e7a n&#8217;a pas \u00e9t\u00e9 respect\u00e9 par nos voisins. Les bornes qui \u00e9taient \u00e0 3 kilom\u00e8tres ont \u00e9t\u00e9 saccag\u00e9es et sabot\u00e9es<\/em> \u00bb, a alert\u00e9 Christian Alimasi le 06 novembre 2025.<\/p>\n<p>Depuis l&#8217;envahissement de ces espaces par le Haut-Uele, des cons\u00e9quences sont l\u00e9gions sur la chefferie de Bandaka et par ricochet sur la province de l&#8217;Ituri. Tenez, l&#8217;\u00e9conomie de la chefferie est menac\u00e9e car ce secteur a d\u00e9j\u00e0 cr\u00e9\u00e9 un march\u00e9 \u00e0 Niania dans lequel les recettes per\u00e7ues \u00e9chappent \u00e0 l&#8217;Ituri en faveur du Haut-Uele.<\/p>\n<p>Il en est de m\u00eame pour certains terrains que la chefferie veut mettre en valeur, \u00e0 l&#8217;instar de \u00ab Mba Tambakis \u00bb, mais suite \u00e0 sa g\u00e9olocalisation dans l&#8217;espace spoli\u00e9 par le Haut-Uele, le d\u00e9veloppement aussi est frein\u00e9 ou mieux bloqu\u00e9.<\/p>\n<p><strong>Cette crainte du chef<\/strong><\/p>\n<p>Christian Alimasi qui pr\u00f4ne la pacification et le dialogue pour trouver une solution \u00e0 ce probl\u00e8me craint, n\u00e9anmoins, que la patience perdure et que la communaut\u00e9 locale puisse se prendre en charge : \u00ab <em>Nous sommes en train de patienter mais de fois la patience a aussi des limites. Notre crainte est qu&#8217;un jour si la patience atteint sa limite du c\u00f4t\u00e9 de Bandaka, \u00e7a ne donnera pas une bonne image parce que les gens risqueront de se faire du mal<\/em>. \u00bb<\/p>\n<p>C&#8217;est pourquoi, pour ne pas y arriver, le coutumier sollicite l&#8217;implication directe du gouverneur militaire, le lieutenant g\u00e9n\u00e9ral Luboya N&#8217;kashama Johnny, pour qu&#8217;il entre en contact avec son homologue du Haut-Uele afin de pallier cette situation comme il en a fait, en 2023, \u00e0 Nzinzi dans le territoire d&#8217;Aru o\u00f9 un conflit tentait de na\u00eetre.<\/p>\n<p>Pr\u00e9cisons qu&#8217;\u00e0 part PK 1, d&#8217;autres conflits de limite entre la chefferie de Bandaka en Ituri et du secteur MMB du Haut-Uele sont localis\u00e9s dans les entit\u00e9s comme PK 25 aux alentours de la carri\u00e8re mini\u00e8re Kputuka,  le foyer minier de Lassa pr\u00e8s du village Bafwabango (Pk51) sur l&#8217;axe Isiro pour ne citer que ceux-ci.<\/p>\n<p><strong>Nickson Manzekele depuis Bunia<\/strong> <\/p>\n","protected":false},"excerpt":{"rendered":"<p>La province de l&#8217;Ituri, situ\u00e9e au nord-est de la R\u00e9publique D\u00e9mocratique du Congo, meurtrie depuis le mois de d\u00e9cembre 2017, est encore but\u00e9e \u00e0 diverses difficult\u00e9s \u00e0 part la tuerie<\/p>\n","protected":false},"author":14,"featured_media":70626,"comment_status":"open","ping_status":"open","sticky":false,"template":"","format":"standard","meta":{"footnotes":""},"categories":[58,32],"tags":[],"class_list":["post-70625","post","type-post","status-publish","format-standard","has-post-thumbnail","hentry","category-administration","category-securite"],"yoast_head":"<!-- This site is optimized with the Yoast SEO plugin v27.3 - https:\/\/yoast.com\/product\/yoast-seo-wordpress\/ -->\n<title>Ituri : Cette crainte du chef de Bandaka apr\u00e8s l&#039;envahissement de sa juridiction par le Haut-Uele - LES VOLCANS NEWS<\/title>\n<meta name=\"robots\" content=\"index, follow, max-snippet:-1, max-image-preview:large, max-video-preview:-1\" \/>\n<link rel=\"canonical\" href=\"https:\/\/lesvolcansnews.net\/?p=70625\" \/>\n<meta property=\"og:locale\" content=\"fr_FR\" \/>\n<meta property=\"og:type\" content=\"article\" \/>\n<meta property=\"og:title\" content=\"Ituri : Cette crainte du chef de Bandaka apr\u00e8s l&#039;envahissement de sa juridiction par le Haut-Uele - LES VOLCANS NEWS\" \/>\n<meta property=\"og:description\" content=\"La province de l&#8217;Ituri, situ\u00e9e au nord-est de la R\u00e9publique D\u00e9mocratique du Congo, meurtrie depuis le mois de d\u00e9cembre 2017, est encore but\u00e9e \u00e0 diverses difficult\u00e9s \u00e0 part la tuerie\" \/>\n<meta property=\"og:url\" content=\"https:\/\/lesvolcansnews.net\/?p=70625\" \/>\n<meta property=\"og:site_name\" content=\"LES VOLCANS NEWS\" \/>\n<meta property=\"article:published_time\" content=\"2025-11-08T16:47:21+00:00\" \/>\n<meta property=\"og:image\" content=\"https:\/\/i0.wp.com\/lesvolcansnews.net\/wp-content\/uploads\/2025\/11\/IMG-20251108-WA0146.jpg?fit=2560%2C1878&ssl=1\" \/>\n\t<meta property=\"og:image:width\" content=\"2560\" \/>\n\t<meta property=\"og:image:height\" content=\"1878\" \/>\n\t<meta property=\"og:image:type\" content=\"image\/jpeg\" \/>\n<meta name=\"author\" content=\"R\u00e9daction - Les Volcans News\" \/>\n<meta name=\"twitter:card\" content=\"summary_large_image\" \/>\n<meta name=\"twitter:label1\" content=\"\u00c9crit par\" \/>\n\t<meta name=\"twitter:data1\" content=\"R\u00e9daction - Les Volcans News\" \/>\n\t<meta name=\"twitter:label2\" content=\"Dur\u00e9e de lecture estim\u00e9e\" \/>\n\t<meta name=\"twitter:data2\" content=\"3 minutes\" \/>\n<script type=\"application\/ld+json\" class=\"yoast-schema-graph\">{\"@context\":\"https:\\\/\\\/schema.org\",\"@graph\":[{\"@type\":\"Article\",\"@id\":\"https:\\\/\\\/lesvolcansnews.net\\\/?p=70625#article\",\"isPartOf\":{\"@id\":\"https:\\\/\\\/lesvolcansnews.net\\\/?p=70625\"},\"author\":{\"name\":\"R\u00e9daction - Les Volcans News\",\"@id\":\"https:\\\/\\\/lesvolcansnews.net\\\/#\\\/schema\\\/person\\\/82c8bed2e77879ecf6cca63441f57354\"},\"headline\":\"Ituri : Cette crainte du chef de Bandaka apr\u00e8s l&#8217;envahissement de sa juridiction par le Haut-Uele\",\"datePublished\":\"2025-11-08T16:47:21+00:00\",\"mainEntityOfPage\":{\"@id\":\"https:\\\/\\\/lesvolcansnews.net\\\/?p=70625\"},\"wordCount\":713,\"commentCount\":0,\"image\":{\"@id\":\"https:\\\/\\\/lesvolcansnews.net\\\/?p=70625#primaryimage\"},\"thumbnailUrl\":\"https:\\\/\\\/lesvolcansnews.net\\\/wp-content\\\/uploads\\\/2025\\\/11\\\/IMG-20251108-WA0146.jpg\",\"articleSection\":[\"ADMINISTRATION\",\"S\u00c9CURIT\u00c9\"],\"inLanguage\":\"fr-FR\",\"potentialAction\":[{\"@type\":\"CommentAction\",\"name\":\"Comment\",\"target\":[\"https:\\\/\\\/lesvolcansnews.net\\\/?p=70625#respond\"]}]},{\"@type\":\"WebPage\",\"@id\":\"https:\\\/\\\/lesvolcansnews.net\\\/?p=70625\",\"url\":\"https:\\\/\\\/lesvolcansnews.net\\\/?p=70625\",\"name\":\"Ituri : Cette crainte du chef de Bandaka apr\u00e8s l'envahissement de sa juridiction par le Haut-Uele - LES VOLCANS NEWS\",\"isPartOf\":{\"@id\":\"https:\\\/\\\/lesvolcansnews.net\\\/#website\"},\"primaryImageOfPage\":{\"@id\":\"https:\\\/\\\/lesvolcansnews.net\\\/?p=70625#primaryimage\"},\"image\":{\"@id\":\"https:\\\/\\\/lesvolcansnews.net\\\/?p=70625#primaryimage\"},\"thumbnailUrl\":\"https:\\\/\\\/lesvolcansnews.net\\\/wp-content\\\/uploads\\\/2025\\\/11\\\/IMG-20251108-WA0146.jpg\",\"datePublished\":\"2025-11-08T16:47:21+00:00\",\"author\":{\"@id\":\"https:\\\/\\\/lesvolcansnews.net\\\/#\\\/schema\\\/person\\\/82c8bed2e77879ecf6cca63441f57354\"},\"breadcrumb\":{\"@id\":\"https:\\\/\\\/lesvolcansnews.net\\\/?p=70625#breadcrumb\"},\"inLanguage\":\"fr-FR\",\"potentialAction\":[{\"@type\":\"ReadAction\",\"target\":[\"https:\\\/\\\/lesvolcansnews.net\\\/?p=70625\"]}]},{\"@type\":\"ImageObject\",\"inLanguage\":\"fr-FR\",\"@id\":\"https:\\\/\\\/lesvolcansnews.net\\\/?p=70625#primaryimage\",\"url\":\"https:\\\/\\\/lesvolcansnews.net\\\/wp-content\\\/uploads\\\/2025\\\/11\\\/IMG-20251108-WA0146.jpg\",\"contentUrl\":\"https:\\\/\\\/lesvolcansnews.net\\\/wp-content\\\/uploads\\\/2025\\\/11\\\/IMG-20251108-WA0146.jpg\",\"width\":2560,\"height\":1878},{\"@type\":\"BreadcrumbList\",\"@id\":\"https:\\\/\\\/lesvolcansnews.net\\\/?p=70625#breadcrumb\",\"itemListElement\":[{\"@type\":\"ListItem\",\"position\":1,\"name\":\"Accueil\",\"item\":\"https:\\\/\\\/lesvolcansnews.net\\\/\"},{\"@type\":\"ListItem\",\"position\":2,\"name\":\"Ituri : Cette crainte du chef de Bandaka apr\u00e8s l&#8217;envahissement de sa juridiction par le Haut-Uele\"}]},{\"@type\":\"WebSite\",\"@id\":\"https:\\\/\\\/lesvolcansnews.net\\\/#website\",\"url\":\"https:\\\/\\\/lesvolcansnews.net\\\/\",\"name\":\"LES VOLCANS NEWS\",\"description\":\"L&#039;INFORMATION C&#039;EST NOUS\",\"potentialAction\":[{\"@type\":\"SearchAction\",\"target\":{\"@type\":\"EntryPoint\",\"urlTemplate\":\"https:\\\/\\\/lesvolcansnews.net\\\/?s={search_term_string}\"},\"query-input\":{\"@type\":\"PropertyValueSpecification\",\"valueRequired\":true,\"valueName\":\"search_term_string\"}}],\"inLanguage\":\"fr-FR\"},{\"@type\":\"Person\",\"@id\":\"https:\\\/\\\/lesvolcansnews.net\\\/#\\\/schema\\\/person\\\/82c8bed2e77879ecf6cca63441f57354\",\"name\":\"R\u00e9daction - Les Volcans News\",\"image\":{\"@type\":\"ImageObject\",\"inLanguage\":\"fr-FR\",\"@id\":\"https:\\\/\\\/secure.gravatar.com\\\/avatar\\\/8408942dd851e8a9c09f3d382a661bc05d2b3cd9002139bc1795b9528cdc6c80?s=96&d=mm&r=g\",\"url\":\"https:\\\/\\\/secure.gravatar.com\\\/avatar\\\/8408942dd851e8a9c09f3d382a661bc05d2b3cd9002139bc1795b9528cdc6c80?s=96&d=mm&r=g\",\"contentUrl\":\"https:\\\/\\\/secure.gravatar.com\\\/avatar\\\/8408942dd851e8a9c09f3d382a661bc05d2b3cd9002139bc1795b9528cdc6c80?s=96&d=mm&r=g\",\"caption\":\"R\u00e9daction - Les Volcans News\"},\"url\":\"https:\\\/\\\/lesvolcansnews.net\\\/?author=14\"}]}<\/script>\n<!-- \/ Yoast SEO plugin. -->","yoast_head_json":{"title":"Ituri : Cette crainte du chef de Bandaka apr\u00e8s l'envahissement de sa juridiction par le Haut-Uele - LES VOLCANS NEWS","robots":{"index":"index","follow":"follow","max-snippet":"max-snippet:-1","max-image-preview":"max-image-preview:large","max-video-preview":"max-video-preview:-1"},"canonical":"https:\/\/lesvolcansnews.net\/?p=70625","og_locale":"fr_FR","og_type":"article","og_title":"Ituri : Cette crainte du chef de Bandaka apr\u00e8s l'envahissement de sa juridiction par le Haut-Uele - LES VOLCANS NEWS","og_description":"La province de l&#8217;Ituri, situ\u00e9e au nord-est de la R\u00e9publique D\u00e9mocratique du Congo, meurtrie depuis le mois de d\u00e9cembre 2017, est encore but\u00e9e \u00e0 diverses difficult\u00e9s \u00e0 part la tuerie","og_url":"https:\/\/lesvolcansnews.net\/?p=70625","og_site_name":"LES VOLCANS NEWS","article_published_time":"2025-11-08T16:47:21+00:00","og_image":[{"width":2560,"height":1878,"url":"https:\/\/i0.wp.com\/lesvolcansnews.net\/wp-content\/uploads\/2025\/11\/IMG-20251108-WA0146.jpg?fit=2560%2C1878&ssl=1","type":"image\/jpeg"}],"author":"R\u00e9daction - Les Volcans News","twitter_card":"summary_large_image","twitter_misc":{"\u00c9crit par":"R\u00e9daction - Les Volcans News","Dur\u00e9e de lecture estim\u00e9e":"3 minutes"},"schema":{"@context":"https:\/\/schema.org","@graph":[{"@type":"Article","@id":"https:\/\/lesvolcansnews.net\/?p=70625#article","isPartOf":{"@id":"https:\/\/lesvolcansnews.net\/?p=70625"},"author":{"name":"R\u00e9daction - Les Volcans News","@id":"https:\/\/lesvolcansnews.net\/#\/schema\/person\/82c8bed2e77879ecf6cca63441f57354"},"headline":"Ituri : Cette crainte du chef de Bandaka apr\u00e8s l&#8217;envahissement de sa juridiction par le Haut-Uele","datePublished":"2025-11-08T16:47:21+00:00","mainEntityOfPage":{"@id":"https:\/\/lesvolcansnews.net\/?p=70625"},"wordCount":713,"commentCount":0,"image":{"@id":"https:\/\/lesvolcansnews.net\/?p=70625#primaryimage"},"thumbnailUrl":"https:\/\/lesvolcansnews.net\/wp-content\/uploads\/2025\/11\/IMG-20251108-WA0146.jpg","articleSection":["ADMINISTRATION","S\u00c9CURIT\u00c9"],"inLanguage":"fr-FR","potentialAction":[{"@type":"CommentAction","name":"Comment","target":["https:\/\/lesvolcansnews.net\/?p=70625#respond"]}]},{"@type":"WebPage","@id":"https:\/\/lesvolcansnews.net\/?p=70625","url":"https:\/\/lesvolcansnews.net\/?p=70625","name":"Ituri : Cette crainte du chef de Bandaka apr\u00e8s l'envahissement de sa juridiction par le Haut-Uele - LES VOLCANS NEWS","isPartOf":{"@id":"https:\/\/lesvolcansnews.net\/#website"},"primaryImageOfPage":{"@id":"https:\/\/lesvolcansnews.net\/?p=70625#primaryimage"},"image":{"@id":"https:\/\/lesvolcansnews.net\/?p=70625#primaryimage"},"thumbnailUrl":"https:\/\/lesvolcansnews.net\/wp-content\/uploads\/2025\/11\/IMG-20251108-WA0146.jpg","datePublished":"2025-11-08T16:47:21+00:00","author":{"@id":"https:\/\/lesvolcansnews.net\/#\/schema\/person\/82c8bed2e77879ecf6cca63441f57354"},"breadcrumb":{"@id":"https:\/\/lesvolcansnews.net\/?p=70625#breadcrumb"},"inLanguage":"fr-FR","potentialAction":[{"@type":"ReadAction","target":["https:\/\/lesvolcansnews.net\/?p=70625"]}]},{"@type":"ImageObject","inLanguage":"fr-FR","@id":"https:\/\/lesvolcansnews.net\/?p=70625#primaryimage","url":"https:\/\/lesvolcansnews.net\/wp-content\/uploads\/2025\/11\/IMG-20251108-WA0146.jpg","contentUrl":"https:\/\/lesvolcansnews.net\/wp-content\/uploads\/2025\/11\/IMG-20251108-WA0146.jpg","width":2560,"height":1878},{"@type":"BreadcrumbList","@id":"https:\/\/lesvolcansnews.net\/?p=70625#breadcrumb","itemListElement":[{"@type":"ListItem","position":1,"name":"Accueil","item":"https:\/\/lesvolcansnews.net\/"},{"@type":"ListItem","position":2,"name":"Ituri : Cette crainte du chef de Bandaka apr\u00e8s l&#8217;envahissement de sa juridiction par le Haut-Uele"}]},{"@type":"WebSite","@id":"https:\/\/lesvolcansnews.net\/#website","url":"https:\/\/lesvolcansnews.net\/","name":"LES VOLCANS NEWS","description":"L&#039;INFORMATION C&#039;EST NOUS","potentialAction":[{"@type":"SearchAction","target":{"@type":"EntryPoint","urlTemplate":"https:\/\/lesvolcansnews.net\/?s={search_term_string}"},"query-input":{"@type":"PropertyValueSpecification","valueRequired":true,"valueName":"search_term_string"}}],"inLanguage":"fr-FR"},{"@type":"Person","@id":"https:\/\/lesvolcansnews.net\/#\/schema\/person\/82c8bed2e77879ecf6cca63441f57354","name":"R\u00e9daction - Les Volcans News","image":{"@type":"ImageObject","inLanguage":"fr-FR","@id":"https:\/\/secure.gravatar.com\/avatar\/8408942dd851e8a9c09f3d382a661bc05d2b3cd9002139bc1795b9528cdc6c80?s=96&d=mm&r=g","url":"https:\/\/secure.gravatar.com\/avatar\/8408942dd851e8a9c09f3d382a661bc05d2b3cd9002139bc1795b9528cdc6c80?s=96&d=mm&r=g","contentUrl":"https:\/\/secure.gravatar.com\/avatar\/8408942dd851e8a9c09f3d382a661bc05d2b3cd9002139bc1795b9528cdc6c80?s=96&d=mm&r=g","caption":"R\u00e9daction - Les Volcans News"},"url":"https:\/\/lesvolcansnews.net\/?author=14"}]}},"_links":{"self":[{"href":"https:\/\/lesvolcansnews.net\/index.php?rest_route=\/wp\/v2\/posts\/70625","targetHints":{"allow":["GET"]}}],"collection":[{"href":"https:\/\/lesvolcansnews.net\/index.php?rest_route=\/wp\/v2\/posts"}],"about":[{"href":"https:\/\/lesvolcansnews.net\/index.php?rest_route=\/wp\/v2\/types\/post"}],"author":[{"embeddable":true,"href":"https:\/\/lesvolcansnews.net\/index.php?rest_route=\/wp\/v2\/users\/14"}],"replies":[{"embeddable":true,"href":"https:\/\/lesvolcansnews.net\/index.php?rest_route=%2Fwp%2Fv2%2Fcomments&post=70625"}],"version-history":[{"count":1,"href":"https:\/\/lesvolcansnews.net\/index.php?rest_route=\/wp\/v2\/posts\/70625\/revisions"}],"predecessor-version":[{"id":70627,"href":"https:\/\/lesvolcansnews.net\/index.php?rest_route=\/wp\/v2\/posts\/70625\/revisions\/70627"}],"wp:featuredmedia":[{"embeddable":true,"href":"https:\/\/lesvolcansnews.net\/index.php?rest_route=\/wp\/v2\/media\/70626"}],"wp:attachment":[{"href":"https:\/\/lesvolcansnews.net\/index.php?rest_route=%2Fwp%2Fv2%2Fmedia&parent=70625"}],"wp:term":[{"taxonomy":"category","embeddable":true,"href":"https:\/\/lesvolcansnews.net\/index.php?rest_route=%2Fwp%2Fv2%2Fcategories&post=70625"},{"taxonomy":"post_tag","embeddable":true,"href":"https:\/\/lesvolcansnews.net\/index.php?rest_route=%2Fwp%2Fv2%2Ftags&post=70625"}],"curies":[{"name":"wp","href":"https:\/\/api.w.org\/{rel}","templated":true}]}}