{"id":70273,"date":"2025-10-21T07:59:27","date_gmt":"2025-10-21T05:59:27","guid":{"rendered":"https:\/\/lesvolcansnews.net\/?p=70273"},"modified":"2025-10-21T07:59:27","modified_gmt":"2025-10-21T05:59:27","slug":"vers-la-scission-de-la-crp-5-co-fondateurs-qualifient-thomas-lubanga-dun-affairiste-dans-la-revolution-et-se-desengagent","status":"publish","type":"post","link":"https:\/\/lesvolcansnews.net\/?p=70273","title":{"rendered":"Vers la scission de la CRP : 5 co-fondateurs qualifient \u00ab Thomas Lubanga \u00bb d&#8217;un affairiste dans la r\u00e9volution et se d\u00e9sengagent"},"content":{"rendered":"<p><strong>Vous voulez en savoir au plus vite possible, vers une scission de la Convention pour la R\u00e9volution Populaire CRP, cette r\u00e9bellion de Thomas Lubanga qui voulait d\u00e9stabiliser la province de l&#8217;Ituri situ\u00e9e au nord-est de la R\u00e9publique D\u00e9mocratique du Congo<\/strong>.<\/p>\n<p>5 cadres de ce mouvement notamment Charles Kakani, Vital Tungulo, David Unyerth, Wedunga Baudouin et Drani Xavier viennent de tourner le dos \u00e0 Thomas Lubanga. Dans une d\u00e9claration devenue virale sur les r\u00e9seaux sociaux et rendue publique le 18 octobre, ces autres leaders co-fondateurs de la CRP qualifient Thomas Lubanga \u00ab d&#8217;un affairiste \u00bb dans la r\u00e9volution et de manque de vision confondant la r\u00e9volution \u00e0 une vacance dor\u00e9e \u00e0 Kampala sans la moindre intention de mener la lutte de lib\u00e9ration.<\/p>\n<p>Une position salu\u00e9e par l&#8217;administration militaire de l&#8217;Ituri qui pense que ces proches de Lubanga commencent \u00e0 comprendre que le sang des ituriens est plus fort que la r\u00e9bellion. <\/p>\n<p>Le lieutenant Jules Ngongo, porte-parole du gouverneur Luboya, en a profit\u00e9 pour pr\u00eacher la paix, le pardon et la r\u00e9conciliation pour l&#8217;\u00e9mergence de la province.<\/p>\n<p>\u00ab <em>Il y a toujours un moment de bien pr\u00e9cis pour bien faire les choses. Je pense que c&#8217;est le moment. Le moment est arriv\u00e9 pour bien faire les choses \u00e0 travers cette d\u00e9claration de nos compatriotes ituriens qui ont choisi la voix de la raison et qui ont dit non au tribalisme et non \u00e0 accentuer les souffrances des ituriens soit disant une lib\u00e9ration<\/em> \u00bb, se r\u00e9jouit le lieutenant Jules Ngongo, porte-parole du gouvernement de l&#8217;\u00e9tat de si\u00e8ge de voir ces compatriotes le camp de la patrie.<\/p>\n<p>Et d&#8217;ajouter : \u00ab <em>On ne peut pas lib\u00e9rer en pillant, en injuriant, en escroquant les gens. Chers Kakani, Tungulo, David Unyertho et les autres ont sign\u00e9 et ont dit nous sommes fatigu\u00e9s. C&#8217;est pas parce que vous n&#8217;aimez pas Thomas Lubanga que vous avez pris cette d\u00e9cision mais c&#8217;est parce que les sangs des ituriens ont cri\u00e9. Vous \u00eates tous des intellectuels, vous ne pouvez pas accompagner un criminel<\/em> \u00bb.<\/p>\n<p>C\u2019est en mars dernier que la convention pour la r\u00e9volution populaire CRP a commenc\u00e9 ses aventures arm\u00e9es contre les positions des FARDC \u00e0 Tchomia, Nyamamba voire Torgesse. L\u2019arm\u00e9e use m\u00eame de ses h\u00e9licopt\u00e8res de guerre lors des combats contre cette r\u00e9bellion.<\/p>\n<p><strong>R\u00e9daction<\/strong><\/p>\n","protected":false},"excerpt":{"rendered":"<p>Vous voulez en savoir au plus vite possible, vers une scission de la Convention pour la R\u00e9volution Populaire CRP, cette r\u00e9bellion de Thomas Lubanga qui voulait d\u00e9stabiliser la province de<\/p>\n","protected":false},"author":14,"featured_media":70274,"comment_status":"open","ping_status":"open","sticky":false,"template":"","format":"standard","meta":{"footnotes":""},"categories":[32],"tags":[],"class_list":["post-70273","post","type-post","status-publish","format-standard","has-post-thumbnail","hentry","category-securite"],"yoast_head":"<!-- This site is optimized with the Yoast SEO plugin v27.5 - https:\/\/yoast.com\/product\/yoast-seo-wordpress\/ -->\n<title>Vers la scission de la CRP : 5 co-fondateurs qualifient \u00ab Thomas Lubanga \u00bb d&#039;un affairiste dans la r\u00e9volution et se d\u00e9sengagent - LES VOLCANS NEWS<\/title>\n<meta name=\"robots\" content=\"index, follow, max-snippet:-1, max-image-preview:large, max-video-preview:-1\" \/>\n<link rel=\"canonical\" href=\"https:\/\/lesvolcansnews.net\/?p=70273\" \/>\n<meta property=\"og:locale\" content=\"fr_FR\" \/>\n<meta property=\"og:type\" content=\"article\" \/>\n<meta property=\"og:title\" content=\"Vers la scission de la CRP : 5 co-fondateurs qualifient \u00ab Thomas Lubanga \u00bb d&#039;un affairiste dans la r\u00e9volution et se d\u00e9sengagent - LES VOLCANS NEWS\" \/>\n<meta property=\"og:description\" content=\"Vous voulez en savoir au plus vite possible, vers une scission de la Convention pour la R\u00e9volution Populaire CRP, cette r\u00e9bellion de Thomas Lubanga qui voulait d\u00e9stabiliser la province de\" \/>\n<meta property=\"og:url\" content=\"https:\/\/lesvolcansnews.net\/?p=70273\" \/>\n<meta property=\"og:site_name\" content=\"LES VOLCANS NEWS\" \/>\n<meta property=\"article:published_time\" content=\"2025-10-21T05:59:27+00:00\" \/>\n<meta property=\"og:image\" content=\"https:\/\/lesvolcansnews.net\/wp-content\/uploads\/2025\/10\/IMG-20251021-WA0041.jpg\" \/>\n\t<meta property=\"og:image:width\" content=\"950\" \/>\n\t<meta property=\"og:image:height\" content=\"538\" \/>\n\t<meta property=\"og:image:type\" content=\"image\/jpeg\" \/>\n<meta name=\"author\" content=\"R\u00e9daction - Les Volcans News\" \/>\n<meta name=\"twitter:card\" content=\"summary_large_image\" \/>\n<meta name=\"twitter:label1\" content=\"\u00c9crit par\" \/>\n\t<meta name=\"twitter:data1\" content=\"R\u00e9daction - Les Volcans News\" \/>\n\t<meta name=\"twitter:label2\" content=\"Dur\u00e9e de lecture estim\u00e9e\" \/>\n\t<meta name=\"twitter:data2\" content=\"2 minutes\" \/>\n<script type=\"application\/ld+json\" class=\"yoast-schema-graph\">{\"@context\":\"https:\\\/\\\/schema.org\",\"@graph\":[{\"@type\":\"Article\",\"@id\":\"https:\\\/\\\/lesvolcansnews.net\\\/?p=70273#article\",\"isPartOf\":{\"@id\":\"https:\\\/\\\/lesvolcansnews.net\\\/?p=70273\"},\"author\":{\"name\":\"R\u00e9daction - Les Volcans News\",\"@id\":\"https:\\\/\\\/lesvolcansnews.net\\\/#\\\/schema\\\/person\\\/82c8bed2e77879ecf6cca63441f57354\"},\"headline\":\"Vers la scission de la CRP : 5 co-fondateurs qualifient \u00ab Thomas Lubanga \u00bb d&#8217;un affairiste dans la r\u00e9volution et se d\u00e9sengagent\",\"datePublished\":\"2025-10-21T05:59:27+00:00\",\"mainEntityOfPage\":{\"@id\":\"https:\\\/\\\/lesvolcansnews.net\\\/?p=70273\"},\"wordCount\":426,\"commentCount\":0,\"image\":{\"@id\":\"https:\\\/\\\/lesvolcansnews.net\\\/?p=70273#primaryimage\"},\"thumbnailUrl\":\"https:\\\/\\\/lesvolcansnews.net\\\/wp-content\\\/uploads\\\/2025\\\/10\\\/IMG-20251021-WA0041.jpg\",\"articleSection\":[\"S\u00c9CURIT\u00c9\"],\"inLanguage\":\"fr-FR\",\"potentialAction\":[{\"@type\":\"CommentAction\",\"name\":\"Comment\",\"target\":[\"https:\\\/\\\/lesvolcansnews.net\\\/?p=70273#respond\"]}]},{\"@type\":\"WebPage\",\"@id\":\"https:\\\/\\\/lesvolcansnews.net\\\/?p=70273\",\"url\":\"https:\\\/\\\/lesvolcansnews.net\\\/?p=70273\",\"name\":\"Vers la scission de la CRP : 5 co-fondateurs qualifient \u00ab Thomas Lubanga \u00bb d'un affairiste dans la r\u00e9volution et se d\u00e9sengagent - LES VOLCANS NEWS\",\"isPartOf\":{\"@id\":\"https:\\\/\\\/lesvolcansnews.net\\\/#website\"},\"primaryImageOfPage\":{\"@id\":\"https:\\\/\\\/lesvolcansnews.net\\\/?p=70273#primaryimage\"},\"image\":{\"@id\":\"https:\\\/\\\/lesvolcansnews.net\\\/?p=70273#primaryimage\"},\"thumbnailUrl\":\"https:\\\/\\\/lesvolcansnews.net\\\/wp-content\\\/uploads\\\/2025\\\/10\\\/IMG-20251021-WA0041.jpg\",\"datePublished\":\"2025-10-21T05:59:27+00:00\",\"author\":{\"@id\":\"https:\\\/\\\/lesvolcansnews.net\\\/#\\\/schema\\\/person\\\/82c8bed2e77879ecf6cca63441f57354\"},\"breadcrumb\":{\"@id\":\"https:\\\/\\\/lesvolcansnews.net\\\/?p=70273#breadcrumb\"},\"inLanguage\":\"fr-FR\",\"potentialAction\":[{\"@type\":\"ReadAction\",\"target\":[\"https:\\\/\\\/lesvolcansnews.net\\\/?p=70273\"]}]},{\"@type\":\"ImageObject\",\"inLanguage\":\"fr-FR\",\"@id\":\"https:\\\/\\\/lesvolcansnews.net\\\/?p=70273#primaryimage\",\"url\":\"https:\\\/\\\/lesvolcansnews.net\\\/wp-content\\\/uploads\\\/2025\\\/10\\\/IMG-20251021-WA0041.jpg\",\"contentUrl\":\"https:\\\/\\\/lesvolcansnews.net\\\/wp-content\\\/uploads\\\/2025\\\/10\\\/IMG-20251021-WA0041.jpg\",\"width\":950,\"height\":538},{\"@type\":\"BreadcrumbList\",\"@id\":\"https:\\\/\\\/lesvolcansnews.net\\\/?p=70273#breadcrumb\",\"itemListElement\":[{\"@type\":\"ListItem\",\"position\":1,\"name\":\"Accueil\",\"item\":\"https:\\\/\\\/lesvolcansnews.net\\\/\"},{\"@type\":\"ListItem\",\"position\":2,\"name\":\"Vers la scission de la CRP : 5 co-fondateurs qualifient \u00ab Thomas Lubanga \u00bb d&#8217;un affairiste dans la r\u00e9volution et se d\u00e9sengagent\"}]},{\"@type\":\"WebSite\",\"@id\":\"https:\\\/\\\/lesvolcansnews.net\\\/#website\",\"url\":\"https:\\\/\\\/lesvolcansnews.net\\\/\",\"name\":\"LES VOLCANS NEWS\",\"description\":\"L&#039;INFORMATION C&#039;EST NOUS\",\"potentialAction\":[{\"@type\":\"SearchAction\",\"target\":{\"@type\":\"EntryPoint\",\"urlTemplate\":\"https:\\\/\\\/lesvolcansnews.net\\\/?s={search_term_string}\"},\"query-input\":{\"@type\":\"PropertyValueSpecification\",\"valueRequired\":true,\"valueName\":\"search_term_string\"}}],\"inLanguage\":\"fr-FR\"},{\"@type\":\"Person\",\"@id\":\"https:\\\/\\\/lesvolcansnews.net\\\/#\\\/schema\\\/person\\\/82c8bed2e77879ecf6cca63441f57354\",\"name\":\"R\u00e9daction - Les Volcans News\",\"image\":{\"@type\":\"ImageObject\",\"inLanguage\":\"fr-FR\",\"@id\":\"https:\\\/\\\/secure.gravatar.com\\\/avatar\\\/8408942dd851e8a9c09f3d382a661bc05d2b3cd9002139bc1795b9528cdc6c80?s=96&d=mm&r=g\",\"url\":\"https:\\\/\\\/secure.gravatar.com\\\/avatar\\\/8408942dd851e8a9c09f3d382a661bc05d2b3cd9002139bc1795b9528cdc6c80?s=96&d=mm&r=g\",\"contentUrl\":\"https:\\\/\\\/secure.gravatar.com\\\/avatar\\\/8408942dd851e8a9c09f3d382a661bc05d2b3cd9002139bc1795b9528cdc6c80?s=96&d=mm&r=g\",\"caption\":\"R\u00e9daction - Les Volcans News\"},\"url\":\"https:\\\/\\\/lesvolcansnews.net\\\/?author=14\"}]}<\/script>\n<!-- \/ Yoast SEO plugin. -->","yoast_head_json":{"title":"Vers la scission de la CRP : 5 co-fondateurs qualifient \u00ab Thomas Lubanga \u00bb d'un affairiste dans la r\u00e9volution et se d\u00e9sengagent - LES VOLCANS NEWS","robots":{"index":"index","follow":"follow","max-snippet":"max-snippet:-1","max-image-preview":"max-image-preview:large","max-video-preview":"max-video-preview:-1"},"canonical":"https:\/\/lesvolcansnews.net\/?p=70273","og_locale":"fr_FR","og_type":"article","og_title":"Vers la scission de la CRP : 5 co-fondateurs qualifient \u00ab Thomas Lubanga \u00bb d'un affairiste dans la r\u00e9volution et se d\u00e9sengagent - LES VOLCANS NEWS","og_description":"Vous voulez en savoir au plus vite possible, vers une scission de la Convention pour la R\u00e9volution Populaire CRP, cette r\u00e9bellion de Thomas Lubanga qui voulait d\u00e9stabiliser la province de","og_url":"https:\/\/lesvolcansnews.net\/?p=70273","og_site_name":"LES VOLCANS NEWS","article_published_time":"2025-10-21T05:59:27+00:00","og_image":[{"width":950,"height":538,"url":"https:\/\/lesvolcansnews.net\/wp-content\/uploads\/2025\/10\/IMG-20251021-WA0041.jpg","type":"image\/jpeg"}],"author":"R\u00e9daction - Les Volcans News","twitter_card":"summary_large_image","twitter_misc":{"\u00c9crit par":"R\u00e9daction - Les Volcans News","Dur\u00e9e de lecture estim\u00e9e":"2 minutes"},"schema":{"@context":"https:\/\/schema.org","@graph":[{"@type":"Article","@id":"https:\/\/lesvolcansnews.net\/?p=70273#article","isPartOf":{"@id":"https:\/\/lesvolcansnews.net\/?p=70273"},"author":{"name":"R\u00e9daction - Les Volcans News","@id":"https:\/\/lesvolcansnews.net\/#\/schema\/person\/82c8bed2e77879ecf6cca63441f57354"},"headline":"Vers la scission de la CRP : 5 co-fondateurs qualifient \u00ab Thomas Lubanga \u00bb d&#8217;un affairiste dans la r\u00e9volution et se d\u00e9sengagent","datePublished":"2025-10-21T05:59:27+00:00","mainEntityOfPage":{"@id":"https:\/\/lesvolcansnews.net\/?p=70273"},"wordCount":426,"commentCount":0,"image":{"@id":"https:\/\/lesvolcansnews.net\/?p=70273#primaryimage"},"thumbnailUrl":"https:\/\/lesvolcansnews.net\/wp-content\/uploads\/2025\/10\/IMG-20251021-WA0041.jpg","articleSection":["S\u00c9CURIT\u00c9"],"inLanguage":"fr-FR","potentialAction":[{"@type":"CommentAction","name":"Comment","target":["https:\/\/lesvolcansnews.net\/?p=70273#respond"]}]},{"@type":"WebPage","@id":"https:\/\/lesvolcansnews.net\/?p=70273","url":"https:\/\/lesvolcansnews.net\/?p=70273","name":"Vers la scission de la CRP : 5 co-fondateurs qualifient \u00ab Thomas Lubanga \u00bb d'un affairiste dans la r\u00e9volution et se d\u00e9sengagent - LES VOLCANS NEWS","isPartOf":{"@id":"https:\/\/lesvolcansnews.net\/#website"},"primaryImageOfPage":{"@id":"https:\/\/lesvolcansnews.net\/?p=70273#primaryimage"},"image":{"@id":"https:\/\/lesvolcansnews.net\/?p=70273#primaryimage"},"thumbnailUrl":"https:\/\/lesvolcansnews.net\/wp-content\/uploads\/2025\/10\/IMG-20251021-WA0041.jpg","datePublished":"2025-10-21T05:59:27+00:00","author":{"@id":"https:\/\/lesvolcansnews.net\/#\/schema\/person\/82c8bed2e77879ecf6cca63441f57354"},"breadcrumb":{"@id":"https:\/\/lesvolcansnews.net\/?p=70273#breadcrumb"},"inLanguage":"fr-FR","potentialAction":[{"@type":"ReadAction","target":["https:\/\/lesvolcansnews.net\/?p=70273"]}]},{"@type":"ImageObject","inLanguage":"fr-FR","@id":"https:\/\/lesvolcansnews.net\/?p=70273#primaryimage","url":"https:\/\/lesvolcansnews.net\/wp-content\/uploads\/2025\/10\/IMG-20251021-WA0041.jpg","contentUrl":"https:\/\/lesvolcansnews.net\/wp-content\/uploads\/2025\/10\/IMG-20251021-WA0041.jpg","width":950,"height":538},{"@type":"BreadcrumbList","@id":"https:\/\/lesvolcansnews.net\/?p=70273#breadcrumb","itemListElement":[{"@type":"ListItem","position":1,"name":"Accueil","item":"https:\/\/lesvolcansnews.net\/"},{"@type":"ListItem","position":2,"name":"Vers la scission de la CRP : 5 co-fondateurs qualifient \u00ab Thomas Lubanga \u00bb d&#8217;un affairiste dans la r\u00e9volution et se d\u00e9sengagent"}]},{"@type":"WebSite","@id":"https:\/\/lesvolcansnews.net\/#website","url":"https:\/\/lesvolcansnews.net\/","name":"LES VOLCANS NEWS","description":"L&#039;INFORMATION C&#039;EST NOUS","potentialAction":[{"@type":"SearchAction","target":{"@type":"EntryPoint","urlTemplate":"https:\/\/lesvolcansnews.net\/?s={search_term_string}"},"query-input":{"@type":"PropertyValueSpecification","valueRequired":true,"valueName":"search_term_string"}}],"inLanguage":"fr-FR"},{"@type":"Person","@id":"https:\/\/lesvolcansnews.net\/#\/schema\/person\/82c8bed2e77879ecf6cca63441f57354","name":"R\u00e9daction - Les Volcans News","image":{"@type":"ImageObject","inLanguage":"fr-FR","@id":"https:\/\/secure.gravatar.com\/avatar\/8408942dd851e8a9c09f3d382a661bc05d2b3cd9002139bc1795b9528cdc6c80?s=96&d=mm&r=g","url":"https:\/\/secure.gravatar.com\/avatar\/8408942dd851e8a9c09f3d382a661bc05d2b3cd9002139bc1795b9528cdc6c80?s=96&d=mm&r=g","contentUrl":"https:\/\/secure.gravatar.com\/avatar\/8408942dd851e8a9c09f3d382a661bc05d2b3cd9002139bc1795b9528cdc6c80?s=96&d=mm&r=g","caption":"R\u00e9daction - Les Volcans News"},"url":"https:\/\/lesvolcansnews.net\/?author=14"}]}},"_links":{"self":[{"href":"https:\/\/lesvolcansnews.net\/index.php?rest_route=\/wp\/v2\/posts\/70273","targetHints":{"allow":["GET"]}}],"collection":[{"href":"https:\/\/lesvolcansnews.net\/index.php?rest_route=\/wp\/v2\/posts"}],"about":[{"href":"https:\/\/lesvolcansnews.net\/index.php?rest_route=\/wp\/v2\/types\/post"}],"author":[{"embeddable":true,"href":"https:\/\/lesvolcansnews.net\/index.php?rest_route=\/wp\/v2\/users\/14"}],"replies":[{"embeddable":true,"href":"https:\/\/lesvolcansnews.net\/index.php?rest_route=%2Fwp%2Fv2%2Fcomments&post=70273"}],"version-history":[{"count":1,"href":"https:\/\/lesvolcansnews.net\/index.php?rest_route=\/wp\/v2\/posts\/70273\/revisions"}],"predecessor-version":[{"id":70275,"href":"https:\/\/lesvolcansnews.net\/index.php?rest_route=\/wp\/v2\/posts\/70273\/revisions\/70275"}],"wp:featuredmedia":[{"embeddable":true,"href":"https:\/\/lesvolcansnews.net\/index.php?rest_route=\/wp\/v2\/media\/70274"}],"wp:attachment":[{"href":"https:\/\/lesvolcansnews.net\/index.php?rest_route=%2Fwp%2Fv2%2Fmedia&parent=70273"}],"wp:term":[{"taxonomy":"category","embeddable":true,"href":"https:\/\/lesvolcansnews.net\/index.php?rest_route=%2Fwp%2Fv2%2Fcategories&post=70273"},{"taxonomy":"post_tag","embeddable":true,"href":"https:\/\/lesvolcansnews.net\/index.php?rest_route=%2Fwp%2Fv2%2Ftags&post=70273"}],"curies":[{"name":"wp","href":"https:\/\/api.w.org\/{rel}","templated":true}]}}