{"id":70235,"date":"2025-10-18T15:14:41","date_gmt":"2025-10-18T13:14:41","guid":{"rendered":"https:\/\/lesvolcansnews.net\/?p=70235"},"modified":"2025-10-19T01:42:56","modified_gmt":"2025-10-18T23:42:56","slug":"ordonnances-presidentielles-felix-tshisekedi-nomme-de-nouveaux-mandataires-publics","status":"publish","type":"post","link":"https:\/\/lesvolcansnews.net\/?p=70235","title":{"rendered":"Ordonnances pr\u00e9sidentielles : F\u00e9lix Tshisekedi nomme de nouveaux mandataires publics"},"content":{"rendered":"<p>&nbsp;<\/p>\n<p><strong>Face \u00e0 la confusion provoqu\u00e9e par une fausse liste de nominations circulant sur les r\u00e9seaux sociaux, la porte-parole du chef de l\u2019\u00c9tat, Tina Salama, a pris la parole ce vendredi 17 octobre pour clarifier le contenu r\u00e9el des ordonnances pr\u00e9sidentielles sign\u00e9es par le Pr\u00e9sident F\u00e9lix Tshisekedi.<\/strong><\/p>\n<p><iframe title=\"Kabila d\u00e9sign\u00e9 pr\u00e9sident \u00e0 Nairobi : Provocation ou R\u00e9sistance ?\" width=\"1200\" height=\"675\" src=\"https:\/\/www.youtube.com\/embed\/4hxwnHufXAY?feature=oembed\" frameborder=\"0\" allow=\"accelerometer; autoplay; clipboard-write; encrypted-media; gyroscope; picture-in-picture; web-share\" referrerpolicy=\"strict-origin-when-cross-origin\" allowfullscreen><\/iframe><\/p>\n<p>Sur sa page X, Tina Salama a confirm\u00e9 que seules quatre ordonnances ont \u00e9t\u00e9 officiellement lues sur la RTNC.<\/p>\n<p>Elle a insist\u00e9 sur l\u2019importance pour les citoyens de ne se fier qu\u2019aux canaux officiels, d\u00e9plorant la d\u00e9sinformation v\u00e9hicul\u00e9e par certains comptes sur les r\u00e9seaux sociaux.<\/p>\n<h3>Liste authentifi\u00e9e des ordonnances pr\u00e9sidentielles :<\/h3>\n<ol>\n<li>Katembo Kumakingo : nomm\u00e9 Directeur g\u00e9n\u00e9ral de la Direction g\u00e9n\u00e9rale du Contr\u00f4le des march\u00e9s publics (DGCMP) ;<\/li>\n<li>Jean-Fran\u00e7ois Napol\u00e9on Bondekwe Loken Gani : d\u00e9sign\u00e9 Secr\u00e9taire g\u00e9n\u00e9ral pr\u00e8s le Conseil \u00e9conomique et social ;<\/li>\n<li>Wabenga Kalebo Th\u00e9o : nomm\u00e9 Ambassadeur de la RDC aupr\u00e8s de la R\u00e9publique du Soudan ;<\/li>\n<li>Malembe Tamandiak Paul : admis \u00e0 titre posthume dans l\u2019Ordre national H\u00e9ros Nationaux Kabila-Lumumba au grade de \u201cCommandeur\u201d.<\/li>\n<\/ol>\n<p>Dans la matin\u00e9e du vendredi, une pr\u00e9tendue liste d\u2019ordonnances pr\u00e9sidentielles comprenant plusieurs dizaines de noms a largement circul\u00e9 sur les r\u00e9seaux sociaux. Cette liste non authentifi\u00e9e, dont les nominations semblaient issues d\u2019une m\u00eame zone linguistique, a provoqu\u00e9\u00a0 d\u2019indignation et d\u2019incompr\u00e9hension au sein de l\u2019opinion publique.<\/p>\n<p>Les services de la Pr\u00e9sidence ont rapidement d\u00e9menti ces informations, rappelant que toute publication officielle d\u2019ordonnances passe exclusivement par la RTNC ou les canaux institutionnels reconnus.<\/p>\n<p><strong>La R\u00e9daction<\/strong><\/p>\n","protected":false},"excerpt":{"rendered":"<p>&nbsp; Face \u00e0 la confusion provoqu\u00e9e par une fausse liste de nominations circulant sur les r\u00e9seaux sociaux, la porte-parole du chef de l\u2019\u00c9tat, Tina Salama, a pris la parole ce<\/p>\n","protected":false},"author":14,"featured_media":70242,"comment_status":"open","ping_status":"open","sticky":false,"template":"","format":"standard","meta":{"footnotes":""},"categories":[27],"tags":[],"class_list":["post-70235","post","type-post","status-publish","format-standard","has-post-thumbnail","hentry","category-politique"],"yoast_head":"<!-- This site is optimized with the Yoast SEO plugin v27.3 - https:\/\/yoast.com\/product\/yoast-seo-wordpress\/ -->\n<title>Ordonnances pr\u00e9sidentielles : F\u00e9lix Tshisekedi nomme de nouveaux mandataires publics - LES VOLCANS NEWS<\/title>\n<meta name=\"robots\" content=\"index, follow, max-snippet:-1, max-image-preview:large, max-video-preview:-1\" \/>\n<link rel=\"canonical\" href=\"https:\/\/lesvolcansnews.net\/?p=70235\" \/>\n<meta property=\"og:locale\" content=\"fr_FR\" \/>\n<meta property=\"og:type\" content=\"article\" \/>\n<meta property=\"og:title\" content=\"Ordonnances pr\u00e9sidentielles : F\u00e9lix Tshisekedi nomme de nouveaux mandataires publics - LES VOLCANS NEWS\" \/>\n<meta property=\"og:description\" content=\"&nbsp; Face \u00e0 la confusion provoqu\u00e9e par une fausse liste de nominations circulant sur les r\u00e9seaux sociaux, la porte-parole du chef de l\u2019\u00c9tat, Tina Salama, a pris la parole ce\" \/>\n<meta property=\"og:url\" content=\"https:\/\/lesvolcansnews.net\/?p=70235\" \/>\n<meta property=\"og:site_name\" content=\"LES VOLCANS NEWS\" \/>\n<meta property=\"article:published_time\" content=\"2025-10-18T13:14:41+00:00\" \/>\n<meta property=\"article:modified_time\" content=\"2025-10-18T23:42:56+00:00\" \/>\n<meta property=\"og:image\" content=\"https:\/\/lesvolcansnews.net\/wp-content\/uploads\/2025\/10\/Felix-Tshisekedi-5.jpeg\" \/>\n\t<meta property=\"og:image:width\" content=\"800\" \/>\n\t<meta property=\"og:image:height\" content=\"400\" \/>\n\t<meta property=\"og:image:type\" content=\"image\/jpeg\" \/>\n<meta name=\"author\" content=\"R\u00e9daction - Les Volcans News\" \/>\n<meta name=\"twitter:card\" content=\"summary_large_image\" \/>\n<meta name=\"twitter:label1\" content=\"\u00c9crit par\" \/>\n\t<meta name=\"twitter:data1\" content=\"R\u00e9daction - Les Volcans News\" \/>\n\t<meta name=\"twitter:label2\" content=\"Dur\u00e9e de lecture estim\u00e9e\" \/>\n\t<meta name=\"twitter:data2\" content=\"1 minute\" \/>\n<script type=\"application\/ld+json\" class=\"yoast-schema-graph\">{\"@context\":\"https:\\\/\\\/schema.org\",\"@graph\":[{\"@type\":\"Article\",\"@id\":\"https:\\\/\\\/lesvolcansnews.net\\\/?p=70235#article\",\"isPartOf\":{\"@id\":\"https:\\\/\\\/lesvolcansnews.net\\\/?p=70235\"},\"author\":{\"name\":\"R\u00e9daction - Les Volcans News\",\"@id\":\"https:\\\/\\\/lesvolcansnews.net\\\/#\\\/schema\\\/person\\\/82c8bed2e77879ecf6cca63441f57354\"},\"headline\":\"Ordonnances pr\u00e9sidentielles : F\u00e9lix Tshisekedi nomme de nouveaux mandataires publics\",\"datePublished\":\"2025-10-18T13:14:41+00:00\",\"dateModified\":\"2025-10-18T23:42:56+00:00\",\"mainEntityOfPage\":{\"@id\":\"https:\\\/\\\/lesvolcansnews.net\\\/?p=70235\"},\"wordCount\":293,\"commentCount\":0,\"image\":{\"@id\":\"https:\\\/\\\/lesvolcansnews.net\\\/?p=70235#primaryimage\"},\"thumbnailUrl\":\"https:\\\/\\\/lesvolcansnews.net\\\/wp-content\\\/uploads\\\/2025\\\/10\\\/Felix-Tshisekedi-5.jpeg\",\"articleSection\":[\"POLITIQUE\"],\"inLanguage\":\"fr-FR\",\"potentialAction\":[{\"@type\":\"CommentAction\",\"name\":\"Comment\",\"target\":[\"https:\\\/\\\/lesvolcansnews.net\\\/?p=70235#respond\"]}]},{\"@type\":\"WebPage\",\"@id\":\"https:\\\/\\\/lesvolcansnews.net\\\/?p=70235\",\"url\":\"https:\\\/\\\/lesvolcansnews.net\\\/?p=70235\",\"name\":\"Ordonnances pr\u00e9sidentielles : F\u00e9lix Tshisekedi nomme de nouveaux mandataires publics - LES VOLCANS NEWS\",\"isPartOf\":{\"@id\":\"https:\\\/\\\/lesvolcansnews.net\\\/#website\"},\"primaryImageOfPage\":{\"@id\":\"https:\\\/\\\/lesvolcansnews.net\\\/?p=70235#primaryimage\"},\"image\":{\"@id\":\"https:\\\/\\\/lesvolcansnews.net\\\/?p=70235#primaryimage\"},\"thumbnailUrl\":\"https:\\\/\\\/lesvolcansnews.net\\\/wp-content\\\/uploads\\\/2025\\\/10\\\/Felix-Tshisekedi-5.jpeg\",\"datePublished\":\"2025-10-18T13:14:41+00:00\",\"dateModified\":\"2025-10-18T23:42:56+00:00\",\"author\":{\"@id\":\"https:\\\/\\\/lesvolcansnews.net\\\/#\\\/schema\\\/person\\\/82c8bed2e77879ecf6cca63441f57354\"},\"breadcrumb\":{\"@id\":\"https:\\\/\\\/lesvolcansnews.net\\\/?p=70235#breadcrumb\"},\"inLanguage\":\"fr-FR\",\"potentialAction\":[{\"@type\":\"ReadAction\",\"target\":[\"https:\\\/\\\/lesvolcansnews.net\\\/?p=70235\"]}]},{\"@type\":\"ImageObject\",\"inLanguage\":\"fr-FR\",\"@id\":\"https:\\\/\\\/lesvolcansnews.net\\\/?p=70235#primaryimage\",\"url\":\"https:\\\/\\\/lesvolcansnews.net\\\/wp-content\\\/uploads\\\/2025\\\/10\\\/Felix-Tshisekedi-5.jpeg\",\"contentUrl\":\"https:\\\/\\\/lesvolcansnews.net\\\/wp-content\\\/uploads\\\/2025\\\/10\\\/Felix-Tshisekedi-5.jpeg\",\"width\":800,\"height\":400},{\"@type\":\"BreadcrumbList\",\"@id\":\"https:\\\/\\\/lesvolcansnews.net\\\/?p=70235#breadcrumb\",\"itemListElement\":[{\"@type\":\"ListItem\",\"position\":1,\"name\":\"Accueil\",\"item\":\"https:\\\/\\\/lesvolcansnews.net\\\/\"},{\"@type\":\"ListItem\",\"position\":2,\"name\":\"Ordonnances pr\u00e9sidentielles : F\u00e9lix Tshisekedi nomme de nouveaux mandataires publics\"}]},{\"@type\":\"WebSite\",\"@id\":\"https:\\\/\\\/lesvolcansnews.net\\\/#website\",\"url\":\"https:\\\/\\\/lesvolcansnews.net\\\/\",\"name\":\"LES VOLCANS NEWS\",\"description\":\"L&#039;INFORMATION C&#039;EST NOUS\",\"potentialAction\":[{\"@type\":\"SearchAction\",\"target\":{\"@type\":\"EntryPoint\",\"urlTemplate\":\"https:\\\/\\\/lesvolcansnews.net\\\/?s={search_term_string}\"},\"query-input\":{\"@type\":\"PropertyValueSpecification\",\"valueRequired\":true,\"valueName\":\"search_term_string\"}}],\"inLanguage\":\"fr-FR\"},{\"@type\":\"Person\",\"@id\":\"https:\\\/\\\/lesvolcansnews.net\\\/#\\\/schema\\\/person\\\/82c8bed2e77879ecf6cca63441f57354\",\"name\":\"R\u00e9daction - Les Volcans News\",\"image\":{\"@type\":\"ImageObject\",\"inLanguage\":\"fr-FR\",\"@id\":\"https:\\\/\\\/secure.gravatar.com\\\/avatar\\\/8408942dd851e8a9c09f3d382a661bc05d2b3cd9002139bc1795b9528cdc6c80?s=96&d=mm&r=g\",\"url\":\"https:\\\/\\\/secure.gravatar.com\\\/avatar\\\/8408942dd851e8a9c09f3d382a661bc05d2b3cd9002139bc1795b9528cdc6c80?s=96&d=mm&r=g\",\"contentUrl\":\"https:\\\/\\\/secure.gravatar.com\\\/avatar\\\/8408942dd851e8a9c09f3d382a661bc05d2b3cd9002139bc1795b9528cdc6c80?s=96&d=mm&r=g\",\"caption\":\"R\u00e9daction - Les Volcans News\"},\"url\":\"https:\\\/\\\/lesvolcansnews.net\\\/?author=14\"}]}<\/script>\n<!-- \/ Yoast SEO plugin. -->","yoast_head_json":{"title":"Ordonnances pr\u00e9sidentielles : F\u00e9lix Tshisekedi nomme de nouveaux mandataires publics - LES VOLCANS NEWS","robots":{"index":"index","follow":"follow","max-snippet":"max-snippet:-1","max-image-preview":"max-image-preview:large","max-video-preview":"max-video-preview:-1"},"canonical":"https:\/\/lesvolcansnews.net\/?p=70235","og_locale":"fr_FR","og_type":"article","og_title":"Ordonnances pr\u00e9sidentielles : F\u00e9lix Tshisekedi nomme de nouveaux mandataires publics - LES VOLCANS NEWS","og_description":"&nbsp; Face \u00e0 la confusion provoqu\u00e9e par une fausse liste de nominations circulant sur les r\u00e9seaux sociaux, la porte-parole du chef de l\u2019\u00c9tat, Tina Salama, a pris la parole ce","og_url":"https:\/\/lesvolcansnews.net\/?p=70235","og_site_name":"LES VOLCANS NEWS","article_published_time":"2025-10-18T13:14:41+00:00","article_modified_time":"2025-10-18T23:42:56+00:00","og_image":[{"width":800,"height":400,"url":"https:\/\/lesvolcansnews.net\/wp-content\/uploads\/2025\/10\/Felix-Tshisekedi-5.jpeg","type":"image\/jpeg"}],"author":"R\u00e9daction - Les Volcans News","twitter_card":"summary_large_image","twitter_misc":{"\u00c9crit par":"R\u00e9daction - Les Volcans News","Dur\u00e9e de lecture estim\u00e9e":"1 minute"},"schema":{"@context":"https:\/\/schema.org","@graph":[{"@type":"Article","@id":"https:\/\/lesvolcansnews.net\/?p=70235#article","isPartOf":{"@id":"https:\/\/lesvolcansnews.net\/?p=70235"},"author":{"name":"R\u00e9daction - Les Volcans News","@id":"https:\/\/lesvolcansnews.net\/#\/schema\/person\/82c8bed2e77879ecf6cca63441f57354"},"headline":"Ordonnances pr\u00e9sidentielles : F\u00e9lix Tshisekedi nomme de nouveaux mandataires publics","datePublished":"2025-10-18T13:14:41+00:00","dateModified":"2025-10-18T23:42:56+00:00","mainEntityOfPage":{"@id":"https:\/\/lesvolcansnews.net\/?p=70235"},"wordCount":293,"commentCount":0,"image":{"@id":"https:\/\/lesvolcansnews.net\/?p=70235#primaryimage"},"thumbnailUrl":"https:\/\/lesvolcansnews.net\/wp-content\/uploads\/2025\/10\/Felix-Tshisekedi-5.jpeg","articleSection":["POLITIQUE"],"inLanguage":"fr-FR","potentialAction":[{"@type":"CommentAction","name":"Comment","target":["https:\/\/lesvolcansnews.net\/?p=70235#respond"]}]},{"@type":"WebPage","@id":"https:\/\/lesvolcansnews.net\/?p=70235","url":"https:\/\/lesvolcansnews.net\/?p=70235","name":"Ordonnances pr\u00e9sidentielles : F\u00e9lix Tshisekedi nomme de nouveaux mandataires publics - LES VOLCANS NEWS","isPartOf":{"@id":"https:\/\/lesvolcansnews.net\/#website"},"primaryImageOfPage":{"@id":"https:\/\/lesvolcansnews.net\/?p=70235#primaryimage"},"image":{"@id":"https:\/\/lesvolcansnews.net\/?p=70235#primaryimage"},"thumbnailUrl":"https:\/\/lesvolcansnews.net\/wp-content\/uploads\/2025\/10\/Felix-Tshisekedi-5.jpeg","datePublished":"2025-10-18T13:14:41+00:00","dateModified":"2025-10-18T23:42:56+00:00","author":{"@id":"https:\/\/lesvolcansnews.net\/#\/schema\/person\/82c8bed2e77879ecf6cca63441f57354"},"breadcrumb":{"@id":"https:\/\/lesvolcansnews.net\/?p=70235#breadcrumb"},"inLanguage":"fr-FR","potentialAction":[{"@type":"ReadAction","target":["https:\/\/lesvolcansnews.net\/?p=70235"]}]},{"@type":"ImageObject","inLanguage":"fr-FR","@id":"https:\/\/lesvolcansnews.net\/?p=70235#primaryimage","url":"https:\/\/lesvolcansnews.net\/wp-content\/uploads\/2025\/10\/Felix-Tshisekedi-5.jpeg","contentUrl":"https:\/\/lesvolcansnews.net\/wp-content\/uploads\/2025\/10\/Felix-Tshisekedi-5.jpeg","width":800,"height":400},{"@type":"BreadcrumbList","@id":"https:\/\/lesvolcansnews.net\/?p=70235#breadcrumb","itemListElement":[{"@type":"ListItem","position":1,"name":"Accueil","item":"https:\/\/lesvolcansnews.net\/"},{"@type":"ListItem","position":2,"name":"Ordonnances pr\u00e9sidentielles : F\u00e9lix Tshisekedi nomme de nouveaux mandataires publics"}]},{"@type":"WebSite","@id":"https:\/\/lesvolcansnews.net\/#website","url":"https:\/\/lesvolcansnews.net\/","name":"LES VOLCANS NEWS","description":"L&#039;INFORMATION C&#039;EST NOUS","potentialAction":[{"@type":"SearchAction","target":{"@type":"EntryPoint","urlTemplate":"https:\/\/lesvolcansnews.net\/?s={search_term_string}"},"query-input":{"@type":"PropertyValueSpecification","valueRequired":true,"valueName":"search_term_string"}}],"inLanguage":"fr-FR"},{"@type":"Person","@id":"https:\/\/lesvolcansnews.net\/#\/schema\/person\/82c8bed2e77879ecf6cca63441f57354","name":"R\u00e9daction - Les Volcans News","image":{"@type":"ImageObject","inLanguage":"fr-FR","@id":"https:\/\/secure.gravatar.com\/avatar\/8408942dd851e8a9c09f3d382a661bc05d2b3cd9002139bc1795b9528cdc6c80?s=96&d=mm&r=g","url":"https:\/\/secure.gravatar.com\/avatar\/8408942dd851e8a9c09f3d382a661bc05d2b3cd9002139bc1795b9528cdc6c80?s=96&d=mm&r=g","contentUrl":"https:\/\/secure.gravatar.com\/avatar\/8408942dd851e8a9c09f3d382a661bc05d2b3cd9002139bc1795b9528cdc6c80?s=96&d=mm&r=g","caption":"R\u00e9daction - Les Volcans News"},"url":"https:\/\/lesvolcansnews.net\/?author=14"}]}},"_links":{"self":[{"href":"https:\/\/lesvolcansnews.net\/index.php?rest_route=\/wp\/v2\/posts\/70235","targetHints":{"allow":["GET"]}}],"collection":[{"href":"https:\/\/lesvolcansnews.net\/index.php?rest_route=\/wp\/v2\/posts"}],"about":[{"href":"https:\/\/lesvolcansnews.net\/index.php?rest_route=\/wp\/v2\/types\/post"}],"author":[{"embeddable":true,"href":"https:\/\/lesvolcansnews.net\/index.php?rest_route=\/wp\/v2\/users\/14"}],"replies":[{"embeddable":true,"href":"https:\/\/lesvolcansnews.net\/index.php?rest_route=%2Fwp%2Fv2%2Fcomments&post=70235"}],"version-history":[{"count":4,"href":"https:\/\/lesvolcansnews.net\/index.php?rest_route=\/wp\/v2\/posts\/70235\/revisions"}],"predecessor-version":[{"id":70244,"href":"https:\/\/lesvolcansnews.net\/index.php?rest_route=\/wp\/v2\/posts\/70235\/revisions\/70244"}],"wp:featuredmedia":[{"embeddable":true,"href":"https:\/\/lesvolcansnews.net\/index.php?rest_route=\/wp\/v2\/media\/70242"}],"wp:attachment":[{"href":"https:\/\/lesvolcansnews.net\/index.php?rest_route=%2Fwp%2Fv2%2Fmedia&parent=70235"}],"wp:term":[{"taxonomy":"category","embeddable":true,"href":"https:\/\/lesvolcansnews.net\/index.php?rest_route=%2Fwp%2Fv2%2Fcategories&post=70235"},{"taxonomy":"post_tag","embeddable":true,"href":"https:\/\/lesvolcansnews.net\/index.php?rest_route=%2Fwp%2Fv2%2Ftags&post=70235"}],"curies":[{"name":"wp","href":"https:\/\/api.w.org\/{rel}","templated":true}]}}