{"id":70195,"date":"2025-10-16T16:05:30","date_gmt":"2025-10-16T14:05:30","guid":{"rendered":"https:\/\/lesvolcansnews.net\/2025\/10\/16\/integration-economique-deux-protocoles-signes-entre-le-maniema-la-tshopo-et-le-nord-kivu\/"},"modified":"2025-10-16T16:05:30","modified_gmt":"2025-10-16T14:05:30","slug":"integration-economique-deux-protocoles-signes-entre-le-maniema-la-tshopo-et-le-nord-kivu","status":"publish","type":"post","link":"https:\/\/lesvolcansnews.net\/?p=70195","title":{"rendered":"Int\u00e9gration \u00e9conomique : deux protocoles sign\u00e9s entre le Maniema, la Tshopo et le Nord-Kivu"},"content":{"rendered":"\n<p><br><br> <strong>Deux protocoles d&#8217;accord ont \u00e9t\u00e9 sign\u00e9s jeudi \u00e0 Kindu, chef-lieu de la province du Maniema, entre les provinces du Maniema, de la Tshopo et du Nord-Kivu, en vue de renforcer leur int\u00e9gration \u00e9conomique et am\u00e9liorer la connectivit\u00e9 r\u00e9gionale dans l&#8217;Est de la R\u00e9publique d\u00e9mocratique du Congo (RDC), ont indiqu\u00e9 les autorit\u00e9s locales.<\/strong><br><br>Ces accords visent \u00e0 mutualiser les efforts de d\u00e9veloppement \u00e9conomique et \u00e0 faciliter les \u00e9changes commerciaux dans une r\u00e9gion confront\u00e9e \u00e0 de nombreux d\u00e9fis logistiques et s\u00e9curitaires.<br><br>Le premier protocole, conclu entre le Maniema et le Nord-Kivu, pr\u00e9voit la mise en place d&#8217;une &#8220;connectivit\u00e9 fonctionnelle essentielle \u00e0 l\u2019essor du commerce, de l\u2019agriculture et des mines&#8221;, notamment \u00e0 travers la cr\u00e9ation d\u2019un comptoir de cacao reliant Beni, Walikale, Lubutu et Kindu.<br><br>&#8220;Ce partenariat est strat\u00e9gique pour dynamiser nos \u00e9conomies locales et favoriser la circulation des produits agricoles et miniers entre nos deux provinces&#8221;, a d\u00e9clar\u00e9 \u00e0 la presse le gouverneur du Maniema, Michel B. Kasonga.<br><br>Le second protocole, tripartite cette fois, associe la province de la Tshopo et porte sur le cofinancement des travaux de r\u00e9habilitation de la route Kisangani\u2013Ubundu (126 km), un axe routier jug\u00e9 crucial pour la mobilit\u00e9 des biens et des personnes.<br><br>&#8220;La r\u00e9habilitation de cet axe va non seulement d\u00e9senclaver plusieurs territoires, mais aussi renforcer la coop\u00e9ration interprovinciale dans le secteur des infrastructures&#8221;, a affirm\u00e9 un repr\u00e9sentant de la Tshopo.<br><br>Ces deux accords interprovinciaux sont pr\u00e9sent\u00e9s comme une \u00e9tape importante dans la concr\u00e9tisation des politiques de d\u00e9veloppement local et la relance \u00e9conomique de l&#8217;Est de la RDC, r\u00e9gion en qu\u00eate de stabilit\u00e9 et d\u2019int\u00e9gration.<br><br>La r\u00e9daction<\/p>\n","protected":false},"excerpt":{"rendered":"<p>Deux protocoles d&#8217;accord ont \u00e9t\u00e9 sign\u00e9s jeudi \u00e0 Kindu, chef-lieu de la province du Maniema, entre les provinces du Maniema, de la Tshopo et du Nord-Kivu, en vue de renforcer<\/p>\n","protected":false},"author":14,"featured_media":70194,"comment_status":"open","ping_status":"open","sticky":false,"template":"","format":"standard","meta":{"footnotes":""},"categories":[27],"tags":[],"class_list":["post-70195","post","type-post","status-publish","format-standard","has-post-thumbnail","hentry","category-politique"],"yoast_head":"<!-- This site is optimized with the Yoast SEO plugin v27.5 - https:\/\/yoast.com\/product\/yoast-seo-wordpress\/ -->\n<title>Int\u00e9gration \u00e9conomique : deux protocoles sign\u00e9s entre le Maniema, la Tshopo et le Nord-Kivu - LES VOLCANS NEWS<\/title>\n<meta name=\"robots\" content=\"index, follow, max-snippet:-1, max-image-preview:large, max-video-preview:-1\" \/>\n<link rel=\"canonical\" href=\"https:\/\/lesvolcansnews.net\/?p=70195\" \/>\n<meta property=\"og:locale\" content=\"fr_FR\" \/>\n<meta property=\"og:type\" content=\"article\" \/>\n<meta property=\"og:title\" content=\"Int\u00e9gration \u00e9conomique : deux protocoles sign\u00e9s entre le Maniema, la Tshopo et le Nord-Kivu - LES VOLCANS NEWS\" \/>\n<meta property=\"og:description\" content=\"Deux protocoles d&#8217;accord ont \u00e9t\u00e9 sign\u00e9s jeudi \u00e0 Kindu, chef-lieu de la province du Maniema, entre les provinces du Maniema, de la Tshopo et du Nord-Kivu, en vue de renforcer\" \/>\n<meta property=\"og:url\" content=\"https:\/\/lesvolcansnews.net\/?p=70195\" \/>\n<meta property=\"og:site_name\" content=\"LES VOLCANS NEWS\" \/>\n<meta property=\"article:published_time\" content=\"2025-10-16T14:05:30+00:00\" \/>\n<meta property=\"og:image\" content=\"https:\/\/lesvolcansnews.net\/wp-content\/uploads\/2025\/10\/IMG-20251016-WA0227.jpg\" \/>\n\t<meta property=\"og:image:width\" content=\"1016\" \/>\n\t<meta property=\"og:image:height\" content=\"762\" \/>\n\t<meta property=\"og:image:type\" content=\"image\/jpeg\" \/>\n<meta name=\"author\" content=\"R\u00e9daction - Les Volcans News\" \/>\n<meta name=\"twitter:card\" content=\"summary_large_image\" \/>\n<meta name=\"twitter:label1\" content=\"\u00c9crit par\" \/>\n\t<meta name=\"twitter:data1\" content=\"R\u00e9daction - Les Volcans News\" \/>\n\t<meta name=\"twitter:label2\" content=\"Dur\u00e9e de lecture estim\u00e9e\" \/>\n\t<meta name=\"twitter:data2\" content=\"1 minute\" \/>\n<script type=\"application\/ld+json\" class=\"yoast-schema-graph\">{\"@context\":\"https:\\\/\\\/schema.org\",\"@graph\":[{\"@type\":\"Article\",\"@id\":\"https:\\\/\\\/lesvolcansnews.net\\\/?p=70195#article\",\"isPartOf\":{\"@id\":\"https:\\\/\\\/lesvolcansnews.net\\\/?p=70195\"},\"author\":{\"name\":\"R\u00e9daction - Les Volcans News\",\"@id\":\"https:\\\/\\\/lesvolcansnews.net\\\/#\\\/schema\\\/person\\\/82c8bed2e77879ecf6cca63441f57354\"},\"headline\":\"Int\u00e9gration \u00e9conomique : deux protocoles sign\u00e9s entre le Maniema, la Tshopo et le Nord-Kivu\",\"datePublished\":\"2025-10-16T14:05:30+00:00\",\"mainEntityOfPage\":{\"@id\":\"https:\\\/\\\/lesvolcansnews.net\\\/?p=70195\"},\"wordCount\":306,\"commentCount\":0,\"image\":{\"@id\":\"https:\\\/\\\/lesvolcansnews.net\\\/?p=70195#primaryimage\"},\"thumbnailUrl\":\"https:\\\/\\\/lesvolcansnews.net\\\/wp-content\\\/uploads\\\/2025\\\/10\\\/IMG-20251016-WA0227.jpg\",\"articleSection\":[\"POLITIQUE\"],\"inLanguage\":\"fr-FR\",\"potentialAction\":[{\"@type\":\"CommentAction\",\"name\":\"Comment\",\"target\":[\"https:\\\/\\\/lesvolcansnews.net\\\/?p=70195#respond\"]}]},{\"@type\":\"WebPage\",\"@id\":\"https:\\\/\\\/lesvolcansnews.net\\\/?p=70195\",\"url\":\"https:\\\/\\\/lesvolcansnews.net\\\/?p=70195\",\"name\":\"Int\u00e9gration \u00e9conomique : deux protocoles sign\u00e9s entre le Maniema, la Tshopo et le Nord-Kivu - LES VOLCANS NEWS\",\"isPartOf\":{\"@id\":\"https:\\\/\\\/lesvolcansnews.net\\\/#website\"},\"primaryImageOfPage\":{\"@id\":\"https:\\\/\\\/lesvolcansnews.net\\\/?p=70195#primaryimage\"},\"image\":{\"@id\":\"https:\\\/\\\/lesvolcansnews.net\\\/?p=70195#primaryimage\"},\"thumbnailUrl\":\"https:\\\/\\\/lesvolcansnews.net\\\/wp-content\\\/uploads\\\/2025\\\/10\\\/IMG-20251016-WA0227.jpg\",\"datePublished\":\"2025-10-16T14:05:30+00:00\",\"author\":{\"@id\":\"https:\\\/\\\/lesvolcansnews.net\\\/#\\\/schema\\\/person\\\/82c8bed2e77879ecf6cca63441f57354\"},\"breadcrumb\":{\"@id\":\"https:\\\/\\\/lesvolcansnews.net\\\/?p=70195#breadcrumb\"},\"inLanguage\":\"fr-FR\",\"potentialAction\":[{\"@type\":\"ReadAction\",\"target\":[\"https:\\\/\\\/lesvolcansnews.net\\\/?p=70195\"]}]},{\"@type\":\"ImageObject\",\"inLanguage\":\"fr-FR\",\"@id\":\"https:\\\/\\\/lesvolcansnews.net\\\/?p=70195#primaryimage\",\"url\":\"https:\\\/\\\/lesvolcansnews.net\\\/wp-content\\\/uploads\\\/2025\\\/10\\\/IMG-20251016-WA0227.jpg\",\"contentUrl\":\"https:\\\/\\\/lesvolcansnews.net\\\/wp-content\\\/uploads\\\/2025\\\/10\\\/IMG-20251016-WA0227.jpg\",\"width\":1016,\"height\":762},{\"@type\":\"BreadcrumbList\",\"@id\":\"https:\\\/\\\/lesvolcansnews.net\\\/?p=70195#breadcrumb\",\"itemListElement\":[{\"@type\":\"ListItem\",\"position\":1,\"name\":\"Accueil\",\"item\":\"https:\\\/\\\/lesvolcansnews.net\\\/\"},{\"@type\":\"ListItem\",\"position\":2,\"name\":\"Int\u00e9gration \u00e9conomique : deux protocoles sign\u00e9s entre le Maniema, la Tshopo et le Nord-Kivu\"}]},{\"@type\":\"WebSite\",\"@id\":\"https:\\\/\\\/lesvolcansnews.net\\\/#website\",\"url\":\"https:\\\/\\\/lesvolcansnews.net\\\/\",\"name\":\"LES VOLCANS NEWS\",\"description\":\"L&#039;INFORMATION C&#039;EST NOUS\",\"potentialAction\":[{\"@type\":\"SearchAction\",\"target\":{\"@type\":\"EntryPoint\",\"urlTemplate\":\"https:\\\/\\\/lesvolcansnews.net\\\/?s={search_term_string}\"},\"query-input\":{\"@type\":\"PropertyValueSpecification\",\"valueRequired\":true,\"valueName\":\"search_term_string\"}}],\"inLanguage\":\"fr-FR\"},{\"@type\":\"Person\",\"@id\":\"https:\\\/\\\/lesvolcansnews.net\\\/#\\\/schema\\\/person\\\/82c8bed2e77879ecf6cca63441f57354\",\"name\":\"R\u00e9daction - Les Volcans News\",\"image\":{\"@type\":\"ImageObject\",\"inLanguage\":\"fr-FR\",\"@id\":\"https:\\\/\\\/secure.gravatar.com\\\/avatar\\\/8408942dd851e8a9c09f3d382a661bc05d2b3cd9002139bc1795b9528cdc6c80?s=96&d=mm&r=g\",\"url\":\"https:\\\/\\\/secure.gravatar.com\\\/avatar\\\/8408942dd851e8a9c09f3d382a661bc05d2b3cd9002139bc1795b9528cdc6c80?s=96&d=mm&r=g\",\"contentUrl\":\"https:\\\/\\\/secure.gravatar.com\\\/avatar\\\/8408942dd851e8a9c09f3d382a661bc05d2b3cd9002139bc1795b9528cdc6c80?s=96&d=mm&r=g\",\"caption\":\"R\u00e9daction - Les Volcans News\"},\"url\":\"https:\\\/\\\/lesvolcansnews.net\\\/?author=14\"}]}<\/script>\n<!-- \/ Yoast SEO plugin. -->","yoast_head_json":{"title":"Int\u00e9gration \u00e9conomique : deux protocoles sign\u00e9s entre le Maniema, la Tshopo et le Nord-Kivu - LES VOLCANS NEWS","robots":{"index":"index","follow":"follow","max-snippet":"max-snippet:-1","max-image-preview":"max-image-preview:large","max-video-preview":"max-video-preview:-1"},"canonical":"https:\/\/lesvolcansnews.net\/?p=70195","og_locale":"fr_FR","og_type":"article","og_title":"Int\u00e9gration \u00e9conomique : deux protocoles sign\u00e9s entre le Maniema, la Tshopo et le Nord-Kivu - LES VOLCANS NEWS","og_description":"Deux protocoles d&#8217;accord ont \u00e9t\u00e9 sign\u00e9s jeudi \u00e0 Kindu, chef-lieu de la province du Maniema, entre les provinces du Maniema, de la Tshopo et du Nord-Kivu, en vue de renforcer","og_url":"https:\/\/lesvolcansnews.net\/?p=70195","og_site_name":"LES VOLCANS NEWS","article_published_time":"2025-10-16T14:05:30+00:00","og_image":[{"width":1016,"height":762,"url":"https:\/\/lesvolcansnews.net\/wp-content\/uploads\/2025\/10\/IMG-20251016-WA0227.jpg","type":"image\/jpeg"}],"author":"R\u00e9daction - Les Volcans News","twitter_card":"summary_large_image","twitter_misc":{"\u00c9crit par":"R\u00e9daction - Les Volcans News","Dur\u00e9e de lecture estim\u00e9e":"1 minute"},"schema":{"@context":"https:\/\/schema.org","@graph":[{"@type":"Article","@id":"https:\/\/lesvolcansnews.net\/?p=70195#article","isPartOf":{"@id":"https:\/\/lesvolcansnews.net\/?p=70195"},"author":{"name":"R\u00e9daction - Les Volcans News","@id":"https:\/\/lesvolcansnews.net\/#\/schema\/person\/82c8bed2e77879ecf6cca63441f57354"},"headline":"Int\u00e9gration \u00e9conomique : deux protocoles sign\u00e9s entre le Maniema, la Tshopo et le Nord-Kivu","datePublished":"2025-10-16T14:05:30+00:00","mainEntityOfPage":{"@id":"https:\/\/lesvolcansnews.net\/?p=70195"},"wordCount":306,"commentCount":0,"image":{"@id":"https:\/\/lesvolcansnews.net\/?p=70195#primaryimage"},"thumbnailUrl":"https:\/\/lesvolcansnews.net\/wp-content\/uploads\/2025\/10\/IMG-20251016-WA0227.jpg","articleSection":["POLITIQUE"],"inLanguage":"fr-FR","potentialAction":[{"@type":"CommentAction","name":"Comment","target":["https:\/\/lesvolcansnews.net\/?p=70195#respond"]}]},{"@type":"WebPage","@id":"https:\/\/lesvolcansnews.net\/?p=70195","url":"https:\/\/lesvolcansnews.net\/?p=70195","name":"Int\u00e9gration \u00e9conomique : deux protocoles sign\u00e9s entre le Maniema, la Tshopo et le Nord-Kivu - LES VOLCANS NEWS","isPartOf":{"@id":"https:\/\/lesvolcansnews.net\/#website"},"primaryImageOfPage":{"@id":"https:\/\/lesvolcansnews.net\/?p=70195#primaryimage"},"image":{"@id":"https:\/\/lesvolcansnews.net\/?p=70195#primaryimage"},"thumbnailUrl":"https:\/\/lesvolcansnews.net\/wp-content\/uploads\/2025\/10\/IMG-20251016-WA0227.jpg","datePublished":"2025-10-16T14:05:30+00:00","author":{"@id":"https:\/\/lesvolcansnews.net\/#\/schema\/person\/82c8bed2e77879ecf6cca63441f57354"},"breadcrumb":{"@id":"https:\/\/lesvolcansnews.net\/?p=70195#breadcrumb"},"inLanguage":"fr-FR","potentialAction":[{"@type":"ReadAction","target":["https:\/\/lesvolcansnews.net\/?p=70195"]}]},{"@type":"ImageObject","inLanguage":"fr-FR","@id":"https:\/\/lesvolcansnews.net\/?p=70195#primaryimage","url":"https:\/\/lesvolcansnews.net\/wp-content\/uploads\/2025\/10\/IMG-20251016-WA0227.jpg","contentUrl":"https:\/\/lesvolcansnews.net\/wp-content\/uploads\/2025\/10\/IMG-20251016-WA0227.jpg","width":1016,"height":762},{"@type":"BreadcrumbList","@id":"https:\/\/lesvolcansnews.net\/?p=70195#breadcrumb","itemListElement":[{"@type":"ListItem","position":1,"name":"Accueil","item":"https:\/\/lesvolcansnews.net\/"},{"@type":"ListItem","position":2,"name":"Int\u00e9gration \u00e9conomique : deux protocoles sign\u00e9s entre le Maniema, la Tshopo et le Nord-Kivu"}]},{"@type":"WebSite","@id":"https:\/\/lesvolcansnews.net\/#website","url":"https:\/\/lesvolcansnews.net\/","name":"LES VOLCANS NEWS","description":"L&#039;INFORMATION C&#039;EST NOUS","potentialAction":[{"@type":"SearchAction","target":{"@type":"EntryPoint","urlTemplate":"https:\/\/lesvolcansnews.net\/?s={search_term_string}"},"query-input":{"@type":"PropertyValueSpecification","valueRequired":true,"valueName":"search_term_string"}}],"inLanguage":"fr-FR"},{"@type":"Person","@id":"https:\/\/lesvolcansnews.net\/#\/schema\/person\/82c8bed2e77879ecf6cca63441f57354","name":"R\u00e9daction - Les Volcans News","image":{"@type":"ImageObject","inLanguage":"fr-FR","@id":"https:\/\/secure.gravatar.com\/avatar\/8408942dd851e8a9c09f3d382a661bc05d2b3cd9002139bc1795b9528cdc6c80?s=96&d=mm&r=g","url":"https:\/\/secure.gravatar.com\/avatar\/8408942dd851e8a9c09f3d382a661bc05d2b3cd9002139bc1795b9528cdc6c80?s=96&d=mm&r=g","contentUrl":"https:\/\/secure.gravatar.com\/avatar\/8408942dd851e8a9c09f3d382a661bc05d2b3cd9002139bc1795b9528cdc6c80?s=96&d=mm&r=g","caption":"R\u00e9daction - Les Volcans News"},"url":"https:\/\/lesvolcansnews.net\/?author=14"}]}},"_links":{"self":[{"href":"https:\/\/lesvolcansnews.net\/index.php?rest_route=\/wp\/v2\/posts\/70195","targetHints":{"allow":["GET"]}}],"collection":[{"href":"https:\/\/lesvolcansnews.net\/index.php?rest_route=\/wp\/v2\/posts"}],"about":[{"href":"https:\/\/lesvolcansnews.net\/index.php?rest_route=\/wp\/v2\/types\/post"}],"author":[{"embeddable":true,"href":"https:\/\/lesvolcansnews.net\/index.php?rest_route=\/wp\/v2\/users\/14"}],"replies":[{"embeddable":true,"href":"https:\/\/lesvolcansnews.net\/index.php?rest_route=%2Fwp%2Fv2%2Fcomments&post=70195"}],"version-history":[{"count":0,"href":"https:\/\/lesvolcansnews.net\/index.php?rest_route=\/wp\/v2\/posts\/70195\/revisions"}],"wp:featuredmedia":[{"embeddable":true,"href":"https:\/\/lesvolcansnews.net\/index.php?rest_route=\/wp\/v2\/media\/70194"}],"wp:attachment":[{"href":"https:\/\/lesvolcansnews.net\/index.php?rest_route=%2Fwp%2Fv2%2Fmedia&parent=70195"}],"wp:term":[{"taxonomy":"category","embeddable":true,"href":"https:\/\/lesvolcansnews.net\/index.php?rest_route=%2Fwp%2Fv2%2Fcategories&post=70195"},{"taxonomy":"post_tag","embeddable":true,"href":"https:\/\/lesvolcansnews.net\/index.php?rest_route=%2Fwp%2Fv2%2Ftags&post=70195"}],"curies":[{"name":"wp","href":"https:\/\/api.w.org\/{rel}","templated":true}]}}