{"id":70189,"date":"2025-10-16T13:04:32","date_gmt":"2025-10-16T11:04:32","guid":{"rendered":"https:\/\/lesvolcansnews.net\/2025\/10\/16\/maniema-le-vice-premier-ministre-en-charge-de-la-defense-en-visite-de-travail-a-kindu\/"},"modified":"2025-10-16T13:04:32","modified_gmt":"2025-10-16T11:04:32","slug":"maniema-le-vice-premier-ministre-en-charge-de-la-defense-en-visite-de-travail-a-kindu","status":"publish","type":"post","link":"https:\/\/lesvolcansnews.net\/?p=70189","title":{"rendered":"Maniema : Le vice-Premier ministre en charge de la D\u00e9fense en visite de travail \u00e0 Kindu"},"content":{"rendered":"\n<p>Le vice-Premier ministre et ministre de la D\u00e9fense nationale, Guy Kabongo Mwadianvita, est arriv\u00e9 mercredi soir 15 octobre 2025 \u00e0 Kindu, chef-lieu de la province du Maniema, dans le cadre d\u2019un s\u00e9jour de travail visant \u00e0 s\u2019enqu\u00e9rir de la situation des forces arm\u00e9es et \u00e0 renforcer les infrastructures militaires locales.<br><br>\u00c0 sa descente d\u2019avion \u00e0 l\u2019a\u00e9roport national de Kindu, le ministre a \u00e9t\u00e9 accueilli par les autorit\u00e9s provinciales, des repr\u00e9sentants de l\u2019arm\u00e9e ainsi que de nombreux habitants venus saluer sa visite.<br><br>Dans la foul\u00e9e de son arriv\u00e9e, M. Kabongo Mwadianvita s\u2019est imm\u00e9diatement rendu \u00e0 l\u2019h\u00f4pital militaire de garnison de Kindu. Sur place, il a inspect\u00e9 les installations et \u00e9chang\u00e9 avec le personnel m\u00e9dical. Saisi de la situation de non-paiement de plusieurs agents de sant\u00e9, il a proc\u00e9d\u00e9 au paiement des primes en souffrance.<br><br>\u00ab Il \u00e9tait inadmissible que ceux qui assurent la sant\u00e9 de nos militaires travaillent sans \u00eatre r\u00e9mun\u00e9r\u00e9s. C\u2019est un signal fort que nous envoyons : l\u2019\u00c9tat ne les oublie pas \u00bb, a d\u00e9clar\u00e9 le ministre devant la presse, apr\u00e8s avoir remis personnellement les primes \u00e0 plusieurs agents de l\u2019h\u00f4pital.<br><br>Dans le cadre de l\u2019am\u00e9lioration des services m\u00e9dicaux, le ministre a \u00e9galement offert \u00e0 l\u2019h\u00f4pital une ambulance neuve de marque Toyota Land Cruiser 4&#215;4. Ce v\u00e9hicule, tout-terrain et adapt\u00e9 aux r\u00e9alit\u00e9s locales, permettra de faciliter le transport des patients, y compris dans les zones enclav\u00e9es.<br><br>Par la suite, le vice-Premier ministre s\u2019est rendu au centre de formation Commando de Lwama, une infrastructure cl\u00e9 pour la pr\u00e9paration des unit\u00e9s sp\u00e9ciales des Forces arm\u00e9es de la R\u00e9publique d\u00e9mocratique du Congo (FARDC). Devant les troupes r\u00e9unies, il a annonc\u00e9 le lancement imminent des travaux de r\u00e9habilitation de la route Kindu \u2013 camp de formation de Lokando, un tron\u00e7on strat\u00e9gique de plus de 50 kilom\u00e8tres.<br><br>\u00ab Cette route n\u2019est pas seulement vitale pour nos op\u00e9rations militaires, elle l\u2019est aussi pour les populations civiles. Sa r\u00e9habilitation est une priorit\u00e9 du gouvernement \u00bb, a-t-il affirm\u00e9.<br><br>Ce s\u00e9jour du ministre dans la province de Maniema s\u2019inscrit dans une s\u00e9rie de visites r\u00e9gionales visant \u00e0 renforcer l\u2019autorit\u00e9 de l\u2019\u00c9tat, am\u00e9liorer les conditions de travail des militaires et soutenir les infrastructures essentielles.<br><br>La suite de sa mission pr\u00e9voit d\u2019autres rencontres avec les autorit\u00e9s locales et les commandants des FARDC pour faire le point sur la situation s\u00e9curitaire dans cette province du centre-est de la RDC.<\/p>\n\n\n\n<p>La r\u00e9daction <\/p>\n","protected":false},"excerpt":{"rendered":"<p>Le vice-Premier ministre et ministre de la D\u00e9fense nationale, Guy Kabongo Mwadianvita, est arriv\u00e9 mercredi soir 15 octobre 2025 \u00e0 Kindu, chef-lieu de la province du Maniema, dans le cadre<\/p>\n","protected":false},"author":14,"featured_media":70188,"comment_status":"open","ping_status":"open","sticky":false,"template":"","format":"standard","meta":{"footnotes":""},"categories":[32],"tags":[],"class_list":["post-70189","post","type-post","status-publish","format-standard","has-post-thumbnail","hentry","category-securite"],"yoast_head":"<!-- This site is optimized with the Yoast SEO plugin v27.5 - https:\/\/yoast.com\/product\/yoast-seo-wordpress\/ -->\n<title>Maniema : Le vice-Premier ministre en charge de la D\u00e9fense en visite de travail \u00e0 Kindu - LES VOLCANS NEWS<\/title>\n<meta name=\"robots\" content=\"index, follow, max-snippet:-1, max-image-preview:large, max-video-preview:-1\" \/>\n<link rel=\"canonical\" href=\"https:\/\/lesvolcansnews.net\/?p=70189\" \/>\n<meta property=\"og:locale\" content=\"fr_FR\" \/>\n<meta property=\"og:type\" content=\"article\" \/>\n<meta property=\"og:title\" content=\"Maniema : Le vice-Premier ministre en charge de la D\u00e9fense en visite de travail \u00e0 Kindu - LES VOLCANS NEWS\" \/>\n<meta property=\"og:description\" content=\"Le vice-Premier ministre et ministre de la D\u00e9fense nationale, Guy Kabongo Mwadianvita, est arriv\u00e9 mercredi soir 15 octobre 2025 \u00e0 Kindu, chef-lieu de la province du Maniema, dans le cadre\" \/>\n<meta property=\"og:url\" content=\"https:\/\/lesvolcansnews.net\/?p=70189\" \/>\n<meta property=\"og:site_name\" content=\"LES VOLCANS NEWS\" \/>\n<meta property=\"article:published_time\" content=\"2025-10-16T11:04:32+00:00\" \/>\n<meta property=\"og:image\" content=\"https:\/\/lesvolcansnews.net\/wp-content\/uploads\/2025\/10\/IMG-20251016-WA0151.jpg\" \/>\n\t<meta property=\"og:image:width\" content=\"1024\" \/>\n\t<meta property=\"og:image:height\" content=\"683\" \/>\n\t<meta property=\"og:image:type\" content=\"image\/jpeg\" \/>\n<meta name=\"author\" content=\"R\u00e9daction - Les Volcans News\" \/>\n<meta name=\"twitter:card\" content=\"summary_large_image\" \/>\n<meta name=\"twitter:label1\" content=\"\u00c9crit par\" \/>\n\t<meta name=\"twitter:data1\" content=\"R\u00e9daction - Les Volcans News\" \/>\n\t<meta name=\"twitter:label2\" content=\"Dur\u00e9e de lecture estim\u00e9e\" \/>\n\t<meta name=\"twitter:data2\" content=\"2 minutes\" \/>\n<script type=\"application\/ld+json\" class=\"yoast-schema-graph\">{\"@context\":\"https:\\\/\\\/schema.org\",\"@graph\":[{\"@type\":\"Article\",\"@id\":\"https:\\\/\\\/lesvolcansnews.net\\\/?p=70189#article\",\"isPartOf\":{\"@id\":\"https:\\\/\\\/lesvolcansnews.net\\\/?p=70189\"},\"author\":{\"name\":\"R\u00e9daction - Les Volcans News\",\"@id\":\"https:\\\/\\\/lesvolcansnews.net\\\/#\\\/schema\\\/person\\\/82c8bed2e77879ecf6cca63441f57354\"},\"headline\":\"Maniema : Le vice-Premier ministre en charge de la D\u00e9fense en visite de travail \u00e0 Kindu\",\"datePublished\":\"2025-10-16T11:04:32+00:00\",\"mainEntityOfPage\":{\"@id\":\"https:\\\/\\\/lesvolcansnews.net\\\/?p=70189\"},\"wordCount\":454,\"commentCount\":0,\"image\":{\"@id\":\"https:\\\/\\\/lesvolcansnews.net\\\/?p=70189#primaryimage\"},\"thumbnailUrl\":\"https:\\\/\\\/lesvolcansnews.net\\\/wp-content\\\/uploads\\\/2025\\\/10\\\/IMG-20251016-WA0151.jpg\",\"articleSection\":[\"S\u00c9CURIT\u00c9\"],\"inLanguage\":\"fr-FR\",\"potentialAction\":[{\"@type\":\"CommentAction\",\"name\":\"Comment\",\"target\":[\"https:\\\/\\\/lesvolcansnews.net\\\/?p=70189#respond\"]}]},{\"@type\":\"WebPage\",\"@id\":\"https:\\\/\\\/lesvolcansnews.net\\\/?p=70189\",\"url\":\"https:\\\/\\\/lesvolcansnews.net\\\/?p=70189\",\"name\":\"Maniema : Le vice-Premier ministre en charge de la D\u00e9fense en visite de travail \u00e0 Kindu - LES VOLCANS NEWS\",\"isPartOf\":{\"@id\":\"https:\\\/\\\/lesvolcansnews.net\\\/#website\"},\"primaryImageOfPage\":{\"@id\":\"https:\\\/\\\/lesvolcansnews.net\\\/?p=70189#primaryimage\"},\"image\":{\"@id\":\"https:\\\/\\\/lesvolcansnews.net\\\/?p=70189#primaryimage\"},\"thumbnailUrl\":\"https:\\\/\\\/lesvolcansnews.net\\\/wp-content\\\/uploads\\\/2025\\\/10\\\/IMG-20251016-WA0151.jpg\",\"datePublished\":\"2025-10-16T11:04:32+00:00\",\"author\":{\"@id\":\"https:\\\/\\\/lesvolcansnews.net\\\/#\\\/schema\\\/person\\\/82c8bed2e77879ecf6cca63441f57354\"},\"breadcrumb\":{\"@id\":\"https:\\\/\\\/lesvolcansnews.net\\\/?p=70189#breadcrumb\"},\"inLanguage\":\"fr-FR\",\"potentialAction\":[{\"@type\":\"ReadAction\",\"target\":[\"https:\\\/\\\/lesvolcansnews.net\\\/?p=70189\"]}]},{\"@type\":\"ImageObject\",\"inLanguage\":\"fr-FR\",\"@id\":\"https:\\\/\\\/lesvolcansnews.net\\\/?p=70189#primaryimage\",\"url\":\"https:\\\/\\\/lesvolcansnews.net\\\/wp-content\\\/uploads\\\/2025\\\/10\\\/IMG-20251016-WA0151.jpg\",\"contentUrl\":\"https:\\\/\\\/lesvolcansnews.net\\\/wp-content\\\/uploads\\\/2025\\\/10\\\/IMG-20251016-WA0151.jpg\",\"width\":1024,\"height\":683},{\"@type\":\"BreadcrumbList\",\"@id\":\"https:\\\/\\\/lesvolcansnews.net\\\/?p=70189#breadcrumb\",\"itemListElement\":[{\"@type\":\"ListItem\",\"position\":1,\"name\":\"Accueil\",\"item\":\"https:\\\/\\\/lesvolcansnews.net\\\/\"},{\"@type\":\"ListItem\",\"position\":2,\"name\":\"Maniema : Le vice-Premier ministre en charge de la D\u00e9fense en visite de travail \u00e0 Kindu\"}]},{\"@type\":\"WebSite\",\"@id\":\"https:\\\/\\\/lesvolcansnews.net\\\/#website\",\"url\":\"https:\\\/\\\/lesvolcansnews.net\\\/\",\"name\":\"LES VOLCANS NEWS\",\"description\":\"L&#039;INFORMATION C&#039;EST NOUS\",\"potentialAction\":[{\"@type\":\"SearchAction\",\"target\":{\"@type\":\"EntryPoint\",\"urlTemplate\":\"https:\\\/\\\/lesvolcansnews.net\\\/?s={search_term_string}\"},\"query-input\":{\"@type\":\"PropertyValueSpecification\",\"valueRequired\":true,\"valueName\":\"search_term_string\"}}],\"inLanguage\":\"fr-FR\"},{\"@type\":\"Person\",\"@id\":\"https:\\\/\\\/lesvolcansnews.net\\\/#\\\/schema\\\/person\\\/82c8bed2e77879ecf6cca63441f57354\",\"name\":\"R\u00e9daction - Les Volcans News\",\"image\":{\"@type\":\"ImageObject\",\"inLanguage\":\"fr-FR\",\"@id\":\"https:\\\/\\\/secure.gravatar.com\\\/avatar\\\/8408942dd851e8a9c09f3d382a661bc05d2b3cd9002139bc1795b9528cdc6c80?s=96&d=mm&r=g\",\"url\":\"https:\\\/\\\/secure.gravatar.com\\\/avatar\\\/8408942dd851e8a9c09f3d382a661bc05d2b3cd9002139bc1795b9528cdc6c80?s=96&d=mm&r=g\",\"contentUrl\":\"https:\\\/\\\/secure.gravatar.com\\\/avatar\\\/8408942dd851e8a9c09f3d382a661bc05d2b3cd9002139bc1795b9528cdc6c80?s=96&d=mm&r=g\",\"caption\":\"R\u00e9daction - Les Volcans News\"},\"url\":\"https:\\\/\\\/lesvolcansnews.net\\\/?author=14\"}]}<\/script>\n<!-- \/ Yoast SEO plugin. -->","yoast_head_json":{"title":"Maniema : Le vice-Premier ministre en charge de la D\u00e9fense en visite de travail \u00e0 Kindu - LES VOLCANS NEWS","robots":{"index":"index","follow":"follow","max-snippet":"max-snippet:-1","max-image-preview":"max-image-preview:large","max-video-preview":"max-video-preview:-1"},"canonical":"https:\/\/lesvolcansnews.net\/?p=70189","og_locale":"fr_FR","og_type":"article","og_title":"Maniema : Le vice-Premier ministre en charge de la D\u00e9fense en visite de travail \u00e0 Kindu - LES VOLCANS NEWS","og_description":"Le vice-Premier ministre et ministre de la D\u00e9fense nationale, Guy Kabongo Mwadianvita, est arriv\u00e9 mercredi soir 15 octobre 2025 \u00e0 Kindu, chef-lieu de la province du Maniema, dans le cadre","og_url":"https:\/\/lesvolcansnews.net\/?p=70189","og_site_name":"LES VOLCANS NEWS","article_published_time":"2025-10-16T11:04:32+00:00","og_image":[{"width":1024,"height":683,"url":"https:\/\/lesvolcansnews.net\/wp-content\/uploads\/2025\/10\/IMG-20251016-WA0151.jpg","type":"image\/jpeg"}],"author":"R\u00e9daction - Les Volcans News","twitter_card":"summary_large_image","twitter_misc":{"\u00c9crit par":"R\u00e9daction - Les Volcans News","Dur\u00e9e de lecture estim\u00e9e":"2 minutes"},"schema":{"@context":"https:\/\/schema.org","@graph":[{"@type":"Article","@id":"https:\/\/lesvolcansnews.net\/?p=70189#article","isPartOf":{"@id":"https:\/\/lesvolcansnews.net\/?p=70189"},"author":{"name":"R\u00e9daction - Les Volcans News","@id":"https:\/\/lesvolcansnews.net\/#\/schema\/person\/82c8bed2e77879ecf6cca63441f57354"},"headline":"Maniema : Le vice-Premier ministre en charge de la D\u00e9fense en visite de travail \u00e0 Kindu","datePublished":"2025-10-16T11:04:32+00:00","mainEntityOfPage":{"@id":"https:\/\/lesvolcansnews.net\/?p=70189"},"wordCount":454,"commentCount":0,"image":{"@id":"https:\/\/lesvolcansnews.net\/?p=70189#primaryimage"},"thumbnailUrl":"https:\/\/lesvolcansnews.net\/wp-content\/uploads\/2025\/10\/IMG-20251016-WA0151.jpg","articleSection":["S\u00c9CURIT\u00c9"],"inLanguage":"fr-FR","potentialAction":[{"@type":"CommentAction","name":"Comment","target":["https:\/\/lesvolcansnews.net\/?p=70189#respond"]}]},{"@type":"WebPage","@id":"https:\/\/lesvolcansnews.net\/?p=70189","url":"https:\/\/lesvolcansnews.net\/?p=70189","name":"Maniema : Le vice-Premier ministre en charge de la D\u00e9fense en visite de travail \u00e0 Kindu - LES VOLCANS NEWS","isPartOf":{"@id":"https:\/\/lesvolcansnews.net\/#website"},"primaryImageOfPage":{"@id":"https:\/\/lesvolcansnews.net\/?p=70189#primaryimage"},"image":{"@id":"https:\/\/lesvolcansnews.net\/?p=70189#primaryimage"},"thumbnailUrl":"https:\/\/lesvolcansnews.net\/wp-content\/uploads\/2025\/10\/IMG-20251016-WA0151.jpg","datePublished":"2025-10-16T11:04:32+00:00","author":{"@id":"https:\/\/lesvolcansnews.net\/#\/schema\/person\/82c8bed2e77879ecf6cca63441f57354"},"breadcrumb":{"@id":"https:\/\/lesvolcansnews.net\/?p=70189#breadcrumb"},"inLanguage":"fr-FR","potentialAction":[{"@type":"ReadAction","target":["https:\/\/lesvolcansnews.net\/?p=70189"]}]},{"@type":"ImageObject","inLanguage":"fr-FR","@id":"https:\/\/lesvolcansnews.net\/?p=70189#primaryimage","url":"https:\/\/lesvolcansnews.net\/wp-content\/uploads\/2025\/10\/IMG-20251016-WA0151.jpg","contentUrl":"https:\/\/lesvolcansnews.net\/wp-content\/uploads\/2025\/10\/IMG-20251016-WA0151.jpg","width":1024,"height":683},{"@type":"BreadcrumbList","@id":"https:\/\/lesvolcansnews.net\/?p=70189#breadcrumb","itemListElement":[{"@type":"ListItem","position":1,"name":"Accueil","item":"https:\/\/lesvolcansnews.net\/"},{"@type":"ListItem","position":2,"name":"Maniema : Le vice-Premier ministre en charge de la D\u00e9fense en visite de travail \u00e0 Kindu"}]},{"@type":"WebSite","@id":"https:\/\/lesvolcansnews.net\/#website","url":"https:\/\/lesvolcansnews.net\/","name":"LES VOLCANS NEWS","description":"L&#039;INFORMATION C&#039;EST NOUS","potentialAction":[{"@type":"SearchAction","target":{"@type":"EntryPoint","urlTemplate":"https:\/\/lesvolcansnews.net\/?s={search_term_string}"},"query-input":{"@type":"PropertyValueSpecification","valueRequired":true,"valueName":"search_term_string"}}],"inLanguage":"fr-FR"},{"@type":"Person","@id":"https:\/\/lesvolcansnews.net\/#\/schema\/person\/82c8bed2e77879ecf6cca63441f57354","name":"R\u00e9daction - Les Volcans News","image":{"@type":"ImageObject","inLanguage":"fr-FR","@id":"https:\/\/secure.gravatar.com\/avatar\/8408942dd851e8a9c09f3d382a661bc05d2b3cd9002139bc1795b9528cdc6c80?s=96&d=mm&r=g","url":"https:\/\/secure.gravatar.com\/avatar\/8408942dd851e8a9c09f3d382a661bc05d2b3cd9002139bc1795b9528cdc6c80?s=96&d=mm&r=g","contentUrl":"https:\/\/secure.gravatar.com\/avatar\/8408942dd851e8a9c09f3d382a661bc05d2b3cd9002139bc1795b9528cdc6c80?s=96&d=mm&r=g","caption":"R\u00e9daction - Les Volcans News"},"url":"https:\/\/lesvolcansnews.net\/?author=14"}]}},"_links":{"self":[{"href":"https:\/\/lesvolcansnews.net\/index.php?rest_route=\/wp\/v2\/posts\/70189","targetHints":{"allow":["GET"]}}],"collection":[{"href":"https:\/\/lesvolcansnews.net\/index.php?rest_route=\/wp\/v2\/posts"}],"about":[{"href":"https:\/\/lesvolcansnews.net\/index.php?rest_route=\/wp\/v2\/types\/post"}],"author":[{"embeddable":true,"href":"https:\/\/lesvolcansnews.net\/index.php?rest_route=\/wp\/v2\/users\/14"}],"replies":[{"embeddable":true,"href":"https:\/\/lesvolcansnews.net\/index.php?rest_route=%2Fwp%2Fv2%2Fcomments&post=70189"}],"version-history":[{"count":0,"href":"https:\/\/lesvolcansnews.net\/index.php?rest_route=\/wp\/v2\/posts\/70189\/revisions"}],"wp:featuredmedia":[{"embeddable":true,"href":"https:\/\/lesvolcansnews.net\/index.php?rest_route=\/wp\/v2\/media\/70188"}],"wp:attachment":[{"href":"https:\/\/lesvolcansnews.net\/index.php?rest_route=%2Fwp%2Fv2%2Fmedia&parent=70189"}],"wp:term":[{"taxonomy":"category","embeddable":true,"href":"https:\/\/lesvolcansnews.net\/index.php?rest_route=%2Fwp%2Fv2%2Fcategories&post=70189"},{"taxonomy":"post_tag","embeddable":true,"href":"https:\/\/lesvolcansnews.net\/index.php?rest_route=%2Fwp%2Fv2%2Ftags&post=70189"}],"curies":[{"name":"wp","href":"https:\/\/api.w.org\/{rel}","templated":true}]}}