{"id":70187,"date":"2025-10-15T23:00:44","date_gmt":"2025-10-15T21:00:44","guid":{"rendered":"https:\/\/lesvolcansnews.net\/2025\/10\/15\/rdc-le-vice-premier-ministre-de-la-defense-en-visite-aupres-des-recrues-militaires-a-kamina\/"},"modified":"2025-10-15T23:00:44","modified_gmt":"2025-10-15T21:00:44","slug":"rdc-le-vice-premier-ministre-de-la-defense-en-visite-aupres-des-recrues-militaires-a-kamina","status":"publish","type":"post","link":"https:\/\/lesvolcansnews.net\/?p=70187","title":{"rendered":"RDC : Le vice-Premier ministre de la D\u00e9fense en visite aupr\u00e8s des recrues militaires \u00e0 Kamina"},"content":{"rendered":"\n<p><br><strong>Le vice-Premier ministre en charge de la D\u00e9fense nationale, Me Guy Kabombo Muadiamvita, a effectu\u00e9 ce mardi une visite d\u2019inspection \u00e0 Kamina, dans la province du Haut-Lomami, o\u00f9 il s\u2019est rendu aupr\u00e8s des jeunes recrues en formation militaire.<\/strong><br><br>Arriv\u00e9 \u00e0 9h \u00e0 l\u2019a\u00e9roport militaire de Lumwe, le VPM a \u00e9t\u00e9 accueilli par le gouverneur de province, Marmont Banza, accompagn\u00e9 de plusieurs autorit\u00e9s locales. Le cort\u00e8ge s\u2019est ensuite dirig\u00e9 vers l\u2019\u00c9tat-major de la deuxi\u00e8me zone de d\u00e9fense, o\u00f9 un briefing sectoriel a \u00e9t\u00e9 pr\u00e9sent\u00e9 par le commandant de la base, le g\u00e9n\u00e9ral de brigade Mahomat Dieudonn\u00e9.<br><br>Cette visite s\u2019inscrit dans le cadre d\u2019une politique de proximit\u00e9 pr\u00f4n\u00e9e par la haute hi\u00e9rarchie de la D\u00e9fense, visant \u00e0 s\u2019assurer, sur le terrain, du bon d\u00e9roulement de la formation des recrues et des conditions de leur casernement.<br><br>Des milliers de jeunes en formation sp\u00e9cialis\u00e9e ont salu\u00e9 la pr\u00e9sence du num\u00e9ro un de la D\u00e9fense nationale, venu leur transmettre un message personnel du commandant supr\u00eame des forces arm\u00e9es. <\/p>\n\n\n\n<p>Une causerie morale a marqu\u00e9 l\u2019\u00e9tape finale de la visite, renfor\u00e7ant le moral des troupes et soulignant la volont\u00e9 des autorit\u00e9s de b\u00e2tir une arm\u00e9e aguerrie et mieux pr\u00e9par\u00e9e \u00e0 d\u00e9fendre l\u2019int\u00e9grit\u00e9 du territoire national.<\/p>\n\n\n\n<p><br>La r\u00e9daction <\/p>\n\n\n\n<p><\/p>\n","protected":false},"excerpt":{"rendered":"<p>Le vice-Premier ministre en charge de la D\u00e9fense nationale, Me Guy Kabombo Muadiamvita, a effectu\u00e9 ce mardi une visite d\u2019inspection \u00e0 Kamina, dans la province du Haut-Lomami, o\u00f9 il s\u2019est<\/p>\n","protected":false},"author":14,"featured_media":70186,"comment_status":"open","ping_status":"open","sticky":false,"template":"","format":"standard","meta":{"footnotes":""},"categories":[32],"tags":[],"class_list":["post-70187","post","type-post","status-publish","format-standard","has-post-thumbnail","hentry","category-securite"],"yoast_head":"<!-- This site is optimized with the Yoast SEO plugin v27.5 - https:\/\/yoast.com\/product\/yoast-seo-wordpress\/ -->\n<title>RDC : Le vice-Premier ministre de la D\u00e9fense en visite aupr\u00e8s des recrues militaires \u00e0 Kamina - LES VOLCANS NEWS<\/title>\n<meta name=\"robots\" content=\"index, follow, max-snippet:-1, max-image-preview:large, max-video-preview:-1\" \/>\n<link rel=\"canonical\" href=\"https:\/\/lesvolcansnews.net\/?p=70187\" \/>\n<meta property=\"og:locale\" content=\"fr_FR\" \/>\n<meta property=\"og:type\" content=\"article\" \/>\n<meta property=\"og:title\" content=\"RDC : Le vice-Premier ministre de la D\u00e9fense en visite aupr\u00e8s des recrues militaires \u00e0 Kamina - LES VOLCANS NEWS\" \/>\n<meta property=\"og:description\" content=\"Le vice-Premier ministre en charge de la D\u00e9fense nationale, Me Guy Kabombo Muadiamvita, a effectu\u00e9 ce mardi une visite d\u2019inspection \u00e0 Kamina, dans la province du Haut-Lomami, o\u00f9 il s\u2019est\" \/>\n<meta property=\"og:url\" content=\"https:\/\/lesvolcansnews.net\/?p=70187\" \/>\n<meta property=\"og:site_name\" content=\"LES VOLCANS NEWS\" \/>\n<meta property=\"article:published_time\" content=\"2025-10-15T21:00:44+00:00\" \/>\n<meta property=\"og:image\" content=\"https:\/\/lesvolcansnews.net\/wp-content\/uploads\/2025\/10\/image_editor_output_image479493077-1760562014782.jpg\" \/>\n\t<meta property=\"og:image:width\" content=\"1080\" \/>\n\t<meta property=\"og:image:height\" content=\"718\" \/>\n\t<meta property=\"og:image:type\" content=\"image\/jpeg\" \/>\n<meta name=\"author\" content=\"R\u00e9daction - Les Volcans News\" \/>\n<meta name=\"twitter:card\" content=\"summary_large_image\" \/>\n<meta name=\"twitter:label1\" content=\"\u00c9crit par\" \/>\n\t<meta name=\"twitter:data1\" content=\"R\u00e9daction - Les Volcans News\" \/>\n\t<meta name=\"twitter:label2\" content=\"Dur\u00e9e de lecture estim\u00e9e\" \/>\n\t<meta name=\"twitter:data2\" content=\"1 minute\" \/>\n<script type=\"application\/ld+json\" class=\"yoast-schema-graph\">{\"@context\":\"https:\\\/\\\/schema.org\",\"@graph\":[{\"@type\":\"Article\",\"@id\":\"https:\\\/\\\/lesvolcansnews.net\\\/?p=70187#article\",\"isPartOf\":{\"@id\":\"https:\\\/\\\/lesvolcansnews.net\\\/?p=70187\"},\"author\":{\"name\":\"R\u00e9daction - Les Volcans News\",\"@id\":\"https:\\\/\\\/lesvolcansnews.net\\\/#\\\/schema\\\/person\\\/82c8bed2e77879ecf6cca63441f57354\"},\"headline\":\"RDC : Le vice-Premier ministre de la D\u00e9fense en visite aupr\u00e8s des recrues militaires \u00e0 Kamina\",\"datePublished\":\"2025-10-15T21:00:44+00:00\",\"mainEntityOfPage\":{\"@id\":\"https:\\\/\\\/lesvolcansnews.net\\\/?p=70187\"},\"wordCount\":252,\"commentCount\":0,\"image\":{\"@id\":\"https:\\\/\\\/lesvolcansnews.net\\\/?p=70187#primaryimage\"},\"thumbnailUrl\":\"https:\\\/\\\/lesvolcansnews.net\\\/wp-content\\\/uploads\\\/2025\\\/10\\\/image_editor_output_image479493077-1760562014782.jpg\",\"articleSection\":[\"S\u00c9CURIT\u00c9\"],\"inLanguage\":\"fr-FR\",\"potentialAction\":[{\"@type\":\"CommentAction\",\"name\":\"Comment\",\"target\":[\"https:\\\/\\\/lesvolcansnews.net\\\/?p=70187#respond\"]}]},{\"@type\":\"WebPage\",\"@id\":\"https:\\\/\\\/lesvolcansnews.net\\\/?p=70187\",\"url\":\"https:\\\/\\\/lesvolcansnews.net\\\/?p=70187\",\"name\":\"RDC : Le vice-Premier ministre de la D\u00e9fense en visite aupr\u00e8s des recrues militaires \u00e0 Kamina - LES VOLCANS NEWS\",\"isPartOf\":{\"@id\":\"https:\\\/\\\/lesvolcansnews.net\\\/#website\"},\"primaryImageOfPage\":{\"@id\":\"https:\\\/\\\/lesvolcansnews.net\\\/?p=70187#primaryimage\"},\"image\":{\"@id\":\"https:\\\/\\\/lesvolcansnews.net\\\/?p=70187#primaryimage\"},\"thumbnailUrl\":\"https:\\\/\\\/lesvolcansnews.net\\\/wp-content\\\/uploads\\\/2025\\\/10\\\/image_editor_output_image479493077-1760562014782.jpg\",\"datePublished\":\"2025-10-15T21:00:44+00:00\",\"author\":{\"@id\":\"https:\\\/\\\/lesvolcansnews.net\\\/#\\\/schema\\\/person\\\/82c8bed2e77879ecf6cca63441f57354\"},\"breadcrumb\":{\"@id\":\"https:\\\/\\\/lesvolcansnews.net\\\/?p=70187#breadcrumb\"},\"inLanguage\":\"fr-FR\",\"potentialAction\":[{\"@type\":\"ReadAction\",\"target\":[\"https:\\\/\\\/lesvolcansnews.net\\\/?p=70187\"]}]},{\"@type\":\"ImageObject\",\"inLanguage\":\"fr-FR\",\"@id\":\"https:\\\/\\\/lesvolcansnews.net\\\/?p=70187#primaryimage\",\"url\":\"https:\\\/\\\/lesvolcansnews.net\\\/wp-content\\\/uploads\\\/2025\\\/10\\\/image_editor_output_image479493077-1760562014782.jpg\",\"contentUrl\":\"https:\\\/\\\/lesvolcansnews.net\\\/wp-content\\\/uploads\\\/2025\\\/10\\\/image_editor_output_image479493077-1760562014782.jpg\",\"width\":1080,\"height\":718},{\"@type\":\"BreadcrumbList\",\"@id\":\"https:\\\/\\\/lesvolcansnews.net\\\/?p=70187#breadcrumb\",\"itemListElement\":[{\"@type\":\"ListItem\",\"position\":1,\"name\":\"Accueil\",\"item\":\"https:\\\/\\\/lesvolcansnews.net\\\/\"},{\"@type\":\"ListItem\",\"position\":2,\"name\":\"RDC : Le vice-Premier ministre de la D\u00e9fense en visite aupr\u00e8s des recrues militaires \u00e0 Kamina\"}]},{\"@type\":\"WebSite\",\"@id\":\"https:\\\/\\\/lesvolcansnews.net\\\/#website\",\"url\":\"https:\\\/\\\/lesvolcansnews.net\\\/\",\"name\":\"LES VOLCANS NEWS\",\"description\":\"L&#039;INFORMATION C&#039;EST NOUS\",\"potentialAction\":[{\"@type\":\"SearchAction\",\"target\":{\"@type\":\"EntryPoint\",\"urlTemplate\":\"https:\\\/\\\/lesvolcansnews.net\\\/?s={search_term_string}\"},\"query-input\":{\"@type\":\"PropertyValueSpecification\",\"valueRequired\":true,\"valueName\":\"search_term_string\"}}],\"inLanguage\":\"fr-FR\"},{\"@type\":\"Person\",\"@id\":\"https:\\\/\\\/lesvolcansnews.net\\\/#\\\/schema\\\/person\\\/82c8bed2e77879ecf6cca63441f57354\",\"name\":\"R\u00e9daction - Les Volcans News\",\"image\":{\"@type\":\"ImageObject\",\"inLanguage\":\"fr-FR\",\"@id\":\"https:\\\/\\\/secure.gravatar.com\\\/avatar\\\/8408942dd851e8a9c09f3d382a661bc05d2b3cd9002139bc1795b9528cdc6c80?s=96&d=mm&r=g\",\"url\":\"https:\\\/\\\/secure.gravatar.com\\\/avatar\\\/8408942dd851e8a9c09f3d382a661bc05d2b3cd9002139bc1795b9528cdc6c80?s=96&d=mm&r=g\",\"contentUrl\":\"https:\\\/\\\/secure.gravatar.com\\\/avatar\\\/8408942dd851e8a9c09f3d382a661bc05d2b3cd9002139bc1795b9528cdc6c80?s=96&d=mm&r=g\",\"caption\":\"R\u00e9daction - Les Volcans News\"},\"url\":\"https:\\\/\\\/lesvolcansnews.net\\\/?author=14\"}]}<\/script>\n<!-- \/ Yoast SEO plugin. -->","yoast_head_json":{"title":"RDC : Le vice-Premier ministre de la D\u00e9fense en visite aupr\u00e8s des recrues militaires \u00e0 Kamina - LES VOLCANS NEWS","robots":{"index":"index","follow":"follow","max-snippet":"max-snippet:-1","max-image-preview":"max-image-preview:large","max-video-preview":"max-video-preview:-1"},"canonical":"https:\/\/lesvolcansnews.net\/?p=70187","og_locale":"fr_FR","og_type":"article","og_title":"RDC : Le vice-Premier ministre de la D\u00e9fense en visite aupr\u00e8s des recrues militaires \u00e0 Kamina - LES VOLCANS NEWS","og_description":"Le vice-Premier ministre en charge de la D\u00e9fense nationale, Me Guy Kabombo Muadiamvita, a effectu\u00e9 ce mardi une visite d\u2019inspection \u00e0 Kamina, dans la province du Haut-Lomami, o\u00f9 il s\u2019est","og_url":"https:\/\/lesvolcansnews.net\/?p=70187","og_site_name":"LES VOLCANS NEWS","article_published_time":"2025-10-15T21:00:44+00:00","og_image":[{"width":1080,"height":718,"url":"https:\/\/lesvolcansnews.net\/wp-content\/uploads\/2025\/10\/image_editor_output_image479493077-1760562014782.jpg","type":"image\/jpeg"}],"author":"R\u00e9daction - Les Volcans News","twitter_card":"summary_large_image","twitter_misc":{"\u00c9crit par":"R\u00e9daction - Les Volcans News","Dur\u00e9e de lecture estim\u00e9e":"1 minute"},"schema":{"@context":"https:\/\/schema.org","@graph":[{"@type":"Article","@id":"https:\/\/lesvolcansnews.net\/?p=70187#article","isPartOf":{"@id":"https:\/\/lesvolcansnews.net\/?p=70187"},"author":{"name":"R\u00e9daction - Les Volcans News","@id":"https:\/\/lesvolcansnews.net\/#\/schema\/person\/82c8bed2e77879ecf6cca63441f57354"},"headline":"RDC : Le vice-Premier ministre de la D\u00e9fense en visite aupr\u00e8s des recrues militaires \u00e0 Kamina","datePublished":"2025-10-15T21:00:44+00:00","mainEntityOfPage":{"@id":"https:\/\/lesvolcansnews.net\/?p=70187"},"wordCount":252,"commentCount":0,"image":{"@id":"https:\/\/lesvolcansnews.net\/?p=70187#primaryimage"},"thumbnailUrl":"https:\/\/lesvolcansnews.net\/wp-content\/uploads\/2025\/10\/image_editor_output_image479493077-1760562014782.jpg","articleSection":["S\u00c9CURIT\u00c9"],"inLanguage":"fr-FR","potentialAction":[{"@type":"CommentAction","name":"Comment","target":["https:\/\/lesvolcansnews.net\/?p=70187#respond"]}]},{"@type":"WebPage","@id":"https:\/\/lesvolcansnews.net\/?p=70187","url":"https:\/\/lesvolcansnews.net\/?p=70187","name":"RDC : Le vice-Premier ministre de la D\u00e9fense en visite aupr\u00e8s des recrues militaires \u00e0 Kamina - LES VOLCANS NEWS","isPartOf":{"@id":"https:\/\/lesvolcansnews.net\/#website"},"primaryImageOfPage":{"@id":"https:\/\/lesvolcansnews.net\/?p=70187#primaryimage"},"image":{"@id":"https:\/\/lesvolcansnews.net\/?p=70187#primaryimage"},"thumbnailUrl":"https:\/\/lesvolcansnews.net\/wp-content\/uploads\/2025\/10\/image_editor_output_image479493077-1760562014782.jpg","datePublished":"2025-10-15T21:00:44+00:00","author":{"@id":"https:\/\/lesvolcansnews.net\/#\/schema\/person\/82c8bed2e77879ecf6cca63441f57354"},"breadcrumb":{"@id":"https:\/\/lesvolcansnews.net\/?p=70187#breadcrumb"},"inLanguage":"fr-FR","potentialAction":[{"@type":"ReadAction","target":["https:\/\/lesvolcansnews.net\/?p=70187"]}]},{"@type":"ImageObject","inLanguage":"fr-FR","@id":"https:\/\/lesvolcansnews.net\/?p=70187#primaryimage","url":"https:\/\/lesvolcansnews.net\/wp-content\/uploads\/2025\/10\/image_editor_output_image479493077-1760562014782.jpg","contentUrl":"https:\/\/lesvolcansnews.net\/wp-content\/uploads\/2025\/10\/image_editor_output_image479493077-1760562014782.jpg","width":1080,"height":718},{"@type":"BreadcrumbList","@id":"https:\/\/lesvolcansnews.net\/?p=70187#breadcrumb","itemListElement":[{"@type":"ListItem","position":1,"name":"Accueil","item":"https:\/\/lesvolcansnews.net\/"},{"@type":"ListItem","position":2,"name":"RDC : Le vice-Premier ministre de la D\u00e9fense en visite aupr\u00e8s des recrues militaires \u00e0 Kamina"}]},{"@type":"WebSite","@id":"https:\/\/lesvolcansnews.net\/#website","url":"https:\/\/lesvolcansnews.net\/","name":"LES VOLCANS NEWS","description":"L&#039;INFORMATION C&#039;EST NOUS","potentialAction":[{"@type":"SearchAction","target":{"@type":"EntryPoint","urlTemplate":"https:\/\/lesvolcansnews.net\/?s={search_term_string}"},"query-input":{"@type":"PropertyValueSpecification","valueRequired":true,"valueName":"search_term_string"}}],"inLanguage":"fr-FR"},{"@type":"Person","@id":"https:\/\/lesvolcansnews.net\/#\/schema\/person\/82c8bed2e77879ecf6cca63441f57354","name":"R\u00e9daction - Les Volcans News","image":{"@type":"ImageObject","inLanguage":"fr-FR","@id":"https:\/\/secure.gravatar.com\/avatar\/8408942dd851e8a9c09f3d382a661bc05d2b3cd9002139bc1795b9528cdc6c80?s=96&d=mm&r=g","url":"https:\/\/secure.gravatar.com\/avatar\/8408942dd851e8a9c09f3d382a661bc05d2b3cd9002139bc1795b9528cdc6c80?s=96&d=mm&r=g","contentUrl":"https:\/\/secure.gravatar.com\/avatar\/8408942dd851e8a9c09f3d382a661bc05d2b3cd9002139bc1795b9528cdc6c80?s=96&d=mm&r=g","caption":"R\u00e9daction - Les Volcans News"},"url":"https:\/\/lesvolcansnews.net\/?author=14"}]}},"_links":{"self":[{"href":"https:\/\/lesvolcansnews.net\/index.php?rest_route=\/wp\/v2\/posts\/70187","targetHints":{"allow":["GET"]}}],"collection":[{"href":"https:\/\/lesvolcansnews.net\/index.php?rest_route=\/wp\/v2\/posts"}],"about":[{"href":"https:\/\/lesvolcansnews.net\/index.php?rest_route=\/wp\/v2\/types\/post"}],"author":[{"embeddable":true,"href":"https:\/\/lesvolcansnews.net\/index.php?rest_route=\/wp\/v2\/users\/14"}],"replies":[{"embeddable":true,"href":"https:\/\/lesvolcansnews.net\/index.php?rest_route=%2Fwp%2Fv2%2Fcomments&post=70187"}],"version-history":[{"count":0,"href":"https:\/\/lesvolcansnews.net\/index.php?rest_route=\/wp\/v2\/posts\/70187\/revisions"}],"wp:featuredmedia":[{"embeddable":true,"href":"https:\/\/lesvolcansnews.net\/index.php?rest_route=\/wp\/v2\/media\/70186"}],"wp:attachment":[{"href":"https:\/\/lesvolcansnews.net\/index.php?rest_route=%2Fwp%2Fv2%2Fmedia&parent=70187"}],"wp:term":[{"taxonomy":"category","embeddable":true,"href":"https:\/\/lesvolcansnews.net\/index.php?rest_route=%2Fwp%2Fv2%2Fcategories&post=70187"},{"taxonomy":"post_tag","embeddable":true,"href":"https:\/\/lesvolcansnews.net\/index.php?rest_route=%2Fwp%2Fv2%2Ftags&post=70187"}],"curies":[{"name":"wp","href":"https:\/\/api.w.org\/{rel}","templated":true}]}}