{"id":70121,"date":"2025-10-12T14:34:48","date_gmt":"2025-10-12T12:34:48","guid":{"rendered":"https:\/\/lesvolcansnews.net\/?p=70121"},"modified":"2025-10-12T14:34:48","modified_gmt":"2025-10-12T12:34:48","slug":"madagascar-lunion-africaine-monte-au-creneau-et-appelle-au-calme-et-au-dialogue","status":"publish","type":"post","link":"https:\/\/lesvolcansnews.net\/?p=70121","title":{"rendered":"Madagascar : l\u2019Union africaine monte au cr\u00e9neau et appelle au calme et au dialogue"},"content":{"rendered":"<p><strong>Le Pr\u00e9sident de la Commission de l\u2019Union africaine, S.E. Mahmoud Ali Youssouf, a exprim\u00e9 sa profonde inqui\u00e9tude face aux r\u00e9cents d\u00e9veloppements survenus en R\u00e9publique de Madagascar, notamment les tensions observ\u00e9es au sein de l\u2019arm\u00e9e et les manifestations populaires \u00e0 Antananarivo, la capitale du pays.<\/strong><\/p>\n<p>Dans une d\u00e9claration rendue publique ce week-end, le pr\u00e9sident de la Commission a salu\u00e9 l&#8217;engagement renouvel\u00e9 du Gouvernement malgache en faveur du dialogue, tout en appelant l\u2019ensemble des acteurs, tant civils que militaires, \u00e0 faire preuve de calme, de retenue et de sens \u00e9lev\u00e9 de responsabilit\u00e9.<\/p>\n<p><em>\u00ab Tous les acteurs doivent privil\u00e9gier les voies pacifiques et consensuelles afin de surmonter cette crise \u00bb, a soulign\u00e9 le Pr\u00e9sident Mahmoud Ali Youssouf.<\/em><\/p>\n<p>Le haut responsable de l\u2019organisation continentale a \u00e9galement rappel\u00e9 les principes de la D\u00e9claration de Lom\u00e9 de 2000 et ceux de la Charte africaine de la d\u00e9mocratie, des \u00e9lections et de la gouvernance, qui mettent en avant le respect de l\u2019ordre constitutionnel, la gouvernance d\u00e9mocratique et la r\u00e9solution pacifique des diff\u00e9rends.<\/p>\n<p>Face \u00e0 cette situation tendue, le Pr\u00e9sident de la Commission a exhort\u00e9 les parties malgaches \u00e0 pr\u00e9server l\u2019unit\u00e9, la stabilit\u00e9 et la paix dans le pays, tout en garantissant les droits fondamentaux et les libert\u00e9s civiles des citoyens malgaches.<\/p>\n<p>Dans le m\u00eame communiqu\u00e9, l\u2019Union africaine a r\u00e9affirm\u00e9 sa solidarit\u00e9 avec le peuple et les autorit\u00e9s de Madagascar, et a r\u00e9it\u00e9r\u00e9 sa disponibilit\u00e9 \u00e0 accompagner tous les efforts nationaux et r\u00e9gionaux en vue d\u2019un retour rapide \u00e0 la normalit\u00e9 institutionnelle et \u00e0 la consolidation de la paix.<\/p>\n<p>La situation reste suivie de pr\u00e8s par les instances africaines, alors que les appels \u00e0 la retenue se multiplient sur le plan r\u00e9gional et international.<\/p>\n<p>CLOVIS ALI<\/p>\n","protected":false},"excerpt":{"rendered":"<p>Le Pr\u00e9sident de la Commission de l\u2019Union africaine, S.E. Mahmoud Ali Youssouf, a exprim\u00e9 sa profonde inqui\u00e9tude face aux r\u00e9cents d\u00e9veloppements survenus en R\u00e9publique de Madagascar, notamment les tensions observ\u00e9es<\/p>\n","protected":false},"author":14,"featured_media":70122,"comment_status":"open","ping_status":"open","sticky":false,"template":"","format":"standard","meta":{"footnotes":""},"categories":[28],"tags":[],"class_list":["post-70121","post","type-post","status-publish","format-standard","has-post-thumbnail","hentry","category-international"],"yoast_head":"<!-- This site is optimized with the Yoast SEO plugin v27.5 - https:\/\/yoast.com\/product\/yoast-seo-wordpress\/ -->\n<title>Madagascar : l\u2019Union africaine monte au cr\u00e9neau et appelle au calme et au dialogue - LES VOLCANS NEWS<\/title>\n<meta name=\"robots\" content=\"index, follow, max-snippet:-1, max-image-preview:large, max-video-preview:-1\" \/>\n<link rel=\"canonical\" href=\"https:\/\/lesvolcansnews.net\/?p=70121\" \/>\n<meta property=\"og:locale\" content=\"fr_FR\" \/>\n<meta property=\"og:type\" content=\"article\" \/>\n<meta property=\"og:title\" content=\"Madagascar : l\u2019Union africaine monte au cr\u00e9neau et appelle au calme et au dialogue - LES VOLCANS NEWS\" \/>\n<meta property=\"og:description\" content=\"Le Pr\u00e9sident de la Commission de l\u2019Union africaine, S.E. Mahmoud Ali Youssouf, a exprim\u00e9 sa profonde inqui\u00e9tude face aux r\u00e9cents d\u00e9veloppements survenus en R\u00e9publique de Madagascar, notamment les tensions observ\u00e9es\" \/>\n<meta property=\"og:url\" content=\"https:\/\/lesvolcansnews.net\/?p=70121\" \/>\n<meta property=\"og:site_name\" content=\"LES VOLCANS NEWS\" \/>\n<meta property=\"article:published_time\" content=\"2025-10-12T12:34:48+00:00\" \/>\n<meta property=\"og:image\" content=\"https:\/\/lesvolcansnews.net\/wp-content\/uploads\/2025\/10\/G3CxdMVWYAA7vra.jpeg\" \/>\n\t<meta property=\"og:image:width\" content=\"1600\" \/>\n\t<meta property=\"og:image:height\" content=\"1200\" \/>\n\t<meta property=\"og:image:type\" content=\"image\/jpeg\" \/>\n<meta name=\"author\" content=\"R\u00e9daction - Les Volcans News\" \/>\n<meta name=\"twitter:card\" content=\"summary_large_image\" \/>\n<meta name=\"twitter:label1\" content=\"\u00c9crit par\" \/>\n\t<meta name=\"twitter:data1\" content=\"R\u00e9daction - Les Volcans News\" \/>\n\t<meta name=\"twitter:label2\" content=\"Dur\u00e9e de lecture estim\u00e9e\" \/>\n\t<meta name=\"twitter:data2\" content=\"2 minutes\" \/>\n<script type=\"application\/ld+json\" class=\"yoast-schema-graph\">{\"@context\":\"https:\\\/\\\/schema.org\",\"@graph\":[{\"@type\":\"Article\",\"@id\":\"https:\\\/\\\/lesvolcansnews.net\\\/?p=70121#article\",\"isPartOf\":{\"@id\":\"https:\\\/\\\/lesvolcansnews.net\\\/?p=70121\"},\"author\":{\"name\":\"R\u00e9daction - Les Volcans News\",\"@id\":\"https:\\\/\\\/lesvolcansnews.net\\\/#\\\/schema\\\/person\\\/82c8bed2e77879ecf6cca63441f57354\"},\"headline\":\"Madagascar : l\u2019Union africaine monte au cr\u00e9neau et appelle au calme et au dialogue\",\"datePublished\":\"2025-10-12T12:34:48+00:00\",\"mainEntityOfPage\":{\"@id\":\"https:\\\/\\\/lesvolcansnews.net\\\/?p=70121\"},\"wordCount\":319,\"commentCount\":0,\"image\":{\"@id\":\"https:\\\/\\\/lesvolcansnews.net\\\/?p=70121#primaryimage\"},\"thumbnailUrl\":\"https:\\\/\\\/lesvolcansnews.net\\\/wp-content\\\/uploads\\\/2025\\\/10\\\/G3CxdMVWYAA7vra.jpeg\",\"articleSection\":[\"INTERNATIONAL\"],\"inLanguage\":\"fr-FR\",\"potentialAction\":[{\"@type\":\"CommentAction\",\"name\":\"Comment\",\"target\":[\"https:\\\/\\\/lesvolcansnews.net\\\/?p=70121#respond\"]}]},{\"@type\":\"WebPage\",\"@id\":\"https:\\\/\\\/lesvolcansnews.net\\\/?p=70121\",\"url\":\"https:\\\/\\\/lesvolcansnews.net\\\/?p=70121\",\"name\":\"Madagascar : l\u2019Union africaine monte au cr\u00e9neau et appelle au calme et au dialogue - LES VOLCANS NEWS\",\"isPartOf\":{\"@id\":\"https:\\\/\\\/lesvolcansnews.net\\\/#website\"},\"primaryImageOfPage\":{\"@id\":\"https:\\\/\\\/lesvolcansnews.net\\\/?p=70121#primaryimage\"},\"image\":{\"@id\":\"https:\\\/\\\/lesvolcansnews.net\\\/?p=70121#primaryimage\"},\"thumbnailUrl\":\"https:\\\/\\\/lesvolcansnews.net\\\/wp-content\\\/uploads\\\/2025\\\/10\\\/G3CxdMVWYAA7vra.jpeg\",\"datePublished\":\"2025-10-12T12:34:48+00:00\",\"author\":{\"@id\":\"https:\\\/\\\/lesvolcansnews.net\\\/#\\\/schema\\\/person\\\/82c8bed2e77879ecf6cca63441f57354\"},\"breadcrumb\":{\"@id\":\"https:\\\/\\\/lesvolcansnews.net\\\/?p=70121#breadcrumb\"},\"inLanguage\":\"fr-FR\",\"potentialAction\":[{\"@type\":\"ReadAction\",\"target\":[\"https:\\\/\\\/lesvolcansnews.net\\\/?p=70121\"]}]},{\"@type\":\"ImageObject\",\"inLanguage\":\"fr-FR\",\"@id\":\"https:\\\/\\\/lesvolcansnews.net\\\/?p=70121#primaryimage\",\"url\":\"https:\\\/\\\/lesvolcansnews.net\\\/wp-content\\\/uploads\\\/2025\\\/10\\\/G3CxdMVWYAA7vra.jpeg\",\"contentUrl\":\"https:\\\/\\\/lesvolcansnews.net\\\/wp-content\\\/uploads\\\/2025\\\/10\\\/G3CxdMVWYAA7vra.jpeg\",\"width\":1600,\"height\":1200},{\"@type\":\"BreadcrumbList\",\"@id\":\"https:\\\/\\\/lesvolcansnews.net\\\/?p=70121#breadcrumb\",\"itemListElement\":[{\"@type\":\"ListItem\",\"position\":1,\"name\":\"Accueil\",\"item\":\"https:\\\/\\\/lesvolcansnews.net\\\/\"},{\"@type\":\"ListItem\",\"position\":2,\"name\":\"Madagascar : l\u2019Union africaine monte au cr\u00e9neau et appelle au calme et au dialogue\"}]},{\"@type\":\"WebSite\",\"@id\":\"https:\\\/\\\/lesvolcansnews.net\\\/#website\",\"url\":\"https:\\\/\\\/lesvolcansnews.net\\\/\",\"name\":\"LES VOLCANS NEWS\",\"description\":\"L&#039;INFORMATION C&#039;EST NOUS\",\"potentialAction\":[{\"@type\":\"SearchAction\",\"target\":{\"@type\":\"EntryPoint\",\"urlTemplate\":\"https:\\\/\\\/lesvolcansnews.net\\\/?s={search_term_string}\"},\"query-input\":{\"@type\":\"PropertyValueSpecification\",\"valueRequired\":true,\"valueName\":\"search_term_string\"}}],\"inLanguage\":\"fr-FR\"},{\"@type\":\"Person\",\"@id\":\"https:\\\/\\\/lesvolcansnews.net\\\/#\\\/schema\\\/person\\\/82c8bed2e77879ecf6cca63441f57354\",\"name\":\"R\u00e9daction - Les Volcans News\",\"image\":{\"@type\":\"ImageObject\",\"inLanguage\":\"fr-FR\",\"@id\":\"https:\\\/\\\/secure.gravatar.com\\\/avatar\\\/8408942dd851e8a9c09f3d382a661bc05d2b3cd9002139bc1795b9528cdc6c80?s=96&d=mm&r=g\",\"url\":\"https:\\\/\\\/secure.gravatar.com\\\/avatar\\\/8408942dd851e8a9c09f3d382a661bc05d2b3cd9002139bc1795b9528cdc6c80?s=96&d=mm&r=g\",\"contentUrl\":\"https:\\\/\\\/secure.gravatar.com\\\/avatar\\\/8408942dd851e8a9c09f3d382a661bc05d2b3cd9002139bc1795b9528cdc6c80?s=96&d=mm&r=g\",\"caption\":\"R\u00e9daction - Les Volcans News\"},\"url\":\"https:\\\/\\\/lesvolcansnews.net\\\/?author=14\"}]}<\/script>\n<!-- \/ Yoast SEO plugin. -->","yoast_head_json":{"title":"Madagascar : l\u2019Union africaine monte au cr\u00e9neau et appelle au calme et au dialogue - LES VOLCANS NEWS","robots":{"index":"index","follow":"follow","max-snippet":"max-snippet:-1","max-image-preview":"max-image-preview:large","max-video-preview":"max-video-preview:-1"},"canonical":"https:\/\/lesvolcansnews.net\/?p=70121","og_locale":"fr_FR","og_type":"article","og_title":"Madagascar : l\u2019Union africaine monte au cr\u00e9neau et appelle au calme et au dialogue - LES VOLCANS NEWS","og_description":"Le Pr\u00e9sident de la Commission de l\u2019Union africaine, S.E. Mahmoud Ali Youssouf, a exprim\u00e9 sa profonde inqui\u00e9tude face aux r\u00e9cents d\u00e9veloppements survenus en R\u00e9publique de Madagascar, notamment les tensions observ\u00e9es","og_url":"https:\/\/lesvolcansnews.net\/?p=70121","og_site_name":"LES VOLCANS NEWS","article_published_time":"2025-10-12T12:34:48+00:00","og_image":[{"width":1600,"height":1200,"url":"https:\/\/lesvolcansnews.net\/wp-content\/uploads\/2025\/10\/G3CxdMVWYAA7vra.jpeg","type":"image\/jpeg"}],"author":"R\u00e9daction - Les Volcans News","twitter_card":"summary_large_image","twitter_misc":{"\u00c9crit par":"R\u00e9daction - Les Volcans News","Dur\u00e9e de lecture estim\u00e9e":"2 minutes"},"schema":{"@context":"https:\/\/schema.org","@graph":[{"@type":"Article","@id":"https:\/\/lesvolcansnews.net\/?p=70121#article","isPartOf":{"@id":"https:\/\/lesvolcansnews.net\/?p=70121"},"author":{"name":"R\u00e9daction - Les Volcans News","@id":"https:\/\/lesvolcansnews.net\/#\/schema\/person\/82c8bed2e77879ecf6cca63441f57354"},"headline":"Madagascar : l\u2019Union africaine monte au cr\u00e9neau et appelle au calme et au dialogue","datePublished":"2025-10-12T12:34:48+00:00","mainEntityOfPage":{"@id":"https:\/\/lesvolcansnews.net\/?p=70121"},"wordCount":319,"commentCount":0,"image":{"@id":"https:\/\/lesvolcansnews.net\/?p=70121#primaryimage"},"thumbnailUrl":"https:\/\/lesvolcansnews.net\/wp-content\/uploads\/2025\/10\/G3CxdMVWYAA7vra.jpeg","articleSection":["INTERNATIONAL"],"inLanguage":"fr-FR","potentialAction":[{"@type":"CommentAction","name":"Comment","target":["https:\/\/lesvolcansnews.net\/?p=70121#respond"]}]},{"@type":"WebPage","@id":"https:\/\/lesvolcansnews.net\/?p=70121","url":"https:\/\/lesvolcansnews.net\/?p=70121","name":"Madagascar : l\u2019Union africaine monte au cr\u00e9neau et appelle au calme et au dialogue - LES VOLCANS NEWS","isPartOf":{"@id":"https:\/\/lesvolcansnews.net\/#website"},"primaryImageOfPage":{"@id":"https:\/\/lesvolcansnews.net\/?p=70121#primaryimage"},"image":{"@id":"https:\/\/lesvolcansnews.net\/?p=70121#primaryimage"},"thumbnailUrl":"https:\/\/lesvolcansnews.net\/wp-content\/uploads\/2025\/10\/G3CxdMVWYAA7vra.jpeg","datePublished":"2025-10-12T12:34:48+00:00","author":{"@id":"https:\/\/lesvolcansnews.net\/#\/schema\/person\/82c8bed2e77879ecf6cca63441f57354"},"breadcrumb":{"@id":"https:\/\/lesvolcansnews.net\/?p=70121#breadcrumb"},"inLanguage":"fr-FR","potentialAction":[{"@type":"ReadAction","target":["https:\/\/lesvolcansnews.net\/?p=70121"]}]},{"@type":"ImageObject","inLanguage":"fr-FR","@id":"https:\/\/lesvolcansnews.net\/?p=70121#primaryimage","url":"https:\/\/lesvolcansnews.net\/wp-content\/uploads\/2025\/10\/G3CxdMVWYAA7vra.jpeg","contentUrl":"https:\/\/lesvolcansnews.net\/wp-content\/uploads\/2025\/10\/G3CxdMVWYAA7vra.jpeg","width":1600,"height":1200},{"@type":"BreadcrumbList","@id":"https:\/\/lesvolcansnews.net\/?p=70121#breadcrumb","itemListElement":[{"@type":"ListItem","position":1,"name":"Accueil","item":"https:\/\/lesvolcansnews.net\/"},{"@type":"ListItem","position":2,"name":"Madagascar : l\u2019Union africaine monte au cr\u00e9neau et appelle au calme et au dialogue"}]},{"@type":"WebSite","@id":"https:\/\/lesvolcansnews.net\/#website","url":"https:\/\/lesvolcansnews.net\/","name":"LES VOLCANS NEWS","description":"L&#039;INFORMATION C&#039;EST NOUS","potentialAction":[{"@type":"SearchAction","target":{"@type":"EntryPoint","urlTemplate":"https:\/\/lesvolcansnews.net\/?s={search_term_string}"},"query-input":{"@type":"PropertyValueSpecification","valueRequired":true,"valueName":"search_term_string"}}],"inLanguage":"fr-FR"},{"@type":"Person","@id":"https:\/\/lesvolcansnews.net\/#\/schema\/person\/82c8bed2e77879ecf6cca63441f57354","name":"R\u00e9daction - Les Volcans News","image":{"@type":"ImageObject","inLanguage":"fr-FR","@id":"https:\/\/secure.gravatar.com\/avatar\/8408942dd851e8a9c09f3d382a661bc05d2b3cd9002139bc1795b9528cdc6c80?s=96&d=mm&r=g","url":"https:\/\/secure.gravatar.com\/avatar\/8408942dd851e8a9c09f3d382a661bc05d2b3cd9002139bc1795b9528cdc6c80?s=96&d=mm&r=g","contentUrl":"https:\/\/secure.gravatar.com\/avatar\/8408942dd851e8a9c09f3d382a661bc05d2b3cd9002139bc1795b9528cdc6c80?s=96&d=mm&r=g","caption":"R\u00e9daction - Les Volcans News"},"url":"https:\/\/lesvolcansnews.net\/?author=14"}]}},"_links":{"self":[{"href":"https:\/\/lesvolcansnews.net\/index.php?rest_route=\/wp\/v2\/posts\/70121","targetHints":{"allow":["GET"]}}],"collection":[{"href":"https:\/\/lesvolcansnews.net\/index.php?rest_route=\/wp\/v2\/posts"}],"about":[{"href":"https:\/\/lesvolcansnews.net\/index.php?rest_route=\/wp\/v2\/types\/post"}],"author":[{"embeddable":true,"href":"https:\/\/lesvolcansnews.net\/index.php?rest_route=\/wp\/v2\/users\/14"}],"replies":[{"embeddable":true,"href":"https:\/\/lesvolcansnews.net\/index.php?rest_route=%2Fwp%2Fv2%2Fcomments&post=70121"}],"version-history":[{"count":1,"href":"https:\/\/lesvolcansnews.net\/index.php?rest_route=\/wp\/v2\/posts\/70121\/revisions"}],"predecessor-version":[{"id":70123,"href":"https:\/\/lesvolcansnews.net\/index.php?rest_route=\/wp\/v2\/posts\/70121\/revisions\/70123"}],"wp:featuredmedia":[{"embeddable":true,"href":"https:\/\/lesvolcansnews.net\/index.php?rest_route=\/wp\/v2\/media\/70122"}],"wp:attachment":[{"href":"https:\/\/lesvolcansnews.net\/index.php?rest_route=%2Fwp%2Fv2%2Fmedia&parent=70121"}],"wp:term":[{"taxonomy":"category","embeddable":true,"href":"https:\/\/lesvolcansnews.net\/index.php?rest_route=%2Fwp%2Fv2%2Fcategories&post=70121"},{"taxonomy":"post_tag","embeddable":true,"href":"https:\/\/lesvolcansnews.net\/index.php?rest_route=%2Fwp%2Fv2%2Ftags&post=70121"}],"curies":[{"name":"wp","href":"https:\/\/api.w.org\/{rel}","templated":true}]}}