{"id":70113,"date":"2025-10-12T09:56:52","date_gmt":"2025-10-12T07:56:52","guid":{"rendered":"https:\/\/lesvolcansnews.net\/2025\/10\/12\/nord-kivu-violents-affrontements-signales-a-masisi-entre-le-m23-et-les-wazalendo\/"},"modified":"2025-10-12T09:56:52","modified_gmt":"2025-10-12T07:56:52","slug":"nord-kivu-violents-affrontements-signales-a-masisi-entre-le-m23-et-les-wazalendo","status":"publish","type":"post","link":"https:\/\/lesvolcansnews.net\/?p=70113","title":{"rendered":"Nord-Kivu : Violents affrontements signal\u00e9s \u00e0 Masisi entre le M23 et les Wazalendo"},"content":{"rendered":"\n<p><br><br><strong>Des affrontements intenses ont \u00e9t\u00e9 signal\u00e9s ce dimanche 12 octobre \u00e0 partir d\u20191h du matin \u00e0 Nyabikeri, en chefferie des Bashali, dans le territoire de Masisi, province du Nord-Kivu.<\/strong><\/p>\n\n\n\n<p> Selon un journaliste pr\u00e9sent sur place, les combats opposent les rebelles du M23 au mouvement arm\u00e9 ANCDH, dirig\u00e9 par le G\u00e9n\u00e9ral Jean-Marie Bonane.<br><br>Nos sources locales \u00e9voquent un lourd bilan humain dans ces affrontements de grande envergure. Les combats se passent comme une riposte contre les assauts de ce groupe arm\u00e9.<br><br>Face \u00e0 l\u2019intensit\u00e9 des affrontements, de nombreux habitants ont pris la fuite vers Lukweti, Kosovo et d\u2019autres villages environnants. Plusieurs maisons ont \u00e9t\u00e9 incendi\u00e9es lors des r\u00e9centes op\u00e9rations militaires signal\u00e9es dans cette r\u00e9gion essentiellement agricole.<br><br>Par ailleurs, une situation similaire est en cours \u00e0 Mashango, dans le territoire de Rutshuru, o\u00f9 les rebelles du M23 s\u2019affrontent cette fois avec les \u00e9l\u00e9ments du CMC dirig\u00e9 par Dominique.<br><br>La r\u00e9daction <\/p>\n\n\n\n<p><\/p>\n","protected":false},"excerpt":{"rendered":"<p>Des affrontements intenses ont \u00e9t\u00e9 signal\u00e9s ce dimanche 12 octobre \u00e0 partir d\u20191h du matin \u00e0 Nyabikeri, en chefferie des Bashali, dans le territoire de Masisi, province du Nord-Kivu. Selon<\/p>\n","protected":false},"author":14,"featured_media":70112,"comment_status":"open","ping_status":"open","sticky":false,"template":"","format":"standard","meta":{"footnotes":""},"categories":[1],"tags":[],"class_list":["post-70113","post","type-post","status-publish","format-standard","has-post-thumbnail","hentry","category-actualite"],"yoast_head":"<!-- This site is optimized with the Yoast SEO plugin v27.3 - https:\/\/yoast.com\/product\/yoast-seo-wordpress\/ -->\n<title>Nord-Kivu : Violents affrontements signal\u00e9s \u00e0 Masisi entre le M23 et les Wazalendo - LES VOLCANS NEWS<\/title>\n<meta name=\"robots\" content=\"index, follow, max-snippet:-1, max-image-preview:large, max-video-preview:-1\" \/>\n<link rel=\"canonical\" href=\"https:\/\/lesvolcansnews.net\/?p=70113\" \/>\n<meta property=\"og:locale\" content=\"fr_FR\" \/>\n<meta property=\"og:type\" content=\"article\" \/>\n<meta property=\"og:title\" content=\"Nord-Kivu : Violents affrontements signal\u00e9s \u00e0 Masisi entre le M23 et les Wazalendo - LES VOLCANS NEWS\" \/>\n<meta property=\"og:description\" content=\"Des affrontements intenses ont \u00e9t\u00e9 signal\u00e9s ce dimanche 12 octobre \u00e0 partir d\u20191h du matin \u00e0 Nyabikeri, en chefferie des Bashali, dans le territoire de Masisi, province du Nord-Kivu. Selon\" \/>\n<meta property=\"og:url\" content=\"https:\/\/lesvolcansnews.net\/?p=70113\" \/>\n<meta property=\"og:site_name\" content=\"LES VOLCANS NEWS\" \/>\n<meta property=\"article:published_time\" content=\"2025-10-12T07:56:52+00:00\" \/>\n<meta property=\"og:image\" content=\"https:\/\/lesvolcansnews.net\/wp-content\/uploads\/2025\/10\/Polish_20251006_153139300.jpg\" \/>\n\t<meta property=\"og:image:width\" content=\"1080\" \/>\n\t<meta property=\"og:image:height\" content=\"720\" \/>\n\t<meta property=\"og:image:type\" content=\"image\/jpeg\" \/>\n<meta name=\"author\" content=\"R\u00e9daction - Les Volcans News\" \/>\n<meta name=\"twitter:card\" content=\"summary_large_image\" \/>\n<meta name=\"twitter:label1\" content=\"\u00c9crit par\" \/>\n\t<meta name=\"twitter:data1\" content=\"R\u00e9daction - Les Volcans News\" \/>\n\t<meta name=\"twitter:label2\" content=\"Dur\u00e9e de lecture estim\u00e9e\" \/>\n\t<meta name=\"twitter:data2\" content=\"1 minute\" \/>\n<script type=\"application\/ld+json\" class=\"yoast-schema-graph\">{\"@context\":\"https:\\\/\\\/schema.org\",\"@graph\":[{\"@type\":\"Article\",\"@id\":\"https:\\\/\\\/lesvolcansnews.net\\\/?p=70113#article\",\"isPartOf\":{\"@id\":\"https:\\\/\\\/lesvolcansnews.net\\\/?p=70113\"},\"author\":{\"name\":\"R\u00e9daction - Les Volcans News\",\"@id\":\"https:\\\/\\\/lesvolcansnews.net\\\/#\\\/schema\\\/person\\\/82c8bed2e77879ecf6cca63441f57354\"},\"headline\":\"Nord-Kivu : Violents affrontements signal\u00e9s \u00e0 Masisi entre le M23 et les Wazalendo\",\"datePublished\":\"2025-10-12T07:56:52+00:00\",\"mainEntityOfPage\":{\"@id\":\"https:\\\/\\\/lesvolcansnews.net\\\/?p=70113\"},\"wordCount\":170,\"commentCount\":0,\"image\":{\"@id\":\"https:\\\/\\\/lesvolcansnews.net\\\/?p=70113#primaryimage\"},\"thumbnailUrl\":\"https:\\\/\\\/lesvolcansnews.net\\\/wp-content\\\/uploads\\\/2025\\\/10\\\/Polish_20251006_153139300.jpg\",\"articleSection\":[\"ACTUALIT\u00c9\"],\"inLanguage\":\"fr-FR\",\"potentialAction\":[{\"@type\":\"CommentAction\",\"name\":\"Comment\",\"target\":[\"https:\\\/\\\/lesvolcansnews.net\\\/?p=70113#respond\"]}]},{\"@type\":\"WebPage\",\"@id\":\"https:\\\/\\\/lesvolcansnews.net\\\/?p=70113\",\"url\":\"https:\\\/\\\/lesvolcansnews.net\\\/?p=70113\",\"name\":\"Nord-Kivu : Violents affrontements signal\u00e9s \u00e0 Masisi entre le M23 et les Wazalendo - LES VOLCANS NEWS\",\"isPartOf\":{\"@id\":\"https:\\\/\\\/lesvolcansnews.net\\\/#website\"},\"primaryImageOfPage\":{\"@id\":\"https:\\\/\\\/lesvolcansnews.net\\\/?p=70113#primaryimage\"},\"image\":{\"@id\":\"https:\\\/\\\/lesvolcansnews.net\\\/?p=70113#primaryimage\"},\"thumbnailUrl\":\"https:\\\/\\\/lesvolcansnews.net\\\/wp-content\\\/uploads\\\/2025\\\/10\\\/Polish_20251006_153139300.jpg\",\"datePublished\":\"2025-10-12T07:56:52+00:00\",\"author\":{\"@id\":\"https:\\\/\\\/lesvolcansnews.net\\\/#\\\/schema\\\/person\\\/82c8bed2e77879ecf6cca63441f57354\"},\"breadcrumb\":{\"@id\":\"https:\\\/\\\/lesvolcansnews.net\\\/?p=70113#breadcrumb\"},\"inLanguage\":\"fr-FR\",\"potentialAction\":[{\"@type\":\"ReadAction\",\"target\":[\"https:\\\/\\\/lesvolcansnews.net\\\/?p=70113\"]}]},{\"@type\":\"ImageObject\",\"inLanguage\":\"fr-FR\",\"@id\":\"https:\\\/\\\/lesvolcansnews.net\\\/?p=70113#primaryimage\",\"url\":\"https:\\\/\\\/lesvolcansnews.net\\\/wp-content\\\/uploads\\\/2025\\\/10\\\/Polish_20251006_153139300.jpg\",\"contentUrl\":\"https:\\\/\\\/lesvolcansnews.net\\\/wp-content\\\/uploads\\\/2025\\\/10\\\/Polish_20251006_153139300.jpg\",\"width\":1080,\"height\":720},{\"@type\":\"BreadcrumbList\",\"@id\":\"https:\\\/\\\/lesvolcansnews.net\\\/?p=70113#breadcrumb\",\"itemListElement\":[{\"@type\":\"ListItem\",\"position\":1,\"name\":\"Accueil\",\"item\":\"https:\\\/\\\/lesvolcansnews.net\\\/\"},{\"@type\":\"ListItem\",\"position\":2,\"name\":\"Nord-Kivu : Violents affrontements signal\u00e9s \u00e0 Masisi entre le M23 et les Wazalendo\"}]},{\"@type\":\"WebSite\",\"@id\":\"https:\\\/\\\/lesvolcansnews.net\\\/#website\",\"url\":\"https:\\\/\\\/lesvolcansnews.net\\\/\",\"name\":\"LES VOLCANS NEWS\",\"description\":\"L&#039;INFORMATION C&#039;EST NOUS\",\"potentialAction\":[{\"@type\":\"SearchAction\",\"target\":{\"@type\":\"EntryPoint\",\"urlTemplate\":\"https:\\\/\\\/lesvolcansnews.net\\\/?s={search_term_string}\"},\"query-input\":{\"@type\":\"PropertyValueSpecification\",\"valueRequired\":true,\"valueName\":\"search_term_string\"}}],\"inLanguage\":\"fr-FR\"},{\"@type\":\"Person\",\"@id\":\"https:\\\/\\\/lesvolcansnews.net\\\/#\\\/schema\\\/person\\\/82c8bed2e77879ecf6cca63441f57354\",\"name\":\"R\u00e9daction - Les Volcans News\",\"image\":{\"@type\":\"ImageObject\",\"inLanguage\":\"fr-FR\",\"@id\":\"https:\\\/\\\/secure.gravatar.com\\\/avatar\\\/8408942dd851e8a9c09f3d382a661bc05d2b3cd9002139bc1795b9528cdc6c80?s=96&d=mm&r=g\",\"url\":\"https:\\\/\\\/secure.gravatar.com\\\/avatar\\\/8408942dd851e8a9c09f3d382a661bc05d2b3cd9002139bc1795b9528cdc6c80?s=96&d=mm&r=g\",\"contentUrl\":\"https:\\\/\\\/secure.gravatar.com\\\/avatar\\\/8408942dd851e8a9c09f3d382a661bc05d2b3cd9002139bc1795b9528cdc6c80?s=96&d=mm&r=g\",\"caption\":\"R\u00e9daction - Les Volcans News\"},\"url\":\"https:\\\/\\\/lesvolcansnews.net\\\/?author=14\"}]}<\/script>\n<!-- \/ Yoast SEO plugin. -->","yoast_head_json":{"title":"Nord-Kivu : Violents affrontements signal\u00e9s \u00e0 Masisi entre le M23 et les Wazalendo - LES VOLCANS NEWS","robots":{"index":"index","follow":"follow","max-snippet":"max-snippet:-1","max-image-preview":"max-image-preview:large","max-video-preview":"max-video-preview:-1"},"canonical":"https:\/\/lesvolcansnews.net\/?p=70113","og_locale":"fr_FR","og_type":"article","og_title":"Nord-Kivu : Violents affrontements signal\u00e9s \u00e0 Masisi entre le M23 et les Wazalendo - LES VOLCANS NEWS","og_description":"Des affrontements intenses ont \u00e9t\u00e9 signal\u00e9s ce dimanche 12 octobre \u00e0 partir d\u20191h du matin \u00e0 Nyabikeri, en chefferie des Bashali, dans le territoire de Masisi, province du Nord-Kivu. Selon","og_url":"https:\/\/lesvolcansnews.net\/?p=70113","og_site_name":"LES VOLCANS NEWS","article_published_time":"2025-10-12T07:56:52+00:00","og_image":[{"width":1080,"height":720,"url":"https:\/\/lesvolcansnews.net\/wp-content\/uploads\/2025\/10\/Polish_20251006_153139300.jpg","type":"image\/jpeg"}],"author":"R\u00e9daction - Les Volcans News","twitter_card":"summary_large_image","twitter_misc":{"\u00c9crit par":"R\u00e9daction - Les Volcans News","Dur\u00e9e de lecture estim\u00e9e":"1 minute"},"schema":{"@context":"https:\/\/schema.org","@graph":[{"@type":"Article","@id":"https:\/\/lesvolcansnews.net\/?p=70113#article","isPartOf":{"@id":"https:\/\/lesvolcansnews.net\/?p=70113"},"author":{"name":"R\u00e9daction - Les Volcans News","@id":"https:\/\/lesvolcansnews.net\/#\/schema\/person\/82c8bed2e77879ecf6cca63441f57354"},"headline":"Nord-Kivu : Violents affrontements signal\u00e9s \u00e0 Masisi entre le M23 et les Wazalendo","datePublished":"2025-10-12T07:56:52+00:00","mainEntityOfPage":{"@id":"https:\/\/lesvolcansnews.net\/?p=70113"},"wordCount":170,"commentCount":0,"image":{"@id":"https:\/\/lesvolcansnews.net\/?p=70113#primaryimage"},"thumbnailUrl":"https:\/\/lesvolcansnews.net\/wp-content\/uploads\/2025\/10\/Polish_20251006_153139300.jpg","articleSection":["ACTUALIT\u00c9"],"inLanguage":"fr-FR","potentialAction":[{"@type":"CommentAction","name":"Comment","target":["https:\/\/lesvolcansnews.net\/?p=70113#respond"]}]},{"@type":"WebPage","@id":"https:\/\/lesvolcansnews.net\/?p=70113","url":"https:\/\/lesvolcansnews.net\/?p=70113","name":"Nord-Kivu : Violents affrontements signal\u00e9s \u00e0 Masisi entre le M23 et les Wazalendo - LES VOLCANS NEWS","isPartOf":{"@id":"https:\/\/lesvolcansnews.net\/#website"},"primaryImageOfPage":{"@id":"https:\/\/lesvolcansnews.net\/?p=70113#primaryimage"},"image":{"@id":"https:\/\/lesvolcansnews.net\/?p=70113#primaryimage"},"thumbnailUrl":"https:\/\/lesvolcansnews.net\/wp-content\/uploads\/2025\/10\/Polish_20251006_153139300.jpg","datePublished":"2025-10-12T07:56:52+00:00","author":{"@id":"https:\/\/lesvolcansnews.net\/#\/schema\/person\/82c8bed2e77879ecf6cca63441f57354"},"breadcrumb":{"@id":"https:\/\/lesvolcansnews.net\/?p=70113#breadcrumb"},"inLanguage":"fr-FR","potentialAction":[{"@type":"ReadAction","target":["https:\/\/lesvolcansnews.net\/?p=70113"]}]},{"@type":"ImageObject","inLanguage":"fr-FR","@id":"https:\/\/lesvolcansnews.net\/?p=70113#primaryimage","url":"https:\/\/lesvolcansnews.net\/wp-content\/uploads\/2025\/10\/Polish_20251006_153139300.jpg","contentUrl":"https:\/\/lesvolcansnews.net\/wp-content\/uploads\/2025\/10\/Polish_20251006_153139300.jpg","width":1080,"height":720},{"@type":"BreadcrumbList","@id":"https:\/\/lesvolcansnews.net\/?p=70113#breadcrumb","itemListElement":[{"@type":"ListItem","position":1,"name":"Accueil","item":"https:\/\/lesvolcansnews.net\/"},{"@type":"ListItem","position":2,"name":"Nord-Kivu : Violents affrontements signal\u00e9s \u00e0 Masisi entre le M23 et les Wazalendo"}]},{"@type":"WebSite","@id":"https:\/\/lesvolcansnews.net\/#website","url":"https:\/\/lesvolcansnews.net\/","name":"LES VOLCANS NEWS","description":"L&#039;INFORMATION C&#039;EST NOUS","potentialAction":[{"@type":"SearchAction","target":{"@type":"EntryPoint","urlTemplate":"https:\/\/lesvolcansnews.net\/?s={search_term_string}"},"query-input":{"@type":"PropertyValueSpecification","valueRequired":true,"valueName":"search_term_string"}}],"inLanguage":"fr-FR"},{"@type":"Person","@id":"https:\/\/lesvolcansnews.net\/#\/schema\/person\/82c8bed2e77879ecf6cca63441f57354","name":"R\u00e9daction - Les Volcans News","image":{"@type":"ImageObject","inLanguage":"fr-FR","@id":"https:\/\/secure.gravatar.com\/avatar\/8408942dd851e8a9c09f3d382a661bc05d2b3cd9002139bc1795b9528cdc6c80?s=96&d=mm&r=g","url":"https:\/\/secure.gravatar.com\/avatar\/8408942dd851e8a9c09f3d382a661bc05d2b3cd9002139bc1795b9528cdc6c80?s=96&d=mm&r=g","contentUrl":"https:\/\/secure.gravatar.com\/avatar\/8408942dd851e8a9c09f3d382a661bc05d2b3cd9002139bc1795b9528cdc6c80?s=96&d=mm&r=g","caption":"R\u00e9daction - Les Volcans News"},"url":"https:\/\/lesvolcansnews.net\/?author=14"}]}},"_links":{"self":[{"href":"https:\/\/lesvolcansnews.net\/index.php?rest_route=\/wp\/v2\/posts\/70113","targetHints":{"allow":["GET"]}}],"collection":[{"href":"https:\/\/lesvolcansnews.net\/index.php?rest_route=\/wp\/v2\/posts"}],"about":[{"href":"https:\/\/lesvolcansnews.net\/index.php?rest_route=\/wp\/v2\/types\/post"}],"author":[{"embeddable":true,"href":"https:\/\/lesvolcansnews.net\/index.php?rest_route=\/wp\/v2\/users\/14"}],"replies":[{"embeddable":true,"href":"https:\/\/lesvolcansnews.net\/index.php?rest_route=%2Fwp%2Fv2%2Fcomments&post=70113"}],"version-history":[{"count":0,"href":"https:\/\/lesvolcansnews.net\/index.php?rest_route=\/wp\/v2\/posts\/70113\/revisions"}],"wp:featuredmedia":[{"embeddable":true,"href":"https:\/\/lesvolcansnews.net\/index.php?rest_route=\/wp\/v2\/media\/70112"}],"wp:attachment":[{"href":"https:\/\/lesvolcansnews.net\/index.php?rest_route=%2Fwp%2Fv2%2Fmedia&parent=70113"}],"wp:term":[{"taxonomy":"category","embeddable":true,"href":"https:\/\/lesvolcansnews.net\/index.php?rest_route=%2Fwp%2Fv2%2Fcategories&post=70113"},{"taxonomy":"post_tag","embeddable":true,"href":"https:\/\/lesvolcansnews.net\/index.php?rest_route=%2Fwp%2Fv2%2Ftags&post=70113"}],"curies":[{"name":"wp","href":"https:\/\/api.w.org\/{rel}","templated":true}]}}