{"id":70110,"date":"2025-10-11T22:53:52","date_gmt":"2025-10-11T20:53:52","guid":{"rendered":"https:\/\/lesvolcansnews.net\/2025\/10\/11\/kongo-central-victor-nsuami-elu-president-de-lassemblee-provinciale-promet-un-veritable-espace-de-debat-democratique\/"},"modified":"2025-10-11T22:53:52","modified_gmt":"2025-10-11T20:53:52","slug":"kongo-central-victor-nsuami-elu-president-de-lassemblee-provinciale-promet-un-veritable-espace-de-debat-democratique","status":"publish","type":"post","link":"https:\/\/lesvolcansnews.net\/?p=70110","title":{"rendered":"Kongo Central: Victor Nsuami \u00e9lu pr\u00e9sident de l\u2019Assembl\u00e9e provinciale , promet un &#8220;v\u00e9ritable espace de d\u00e9bat d\u00e9mocratique&#8221;"},"content":{"rendered":"\n<p><strong>Le nouveau pr\u00e9sident de l&#8217;Assembl\u00e9e provinciale du Kongo Central, dans le Sud-ouest de la R\u00e9publique d\u00e9mocratique du Congo, s&#8217;est engag\u00e9 \u00e0 faire de cet organe d\u00e9lib\u00e9rant provincial &#8220;un v\u00e9ritable espace de d\u00e9bat d\u00e9mocratique et de contr\u00f4le parlementaire&#8221;, dans le cadre d&#8217;une collaboration loyale, dans un discours prononc\u00e9 samedi, \u00e0 l&#8217;issue de son \u00e9lection.<\/strong><\/p>\n\n\n\n<p>&#8220;Notre mandat est bas\u00e9 sur la collaboration harmonieuse entre le bureau et les honorables d\u00e9put\u00e9s, dans le respect strict de la loi et du r\u00e8glement int\u00e9rieur.<br \/>Ainsi, notre institution sera un v\u00e9ritable espace de d\u00e9bat d\u00e9mocratique et de contr\u00f4le parlementaire&#8221;, a d\u00e9clar\u00e9 Victor Nsuami, nouveau pr\u00e9sident de l&#8217;Assembl\u00e9e provinciale du Kongo Central.<\/p>\n\n\n\n<p>&#8220;Je tiens \u00e0 vous rappeler que je ne serai pas le pr\u00e9sident d&#8217;un camp contre un autre, mais le pr\u00e9sident de l&#8217;ensemble des d\u00e9put\u00e9s qui composent notre institution.<br>Aussi, je ne d\u00e9baucherai jamais un quelconque d\u00e9put\u00e9 ; chacun va servir son parti politique de provenance.Cette collaboration loyale sera aussi effective avec le gouvernement provincial, mais dans le cadre clair de travail r\u00e9publicain et non du copinage&#8221;, a-t-il ajout\u00e9.<\/p>\n\n\n\n<p>#RDC : Le d\u00e9put\u00e9 provincial Victor Nsuami&nbsp; a \u00e9t\u00e9 \u00e9lu pr\u00e9sident du bureau d\u00e9finitif de l\u2019Assembl\u00e9e provinciale du Kongo Central, dans le sud-ouest de la R\u00e9publique d\u00e9mocratique du Congo, \u00e0 l\u2019issue du vote organis\u00e9 samedi dans la salle polyvalente de la mairie de Matadi,Le vote pour l\u2019\u00e9lection des membres du bureau d\u00e9finitif de l\u2019Assembl\u00e9e provinciale du Kongo Central, dans le sud- ouest de la R\u00e9publique Dominicaine R\u00e9publique d\u00e9mocratique du Congo, a pris fin&nbsp; samedi dans la salle polyvalente de la mairie de Matadi.<br \/>Juste apr\u00e8s la cl\u00f4ture du scrutin, la salle de vote a \u00e9t\u00e9 aussit\u00f4t transform\u00e9e en centre de d\u00e9pouillement.<\/p>\n\n\n\n<p>Sous la supervision de la Commission \u00e9lectorale nationale ind\u00e9pendante (Ceni) et des membres du bureau d\u2019\u00e2ge, les op\u00e9rations de comptage des bulletins se d\u00e9roulent en pr\u00e9sence des candidats, dans un climat de transparence et de s\u00e9r\u00e9nit\u00e9<\/p>\n\n\n\n<p>Sur un total de 38 votants, l\u2019\u00e9lu de Matadi, candidat unique au poste de pr\u00e9sident, a obtenu 35 voix, s\u2019imposant ainsi \u00e0 la t\u00eate de l\u2019organe d\u00e9lib\u00e9rant provincial.Papy Mantezolo&nbsp; et Joseph Nsalambi, respectivement ancien pr\u00e9sident et vice-pr\u00e9sident de l\u2019Assembl\u00e9e provinciale du Kongo Central, dans le sud-ouest de la R\u00e9publique d\u00e9mocratique du Congo, d\u00e9chus le 7 octobre, ont pris part samedi \u00e0 la s\u00e9ance pl\u00e9ni\u00e8re consacr\u00e9e \u00e0 l\u2019\u00e9lection et \u00e0 l\u2019installation du nouveau bureau de cet organe l\u00e9gislatif.<\/p>\n\n\n\n<p>la pl\u00e9ni\u00e8re consacr\u00e9e \u00e0 l\u2019\u00e9lection des membres du bureau d\u00e9finitif de l\u2019Assembl\u00e9e provinciale du Kongo Central, dans le sud-ouest de la R\u00e9publique d\u00e9mocratique du Congo, a d\u00e9but\u00e9 samedi dans la salle polyvalente de la mairie de Matadi.<\/p>\n\n\n\n<p>Pr\u00e9sid\u00e9e par le bureau d\u2019\u00e2ge, cette s\u00e9ance marque l\u2019\u00e9tape finale du processus enclench\u00e9 depuis plusieurs jours par la commission sp\u00e9ciale et temporaire, appuy\u00e9e par l\u2019\u00e9quipe de la Commission \u00e9lectorale nationale ind\u00e9pendante (C\u00e9ni) d\u00e9ploy\u00e9e pour encadrer le scrutin.<\/p>\n\n\n\n<p>Trente-huit d\u00e9put\u00e9s provinciaux sont pr\u00e9sents dans la salle pour \u00e9lire le bureau qui sera compos\u00e9 d&#8217;un pr\u00e9sident, d&#8217;un vice-pr\u00e9sident, d&#8217;un rapporteur, d&#8217;un rapporteur adjoint et d&#8217;un questeur.<br \/>Pr\u00e9sid\u00e9e par le bureau d\u2019\u00e2ge, cette s\u00e9ance marque l\u2019\u00e9tape finale du processus enclench\u00e9 depuis plusieurs jours par la commission sp\u00e9ciale et temporaire, appuy\u00e9e par l\u2019\u00e9quipe de la Commission \u00e9lectorale nationale ind\u00e9pendante (C\u00e9ni) d\u00e9ploy\u00e9e pour encadrer le scrutin.<\/p>\n\n\n\n<p>Trente-huit d\u00e9put\u00e9s provinciaux sont pr\u00e9sents dans la salle pour \u00e9lire le bureau qui sera compos\u00e9 d&#8217;un pr\u00e9sident, d&#8217;un vice-pr\u00e9sident, d&#8217;un rapporteur, d&#8217;un rapporteur adjoint et d&#8217;un questeur.<\/p>\n\n\n\n<p>La r\u00e9daction <\/p>\n","protected":false},"excerpt":{"rendered":"<p>Le nouveau pr\u00e9sident de l&#8217;Assembl\u00e9e provinciale du Kongo Central, dans le Sud-ouest de la R\u00e9publique d\u00e9mocratique du Congo, s&#8217;est engag\u00e9 \u00e0 faire de cet organe d\u00e9lib\u00e9rant provincial &#8220;un v\u00e9ritable espace<\/p>\n","protected":false},"author":14,"featured_media":70109,"comment_status":"open","ping_status":"open","sticky":false,"template":"","format":"standard","meta":{"footnotes":""},"categories":[27],"tags":[],"class_list":["post-70110","post","type-post","status-publish","format-standard","has-post-thumbnail","hentry","category-politique"],"yoast_head":"<!-- This site is optimized with the Yoast SEO plugin v27.3 - https:\/\/yoast.com\/product\/yoast-seo-wordpress\/ -->\n<title>Kongo Central: Victor Nsuami \u00e9lu pr\u00e9sident de l\u2019Assembl\u00e9e provinciale , promet un &quot;v\u00e9ritable espace de d\u00e9bat d\u00e9mocratique&quot; - LES VOLCANS NEWS<\/title>\n<meta name=\"robots\" content=\"index, follow, max-snippet:-1, max-image-preview:large, max-video-preview:-1\" \/>\n<link rel=\"canonical\" href=\"https:\/\/lesvolcansnews.net\/?p=70110\" \/>\n<meta property=\"og:locale\" content=\"fr_FR\" \/>\n<meta property=\"og:type\" content=\"article\" \/>\n<meta property=\"og:title\" content=\"Kongo Central: Victor Nsuami \u00e9lu pr\u00e9sident de l\u2019Assembl\u00e9e provinciale , promet un &quot;v\u00e9ritable espace de d\u00e9bat d\u00e9mocratique&quot; - LES VOLCANS NEWS\" \/>\n<meta property=\"og:description\" content=\"Le nouveau pr\u00e9sident de l&#8217;Assembl\u00e9e provinciale du Kongo Central, dans le Sud-ouest de la R\u00e9publique d\u00e9mocratique du Congo, s&#8217;est engag\u00e9 \u00e0 faire de cet organe d\u00e9lib\u00e9rant provincial &#8220;un v\u00e9ritable espace\" \/>\n<meta property=\"og:url\" content=\"https:\/\/lesvolcansnews.net\/?p=70110\" \/>\n<meta property=\"og:site_name\" content=\"LES VOLCANS NEWS\" \/>\n<meta property=\"article:published_time\" content=\"2025-10-11T20:53:52+00:00\" \/>\n<meta property=\"og:image\" content=\"https:\/\/lesvolcansnews.net\/wp-content\/uploads\/2025\/10\/20251011_215244.jpg\" \/>\n\t<meta property=\"og:image:width\" content=\"1080\" \/>\n\t<meta property=\"og:image:height\" content=\"720\" \/>\n\t<meta property=\"og:image:type\" content=\"image\/jpeg\" \/>\n<meta name=\"author\" content=\"R\u00e9daction - Les Volcans News\" \/>\n<meta name=\"twitter:card\" content=\"summary_large_image\" \/>\n<meta name=\"twitter:label1\" content=\"\u00c9crit par\" \/>\n\t<meta name=\"twitter:data1\" content=\"R\u00e9daction - Les Volcans News\" \/>\n\t<meta name=\"twitter:label2\" content=\"Dur\u00e9e de lecture estim\u00e9e\" \/>\n\t<meta name=\"twitter:data2\" content=\"3 minutes\" \/>\n<script type=\"application\/ld+json\" class=\"yoast-schema-graph\">{\"@context\":\"https:\\\/\\\/schema.org\",\"@graph\":[{\"@type\":\"Article\",\"@id\":\"https:\\\/\\\/lesvolcansnews.net\\\/?p=70110#article\",\"isPartOf\":{\"@id\":\"https:\\\/\\\/lesvolcansnews.net\\\/?p=70110\"},\"author\":{\"name\":\"R\u00e9daction - Les Volcans News\",\"@id\":\"https:\\\/\\\/lesvolcansnews.net\\\/#\\\/schema\\\/person\\\/82c8bed2e77879ecf6cca63441f57354\"},\"headline\":\"Kongo Central: Victor Nsuami \u00e9lu pr\u00e9sident de l\u2019Assembl\u00e9e provinciale , promet un &#8220;v\u00e9ritable espace de d\u00e9bat d\u00e9mocratique&#8221;\",\"datePublished\":\"2025-10-11T20:53:52+00:00\",\"mainEntityOfPage\":{\"@id\":\"https:\\\/\\\/lesvolcansnews.net\\\/?p=70110\"},\"wordCount\":706,\"commentCount\":0,\"image\":{\"@id\":\"https:\\\/\\\/lesvolcansnews.net\\\/?p=70110#primaryimage\"},\"thumbnailUrl\":\"https:\\\/\\\/lesvolcansnews.net\\\/wp-content\\\/uploads\\\/2025\\\/10\\\/20251011_215244.jpg\",\"articleSection\":[\"POLITIQUE\"],\"inLanguage\":\"fr-FR\",\"potentialAction\":[{\"@type\":\"CommentAction\",\"name\":\"Comment\",\"target\":[\"https:\\\/\\\/lesvolcansnews.net\\\/?p=70110#respond\"]}]},{\"@type\":\"WebPage\",\"@id\":\"https:\\\/\\\/lesvolcansnews.net\\\/?p=70110\",\"url\":\"https:\\\/\\\/lesvolcansnews.net\\\/?p=70110\",\"name\":\"Kongo Central: Victor Nsuami \u00e9lu pr\u00e9sident de l\u2019Assembl\u00e9e provinciale , promet un \\\"v\u00e9ritable espace de d\u00e9bat d\u00e9mocratique\\\" - LES VOLCANS NEWS\",\"isPartOf\":{\"@id\":\"https:\\\/\\\/lesvolcansnews.net\\\/#website\"},\"primaryImageOfPage\":{\"@id\":\"https:\\\/\\\/lesvolcansnews.net\\\/?p=70110#primaryimage\"},\"image\":{\"@id\":\"https:\\\/\\\/lesvolcansnews.net\\\/?p=70110#primaryimage\"},\"thumbnailUrl\":\"https:\\\/\\\/lesvolcansnews.net\\\/wp-content\\\/uploads\\\/2025\\\/10\\\/20251011_215244.jpg\",\"datePublished\":\"2025-10-11T20:53:52+00:00\",\"author\":{\"@id\":\"https:\\\/\\\/lesvolcansnews.net\\\/#\\\/schema\\\/person\\\/82c8bed2e77879ecf6cca63441f57354\"},\"breadcrumb\":{\"@id\":\"https:\\\/\\\/lesvolcansnews.net\\\/?p=70110#breadcrumb\"},\"inLanguage\":\"fr-FR\",\"potentialAction\":[{\"@type\":\"ReadAction\",\"target\":[\"https:\\\/\\\/lesvolcansnews.net\\\/?p=70110\"]}]},{\"@type\":\"ImageObject\",\"inLanguage\":\"fr-FR\",\"@id\":\"https:\\\/\\\/lesvolcansnews.net\\\/?p=70110#primaryimage\",\"url\":\"https:\\\/\\\/lesvolcansnews.net\\\/wp-content\\\/uploads\\\/2025\\\/10\\\/20251011_215244.jpg\",\"contentUrl\":\"https:\\\/\\\/lesvolcansnews.net\\\/wp-content\\\/uploads\\\/2025\\\/10\\\/20251011_215244.jpg\",\"width\":1080,\"height\":720},{\"@type\":\"BreadcrumbList\",\"@id\":\"https:\\\/\\\/lesvolcansnews.net\\\/?p=70110#breadcrumb\",\"itemListElement\":[{\"@type\":\"ListItem\",\"position\":1,\"name\":\"Accueil\",\"item\":\"https:\\\/\\\/lesvolcansnews.net\\\/\"},{\"@type\":\"ListItem\",\"position\":2,\"name\":\"Kongo Central: Victor Nsuami \u00e9lu pr\u00e9sident de l\u2019Assembl\u00e9e provinciale , promet un &#8220;v\u00e9ritable espace de d\u00e9bat d\u00e9mocratique&#8221;\"}]},{\"@type\":\"WebSite\",\"@id\":\"https:\\\/\\\/lesvolcansnews.net\\\/#website\",\"url\":\"https:\\\/\\\/lesvolcansnews.net\\\/\",\"name\":\"LES VOLCANS NEWS\",\"description\":\"L&#039;INFORMATION C&#039;EST NOUS\",\"potentialAction\":[{\"@type\":\"SearchAction\",\"target\":{\"@type\":\"EntryPoint\",\"urlTemplate\":\"https:\\\/\\\/lesvolcansnews.net\\\/?s={search_term_string}\"},\"query-input\":{\"@type\":\"PropertyValueSpecification\",\"valueRequired\":true,\"valueName\":\"search_term_string\"}}],\"inLanguage\":\"fr-FR\"},{\"@type\":\"Person\",\"@id\":\"https:\\\/\\\/lesvolcansnews.net\\\/#\\\/schema\\\/person\\\/82c8bed2e77879ecf6cca63441f57354\",\"name\":\"R\u00e9daction - Les Volcans News\",\"image\":{\"@type\":\"ImageObject\",\"inLanguage\":\"fr-FR\",\"@id\":\"https:\\\/\\\/secure.gravatar.com\\\/avatar\\\/8408942dd851e8a9c09f3d382a661bc05d2b3cd9002139bc1795b9528cdc6c80?s=96&d=mm&r=g\",\"url\":\"https:\\\/\\\/secure.gravatar.com\\\/avatar\\\/8408942dd851e8a9c09f3d382a661bc05d2b3cd9002139bc1795b9528cdc6c80?s=96&d=mm&r=g\",\"contentUrl\":\"https:\\\/\\\/secure.gravatar.com\\\/avatar\\\/8408942dd851e8a9c09f3d382a661bc05d2b3cd9002139bc1795b9528cdc6c80?s=96&d=mm&r=g\",\"caption\":\"R\u00e9daction - Les Volcans News\"},\"url\":\"https:\\\/\\\/lesvolcansnews.net\\\/?author=14\"}]}<\/script>\n<!-- \/ Yoast SEO plugin. -->","yoast_head_json":{"title":"Kongo Central: Victor Nsuami \u00e9lu pr\u00e9sident de l\u2019Assembl\u00e9e provinciale , promet un \"v\u00e9ritable espace de d\u00e9bat d\u00e9mocratique\" - LES VOLCANS NEWS","robots":{"index":"index","follow":"follow","max-snippet":"max-snippet:-1","max-image-preview":"max-image-preview:large","max-video-preview":"max-video-preview:-1"},"canonical":"https:\/\/lesvolcansnews.net\/?p=70110","og_locale":"fr_FR","og_type":"article","og_title":"Kongo Central: Victor Nsuami \u00e9lu pr\u00e9sident de l\u2019Assembl\u00e9e provinciale , promet un \"v\u00e9ritable espace de d\u00e9bat d\u00e9mocratique\" - LES VOLCANS NEWS","og_description":"Le nouveau pr\u00e9sident de l&#8217;Assembl\u00e9e provinciale du Kongo Central, dans le Sud-ouest de la R\u00e9publique d\u00e9mocratique du Congo, s&#8217;est engag\u00e9 \u00e0 faire de cet organe d\u00e9lib\u00e9rant provincial &#8220;un v\u00e9ritable espace","og_url":"https:\/\/lesvolcansnews.net\/?p=70110","og_site_name":"LES VOLCANS NEWS","article_published_time":"2025-10-11T20:53:52+00:00","og_image":[{"width":1080,"height":720,"url":"https:\/\/lesvolcansnews.net\/wp-content\/uploads\/2025\/10\/20251011_215244.jpg","type":"image\/jpeg"}],"author":"R\u00e9daction - Les Volcans News","twitter_card":"summary_large_image","twitter_misc":{"\u00c9crit par":"R\u00e9daction - Les Volcans News","Dur\u00e9e de lecture estim\u00e9e":"3 minutes"},"schema":{"@context":"https:\/\/schema.org","@graph":[{"@type":"Article","@id":"https:\/\/lesvolcansnews.net\/?p=70110#article","isPartOf":{"@id":"https:\/\/lesvolcansnews.net\/?p=70110"},"author":{"name":"R\u00e9daction - Les Volcans News","@id":"https:\/\/lesvolcansnews.net\/#\/schema\/person\/82c8bed2e77879ecf6cca63441f57354"},"headline":"Kongo Central: Victor Nsuami \u00e9lu pr\u00e9sident de l\u2019Assembl\u00e9e provinciale , promet un &#8220;v\u00e9ritable espace de d\u00e9bat d\u00e9mocratique&#8221;","datePublished":"2025-10-11T20:53:52+00:00","mainEntityOfPage":{"@id":"https:\/\/lesvolcansnews.net\/?p=70110"},"wordCount":706,"commentCount":0,"image":{"@id":"https:\/\/lesvolcansnews.net\/?p=70110#primaryimage"},"thumbnailUrl":"https:\/\/lesvolcansnews.net\/wp-content\/uploads\/2025\/10\/20251011_215244.jpg","articleSection":["POLITIQUE"],"inLanguage":"fr-FR","potentialAction":[{"@type":"CommentAction","name":"Comment","target":["https:\/\/lesvolcansnews.net\/?p=70110#respond"]}]},{"@type":"WebPage","@id":"https:\/\/lesvolcansnews.net\/?p=70110","url":"https:\/\/lesvolcansnews.net\/?p=70110","name":"Kongo Central: Victor Nsuami \u00e9lu pr\u00e9sident de l\u2019Assembl\u00e9e provinciale , promet un \"v\u00e9ritable espace de d\u00e9bat d\u00e9mocratique\" - LES VOLCANS NEWS","isPartOf":{"@id":"https:\/\/lesvolcansnews.net\/#website"},"primaryImageOfPage":{"@id":"https:\/\/lesvolcansnews.net\/?p=70110#primaryimage"},"image":{"@id":"https:\/\/lesvolcansnews.net\/?p=70110#primaryimage"},"thumbnailUrl":"https:\/\/lesvolcansnews.net\/wp-content\/uploads\/2025\/10\/20251011_215244.jpg","datePublished":"2025-10-11T20:53:52+00:00","author":{"@id":"https:\/\/lesvolcansnews.net\/#\/schema\/person\/82c8bed2e77879ecf6cca63441f57354"},"breadcrumb":{"@id":"https:\/\/lesvolcansnews.net\/?p=70110#breadcrumb"},"inLanguage":"fr-FR","potentialAction":[{"@type":"ReadAction","target":["https:\/\/lesvolcansnews.net\/?p=70110"]}]},{"@type":"ImageObject","inLanguage":"fr-FR","@id":"https:\/\/lesvolcansnews.net\/?p=70110#primaryimage","url":"https:\/\/lesvolcansnews.net\/wp-content\/uploads\/2025\/10\/20251011_215244.jpg","contentUrl":"https:\/\/lesvolcansnews.net\/wp-content\/uploads\/2025\/10\/20251011_215244.jpg","width":1080,"height":720},{"@type":"BreadcrumbList","@id":"https:\/\/lesvolcansnews.net\/?p=70110#breadcrumb","itemListElement":[{"@type":"ListItem","position":1,"name":"Accueil","item":"https:\/\/lesvolcansnews.net\/"},{"@type":"ListItem","position":2,"name":"Kongo Central: Victor Nsuami \u00e9lu pr\u00e9sident de l\u2019Assembl\u00e9e provinciale , promet un &#8220;v\u00e9ritable espace de d\u00e9bat d\u00e9mocratique&#8221;"}]},{"@type":"WebSite","@id":"https:\/\/lesvolcansnews.net\/#website","url":"https:\/\/lesvolcansnews.net\/","name":"LES VOLCANS NEWS","description":"L&#039;INFORMATION C&#039;EST NOUS","potentialAction":[{"@type":"SearchAction","target":{"@type":"EntryPoint","urlTemplate":"https:\/\/lesvolcansnews.net\/?s={search_term_string}"},"query-input":{"@type":"PropertyValueSpecification","valueRequired":true,"valueName":"search_term_string"}}],"inLanguage":"fr-FR"},{"@type":"Person","@id":"https:\/\/lesvolcansnews.net\/#\/schema\/person\/82c8bed2e77879ecf6cca63441f57354","name":"R\u00e9daction - Les Volcans News","image":{"@type":"ImageObject","inLanguage":"fr-FR","@id":"https:\/\/secure.gravatar.com\/avatar\/8408942dd851e8a9c09f3d382a661bc05d2b3cd9002139bc1795b9528cdc6c80?s=96&d=mm&r=g","url":"https:\/\/secure.gravatar.com\/avatar\/8408942dd851e8a9c09f3d382a661bc05d2b3cd9002139bc1795b9528cdc6c80?s=96&d=mm&r=g","contentUrl":"https:\/\/secure.gravatar.com\/avatar\/8408942dd851e8a9c09f3d382a661bc05d2b3cd9002139bc1795b9528cdc6c80?s=96&d=mm&r=g","caption":"R\u00e9daction - Les Volcans News"},"url":"https:\/\/lesvolcansnews.net\/?author=14"}]}},"_links":{"self":[{"href":"https:\/\/lesvolcansnews.net\/index.php?rest_route=\/wp\/v2\/posts\/70110","targetHints":{"allow":["GET"]}}],"collection":[{"href":"https:\/\/lesvolcansnews.net\/index.php?rest_route=\/wp\/v2\/posts"}],"about":[{"href":"https:\/\/lesvolcansnews.net\/index.php?rest_route=\/wp\/v2\/types\/post"}],"author":[{"embeddable":true,"href":"https:\/\/lesvolcansnews.net\/index.php?rest_route=\/wp\/v2\/users\/14"}],"replies":[{"embeddable":true,"href":"https:\/\/lesvolcansnews.net\/index.php?rest_route=%2Fwp%2Fv2%2Fcomments&post=70110"}],"version-history":[{"count":0,"href":"https:\/\/lesvolcansnews.net\/index.php?rest_route=\/wp\/v2\/posts\/70110\/revisions"}],"wp:featuredmedia":[{"embeddable":true,"href":"https:\/\/lesvolcansnews.net\/index.php?rest_route=\/wp\/v2\/media\/70109"}],"wp:attachment":[{"href":"https:\/\/lesvolcansnews.net\/index.php?rest_route=%2Fwp%2Fv2%2Fmedia&parent=70110"}],"wp:term":[{"taxonomy":"category","embeddable":true,"href":"https:\/\/lesvolcansnews.net\/index.php?rest_route=%2Fwp%2Fv2%2Fcategories&post=70110"},{"taxonomy":"post_tag","embeddable":true,"href":"https:\/\/lesvolcansnews.net\/index.php?rest_route=%2Fwp%2Fv2%2Ftags&post=70110"}],"curies":[{"name":"wp","href":"https:\/\/api.w.org\/{rel}","templated":true}]}}