{"id":70040,"date":"2025-10-08T08:13:46","date_gmt":"2025-10-08T06:13:46","guid":{"rendered":"https:\/\/lesvolcansnews.net\/?p=70040"},"modified":"2025-10-08T08:13:46","modified_gmt":"2025-10-08T06:13:46","slug":"ituri-satisfecit-du-chef-de-la-division-des-mines-apres-la-levee-de-la-suspension-des-activites-minieres-par-le-ministre-louis-watum","status":"publish","type":"post","link":"https:\/\/lesvolcansnews.net\/?p=70040","title":{"rendered":"Ituri : satisfecit du chef de la division des mines apr\u00e8s la lev\u00e9e de la suspension des activit\u00e9s mini\u00e8res par le ministre Louis Watum"},"content":{"rendered":"<p><strong>Au lendemain de la lev\u00e9e de la suspension des activit\u00e9s mini\u00e8res dans le territoire de Djugu et Irumu par le ministre des Mines Louis Watum Kabamba, le chef de la division provinciale en Ituri a pris la parole le mardi 07 octobre 2025. <\/strong><\/p>\n<p>Dans une interview accord\u00e9e \u00e0 la presse, Richard Saidi Munyanya a exprim\u00e9 sa satisfaction face \u00e0 cette d\u00e9cision qu\u2019il qualifie de \u00ab responsable et strat\u00e9gique \u00bb, estimant qu\u2019elle permettra de relancer l\u2019\u00e9conomie locale tout en redonnant un cadre l\u00e9gal aux op\u00e9rateurs miniers. <\/p>\n<p>\u00ab <em>Nous saluons cette d\u00e9cision du ministre des mines qui marque un tournant dans la gestion du secteur extractif \u00e0 Djugu. Elle doit, toutefois, s\u2019accompagner de mesures concr\u00e8tes pour garantir une reprise encadr\u00e9e, responsable et b\u00e9n\u00e9fique pour tous<\/em> \u00bb, pr\u00e9cise-t-il.<\/p>\n<p>Saluant cette lev\u00e9e, Saidi Munyanya n\u2019a pas manqu\u00e9 de rendre hommage au gouverneur militaire de l\u2019Ituri pour sa d\u00e9cision initiale de suspension, qu\u2019il consid\u00e8re comme ayant permis de remettre de l\u2019ordre dans un secteur longtemps min\u00e9 par le d\u00e9sordre, les exploitations ill\u00e9gales et les conflits d\u2019int\u00e9r\u00eats. <\/p>\n<p>\u00ab <em>Nous reconnaissons les efforts louables du Gouverneur militaire qui, en suspendant les activit\u00e9s, a permis de d\u00e9samorcer certaines tensions et de r\u00e9organiser progressivement le secteur minier dans le territoire de Djugu <\/em>\u00bb, a-t-il d\u00e9clar\u00e9.<\/p>\n<p>Conscient des d\u00e9fis li\u00e9s \u00e0 la reprise des activit\u00e9s mini\u00e8res dans une zone encore sensible, Saidi Munyanya a propos\u00e9 plusieurs m\u00e9canismes d\u2019accompagnement pour appuyer la mise en \u0153uvre de la d\u00e9cision minist\u00e9rielle, parmi lesquels : l renforcement de l\u2019encadrement des exploitants artisanaux par les services techniques des Mines, la mise en place de comit\u00e9s de surveillance multisectoriels, incluant autorit\u00e9s locales, services de s\u00e9curit\u00e9, soci\u00e9t\u00e9 civile et partenaires techniques, l\u2019organisation de missions r\u00e9guli\u00e8res de contr\u00f4le et d\u2019\u00e9valuation sur les sites miniers et la sensibilisation des communaut\u00e9s locales et des exploitants sur le respect des normes environnementales et sociales.<\/p>\n<p>Dans la m\u00eame lanc\u00e9e, ce patron du secteur minier en Ituri a invit\u00e9 tous les op\u00e9rateurs \u00e0 se conformer strictement au code qui r\u00e9git ce domaine conform\u00e9ment aux lois de la R\u00e9publique : \u00ab <em>La reprise des activit\u00e9s ne doit pas \u00eatre synonyme de d\u00e9sordre. C\u2019est une opportunit\u00e9 pour d\u00e9montrer que l\u2019exploitation mini\u00e8re peut se faire dans le respect des textes l\u00e9gaux, au profit de la province et de ses habitants<\/em> \u00bb.<\/p>\n<p>Cette d\u00e9claration intervient alors que le territoire de Djugu, riche en ressources naturelles, entame une nouvelle phase dans la gestion de son potentiel minier, sous l\u2019\u0153il vigilant des autorit\u00e9s provinciales et nationales.<\/p>\n<p><strong>R\u00e9daction<\/strong><\/p>\n","protected":false},"excerpt":{"rendered":"<p>Au lendemain de la lev\u00e9e de la suspension des activit\u00e9s mini\u00e8res dans le territoire de Djugu et Irumu par le ministre des Mines Louis Watum Kabamba, le chef de la<\/p>\n","protected":false},"author":14,"featured_media":70041,"comment_status":"open","ping_status":"open","sticky":false,"template":"","format":"standard","meta":{"footnotes":""},"categories":[63],"tags":[],"class_list":["post-70040","post","type-post","status-publish","format-standard","has-post-thumbnail","hentry","category-mines"],"yoast_head":"<!-- This site is optimized with the Yoast SEO plugin v27.3 - https:\/\/yoast.com\/product\/yoast-seo-wordpress\/ -->\n<title>Ituri : satisfecit du chef de la division des mines apr\u00e8s la lev\u00e9e de la suspension des activit\u00e9s mini\u00e8res par le ministre Louis Watum - LES VOLCANS NEWS<\/title>\n<meta name=\"robots\" content=\"index, follow, max-snippet:-1, max-image-preview:large, max-video-preview:-1\" \/>\n<link rel=\"canonical\" href=\"https:\/\/lesvolcansnews.net\/?p=70040\" \/>\n<meta property=\"og:locale\" content=\"fr_FR\" \/>\n<meta property=\"og:type\" content=\"article\" \/>\n<meta property=\"og:title\" content=\"Ituri : satisfecit du chef de la division des mines apr\u00e8s la lev\u00e9e de la suspension des activit\u00e9s mini\u00e8res par le ministre Louis Watum - LES VOLCANS NEWS\" \/>\n<meta property=\"og:description\" content=\"Au lendemain de la lev\u00e9e de la suspension des activit\u00e9s mini\u00e8res dans le territoire de Djugu et Irumu par le ministre des Mines Louis Watum Kabamba, le chef de la\" \/>\n<meta property=\"og:url\" content=\"https:\/\/lesvolcansnews.net\/?p=70040\" \/>\n<meta property=\"og:site_name\" content=\"LES VOLCANS NEWS\" \/>\n<meta property=\"article:published_time\" content=\"2025-10-08T06:13:46+00:00\" \/>\n<meta property=\"og:image\" content=\"https:\/\/i0.wp.com\/lesvolcansnews.net\/wp-content\/uploads\/2025\/10\/IMG-20251008-WA0043.jpg?fit=1008%2C756&ssl=1\" \/>\n\t<meta property=\"og:image:width\" content=\"1008\" \/>\n\t<meta property=\"og:image:height\" content=\"756\" \/>\n\t<meta property=\"og:image:type\" content=\"image\/jpeg\" \/>\n<meta name=\"author\" content=\"R\u00e9daction - Les Volcans News\" \/>\n<meta name=\"twitter:card\" content=\"summary_large_image\" \/>\n<meta name=\"twitter:label1\" content=\"\u00c9crit par\" \/>\n\t<meta name=\"twitter:data1\" content=\"R\u00e9daction - Les Volcans News\" \/>\n\t<meta name=\"twitter:label2\" content=\"Dur\u00e9e de lecture estim\u00e9e\" \/>\n\t<meta name=\"twitter:data2\" content=\"2 minutes\" \/>\n<script type=\"application\/ld+json\" class=\"yoast-schema-graph\">{\"@context\":\"https:\\\/\\\/schema.org\",\"@graph\":[{\"@type\":\"Article\",\"@id\":\"https:\\\/\\\/lesvolcansnews.net\\\/?p=70040#article\",\"isPartOf\":{\"@id\":\"https:\\\/\\\/lesvolcansnews.net\\\/?p=70040\"},\"author\":{\"name\":\"R\u00e9daction - Les Volcans News\",\"@id\":\"https:\\\/\\\/lesvolcansnews.net\\\/#\\\/schema\\\/person\\\/82c8bed2e77879ecf6cca63441f57354\"},\"headline\":\"Ituri : satisfecit du chef de la division des mines apr\u00e8s la lev\u00e9e de la suspension des activit\u00e9s mini\u00e8res par le ministre Louis Watum\",\"datePublished\":\"2025-10-08T06:13:46+00:00\",\"mainEntityOfPage\":{\"@id\":\"https:\\\/\\\/lesvolcansnews.net\\\/?p=70040\"},\"wordCount\":488,\"commentCount\":0,\"image\":{\"@id\":\"https:\\\/\\\/lesvolcansnews.net\\\/?p=70040#primaryimage\"},\"thumbnailUrl\":\"https:\\\/\\\/lesvolcansnews.net\\\/wp-content\\\/uploads\\\/2025\\\/10\\\/IMG-20251008-WA0043.jpg\",\"articleSection\":[\"MINES\"],\"inLanguage\":\"fr-FR\",\"potentialAction\":[{\"@type\":\"CommentAction\",\"name\":\"Comment\",\"target\":[\"https:\\\/\\\/lesvolcansnews.net\\\/?p=70040#respond\"]}]},{\"@type\":\"WebPage\",\"@id\":\"https:\\\/\\\/lesvolcansnews.net\\\/?p=70040\",\"url\":\"https:\\\/\\\/lesvolcansnews.net\\\/?p=70040\",\"name\":\"Ituri : satisfecit du chef de la division des mines apr\u00e8s la lev\u00e9e de la suspension des activit\u00e9s mini\u00e8res par le ministre Louis Watum - LES VOLCANS NEWS\",\"isPartOf\":{\"@id\":\"https:\\\/\\\/lesvolcansnews.net\\\/#website\"},\"primaryImageOfPage\":{\"@id\":\"https:\\\/\\\/lesvolcansnews.net\\\/?p=70040#primaryimage\"},\"image\":{\"@id\":\"https:\\\/\\\/lesvolcansnews.net\\\/?p=70040#primaryimage\"},\"thumbnailUrl\":\"https:\\\/\\\/lesvolcansnews.net\\\/wp-content\\\/uploads\\\/2025\\\/10\\\/IMG-20251008-WA0043.jpg\",\"datePublished\":\"2025-10-08T06:13:46+00:00\",\"author\":{\"@id\":\"https:\\\/\\\/lesvolcansnews.net\\\/#\\\/schema\\\/person\\\/82c8bed2e77879ecf6cca63441f57354\"},\"breadcrumb\":{\"@id\":\"https:\\\/\\\/lesvolcansnews.net\\\/?p=70040#breadcrumb\"},\"inLanguage\":\"fr-FR\",\"potentialAction\":[{\"@type\":\"ReadAction\",\"target\":[\"https:\\\/\\\/lesvolcansnews.net\\\/?p=70040\"]}]},{\"@type\":\"ImageObject\",\"inLanguage\":\"fr-FR\",\"@id\":\"https:\\\/\\\/lesvolcansnews.net\\\/?p=70040#primaryimage\",\"url\":\"https:\\\/\\\/lesvolcansnews.net\\\/wp-content\\\/uploads\\\/2025\\\/10\\\/IMG-20251008-WA0043.jpg\",\"contentUrl\":\"https:\\\/\\\/lesvolcansnews.net\\\/wp-content\\\/uploads\\\/2025\\\/10\\\/IMG-20251008-WA0043.jpg\",\"width\":1008,\"height\":756},{\"@type\":\"BreadcrumbList\",\"@id\":\"https:\\\/\\\/lesvolcansnews.net\\\/?p=70040#breadcrumb\",\"itemListElement\":[{\"@type\":\"ListItem\",\"position\":1,\"name\":\"Accueil\",\"item\":\"https:\\\/\\\/lesvolcansnews.net\\\/\"},{\"@type\":\"ListItem\",\"position\":2,\"name\":\"Ituri : satisfecit du chef de la division des mines apr\u00e8s la lev\u00e9e de la suspension des activit\u00e9s mini\u00e8res par le ministre Louis Watum\"}]},{\"@type\":\"WebSite\",\"@id\":\"https:\\\/\\\/lesvolcansnews.net\\\/#website\",\"url\":\"https:\\\/\\\/lesvolcansnews.net\\\/\",\"name\":\"LES VOLCANS NEWS\",\"description\":\"L&#039;INFORMATION C&#039;EST NOUS\",\"potentialAction\":[{\"@type\":\"SearchAction\",\"target\":{\"@type\":\"EntryPoint\",\"urlTemplate\":\"https:\\\/\\\/lesvolcansnews.net\\\/?s={search_term_string}\"},\"query-input\":{\"@type\":\"PropertyValueSpecification\",\"valueRequired\":true,\"valueName\":\"search_term_string\"}}],\"inLanguage\":\"fr-FR\"},{\"@type\":\"Person\",\"@id\":\"https:\\\/\\\/lesvolcansnews.net\\\/#\\\/schema\\\/person\\\/82c8bed2e77879ecf6cca63441f57354\",\"name\":\"R\u00e9daction - Les Volcans News\",\"image\":{\"@type\":\"ImageObject\",\"inLanguage\":\"fr-FR\",\"@id\":\"https:\\\/\\\/secure.gravatar.com\\\/avatar\\\/8408942dd851e8a9c09f3d382a661bc05d2b3cd9002139bc1795b9528cdc6c80?s=96&d=mm&r=g\",\"url\":\"https:\\\/\\\/secure.gravatar.com\\\/avatar\\\/8408942dd851e8a9c09f3d382a661bc05d2b3cd9002139bc1795b9528cdc6c80?s=96&d=mm&r=g\",\"contentUrl\":\"https:\\\/\\\/secure.gravatar.com\\\/avatar\\\/8408942dd851e8a9c09f3d382a661bc05d2b3cd9002139bc1795b9528cdc6c80?s=96&d=mm&r=g\",\"caption\":\"R\u00e9daction - Les Volcans News\"},\"url\":\"https:\\\/\\\/lesvolcansnews.net\\\/?author=14\"}]}<\/script>\n<!-- \/ Yoast SEO plugin. -->","yoast_head_json":{"title":"Ituri : satisfecit du chef de la division des mines apr\u00e8s la lev\u00e9e de la suspension des activit\u00e9s mini\u00e8res par le ministre Louis Watum - LES VOLCANS NEWS","robots":{"index":"index","follow":"follow","max-snippet":"max-snippet:-1","max-image-preview":"max-image-preview:large","max-video-preview":"max-video-preview:-1"},"canonical":"https:\/\/lesvolcansnews.net\/?p=70040","og_locale":"fr_FR","og_type":"article","og_title":"Ituri : satisfecit du chef de la division des mines apr\u00e8s la lev\u00e9e de la suspension des activit\u00e9s mini\u00e8res par le ministre Louis Watum - LES VOLCANS NEWS","og_description":"Au lendemain de la lev\u00e9e de la suspension des activit\u00e9s mini\u00e8res dans le territoire de Djugu et Irumu par le ministre des Mines Louis Watum Kabamba, le chef de la","og_url":"https:\/\/lesvolcansnews.net\/?p=70040","og_site_name":"LES VOLCANS NEWS","article_published_time":"2025-10-08T06:13:46+00:00","og_image":[{"width":1008,"height":756,"url":"https:\/\/i0.wp.com\/lesvolcansnews.net\/wp-content\/uploads\/2025\/10\/IMG-20251008-WA0043.jpg?fit=1008%2C756&ssl=1","type":"image\/jpeg"}],"author":"R\u00e9daction - Les Volcans News","twitter_card":"summary_large_image","twitter_misc":{"\u00c9crit par":"R\u00e9daction - Les Volcans News","Dur\u00e9e de lecture estim\u00e9e":"2 minutes"},"schema":{"@context":"https:\/\/schema.org","@graph":[{"@type":"Article","@id":"https:\/\/lesvolcansnews.net\/?p=70040#article","isPartOf":{"@id":"https:\/\/lesvolcansnews.net\/?p=70040"},"author":{"name":"R\u00e9daction - Les Volcans News","@id":"https:\/\/lesvolcansnews.net\/#\/schema\/person\/82c8bed2e77879ecf6cca63441f57354"},"headline":"Ituri : satisfecit du chef de la division des mines apr\u00e8s la lev\u00e9e de la suspension des activit\u00e9s mini\u00e8res par le ministre Louis Watum","datePublished":"2025-10-08T06:13:46+00:00","mainEntityOfPage":{"@id":"https:\/\/lesvolcansnews.net\/?p=70040"},"wordCount":488,"commentCount":0,"image":{"@id":"https:\/\/lesvolcansnews.net\/?p=70040#primaryimage"},"thumbnailUrl":"https:\/\/lesvolcansnews.net\/wp-content\/uploads\/2025\/10\/IMG-20251008-WA0043.jpg","articleSection":["MINES"],"inLanguage":"fr-FR","potentialAction":[{"@type":"CommentAction","name":"Comment","target":["https:\/\/lesvolcansnews.net\/?p=70040#respond"]}]},{"@type":"WebPage","@id":"https:\/\/lesvolcansnews.net\/?p=70040","url":"https:\/\/lesvolcansnews.net\/?p=70040","name":"Ituri : satisfecit du chef de la division des mines apr\u00e8s la lev\u00e9e de la suspension des activit\u00e9s mini\u00e8res par le ministre Louis Watum - LES VOLCANS NEWS","isPartOf":{"@id":"https:\/\/lesvolcansnews.net\/#website"},"primaryImageOfPage":{"@id":"https:\/\/lesvolcansnews.net\/?p=70040#primaryimage"},"image":{"@id":"https:\/\/lesvolcansnews.net\/?p=70040#primaryimage"},"thumbnailUrl":"https:\/\/lesvolcansnews.net\/wp-content\/uploads\/2025\/10\/IMG-20251008-WA0043.jpg","datePublished":"2025-10-08T06:13:46+00:00","author":{"@id":"https:\/\/lesvolcansnews.net\/#\/schema\/person\/82c8bed2e77879ecf6cca63441f57354"},"breadcrumb":{"@id":"https:\/\/lesvolcansnews.net\/?p=70040#breadcrumb"},"inLanguage":"fr-FR","potentialAction":[{"@type":"ReadAction","target":["https:\/\/lesvolcansnews.net\/?p=70040"]}]},{"@type":"ImageObject","inLanguage":"fr-FR","@id":"https:\/\/lesvolcansnews.net\/?p=70040#primaryimage","url":"https:\/\/lesvolcansnews.net\/wp-content\/uploads\/2025\/10\/IMG-20251008-WA0043.jpg","contentUrl":"https:\/\/lesvolcansnews.net\/wp-content\/uploads\/2025\/10\/IMG-20251008-WA0043.jpg","width":1008,"height":756},{"@type":"BreadcrumbList","@id":"https:\/\/lesvolcansnews.net\/?p=70040#breadcrumb","itemListElement":[{"@type":"ListItem","position":1,"name":"Accueil","item":"https:\/\/lesvolcansnews.net\/"},{"@type":"ListItem","position":2,"name":"Ituri : satisfecit du chef de la division des mines apr\u00e8s la lev\u00e9e de la suspension des activit\u00e9s mini\u00e8res par le ministre Louis Watum"}]},{"@type":"WebSite","@id":"https:\/\/lesvolcansnews.net\/#website","url":"https:\/\/lesvolcansnews.net\/","name":"LES VOLCANS NEWS","description":"L&#039;INFORMATION C&#039;EST NOUS","potentialAction":[{"@type":"SearchAction","target":{"@type":"EntryPoint","urlTemplate":"https:\/\/lesvolcansnews.net\/?s={search_term_string}"},"query-input":{"@type":"PropertyValueSpecification","valueRequired":true,"valueName":"search_term_string"}}],"inLanguage":"fr-FR"},{"@type":"Person","@id":"https:\/\/lesvolcansnews.net\/#\/schema\/person\/82c8bed2e77879ecf6cca63441f57354","name":"R\u00e9daction - Les Volcans News","image":{"@type":"ImageObject","inLanguage":"fr-FR","@id":"https:\/\/secure.gravatar.com\/avatar\/8408942dd851e8a9c09f3d382a661bc05d2b3cd9002139bc1795b9528cdc6c80?s=96&d=mm&r=g","url":"https:\/\/secure.gravatar.com\/avatar\/8408942dd851e8a9c09f3d382a661bc05d2b3cd9002139bc1795b9528cdc6c80?s=96&d=mm&r=g","contentUrl":"https:\/\/secure.gravatar.com\/avatar\/8408942dd851e8a9c09f3d382a661bc05d2b3cd9002139bc1795b9528cdc6c80?s=96&d=mm&r=g","caption":"R\u00e9daction - Les Volcans News"},"url":"https:\/\/lesvolcansnews.net\/?author=14"}]}},"_links":{"self":[{"href":"https:\/\/lesvolcansnews.net\/index.php?rest_route=\/wp\/v2\/posts\/70040","targetHints":{"allow":["GET"]}}],"collection":[{"href":"https:\/\/lesvolcansnews.net\/index.php?rest_route=\/wp\/v2\/posts"}],"about":[{"href":"https:\/\/lesvolcansnews.net\/index.php?rest_route=\/wp\/v2\/types\/post"}],"author":[{"embeddable":true,"href":"https:\/\/lesvolcansnews.net\/index.php?rest_route=\/wp\/v2\/users\/14"}],"replies":[{"embeddable":true,"href":"https:\/\/lesvolcansnews.net\/index.php?rest_route=%2Fwp%2Fv2%2Fcomments&post=70040"}],"version-history":[{"count":1,"href":"https:\/\/lesvolcansnews.net\/index.php?rest_route=\/wp\/v2\/posts\/70040\/revisions"}],"predecessor-version":[{"id":70042,"href":"https:\/\/lesvolcansnews.net\/index.php?rest_route=\/wp\/v2\/posts\/70040\/revisions\/70042"}],"wp:featuredmedia":[{"embeddable":true,"href":"https:\/\/lesvolcansnews.net\/index.php?rest_route=\/wp\/v2\/media\/70041"}],"wp:attachment":[{"href":"https:\/\/lesvolcansnews.net\/index.php?rest_route=%2Fwp%2Fv2%2Fmedia&parent=70040"}],"wp:term":[{"taxonomy":"category","embeddable":true,"href":"https:\/\/lesvolcansnews.net\/index.php?rest_route=%2Fwp%2Fv2%2Fcategories&post=70040"},{"taxonomy":"post_tag","embeddable":true,"href":"https:\/\/lesvolcansnews.net\/index.php?rest_route=%2Fwp%2Fv2%2Ftags&post=70040"}],"curies":[{"name":"wp","href":"https:\/\/api.w.org\/{rel}","templated":true}]}}