{"id":69990,"date":"2025-10-06T20:32:11","date_gmt":"2025-10-06T18:32:11","guid":{"rendered":"https:\/\/lesvolcansnews.net\/2025\/10\/06\/adf-a-komanda-en-juillet-2025-2-officiers-dont-lun-de-larmee-et-lautre-de-la-police-a-la-barre\/"},"modified":"2025-10-06T20:32:11","modified_gmt":"2025-10-06T18:32:11","slug":"adf-a-komanda-en-juillet-2025-2-officiers-dont-lun-de-larmee-et-lautre-de-la-police-a-la-barre","status":"publish","type":"post","link":"https:\/\/lesvolcansnews.net\/?p=69990","title":{"rendered":"ADF \u00e0 Komanda en juillet 2025 : 2 officiers dont l&#8217;un de l&#8217;arm\u00e9e et l&#8217;autre de la police \u00e0 la barre"},"content":{"rendered":"\n<p><\/p>\n\n\n\n<p><br><strong>La Cour militaire op\u00e9rationnelle de l\u2019Ituri a poursuivi ce lundi 6 octobre 2025 l\u2019examen du dossier relatif au massacre de Komanda, survenu dans la nuit du 26 au 27 juillet 2025, au cours duquel plus de 43 civils avaient trouv\u00e9 la mort. L\u2019audience de ce jour \u00e9tait consacr\u00e9e aux r\u00e9quisitions du minist\u00e8re public et aux plaidoiries des parties.<\/strong><br><br>Au c\u0153ur de ce proc\u00e8s, deux officiers : le colonel Gere Kengu, commandant second de l\u2019axe op\u00e9rationnel charg\u00e9 des op\u00e9rations et renseignements, et le commissaire sup\u00e9rieur adjoint Kangamina Tshabela No\u00ebl, alors commandant de la Police nationale congolaise (PNC) \u00e0 Komanda. Ils sont poursuivis respectivement pour violation de consignes et vente de munitions pour le premier, et violation de consignes pour le second.<br><br>Le minist\u00e8re public a requis une peine de 20 ans de servitude p\u00e9nale principale contre le colonel Gere Kengu, et 8 ans contre le commissaire Kangamina No\u00ebl. Il a \u00e9galement demand\u00e9 leur exclusion d\u00e9finitive de l\u2019arm\u00e9e et de la police. Toutefois, concernant l\u2019infraction de vente de munitions, l\u2019auditeur militaire sup\u00e9rieur, le colonel Joseph Makelele, a estim\u00e9 que les faits \u00ab n\u2019\u00e9taient pas \u00e9tablis \u00bb.<br><br>Avec la RTM\/Bunia<\/p>\n","protected":false},"excerpt":{"rendered":"<p>La Cour militaire op\u00e9rationnelle de l\u2019Ituri a poursuivi ce lundi 6 octobre 2025 l\u2019examen du dossier relatif au massacre de Komanda, survenu dans la nuit du 26 au 27 juillet<\/p>\n","protected":false},"author":14,"featured_media":69989,"comment_status":"open","ping_status":"open","sticky":false,"template":"","format":"standard","meta":{"footnotes":""},"categories":[51],"tags":[],"class_list":["post-69990","post","type-post","status-publish","format-standard","has-post-thumbnail","hentry","category-justice"],"yoast_head":"<!-- This site is optimized with the Yoast SEO plugin v27.3 - https:\/\/yoast.com\/product\/yoast-seo-wordpress\/ -->\n<title>ADF \u00e0 Komanda en juillet 2025 : 2 officiers dont l&#039;un de l&#039;arm\u00e9e et l&#039;autre de la police \u00e0 la barre - LES VOLCANS NEWS<\/title>\n<meta name=\"robots\" content=\"index, follow, max-snippet:-1, max-image-preview:large, max-video-preview:-1\" \/>\n<link rel=\"canonical\" href=\"https:\/\/lesvolcansnews.net\/?p=69990\" \/>\n<meta property=\"og:locale\" content=\"fr_FR\" \/>\n<meta property=\"og:type\" content=\"article\" \/>\n<meta property=\"og:title\" content=\"ADF \u00e0 Komanda en juillet 2025 : 2 officiers dont l&#039;un de l&#039;arm\u00e9e et l&#039;autre de la police \u00e0 la barre - LES VOLCANS NEWS\" \/>\n<meta property=\"og:description\" content=\"La Cour militaire op\u00e9rationnelle de l\u2019Ituri a poursuivi ce lundi 6 octobre 2025 l\u2019examen du dossier relatif au massacre de Komanda, survenu dans la nuit du 26 au 27 juillet\" \/>\n<meta property=\"og:url\" content=\"https:\/\/lesvolcansnews.net\/?p=69990\" \/>\n<meta property=\"og:site_name\" content=\"LES VOLCANS NEWS\" \/>\n<meta property=\"article:published_time\" content=\"2025-10-06T18:32:11+00:00\" \/>\n<meta property=\"og:image\" content=\"https:\/\/lesvolcansnews.net\/wp-content\/uploads\/2025\/10\/IMG-20251006-WA0567.jpg\" \/>\n\t<meta property=\"og:image:width\" content=\"1080\" \/>\n\t<meta property=\"og:image:height\" content=\"521\" \/>\n\t<meta property=\"og:image:type\" content=\"image\/jpeg\" \/>\n<meta name=\"author\" content=\"R\u00e9daction - Les Volcans News\" \/>\n<meta name=\"twitter:card\" content=\"summary_large_image\" \/>\n<meta name=\"twitter:label1\" content=\"\u00c9crit par\" \/>\n\t<meta name=\"twitter:data1\" content=\"R\u00e9daction - Les Volcans News\" \/>\n\t<meta name=\"twitter:label2\" content=\"Dur\u00e9e de lecture estim\u00e9e\" \/>\n\t<meta name=\"twitter:data2\" content=\"1 minute\" \/>\n<script type=\"application\/ld+json\" class=\"yoast-schema-graph\">{\"@context\":\"https:\\\/\\\/schema.org\",\"@graph\":[{\"@type\":\"Article\",\"@id\":\"https:\\\/\\\/lesvolcansnews.net\\\/?p=69990#article\",\"isPartOf\":{\"@id\":\"https:\\\/\\\/lesvolcansnews.net\\\/?p=69990\"},\"author\":{\"name\":\"R\u00e9daction - Les Volcans News\",\"@id\":\"https:\\\/\\\/lesvolcansnews.net\\\/#\\\/schema\\\/person\\\/82c8bed2e77879ecf6cca63441f57354\"},\"headline\":\"ADF \u00e0 Komanda en juillet 2025 : 2 officiers dont l&#8217;un de l&#8217;arm\u00e9e et l&#8217;autre de la police \u00e0 la barre\",\"datePublished\":\"2025-10-06T18:32:11+00:00\",\"mainEntityOfPage\":{\"@id\":\"https:\\\/\\\/lesvolcansnews.net\\\/?p=69990\"},\"wordCount\":220,\"commentCount\":0,\"image\":{\"@id\":\"https:\\\/\\\/lesvolcansnews.net\\\/?p=69990#primaryimage\"},\"thumbnailUrl\":\"https:\\\/\\\/lesvolcansnews.net\\\/wp-content\\\/uploads\\\/2025\\\/10\\\/IMG-20251006-WA0567.jpg\",\"articleSection\":[\"JUSTICE\"],\"inLanguage\":\"fr-FR\",\"potentialAction\":[{\"@type\":\"CommentAction\",\"name\":\"Comment\",\"target\":[\"https:\\\/\\\/lesvolcansnews.net\\\/?p=69990#respond\"]}]},{\"@type\":\"WebPage\",\"@id\":\"https:\\\/\\\/lesvolcansnews.net\\\/?p=69990\",\"url\":\"https:\\\/\\\/lesvolcansnews.net\\\/?p=69990\",\"name\":\"ADF \u00e0 Komanda en juillet 2025 : 2 officiers dont l'un de l'arm\u00e9e et l'autre de la police \u00e0 la barre - LES VOLCANS NEWS\",\"isPartOf\":{\"@id\":\"https:\\\/\\\/lesvolcansnews.net\\\/#website\"},\"primaryImageOfPage\":{\"@id\":\"https:\\\/\\\/lesvolcansnews.net\\\/?p=69990#primaryimage\"},\"image\":{\"@id\":\"https:\\\/\\\/lesvolcansnews.net\\\/?p=69990#primaryimage\"},\"thumbnailUrl\":\"https:\\\/\\\/lesvolcansnews.net\\\/wp-content\\\/uploads\\\/2025\\\/10\\\/IMG-20251006-WA0567.jpg\",\"datePublished\":\"2025-10-06T18:32:11+00:00\",\"author\":{\"@id\":\"https:\\\/\\\/lesvolcansnews.net\\\/#\\\/schema\\\/person\\\/82c8bed2e77879ecf6cca63441f57354\"},\"breadcrumb\":{\"@id\":\"https:\\\/\\\/lesvolcansnews.net\\\/?p=69990#breadcrumb\"},\"inLanguage\":\"fr-FR\",\"potentialAction\":[{\"@type\":\"ReadAction\",\"target\":[\"https:\\\/\\\/lesvolcansnews.net\\\/?p=69990\"]}]},{\"@type\":\"ImageObject\",\"inLanguage\":\"fr-FR\",\"@id\":\"https:\\\/\\\/lesvolcansnews.net\\\/?p=69990#primaryimage\",\"url\":\"https:\\\/\\\/lesvolcansnews.net\\\/wp-content\\\/uploads\\\/2025\\\/10\\\/IMG-20251006-WA0567.jpg\",\"contentUrl\":\"https:\\\/\\\/lesvolcansnews.net\\\/wp-content\\\/uploads\\\/2025\\\/10\\\/IMG-20251006-WA0567.jpg\",\"width\":1080,\"height\":521},{\"@type\":\"BreadcrumbList\",\"@id\":\"https:\\\/\\\/lesvolcansnews.net\\\/?p=69990#breadcrumb\",\"itemListElement\":[{\"@type\":\"ListItem\",\"position\":1,\"name\":\"Accueil\",\"item\":\"https:\\\/\\\/lesvolcansnews.net\\\/\"},{\"@type\":\"ListItem\",\"position\":2,\"name\":\"ADF \u00e0 Komanda en juillet 2025 : 2 officiers dont l&#8217;un de l&#8217;arm\u00e9e et l&#8217;autre de la police \u00e0 la barre\"}]},{\"@type\":\"WebSite\",\"@id\":\"https:\\\/\\\/lesvolcansnews.net\\\/#website\",\"url\":\"https:\\\/\\\/lesvolcansnews.net\\\/\",\"name\":\"LES VOLCANS NEWS\",\"description\":\"L&#039;INFORMATION C&#039;EST NOUS\",\"potentialAction\":[{\"@type\":\"SearchAction\",\"target\":{\"@type\":\"EntryPoint\",\"urlTemplate\":\"https:\\\/\\\/lesvolcansnews.net\\\/?s={search_term_string}\"},\"query-input\":{\"@type\":\"PropertyValueSpecification\",\"valueRequired\":true,\"valueName\":\"search_term_string\"}}],\"inLanguage\":\"fr-FR\"},{\"@type\":\"Person\",\"@id\":\"https:\\\/\\\/lesvolcansnews.net\\\/#\\\/schema\\\/person\\\/82c8bed2e77879ecf6cca63441f57354\",\"name\":\"R\u00e9daction - Les Volcans News\",\"image\":{\"@type\":\"ImageObject\",\"inLanguage\":\"fr-FR\",\"@id\":\"https:\\\/\\\/secure.gravatar.com\\\/avatar\\\/8408942dd851e8a9c09f3d382a661bc05d2b3cd9002139bc1795b9528cdc6c80?s=96&d=mm&r=g\",\"url\":\"https:\\\/\\\/secure.gravatar.com\\\/avatar\\\/8408942dd851e8a9c09f3d382a661bc05d2b3cd9002139bc1795b9528cdc6c80?s=96&d=mm&r=g\",\"contentUrl\":\"https:\\\/\\\/secure.gravatar.com\\\/avatar\\\/8408942dd851e8a9c09f3d382a661bc05d2b3cd9002139bc1795b9528cdc6c80?s=96&d=mm&r=g\",\"caption\":\"R\u00e9daction - Les Volcans News\"},\"url\":\"https:\\\/\\\/lesvolcansnews.net\\\/?author=14\"}]}<\/script>\n<!-- \/ Yoast SEO plugin. -->","yoast_head_json":{"title":"ADF \u00e0 Komanda en juillet 2025 : 2 officiers dont l'un de l'arm\u00e9e et l'autre de la police \u00e0 la barre - LES VOLCANS NEWS","robots":{"index":"index","follow":"follow","max-snippet":"max-snippet:-1","max-image-preview":"max-image-preview:large","max-video-preview":"max-video-preview:-1"},"canonical":"https:\/\/lesvolcansnews.net\/?p=69990","og_locale":"fr_FR","og_type":"article","og_title":"ADF \u00e0 Komanda en juillet 2025 : 2 officiers dont l'un de l'arm\u00e9e et l'autre de la police \u00e0 la barre - LES VOLCANS NEWS","og_description":"La Cour militaire op\u00e9rationnelle de l\u2019Ituri a poursuivi ce lundi 6 octobre 2025 l\u2019examen du dossier relatif au massacre de Komanda, survenu dans la nuit du 26 au 27 juillet","og_url":"https:\/\/lesvolcansnews.net\/?p=69990","og_site_name":"LES VOLCANS NEWS","article_published_time":"2025-10-06T18:32:11+00:00","og_image":[{"width":1080,"height":521,"url":"https:\/\/lesvolcansnews.net\/wp-content\/uploads\/2025\/10\/IMG-20251006-WA0567.jpg","type":"image\/jpeg"}],"author":"R\u00e9daction - Les Volcans News","twitter_card":"summary_large_image","twitter_misc":{"\u00c9crit par":"R\u00e9daction - Les Volcans News","Dur\u00e9e de lecture estim\u00e9e":"1 minute"},"schema":{"@context":"https:\/\/schema.org","@graph":[{"@type":"Article","@id":"https:\/\/lesvolcansnews.net\/?p=69990#article","isPartOf":{"@id":"https:\/\/lesvolcansnews.net\/?p=69990"},"author":{"name":"R\u00e9daction - Les Volcans News","@id":"https:\/\/lesvolcansnews.net\/#\/schema\/person\/82c8bed2e77879ecf6cca63441f57354"},"headline":"ADF \u00e0 Komanda en juillet 2025 : 2 officiers dont l&#8217;un de l&#8217;arm\u00e9e et l&#8217;autre de la police \u00e0 la barre","datePublished":"2025-10-06T18:32:11+00:00","mainEntityOfPage":{"@id":"https:\/\/lesvolcansnews.net\/?p=69990"},"wordCount":220,"commentCount":0,"image":{"@id":"https:\/\/lesvolcansnews.net\/?p=69990#primaryimage"},"thumbnailUrl":"https:\/\/lesvolcansnews.net\/wp-content\/uploads\/2025\/10\/IMG-20251006-WA0567.jpg","articleSection":["JUSTICE"],"inLanguage":"fr-FR","potentialAction":[{"@type":"CommentAction","name":"Comment","target":["https:\/\/lesvolcansnews.net\/?p=69990#respond"]}]},{"@type":"WebPage","@id":"https:\/\/lesvolcansnews.net\/?p=69990","url":"https:\/\/lesvolcansnews.net\/?p=69990","name":"ADF \u00e0 Komanda en juillet 2025 : 2 officiers dont l'un de l'arm\u00e9e et l'autre de la police \u00e0 la barre - LES VOLCANS NEWS","isPartOf":{"@id":"https:\/\/lesvolcansnews.net\/#website"},"primaryImageOfPage":{"@id":"https:\/\/lesvolcansnews.net\/?p=69990#primaryimage"},"image":{"@id":"https:\/\/lesvolcansnews.net\/?p=69990#primaryimage"},"thumbnailUrl":"https:\/\/lesvolcansnews.net\/wp-content\/uploads\/2025\/10\/IMG-20251006-WA0567.jpg","datePublished":"2025-10-06T18:32:11+00:00","author":{"@id":"https:\/\/lesvolcansnews.net\/#\/schema\/person\/82c8bed2e77879ecf6cca63441f57354"},"breadcrumb":{"@id":"https:\/\/lesvolcansnews.net\/?p=69990#breadcrumb"},"inLanguage":"fr-FR","potentialAction":[{"@type":"ReadAction","target":["https:\/\/lesvolcansnews.net\/?p=69990"]}]},{"@type":"ImageObject","inLanguage":"fr-FR","@id":"https:\/\/lesvolcansnews.net\/?p=69990#primaryimage","url":"https:\/\/lesvolcansnews.net\/wp-content\/uploads\/2025\/10\/IMG-20251006-WA0567.jpg","contentUrl":"https:\/\/lesvolcansnews.net\/wp-content\/uploads\/2025\/10\/IMG-20251006-WA0567.jpg","width":1080,"height":521},{"@type":"BreadcrumbList","@id":"https:\/\/lesvolcansnews.net\/?p=69990#breadcrumb","itemListElement":[{"@type":"ListItem","position":1,"name":"Accueil","item":"https:\/\/lesvolcansnews.net\/"},{"@type":"ListItem","position":2,"name":"ADF \u00e0 Komanda en juillet 2025 : 2 officiers dont l&#8217;un de l&#8217;arm\u00e9e et l&#8217;autre de la police \u00e0 la barre"}]},{"@type":"WebSite","@id":"https:\/\/lesvolcansnews.net\/#website","url":"https:\/\/lesvolcansnews.net\/","name":"LES VOLCANS NEWS","description":"L&#039;INFORMATION C&#039;EST NOUS","potentialAction":[{"@type":"SearchAction","target":{"@type":"EntryPoint","urlTemplate":"https:\/\/lesvolcansnews.net\/?s={search_term_string}"},"query-input":{"@type":"PropertyValueSpecification","valueRequired":true,"valueName":"search_term_string"}}],"inLanguage":"fr-FR"},{"@type":"Person","@id":"https:\/\/lesvolcansnews.net\/#\/schema\/person\/82c8bed2e77879ecf6cca63441f57354","name":"R\u00e9daction - Les Volcans News","image":{"@type":"ImageObject","inLanguage":"fr-FR","@id":"https:\/\/secure.gravatar.com\/avatar\/8408942dd851e8a9c09f3d382a661bc05d2b3cd9002139bc1795b9528cdc6c80?s=96&d=mm&r=g","url":"https:\/\/secure.gravatar.com\/avatar\/8408942dd851e8a9c09f3d382a661bc05d2b3cd9002139bc1795b9528cdc6c80?s=96&d=mm&r=g","contentUrl":"https:\/\/secure.gravatar.com\/avatar\/8408942dd851e8a9c09f3d382a661bc05d2b3cd9002139bc1795b9528cdc6c80?s=96&d=mm&r=g","caption":"R\u00e9daction - Les Volcans News"},"url":"https:\/\/lesvolcansnews.net\/?author=14"}]}},"_links":{"self":[{"href":"https:\/\/lesvolcansnews.net\/index.php?rest_route=\/wp\/v2\/posts\/69990","targetHints":{"allow":["GET"]}}],"collection":[{"href":"https:\/\/lesvolcansnews.net\/index.php?rest_route=\/wp\/v2\/posts"}],"about":[{"href":"https:\/\/lesvolcansnews.net\/index.php?rest_route=\/wp\/v2\/types\/post"}],"author":[{"embeddable":true,"href":"https:\/\/lesvolcansnews.net\/index.php?rest_route=\/wp\/v2\/users\/14"}],"replies":[{"embeddable":true,"href":"https:\/\/lesvolcansnews.net\/index.php?rest_route=%2Fwp%2Fv2%2Fcomments&post=69990"}],"version-history":[{"count":0,"href":"https:\/\/lesvolcansnews.net\/index.php?rest_route=\/wp\/v2\/posts\/69990\/revisions"}],"wp:featuredmedia":[{"embeddable":true,"href":"https:\/\/lesvolcansnews.net\/index.php?rest_route=\/wp\/v2\/media\/69989"}],"wp:attachment":[{"href":"https:\/\/lesvolcansnews.net\/index.php?rest_route=%2Fwp%2Fv2%2Fmedia&parent=69990"}],"wp:term":[{"taxonomy":"category","embeddable":true,"href":"https:\/\/lesvolcansnews.net\/index.php?rest_route=%2Fwp%2Fv2%2Fcategories&post=69990"},{"taxonomy":"post_tag","embeddable":true,"href":"https:\/\/lesvolcansnews.net\/index.php?rest_route=%2Fwp%2Fv2%2Ftags&post=69990"}],"curies":[{"name":"wp","href":"https:\/\/api.w.org\/{rel}","templated":true}]}}