{"id":69988,"date":"2025-10-06T20:11:14","date_gmt":"2025-10-06T18:11:14","guid":{"rendered":"https:\/\/lesvolcansnews.net\/2025\/10\/06\/kasai-oriental-lors-de-linauguration-de-luniversite-officielle-de-mbuji-mayi-tshisekedi-appelle-a-une-responsabilite-collective\/"},"modified":"2025-10-06T20:11:14","modified_gmt":"2025-10-06T18:11:14","slug":"kasai-oriental-lors-de-linauguration-de-luniversite-officielle-de-mbuji-mayi-tshisekedi-appelle-a-une-responsabilite-collective","status":"publish","type":"post","link":"https:\/\/lesvolcansnews.net\/?p=69988","title":{"rendered":"Kasa\u00ef Oriental : Lors de l&#8217;inauguration de l&#8217;universit\u00e9 officielle de Mbuji-Mayi, Tshisekedi appelle \u00e0 une responsabilit\u00e9 collective"},"content":{"rendered":"\n<p><\/p>\n\n\n\n<p><strong>Le Pr\u00e9sident de la R\u00e9publique d\u00e9mocratique du Congo, F\u00e9lix Antoine Tshisekedi Tshilombo, a proc\u00e9d\u00e9 ce lundi 6 octobre \u00e0 l\u2019inauguration officielle de l\u2019Universit\u00e9 Officielle de Mbuji-Mayi (UOM), au Kasa\u00ef Oriental, dans le centre du pays.<\/strong><\/p>\n\n\n\n<p>Organis\u00e9e dans l\u2019enceinte m\u00eame de la nouvelle universit\u00e9, la c\u00e9r\u00e9monie a rassembl\u00e9 autorit\u00e9s nationales, provinciales, cadres universitaires, \u00e9tudiants, ainsi que la population locale venue saluer cette transformation spectaculaire.<\/p>\n\n\n\n<p>Le point d\u2019orgue de l\u2019\u00e9v\u00e9nement fut l\u2019intervention de l\u2019abb\u00e9 recteur de l\u2019UOM, le professeur Apollinaire Cibaka Cikongo, qui n\u2019a pas cach\u00e9 son \u00e9motion face \u00e0 la m\u00e9tamorphose des infrastructures universitaires.<\/p>\n\n\n\n<p>\u00ab \u00catre recteur d&#8217;une universit\u00e9 qui passe de hangars de la honte \u00e0 des b\u00e2timents de la dignit\u00e9 est un motif de beaucoup de joies\u2026 mais c\u2019est davantage un appel \u00e0 la responsabilit\u00e9 \u00bb, a-t-il d\u00e9clar\u00e9.<\/p>\n\n\n\n<p>Apr\u00e8s les discours officiels marqu\u00e9s par un ton d\u2019unit\u00e9 et d\u2019esp\u00e9rance, le Chef de l\u2019\u00c9tat a symboliquement coup\u00e9 le ruban inaugural, consacrant la remise de ces nouvelles infrastructures aux b\u00e9n\u00e9ficiaires : enseignants, chercheurs et \u00e9tudiants.<\/p>\n\n\n\n<p>Le Pr\u00e9sident Tshisekedi a ensuite visit\u00e9 les diff\u00e9rents b\u00e2timents de l\u2019universit\u00e9, inspectant les salles de cours, les amphith\u00e9\u00e2tres modernes, les bureaux administratifs, ainsi que les installations techniques, d\u00e9montrant sa volont\u00e9 d\u2019ancrer durablement l\u2019excellence acad\u00e9mique au c\u0153ur du d\u00e9veloppement national.<\/p>\n\n\n\n<p>Cette inauguration de l\u2019UOM s\u2019inscrit dans le cadre du programme pr\u00e9sidentiel de modernisation de l\u2019enseignement sup\u00e9rieur et universitaire, avec pour ambition de garantir un acc\u00e8s \u00e9quitable \u00e0 une \u00e9ducation de qualit\u00e9 sur l\u2019ensemble du territoire national.<\/p>\n\n\n\n<p>Avec cette infrastructure, le Kasa\u00ef Oriental dispose d\u00e9sormais d\u2019un v\u00e9ritable p\u00f4le universitaire digne de ce nom, porteur d\u2019espoir pour une jeunesse avide de savoir et d\u2019avenir.<\/p>\n\n\n\n<p>La r\u00e9daction<\/p>\n","protected":false},"excerpt":{"rendered":"<p>Le Pr\u00e9sident de la R\u00e9publique d\u00e9mocratique du Congo, F\u00e9lix Antoine Tshisekedi Tshilombo, a proc\u00e9d\u00e9 ce lundi 6 octobre \u00e0 l\u2019inauguration officielle de l\u2019Universit\u00e9 Officielle de Mbuji-Mayi (UOM), au Kasa\u00ef Oriental,<\/p>\n","protected":false},"author":14,"featured_media":69987,"comment_status":"open","ping_status":"open","sticky":false,"template":"","format":"standard","meta":{"footnotes":""},"categories":[1],"tags":[],"class_list":["post-69988","post","type-post","status-publish","format-standard","has-post-thumbnail","hentry","category-actualite"],"yoast_head":"<!-- This site is optimized with the Yoast SEO plugin v27.3 - https:\/\/yoast.com\/product\/yoast-seo-wordpress\/ -->\n<title>Kasa\u00ef Oriental : Lors de l&#039;inauguration de l&#039;universit\u00e9 officielle de Mbuji-Mayi, Tshisekedi appelle \u00e0 une responsabilit\u00e9 collective - LES VOLCANS NEWS<\/title>\n<meta name=\"robots\" content=\"index, follow, max-snippet:-1, max-image-preview:large, max-video-preview:-1\" \/>\n<link rel=\"canonical\" href=\"https:\/\/lesvolcansnews.net\/?p=69988\" \/>\n<meta property=\"og:locale\" content=\"fr_FR\" \/>\n<meta property=\"og:type\" content=\"article\" \/>\n<meta property=\"og:title\" content=\"Kasa\u00ef Oriental : Lors de l&#039;inauguration de l&#039;universit\u00e9 officielle de Mbuji-Mayi, Tshisekedi appelle \u00e0 une responsabilit\u00e9 collective - LES VOLCANS NEWS\" \/>\n<meta property=\"og:description\" content=\"Le Pr\u00e9sident de la R\u00e9publique d\u00e9mocratique du Congo, F\u00e9lix Antoine Tshisekedi Tshilombo, a proc\u00e9d\u00e9 ce lundi 6 octobre \u00e0 l\u2019inauguration officielle de l\u2019Universit\u00e9 Officielle de Mbuji-Mayi (UOM), au Kasa\u00ef Oriental,\" \/>\n<meta property=\"og:url\" content=\"https:\/\/lesvolcansnews.net\/?p=69988\" \/>\n<meta property=\"og:site_name\" content=\"LES VOLCANS NEWS\" \/>\n<meta property=\"article:published_time\" content=\"2025-10-06T18:11:14+00:00\" \/>\n<meta property=\"og:image\" content=\"https:\/\/lesvolcansnews.net\/wp-content\/uploads\/2025\/10\/20251006_191304.jpg\" \/>\n\t<meta property=\"og:image:width\" content=\"1080\" \/>\n\t<meta property=\"og:image:height\" content=\"720\" \/>\n\t<meta property=\"og:image:type\" content=\"image\/jpeg\" \/>\n<meta name=\"author\" content=\"R\u00e9daction - Les Volcans News\" \/>\n<meta name=\"twitter:card\" content=\"summary_large_image\" \/>\n<meta name=\"twitter:label1\" content=\"\u00c9crit par\" \/>\n\t<meta name=\"twitter:data1\" content=\"R\u00e9daction - Les Volcans News\" \/>\n\t<meta name=\"twitter:label2\" content=\"Dur\u00e9e de lecture estim\u00e9e\" \/>\n\t<meta name=\"twitter:data2\" content=\"2 minutes\" \/>\n<script type=\"application\/ld+json\" class=\"yoast-schema-graph\">{\"@context\":\"https:\\\/\\\/schema.org\",\"@graph\":[{\"@type\":\"Article\",\"@id\":\"https:\\\/\\\/lesvolcansnews.net\\\/?p=69988#article\",\"isPartOf\":{\"@id\":\"https:\\\/\\\/lesvolcansnews.net\\\/?p=69988\"},\"author\":{\"name\":\"R\u00e9daction - Les Volcans News\",\"@id\":\"https:\\\/\\\/lesvolcansnews.net\\\/#\\\/schema\\\/person\\\/82c8bed2e77879ecf6cca63441f57354\"},\"headline\":\"Kasa\u00ef Oriental : Lors de l&#8217;inauguration de l&#8217;universit\u00e9 officielle de Mbuji-Mayi, Tshisekedi appelle \u00e0 une responsabilit\u00e9 collective\",\"datePublished\":\"2025-10-06T18:11:14+00:00\",\"mainEntityOfPage\":{\"@id\":\"https:\\\/\\\/lesvolcansnews.net\\\/?p=69988\"},\"wordCount\":333,\"commentCount\":0,\"image\":{\"@id\":\"https:\\\/\\\/lesvolcansnews.net\\\/?p=69988#primaryimage\"},\"thumbnailUrl\":\"https:\\\/\\\/lesvolcansnews.net\\\/wp-content\\\/uploads\\\/2025\\\/10\\\/20251006_191304.jpg\",\"articleSection\":[\"ACTUALIT\u00c9\"],\"inLanguage\":\"fr-FR\",\"potentialAction\":[{\"@type\":\"CommentAction\",\"name\":\"Comment\",\"target\":[\"https:\\\/\\\/lesvolcansnews.net\\\/?p=69988#respond\"]}]},{\"@type\":\"WebPage\",\"@id\":\"https:\\\/\\\/lesvolcansnews.net\\\/?p=69988\",\"url\":\"https:\\\/\\\/lesvolcansnews.net\\\/?p=69988\",\"name\":\"Kasa\u00ef Oriental : Lors de l'inauguration de l'universit\u00e9 officielle de Mbuji-Mayi, Tshisekedi appelle \u00e0 une responsabilit\u00e9 collective - LES VOLCANS NEWS\",\"isPartOf\":{\"@id\":\"https:\\\/\\\/lesvolcansnews.net\\\/#website\"},\"primaryImageOfPage\":{\"@id\":\"https:\\\/\\\/lesvolcansnews.net\\\/?p=69988#primaryimage\"},\"image\":{\"@id\":\"https:\\\/\\\/lesvolcansnews.net\\\/?p=69988#primaryimage\"},\"thumbnailUrl\":\"https:\\\/\\\/lesvolcansnews.net\\\/wp-content\\\/uploads\\\/2025\\\/10\\\/20251006_191304.jpg\",\"datePublished\":\"2025-10-06T18:11:14+00:00\",\"author\":{\"@id\":\"https:\\\/\\\/lesvolcansnews.net\\\/#\\\/schema\\\/person\\\/82c8bed2e77879ecf6cca63441f57354\"},\"breadcrumb\":{\"@id\":\"https:\\\/\\\/lesvolcansnews.net\\\/?p=69988#breadcrumb\"},\"inLanguage\":\"fr-FR\",\"potentialAction\":[{\"@type\":\"ReadAction\",\"target\":[\"https:\\\/\\\/lesvolcansnews.net\\\/?p=69988\"]}]},{\"@type\":\"ImageObject\",\"inLanguage\":\"fr-FR\",\"@id\":\"https:\\\/\\\/lesvolcansnews.net\\\/?p=69988#primaryimage\",\"url\":\"https:\\\/\\\/lesvolcansnews.net\\\/wp-content\\\/uploads\\\/2025\\\/10\\\/20251006_191304.jpg\",\"contentUrl\":\"https:\\\/\\\/lesvolcansnews.net\\\/wp-content\\\/uploads\\\/2025\\\/10\\\/20251006_191304.jpg\",\"width\":1080,\"height\":720},{\"@type\":\"BreadcrumbList\",\"@id\":\"https:\\\/\\\/lesvolcansnews.net\\\/?p=69988#breadcrumb\",\"itemListElement\":[{\"@type\":\"ListItem\",\"position\":1,\"name\":\"Accueil\",\"item\":\"https:\\\/\\\/lesvolcansnews.net\\\/\"},{\"@type\":\"ListItem\",\"position\":2,\"name\":\"Kasa\u00ef Oriental : Lors de l&#8217;inauguration de l&#8217;universit\u00e9 officielle de Mbuji-Mayi, Tshisekedi appelle \u00e0 une responsabilit\u00e9 collective\"}]},{\"@type\":\"WebSite\",\"@id\":\"https:\\\/\\\/lesvolcansnews.net\\\/#website\",\"url\":\"https:\\\/\\\/lesvolcansnews.net\\\/\",\"name\":\"LES VOLCANS NEWS\",\"description\":\"L&#039;INFORMATION C&#039;EST NOUS\",\"potentialAction\":[{\"@type\":\"SearchAction\",\"target\":{\"@type\":\"EntryPoint\",\"urlTemplate\":\"https:\\\/\\\/lesvolcansnews.net\\\/?s={search_term_string}\"},\"query-input\":{\"@type\":\"PropertyValueSpecification\",\"valueRequired\":true,\"valueName\":\"search_term_string\"}}],\"inLanguage\":\"fr-FR\"},{\"@type\":\"Person\",\"@id\":\"https:\\\/\\\/lesvolcansnews.net\\\/#\\\/schema\\\/person\\\/82c8bed2e77879ecf6cca63441f57354\",\"name\":\"R\u00e9daction - Les Volcans News\",\"image\":{\"@type\":\"ImageObject\",\"inLanguage\":\"fr-FR\",\"@id\":\"https:\\\/\\\/secure.gravatar.com\\\/avatar\\\/8408942dd851e8a9c09f3d382a661bc05d2b3cd9002139bc1795b9528cdc6c80?s=96&d=mm&r=g\",\"url\":\"https:\\\/\\\/secure.gravatar.com\\\/avatar\\\/8408942dd851e8a9c09f3d382a661bc05d2b3cd9002139bc1795b9528cdc6c80?s=96&d=mm&r=g\",\"contentUrl\":\"https:\\\/\\\/secure.gravatar.com\\\/avatar\\\/8408942dd851e8a9c09f3d382a661bc05d2b3cd9002139bc1795b9528cdc6c80?s=96&d=mm&r=g\",\"caption\":\"R\u00e9daction - Les Volcans News\"},\"url\":\"https:\\\/\\\/lesvolcansnews.net\\\/?author=14\"}]}<\/script>\n<!-- \/ Yoast SEO plugin. -->","yoast_head_json":{"title":"Kasa\u00ef Oriental : Lors de l'inauguration de l'universit\u00e9 officielle de Mbuji-Mayi, Tshisekedi appelle \u00e0 une responsabilit\u00e9 collective - LES VOLCANS NEWS","robots":{"index":"index","follow":"follow","max-snippet":"max-snippet:-1","max-image-preview":"max-image-preview:large","max-video-preview":"max-video-preview:-1"},"canonical":"https:\/\/lesvolcansnews.net\/?p=69988","og_locale":"fr_FR","og_type":"article","og_title":"Kasa\u00ef Oriental : Lors de l'inauguration de l'universit\u00e9 officielle de Mbuji-Mayi, Tshisekedi appelle \u00e0 une responsabilit\u00e9 collective - LES VOLCANS NEWS","og_description":"Le Pr\u00e9sident de la R\u00e9publique d\u00e9mocratique du Congo, F\u00e9lix Antoine Tshisekedi Tshilombo, a proc\u00e9d\u00e9 ce lundi 6 octobre \u00e0 l\u2019inauguration officielle de l\u2019Universit\u00e9 Officielle de Mbuji-Mayi (UOM), au Kasa\u00ef Oriental,","og_url":"https:\/\/lesvolcansnews.net\/?p=69988","og_site_name":"LES VOLCANS NEWS","article_published_time":"2025-10-06T18:11:14+00:00","og_image":[{"width":1080,"height":720,"url":"https:\/\/lesvolcansnews.net\/wp-content\/uploads\/2025\/10\/20251006_191304.jpg","type":"image\/jpeg"}],"author":"R\u00e9daction - Les Volcans News","twitter_card":"summary_large_image","twitter_misc":{"\u00c9crit par":"R\u00e9daction - Les Volcans News","Dur\u00e9e de lecture estim\u00e9e":"2 minutes"},"schema":{"@context":"https:\/\/schema.org","@graph":[{"@type":"Article","@id":"https:\/\/lesvolcansnews.net\/?p=69988#article","isPartOf":{"@id":"https:\/\/lesvolcansnews.net\/?p=69988"},"author":{"name":"R\u00e9daction - Les Volcans News","@id":"https:\/\/lesvolcansnews.net\/#\/schema\/person\/82c8bed2e77879ecf6cca63441f57354"},"headline":"Kasa\u00ef Oriental : Lors de l&#8217;inauguration de l&#8217;universit\u00e9 officielle de Mbuji-Mayi, Tshisekedi appelle \u00e0 une responsabilit\u00e9 collective","datePublished":"2025-10-06T18:11:14+00:00","mainEntityOfPage":{"@id":"https:\/\/lesvolcansnews.net\/?p=69988"},"wordCount":333,"commentCount":0,"image":{"@id":"https:\/\/lesvolcansnews.net\/?p=69988#primaryimage"},"thumbnailUrl":"https:\/\/lesvolcansnews.net\/wp-content\/uploads\/2025\/10\/20251006_191304.jpg","articleSection":["ACTUALIT\u00c9"],"inLanguage":"fr-FR","potentialAction":[{"@type":"CommentAction","name":"Comment","target":["https:\/\/lesvolcansnews.net\/?p=69988#respond"]}]},{"@type":"WebPage","@id":"https:\/\/lesvolcansnews.net\/?p=69988","url":"https:\/\/lesvolcansnews.net\/?p=69988","name":"Kasa\u00ef Oriental : Lors de l'inauguration de l'universit\u00e9 officielle de Mbuji-Mayi, Tshisekedi appelle \u00e0 une responsabilit\u00e9 collective - LES VOLCANS NEWS","isPartOf":{"@id":"https:\/\/lesvolcansnews.net\/#website"},"primaryImageOfPage":{"@id":"https:\/\/lesvolcansnews.net\/?p=69988#primaryimage"},"image":{"@id":"https:\/\/lesvolcansnews.net\/?p=69988#primaryimage"},"thumbnailUrl":"https:\/\/lesvolcansnews.net\/wp-content\/uploads\/2025\/10\/20251006_191304.jpg","datePublished":"2025-10-06T18:11:14+00:00","author":{"@id":"https:\/\/lesvolcansnews.net\/#\/schema\/person\/82c8bed2e77879ecf6cca63441f57354"},"breadcrumb":{"@id":"https:\/\/lesvolcansnews.net\/?p=69988#breadcrumb"},"inLanguage":"fr-FR","potentialAction":[{"@type":"ReadAction","target":["https:\/\/lesvolcansnews.net\/?p=69988"]}]},{"@type":"ImageObject","inLanguage":"fr-FR","@id":"https:\/\/lesvolcansnews.net\/?p=69988#primaryimage","url":"https:\/\/lesvolcansnews.net\/wp-content\/uploads\/2025\/10\/20251006_191304.jpg","contentUrl":"https:\/\/lesvolcansnews.net\/wp-content\/uploads\/2025\/10\/20251006_191304.jpg","width":1080,"height":720},{"@type":"BreadcrumbList","@id":"https:\/\/lesvolcansnews.net\/?p=69988#breadcrumb","itemListElement":[{"@type":"ListItem","position":1,"name":"Accueil","item":"https:\/\/lesvolcansnews.net\/"},{"@type":"ListItem","position":2,"name":"Kasa\u00ef Oriental : Lors de l&#8217;inauguration de l&#8217;universit\u00e9 officielle de Mbuji-Mayi, Tshisekedi appelle \u00e0 une responsabilit\u00e9 collective"}]},{"@type":"WebSite","@id":"https:\/\/lesvolcansnews.net\/#website","url":"https:\/\/lesvolcansnews.net\/","name":"LES VOLCANS NEWS","description":"L&#039;INFORMATION C&#039;EST NOUS","potentialAction":[{"@type":"SearchAction","target":{"@type":"EntryPoint","urlTemplate":"https:\/\/lesvolcansnews.net\/?s={search_term_string}"},"query-input":{"@type":"PropertyValueSpecification","valueRequired":true,"valueName":"search_term_string"}}],"inLanguage":"fr-FR"},{"@type":"Person","@id":"https:\/\/lesvolcansnews.net\/#\/schema\/person\/82c8bed2e77879ecf6cca63441f57354","name":"R\u00e9daction - Les Volcans News","image":{"@type":"ImageObject","inLanguage":"fr-FR","@id":"https:\/\/secure.gravatar.com\/avatar\/8408942dd851e8a9c09f3d382a661bc05d2b3cd9002139bc1795b9528cdc6c80?s=96&d=mm&r=g","url":"https:\/\/secure.gravatar.com\/avatar\/8408942dd851e8a9c09f3d382a661bc05d2b3cd9002139bc1795b9528cdc6c80?s=96&d=mm&r=g","contentUrl":"https:\/\/secure.gravatar.com\/avatar\/8408942dd851e8a9c09f3d382a661bc05d2b3cd9002139bc1795b9528cdc6c80?s=96&d=mm&r=g","caption":"R\u00e9daction - Les Volcans News"},"url":"https:\/\/lesvolcansnews.net\/?author=14"}]}},"_links":{"self":[{"href":"https:\/\/lesvolcansnews.net\/index.php?rest_route=\/wp\/v2\/posts\/69988","targetHints":{"allow":["GET"]}}],"collection":[{"href":"https:\/\/lesvolcansnews.net\/index.php?rest_route=\/wp\/v2\/posts"}],"about":[{"href":"https:\/\/lesvolcansnews.net\/index.php?rest_route=\/wp\/v2\/types\/post"}],"author":[{"embeddable":true,"href":"https:\/\/lesvolcansnews.net\/index.php?rest_route=\/wp\/v2\/users\/14"}],"replies":[{"embeddable":true,"href":"https:\/\/lesvolcansnews.net\/index.php?rest_route=%2Fwp%2Fv2%2Fcomments&post=69988"}],"version-history":[{"count":0,"href":"https:\/\/lesvolcansnews.net\/index.php?rest_route=\/wp\/v2\/posts\/69988\/revisions"}],"wp:featuredmedia":[{"embeddable":true,"href":"https:\/\/lesvolcansnews.net\/index.php?rest_route=\/wp\/v2\/media\/69987"}],"wp:attachment":[{"href":"https:\/\/lesvolcansnews.net\/index.php?rest_route=%2Fwp%2Fv2%2Fmedia&parent=69988"}],"wp:term":[{"taxonomy":"category","embeddable":true,"href":"https:\/\/lesvolcansnews.net\/index.php?rest_route=%2Fwp%2Fv2%2Fcategories&post=69988"},{"taxonomy":"post_tag","embeddable":true,"href":"https:\/\/lesvolcansnews.net\/index.php?rest_route=%2Fwp%2Fv2%2Ftags&post=69988"}],"curies":[{"name":"wp","href":"https:\/\/api.w.org\/{rel}","templated":true}]}}