{"id":69981,"date":"2025-10-06T19:34:37","date_gmt":"2025-10-06T17:34:37","guid":{"rendered":"https:\/\/lesvolcansnews.net\/?p=69981"},"modified":"2025-10-06T19:34:37","modified_gmt":"2025-10-06T17:34:37","slug":"ituri-la-decision-suspendant-lexploitation-miniere-levee-par-le-ministre-louis-watum-kabamba","status":"publish","type":"post","link":"https:\/\/lesvolcansnews.net\/?p=69981","title":{"rendered":"Ituri : la d\u00e9cision suspendant l&#8217;exploitation mini\u00e8re \u00ab lev\u00e9e \u00bb par le ministre Louis Watum Kabamba"},"content":{"rendered":"<p><strong>Suspendue il y a peu par le gouverneur militaire Lieutenant G\u00e9n\u00e9ral Luboya N&#8217;kashama Johnny, l&#8217;exploitation mini\u00e8re en province de l&#8217;Ituri va, de nouveau reprendre dans les territoires en proie aux conflits arm\u00e9s. La mesure suspendant cette activit\u00e9 vient d&#8217;\u00eatre lev\u00e9e ce 06 octobre 2025 par le ministre des Mines Louis Watum Kabamba avant de s&#8217;envoler pour Kinshasa.<\/strong><\/p>\n<p>Cette lev\u00e9e a \u00e9t\u00e9 prise au sortir d&#8217;une r\u00e9union qu&#8217;il a tenu avec les op\u00e9rateurs miniers, r\u00e9union \u00e9largie au comit\u00e9 provincial de s\u00e9curit\u00e9. <\/p>\n<p>Dans des sites miniers jadis contr\u00f4l\u00e9s et exploit\u00e9s par des groupes arm\u00e9s, le ministre a ordonn\u00e9 l&#8217;arm\u00e9e de les s\u00e9curiser en attendant des orientations du gouvernement central qui va bient\u00f4t s&#8217;en occuper pour le compte du tr\u00e9sor public.<\/p>\n<p>Malgr\u00e9 la reprise de l&#8217;exploitation mini\u00e8re, Wathum rappelle que les conditions doivent \u00eatre bien d\u00e9finies notamment la gouvernance et transparence mini\u00e8re. <\/p>\n<p>\u00ab <em>Apr\u00e8s avoir \u00e9cout\u00e9 toutes les parties prenantes, nous avons pris la d\u00e9cision en toute responsabilit\u00e9 que les activit\u00e9s reprennent et continuent dans des conditions bien d\u00e9finies notamment la transparence<\/em> \u00bb, a-t-il fait savoir avant de s&#8217;envoler pour la capitale congolaise.<\/p>\n<p>Dans sa suite, le pr\u00e9sident du caucus des parlementaires de l&#8217;Ituri a aussi d\u00e9nonc\u00e9 l&#8217;invasion de plusieurs minerais congolais vers les pays voisins notamment l&#8217;Ouganda et le Sud-Soudan. Pour Pitchou Mbodina Iribi, le gouvernement \u00e0 travers le minist\u00e8re des mines doit miser sur le contr\u00f4le au niveau de nos fronti\u00e8res pour lutter contre cette mafia qui a \u00e9lu domicile dans la province de l&#8217;Ituri.<\/p>\n<p>Aussi, Iribi veut voir la situation des expatri\u00e9s chinois \u00eatre bien \u00e9clair\u00e9e car il y aurait des flous dans leur gestion mini\u00e8re. <\/p>\n<p><strong>Nickson Manzekele, \u00e0 Bunia<\/strong><\/p>\n","protected":false},"excerpt":{"rendered":"<p>Suspendue il y a peu par le gouverneur militaire Lieutenant G\u00e9n\u00e9ral Luboya N&#8217;kashama Johnny, l&#8217;exploitation mini\u00e8re en province de l&#8217;Ituri va, de nouveau reprendre dans les territoires en proie aux<\/p>\n","protected":false},"author":14,"featured_media":69983,"comment_status":"open","ping_status":"open","sticky":false,"template":"","format":"standard","meta":{"footnotes":""},"categories":[1,63],"tags":[],"class_list":["post-69981","post","type-post","status-publish","format-standard","has-post-thumbnail","hentry","category-actualite","category-mines"],"yoast_head":"<!-- This site is optimized with the Yoast SEO plugin v27.5 - https:\/\/yoast.com\/product\/yoast-seo-wordpress\/ -->\n<title>Ituri : la d\u00e9cision suspendant l&#039;exploitation mini\u00e8re \u00ab lev\u00e9e \u00bb par le ministre Louis Watum Kabamba - LES VOLCANS NEWS<\/title>\n<meta name=\"robots\" content=\"index, follow, max-snippet:-1, max-image-preview:large, max-video-preview:-1\" \/>\n<link rel=\"canonical\" href=\"https:\/\/lesvolcansnews.net\/?p=69981\" \/>\n<meta property=\"og:locale\" content=\"fr_FR\" \/>\n<meta property=\"og:type\" content=\"article\" \/>\n<meta property=\"og:title\" content=\"Ituri : la d\u00e9cision suspendant l&#039;exploitation mini\u00e8re \u00ab lev\u00e9e \u00bb par le ministre Louis Watum Kabamba - LES VOLCANS NEWS\" \/>\n<meta property=\"og:description\" content=\"Suspendue il y a peu par le gouverneur militaire Lieutenant G\u00e9n\u00e9ral Luboya N&#8217;kashama Johnny, l&#8217;exploitation mini\u00e8re en province de l&#8217;Ituri va, de nouveau reprendre dans les territoires en proie aux\" \/>\n<meta property=\"og:url\" content=\"https:\/\/lesvolcansnews.net\/?p=69981\" \/>\n<meta property=\"og:site_name\" content=\"LES VOLCANS NEWS\" \/>\n<meta property=\"article:published_time\" content=\"2025-10-06T17:34:37+00:00\" \/>\n<meta property=\"og:image\" content=\"https:\/\/i0.wp.com\/lesvolcansnews.net\/wp-content\/uploads\/2025\/10\/Polish_20251006_154606192-scaled.jpg?fit=2560%2C1921&ssl=1\" \/>\n\t<meta property=\"og:image:width\" content=\"2560\" \/>\n\t<meta property=\"og:image:height\" content=\"1921\" \/>\n\t<meta property=\"og:image:type\" content=\"image\/jpeg\" \/>\n<meta name=\"author\" content=\"R\u00e9daction - Les Volcans News\" \/>\n<meta name=\"twitter:card\" content=\"summary_large_image\" \/>\n<meta name=\"twitter:label1\" content=\"\u00c9crit par\" \/>\n\t<meta name=\"twitter:data1\" content=\"R\u00e9daction - Les Volcans News\" \/>\n\t<meta name=\"twitter:label2\" content=\"Dur\u00e9e de lecture estim\u00e9e\" \/>\n\t<meta name=\"twitter:data2\" content=\"1 minute\" \/>\n<script type=\"application\/ld+json\" class=\"yoast-schema-graph\">{\"@context\":\"https:\\\/\\\/schema.org\",\"@graph\":[{\"@type\":\"Article\",\"@id\":\"https:\\\/\\\/lesvolcansnews.net\\\/?p=69981#article\",\"isPartOf\":{\"@id\":\"https:\\\/\\\/lesvolcansnews.net\\\/?p=69981\"},\"author\":{\"name\":\"R\u00e9daction - Les Volcans News\",\"@id\":\"https:\\\/\\\/lesvolcansnews.net\\\/#\\\/schema\\\/person\\\/82c8bed2e77879ecf6cca63441f57354\"},\"headline\":\"Ituri : la d\u00e9cision suspendant l&#8217;exploitation mini\u00e8re \u00ab lev\u00e9e \u00bb par le ministre Louis Watum Kabamba\",\"datePublished\":\"2025-10-06T17:34:37+00:00\",\"mainEntityOfPage\":{\"@id\":\"https:\\\/\\\/lesvolcansnews.net\\\/?p=69981\"},\"wordCount\":329,\"commentCount\":0,\"image\":{\"@id\":\"https:\\\/\\\/lesvolcansnews.net\\\/?p=69981#primaryimage\"},\"thumbnailUrl\":\"https:\\\/\\\/lesvolcansnews.net\\\/wp-content\\\/uploads\\\/2025\\\/10\\\/Polish_20251006_154606192-scaled.jpg\",\"articleSection\":[\"ACTUALIT\u00c9\",\"MINES\"],\"inLanguage\":\"fr-FR\",\"potentialAction\":[{\"@type\":\"CommentAction\",\"name\":\"Comment\",\"target\":[\"https:\\\/\\\/lesvolcansnews.net\\\/?p=69981#respond\"]}]},{\"@type\":\"WebPage\",\"@id\":\"https:\\\/\\\/lesvolcansnews.net\\\/?p=69981\",\"url\":\"https:\\\/\\\/lesvolcansnews.net\\\/?p=69981\",\"name\":\"Ituri : la d\u00e9cision suspendant l'exploitation mini\u00e8re \u00ab lev\u00e9e \u00bb par le ministre Louis Watum Kabamba - LES VOLCANS NEWS\",\"isPartOf\":{\"@id\":\"https:\\\/\\\/lesvolcansnews.net\\\/#website\"},\"primaryImageOfPage\":{\"@id\":\"https:\\\/\\\/lesvolcansnews.net\\\/?p=69981#primaryimage\"},\"image\":{\"@id\":\"https:\\\/\\\/lesvolcansnews.net\\\/?p=69981#primaryimage\"},\"thumbnailUrl\":\"https:\\\/\\\/lesvolcansnews.net\\\/wp-content\\\/uploads\\\/2025\\\/10\\\/Polish_20251006_154606192-scaled.jpg\",\"datePublished\":\"2025-10-06T17:34:37+00:00\",\"author\":{\"@id\":\"https:\\\/\\\/lesvolcansnews.net\\\/#\\\/schema\\\/person\\\/82c8bed2e77879ecf6cca63441f57354\"},\"breadcrumb\":{\"@id\":\"https:\\\/\\\/lesvolcansnews.net\\\/?p=69981#breadcrumb\"},\"inLanguage\":\"fr-FR\",\"potentialAction\":[{\"@type\":\"ReadAction\",\"target\":[\"https:\\\/\\\/lesvolcansnews.net\\\/?p=69981\"]}]},{\"@type\":\"ImageObject\",\"inLanguage\":\"fr-FR\",\"@id\":\"https:\\\/\\\/lesvolcansnews.net\\\/?p=69981#primaryimage\",\"url\":\"https:\\\/\\\/lesvolcansnews.net\\\/wp-content\\\/uploads\\\/2025\\\/10\\\/Polish_20251006_154606192-scaled.jpg\",\"contentUrl\":\"https:\\\/\\\/lesvolcansnews.net\\\/wp-content\\\/uploads\\\/2025\\\/10\\\/Polish_20251006_154606192-scaled.jpg\",\"width\":2560,\"height\":1921},{\"@type\":\"BreadcrumbList\",\"@id\":\"https:\\\/\\\/lesvolcansnews.net\\\/?p=69981#breadcrumb\",\"itemListElement\":[{\"@type\":\"ListItem\",\"position\":1,\"name\":\"Accueil\",\"item\":\"https:\\\/\\\/lesvolcansnews.net\\\/\"},{\"@type\":\"ListItem\",\"position\":2,\"name\":\"Ituri : la d\u00e9cision suspendant l&#8217;exploitation mini\u00e8re \u00ab lev\u00e9e \u00bb par le ministre Louis Watum Kabamba\"}]},{\"@type\":\"WebSite\",\"@id\":\"https:\\\/\\\/lesvolcansnews.net\\\/#website\",\"url\":\"https:\\\/\\\/lesvolcansnews.net\\\/\",\"name\":\"LES VOLCANS NEWS\",\"description\":\"L&#039;INFORMATION C&#039;EST NOUS\",\"potentialAction\":[{\"@type\":\"SearchAction\",\"target\":{\"@type\":\"EntryPoint\",\"urlTemplate\":\"https:\\\/\\\/lesvolcansnews.net\\\/?s={search_term_string}\"},\"query-input\":{\"@type\":\"PropertyValueSpecification\",\"valueRequired\":true,\"valueName\":\"search_term_string\"}}],\"inLanguage\":\"fr-FR\"},{\"@type\":\"Person\",\"@id\":\"https:\\\/\\\/lesvolcansnews.net\\\/#\\\/schema\\\/person\\\/82c8bed2e77879ecf6cca63441f57354\",\"name\":\"R\u00e9daction - Les Volcans News\",\"image\":{\"@type\":\"ImageObject\",\"inLanguage\":\"fr-FR\",\"@id\":\"https:\\\/\\\/secure.gravatar.com\\\/avatar\\\/8408942dd851e8a9c09f3d382a661bc05d2b3cd9002139bc1795b9528cdc6c80?s=96&d=mm&r=g\",\"url\":\"https:\\\/\\\/secure.gravatar.com\\\/avatar\\\/8408942dd851e8a9c09f3d382a661bc05d2b3cd9002139bc1795b9528cdc6c80?s=96&d=mm&r=g\",\"contentUrl\":\"https:\\\/\\\/secure.gravatar.com\\\/avatar\\\/8408942dd851e8a9c09f3d382a661bc05d2b3cd9002139bc1795b9528cdc6c80?s=96&d=mm&r=g\",\"caption\":\"R\u00e9daction - Les Volcans News\"},\"url\":\"https:\\\/\\\/lesvolcansnews.net\\\/?author=14\"}]}<\/script>\n<!-- \/ Yoast SEO plugin. -->","yoast_head_json":{"title":"Ituri : la d\u00e9cision suspendant l'exploitation mini\u00e8re \u00ab lev\u00e9e \u00bb par le ministre Louis Watum Kabamba - LES VOLCANS NEWS","robots":{"index":"index","follow":"follow","max-snippet":"max-snippet:-1","max-image-preview":"max-image-preview:large","max-video-preview":"max-video-preview:-1"},"canonical":"https:\/\/lesvolcansnews.net\/?p=69981","og_locale":"fr_FR","og_type":"article","og_title":"Ituri : la d\u00e9cision suspendant l'exploitation mini\u00e8re \u00ab lev\u00e9e \u00bb par le ministre Louis Watum Kabamba - LES VOLCANS NEWS","og_description":"Suspendue il y a peu par le gouverneur militaire Lieutenant G\u00e9n\u00e9ral Luboya N&#8217;kashama Johnny, l&#8217;exploitation mini\u00e8re en province de l&#8217;Ituri va, de nouveau reprendre dans les territoires en proie aux","og_url":"https:\/\/lesvolcansnews.net\/?p=69981","og_site_name":"LES VOLCANS NEWS","article_published_time":"2025-10-06T17:34:37+00:00","og_image":[{"width":2560,"height":1921,"url":"https:\/\/i0.wp.com\/lesvolcansnews.net\/wp-content\/uploads\/2025\/10\/Polish_20251006_154606192-scaled.jpg?fit=2560%2C1921&ssl=1","type":"image\/jpeg"}],"author":"R\u00e9daction - Les Volcans News","twitter_card":"summary_large_image","twitter_misc":{"\u00c9crit par":"R\u00e9daction - Les Volcans News","Dur\u00e9e de lecture estim\u00e9e":"1 minute"},"schema":{"@context":"https:\/\/schema.org","@graph":[{"@type":"Article","@id":"https:\/\/lesvolcansnews.net\/?p=69981#article","isPartOf":{"@id":"https:\/\/lesvolcansnews.net\/?p=69981"},"author":{"name":"R\u00e9daction - Les Volcans News","@id":"https:\/\/lesvolcansnews.net\/#\/schema\/person\/82c8bed2e77879ecf6cca63441f57354"},"headline":"Ituri : la d\u00e9cision suspendant l&#8217;exploitation mini\u00e8re \u00ab lev\u00e9e \u00bb par le ministre Louis Watum Kabamba","datePublished":"2025-10-06T17:34:37+00:00","mainEntityOfPage":{"@id":"https:\/\/lesvolcansnews.net\/?p=69981"},"wordCount":329,"commentCount":0,"image":{"@id":"https:\/\/lesvolcansnews.net\/?p=69981#primaryimage"},"thumbnailUrl":"https:\/\/lesvolcansnews.net\/wp-content\/uploads\/2025\/10\/Polish_20251006_154606192-scaled.jpg","articleSection":["ACTUALIT\u00c9","MINES"],"inLanguage":"fr-FR","potentialAction":[{"@type":"CommentAction","name":"Comment","target":["https:\/\/lesvolcansnews.net\/?p=69981#respond"]}]},{"@type":"WebPage","@id":"https:\/\/lesvolcansnews.net\/?p=69981","url":"https:\/\/lesvolcansnews.net\/?p=69981","name":"Ituri : la d\u00e9cision suspendant l'exploitation mini\u00e8re \u00ab lev\u00e9e \u00bb par le ministre Louis Watum Kabamba - LES VOLCANS NEWS","isPartOf":{"@id":"https:\/\/lesvolcansnews.net\/#website"},"primaryImageOfPage":{"@id":"https:\/\/lesvolcansnews.net\/?p=69981#primaryimage"},"image":{"@id":"https:\/\/lesvolcansnews.net\/?p=69981#primaryimage"},"thumbnailUrl":"https:\/\/lesvolcansnews.net\/wp-content\/uploads\/2025\/10\/Polish_20251006_154606192-scaled.jpg","datePublished":"2025-10-06T17:34:37+00:00","author":{"@id":"https:\/\/lesvolcansnews.net\/#\/schema\/person\/82c8bed2e77879ecf6cca63441f57354"},"breadcrumb":{"@id":"https:\/\/lesvolcansnews.net\/?p=69981#breadcrumb"},"inLanguage":"fr-FR","potentialAction":[{"@type":"ReadAction","target":["https:\/\/lesvolcansnews.net\/?p=69981"]}]},{"@type":"ImageObject","inLanguage":"fr-FR","@id":"https:\/\/lesvolcansnews.net\/?p=69981#primaryimage","url":"https:\/\/lesvolcansnews.net\/wp-content\/uploads\/2025\/10\/Polish_20251006_154606192-scaled.jpg","contentUrl":"https:\/\/lesvolcansnews.net\/wp-content\/uploads\/2025\/10\/Polish_20251006_154606192-scaled.jpg","width":2560,"height":1921},{"@type":"BreadcrumbList","@id":"https:\/\/lesvolcansnews.net\/?p=69981#breadcrumb","itemListElement":[{"@type":"ListItem","position":1,"name":"Accueil","item":"https:\/\/lesvolcansnews.net\/"},{"@type":"ListItem","position":2,"name":"Ituri : la d\u00e9cision suspendant l&#8217;exploitation mini\u00e8re \u00ab lev\u00e9e \u00bb par le ministre Louis Watum Kabamba"}]},{"@type":"WebSite","@id":"https:\/\/lesvolcansnews.net\/#website","url":"https:\/\/lesvolcansnews.net\/","name":"LES VOLCANS NEWS","description":"L&#039;INFORMATION C&#039;EST NOUS","potentialAction":[{"@type":"SearchAction","target":{"@type":"EntryPoint","urlTemplate":"https:\/\/lesvolcansnews.net\/?s={search_term_string}"},"query-input":{"@type":"PropertyValueSpecification","valueRequired":true,"valueName":"search_term_string"}}],"inLanguage":"fr-FR"},{"@type":"Person","@id":"https:\/\/lesvolcansnews.net\/#\/schema\/person\/82c8bed2e77879ecf6cca63441f57354","name":"R\u00e9daction - Les Volcans News","image":{"@type":"ImageObject","inLanguage":"fr-FR","@id":"https:\/\/secure.gravatar.com\/avatar\/8408942dd851e8a9c09f3d382a661bc05d2b3cd9002139bc1795b9528cdc6c80?s=96&d=mm&r=g","url":"https:\/\/secure.gravatar.com\/avatar\/8408942dd851e8a9c09f3d382a661bc05d2b3cd9002139bc1795b9528cdc6c80?s=96&d=mm&r=g","contentUrl":"https:\/\/secure.gravatar.com\/avatar\/8408942dd851e8a9c09f3d382a661bc05d2b3cd9002139bc1795b9528cdc6c80?s=96&d=mm&r=g","caption":"R\u00e9daction - Les Volcans News"},"url":"https:\/\/lesvolcansnews.net\/?author=14"}]}},"_links":{"self":[{"href":"https:\/\/lesvolcansnews.net\/index.php?rest_route=\/wp\/v2\/posts\/69981","targetHints":{"allow":["GET"]}}],"collection":[{"href":"https:\/\/lesvolcansnews.net\/index.php?rest_route=\/wp\/v2\/posts"}],"about":[{"href":"https:\/\/lesvolcansnews.net\/index.php?rest_route=\/wp\/v2\/types\/post"}],"author":[{"embeddable":true,"href":"https:\/\/lesvolcansnews.net\/index.php?rest_route=\/wp\/v2\/users\/14"}],"replies":[{"embeddable":true,"href":"https:\/\/lesvolcansnews.net\/index.php?rest_route=%2Fwp%2Fv2%2Fcomments&post=69981"}],"version-history":[{"count":1,"href":"https:\/\/lesvolcansnews.net\/index.php?rest_route=\/wp\/v2\/posts\/69981\/revisions"}],"predecessor-version":[{"id":69982,"href":"https:\/\/lesvolcansnews.net\/index.php?rest_route=\/wp\/v2\/posts\/69981\/revisions\/69982"}],"wp:featuredmedia":[{"embeddable":true,"href":"https:\/\/lesvolcansnews.net\/index.php?rest_route=\/wp\/v2\/media\/69983"}],"wp:attachment":[{"href":"https:\/\/lesvolcansnews.net\/index.php?rest_route=%2Fwp%2Fv2%2Fmedia&parent=69981"}],"wp:term":[{"taxonomy":"category","embeddable":true,"href":"https:\/\/lesvolcansnews.net\/index.php?rest_route=%2Fwp%2Fv2%2Fcategories&post=69981"},{"taxonomy":"post_tag","embeddable":true,"href":"https:\/\/lesvolcansnews.net\/index.php?rest_route=%2Fwp%2Fv2%2Ftags&post=69981"}],"curies":[{"name":"wp","href":"https:\/\/api.w.org\/{rel}","templated":true}]}}