{"id":69963,"date":"2025-10-05T20:22:49","date_gmt":"2025-10-05T18:22:49","guid":{"rendered":"https:\/\/lesvolcansnews.net\/?p=69963"},"modified":"2025-10-05T20:25:08","modified_gmt":"2025-10-05T18:25:08","slug":"rdc-lafc-m23-nacceptera-plus-les-documents-de-voyage-emis-par-kinshasa-dans-les-zones-quelle-controle-a-partir-du-1er-novembre","status":"publish","type":"post","link":"https:\/\/lesvolcansnews.net\/?p=69963","title":{"rendered":"RDC : l\u2019AFC\/M23 n\u2019acceptera plus les documents de voyage \u00e9mis par Kinshasa dans les zones qu\u2019elle contr\u00f4le \u00e0 partir du 1er novembre"},"content":{"rendered":"<p><strong>Le mouvement rebelle AFC\/M23 a annonc\u00e9 qu\u2019il ne reconna\u00eetra plus, \u00e0 compter du 1er novembre, les documents de voyage d\u00e9livr\u00e9s par les autorit\u00e9s de Kinshasa dans les territoires qu\u2019il contr\u00f4le dans l\u2019est de la R\u00e9publique d\u00e9mocratique du Congo.<\/strong><\/p>\n<p>La mesure concerne notamment les villes de Goma et Bukavu, ainsi que plusieurs localit\u00e9s des provinces du Nord-Kivu et du Sud-Kivu, selon un communiqu\u00e9 du mouvement.<\/p>\n<p>Cette d\u00e9cision intervient plusieurs mois apr\u00e8s que le gouvernement congolais a interdit l\u2019usage de documents \u00e9mis par l\u2019AFC\/M23 dans les zones sous son autorit\u00e9. Le mouvement justifie sa d\u00e9cision par une volont\u00e9 de r\u00e9ciprocit\u00e9.<\/p>\n<p>Cette situation cr\u00e9e de fortes restrictions de mobilit\u00e9 pour les habitants des zones concern\u00e9es. Les d\u00e9tenteurs de documents \u00e9mis par Kinshasa ne peuvent plus circuler dans les territoires tenus par l\u2019AFC\/M23, tandis que ceux munis de documents d\u00e9livr\u00e9s par le mouvement rebelle sont bloqu\u00e9s \u00e0 l\u2019entr\u00e9e des zones contr\u00f4l\u00e9es par l\u2019\u00c9tat central.<\/p>\n<p>Au-del\u00e0 du bras de fer administratif, la mesure complique la vie quotidienne des populations locales, d\u00e9j\u00e0 affect\u00e9es par le conflit dans la r\u00e9gion.<\/p>\n<p>Clovis Ali<\/p>\n","protected":false},"excerpt":{"rendered":"<p>Le mouvement rebelle AFC\/M23 a annonc\u00e9 qu\u2019il ne reconna\u00eetra plus, \u00e0 compter du 1er novembre, les documents de voyage d\u00e9livr\u00e9s par les autorit\u00e9s de Kinshasa dans les territoires qu\u2019il contr\u00f4le<\/p>\n","protected":false},"author":14,"featured_media":69964,"comment_status":"open","ping_status":"open","sticky":false,"template":"","format":"standard","meta":{"footnotes":""},"categories":[58],"tags":[],"class_list":["post-69963","post","type-post","status-publish","format-standard","has-post-thumbnail","hentry","category-administration"],"yoast_head":"<!-- This site is optimized with the Yoast SEO plugin v27.3 - https:\/\/yoast.com\/product\/yoast-seo-wordpress\/ -->\n<title>RDC : l\u2019AFC\/M23 n\u2019acceptera plus les documents de voyage \u00e9mis par Kinshasa dans les zones qu\u2019elle contr\u00f4le \u00e0 partir du 1er novembre - LES VOLCANS NEWS<\/title>\n<meta name=\"robots\" content=\"index, follow, max-snippet:-1, max-image-preview:large, max-video-preview:-1\" \/>\n<link rel=\"canonical\" href=\"https:\/\/lesvolcansnews.net\/?p=69963\" \/>\n<meta property=\"og:locale\" content=\"fr_FR\" \/>\n<meta property=\"og:type\" content=\"article\" \/>\n<meta property=\"og:title\" content=\"RDC : l\u2019AFC\/M23 n\u2019acceptera plus les documents de voyage \u00e9mis par Kinshasa dans les zones qu\u2019elle contr\u00f4le \u00e0 partir du 1er novembre - LES VOLCANS NEWS\" \/>\n<meta property=\"og:description\" content=\"Le mouvement rebelle AFC\/M23 a annonc\u00e9 qu\u2019il ne reconna\u00eetra plus, \u00e0 compter du 1er novembre, les documents de voyage d\u00e9livr\u00e9s par les autorit\u00e9s de Kinshasa dans les territoires qu\u2019il contr\u00f4le\" \/>\n<meta property=\"og:url\" content=\"https:\/\/lesvolcansnews.net\/?p=69963\" \/>\n<meta property=\"og:site_name\" content=\"LES VOLCANS NEWS\" \/>\n<meta property=\"article:published_time\" content=\"2025-10-05T18:22:49+00:00\" \/>\n<meta property=\"article:modified_time\" content=\"2025-10-05T18:25:08+00:00\" \/>\n<meta property=\"og:image\" content=\"https:\/\/lesvolcansnews.net\/wp-content\/uploads\/2025\/10\/475753357_18485632411005042_8280405337860290642_n.webp\" \/>\n\t<meta property=\"og:image:width\" content=\"1080\" \/>\n\t<meta property=\"og:image:height\" content=\"709\" \/>\n\t<meta property=\"og:image:type\" content=\"image\/webp\" \/>\n<meta name=\"author\" content=\"R\u00e9daction - Les Volcans News\" \/>\n<meta name=\"twitter:card\" content=\"summary_large_image\" \/>\n<meta name=\"twitter:label1\" content=\"\u00c9crit par\" \/>\n\t<meta name=\"twitter:data1\" content=\"R\u00e9daction - Les Volcans News\" \/>\n\t<meta name=\"twitter:label2\" content=\"Dur\u00e9e de lecture estim\u00e9e\" \/>\n\t<meta name=\"twitter:data2\" content=\"1 minute\" \/>\n<script type=\"application\/ld+json\" class=\"yoast-schema-graph\">{\"@context\":\"https:\\\/\\\/schema.org\",\"@graph\":[{\"@type\":\"Article\",\"@id\":\"https:\\\/\\\/lesvolcansnews.net\\\/?p=69963#article\",\"isPartOf\":{\"@id\":\"https:\\\/\\\/lesvolcansnews.net\\\/?p=69963\"},\"author\":{\"name\":\"R\u00e9daction - Les Volcans News\",\"@id\":\"https:\\\/\\\/lesvolcansnews.net\\\/#\\\/schema\\\/person\\\/82c8bed2e77879ecf6cca63441f57354\"},\"headline\":\"RDC : l\u2019AFC\\\/M23 n\u2019acceptera plus les documents de voyage \u00e9mis par Kinshasa dans les zones qu\u2019elle contr\u00f4le \u00e0 partir du 1er novembre\",\"datePublished\":\"2025-10-05T18:22:49+00:00\",\"dateModified\":\"2025-10-05T18:25:08+00:00\",\"mainEntityOfPage\":{\"@id\":\"https:\\\/\\\/lesvolcansnews.net\\\/?p=69963\"},\"wordCount\":233,\"commentCount\":0,\"image\":{\"@id\":\"https:\\\/\\\/lesvolcansnews.net\\\/?p=69963#primaryimage\"},\"thumbnailUrl\":\"https:\\\/\\\/lesvolcansnews.net\\\/wp-content\\\/uploads\\\/2025\\\/10\\\/475753357_18485632411005042_8280405337860290642_n.webp\",\"articleSection\":[\"ADMINISTRATION\"],\"inLanguage\":\"fr-FR\",\"potentialAction\":[{\"@type\":\"CommentAction\",\"name\":\"Comment\",\"target\":[\"https:\\\/\\\/lesvolcansnews.net\\\/?p=69963#respond\"]}]},{\"@type\":\"WebPage\",\"@id\":\"https:\\\/\\\/lesvolcansnews.net\\\/?p=69963\",\"url\":\"https:\\\/\\\/lesvolcansnews.net\\\/?p=69963\",\"name\":\"RDC : l\u2019AFC\\\/M23 n\u2019acceptera plus les documents de voyage \u00e9mis par Kinshasa dans les zones qu\u2019elle contr\u00f4le \u00e0 partir du 1er novembre - LES VOLCANS NEWS\",\"isPartOf\":{\"@id\":\"https:\\\/\\\/lesvolcansnews.net\\\/#website\"},\"primaryImageOfPage\":{\"@id\":\"https:\\\/\\\/lesvolcansnews.net\\\/?p=69963#primaryimage\"},\"image\":{\"@id\":\"https:\\\/\\\/lesvolcansnews.net\\\/?p=69963#primaryimage\"},\"thumbnailUrl\":\"https:\\\/\\\/lesvolcansnews.net\\\/wp-content\\\/uploads\\\/2025\\\/10\\\/475753357_18485632411005042_8280405337860290642_n.webp\",\"datePublished\":\"2025-10-05T18:22:49+00:00\",\"dateModified\":\"2025-10-05T18:25:08+00:00\",\"author\":{\"@id\":\"https:\\\/\\\/lesvolcansnews.net\\\/#\\\/schema\\\/person\\\/82c8bed2e77879ecf6cca63441f57354\"},\"breadcrumb\":{\"@id\":\"https:\\\/\\\/lesvolcansnews.net\\\/?p=69963#breadcrumb\"},\"inLanguage\":\"fr-FR\",\"potentialAction\":[{\"@type\":\"ReadAction\",\"target\":[\"https:\\\/\\\/lesvolcansnews.net\\\/?p=69963\"]}]},{\"@type\":\"ImageObject\",\"inLanguage\":\"fr-FR\",\"@id\":\"https:\\\/\\\/lesvolcansnews.net\\\/?p=69963#primaryimage\",\"url\":\"https:\\\/\\\/lesvolcansnews.net\\\/wp-content\\\/uploads\\\/2025\\\/10\\\/475753357_18485632411005042_8280405337860290642_n.webp\",\"contentUrl\":\"https:\\\/\\\/lesvolcansnews.net\\\/wp-content\\\/uploads\\\/2025\\\/10\\\/475753357_18485632411005042_8280405337860290642_n.webp\",\"width\":1080,\"height\":709},{\"@type\":\"BreadcrumbList\",\"@id\":\"https:\\\/\\\/lesvolcansnews.net\\\/?p=69963#breadcrumb\",\"itemListElement\":[{\"@type\":\"ListItem\",\"position\":1,\"name\":\"Accueil\",\"item\":\"https:\\\/\\\/lesvolcansnews.net\\\/\"},{\"@type\":\"ListItem\",\"position\":2,\"name\":\"RDC : l\u2019AFC\\\/M23 n\u2019acceptera plus les documents de voyage \u00e9mis par Kinshasa dans les zones qu\u2019elle contr\u00f4le \u00e0 partir du 1er novembre\"}]},{\"@type\":\"WebSite\",\"@id\":\"https:\\\/\\\/lesvolcansnews.net\\\/#website\",\"url\":\"https:\\\/\\\/lesvolcansnews.net\\\/\",\"name\":\"LES VOLCANS NEWS\",\"description\":\"L&#039;INFORMATION C&#039;EST NOUS\",\"potentialAction\":[{\"@type\":\"SearchAction\",\"target\":{\"@type\":\"EntryPoint\",\"urlTemplate\":\"https:\\\/\\\/lesvolcansnews.net\\\/?s={search_term_string}\"},\"query-input\":{\"@type\":\"PropertyValueSpecification\",\"valueRequired\":true,\"valueName\":\"search_term_string\"}}],\"inLanguage\":\"fr-FR\"},{\"@type\":\"Person\",\"@id\":\"https:\\\/\\\/lesvolcansnews.net\\\/#\\\/schema\\\/person\\\/82c8bed2e77879ecf6cca63441f57354\",\"name\":\"R\u00e9daction - Les Volcans News\",\"image\":{\"@type\":\"ImageObject\",\"inLanguage\":\"fr-FR\",\"@id\":\"https:\\\/\\\/secure.gravatar.com\\\/avatar\\\/8408942dd851e8a9c09f3d382a661bc05d2b3cd9002139bc1795b9528cdc6c80?s=96&d=mm&r=g\",\"url\":\"https:\\\/\\\/secure.gravatar.com\\\/avatar\\\/8408942dd851e8a9c09f3d382a661bc05d2b3cd9002139bc1795b9528cdc6c80?s=96&d=mm&r=g\",\"contentUrl\":\"https:\\\/\\\/secure.gravatar.com\\\/avatar\\\/8408942dd851e8a9c09f3d382a661bc05d2b3cd9002139bc1795b9528cdc6c80?s=96&d=mm&r=g\",\"caption\":\"R\u00e9daction - Les Volcans News\"},\"url\":\"https:\\\/\\\/lesvolcansnews.net\\\/?author=14\"}]}<\/script>\n<!-- \/ Yoast SEO plugin. -->","yoast_head_json":{"title":"RDC : l\u2019AFC\/M23 n\u2019acceptera plus les documents de voyage \u00e9mis par Kinshasa dans les zones qu\u2019elle contr\u00f4le \u00e0 partir du 1er novembre - LES VOLCANS NEWS","robots":{"index":"index","follow":"follow","max-snippet":"max-snippet:-1","max-image-preview":"max-image-preview:large","max-video-preview":"max-video-preview:-1"},"canonical":"https:\/\/lesvolcansnews.net\/?p=69963","og_locale":"fr_FR","og_type":"article","og_title":"RDC : l\u2019AFC\/M23 n\u2019acceptera plus les documents de voyage \u00e9mis par Kinshasa dans les zones qu\u2019elle contr\u00f4le \u00e0 partir du 1er novembre - LES VOLCANS NEWS","og_description":"Le mouvement rebelle AFC\/M23 a annonc\u00e9 qu\u2019il ne reconna\u00eetra plus, \u00e0 compter du 1er novembre, les documents de voyage d\u00e9livr\u00e9s par les autorit\u00e9s de Kinshasa dans les territoires qu\u2019il contr\u00f4le","og_url":"https:\/\/lesvolcansnews.net\/?p=69963","og_site_name":"LES VOLCANS NEWS","article_published_time":"2025-10-05T18:22:49+00:00","article_modified_time":"2025-10-05T18:25:08+00:00","og_image":[{"width":1080,"height":709,"url":"https:\/\/lesvolcansnews.net\/wp-content\/uploads\/2025\/10\/475753357_18485632411005042_8280405337860290642_n.webp","type":"image\/webp"}],"author":"R\u00e9daction - Les Volcans News","twitter_card":"summary_large_image","twitter_misc":{"\u00c9crit par":"R\u00e9daction - Les Volcans News","Dur\u00e9e de lecture estim\u00e9e":"1 minute"},"schema":{"@context":"https:\/\/schema.org","@graph":[{"@type":"Article","@id":"https:\/\/lesvolcansnews.net\/?p=69963#article","isPartOf":{"@id":"https:\/\/lesvolcansnews.net\/?p=69963"},"author":{"name":"R\u00e9daction - Les Volcans News","@id":"https:\/\/lesvolcansnews.net\/#\/schema\/person\/82c8bed2e77879ecf6cca63441f57354"},"headline":"RDC : l\u2019AFC\/M23 n\u2019acceptera plus les documents de voyage \u00e9mis par Kinshasa dans les zones qu\u2019elle contr\u00f4le \u00e0 partir du 1er novembre","datePublished":"2025-10-05T18:22:49+00:00","dateModified":"2025-10-05T18:25:08+00:00","mainEntityOfPage":{"@id":"https:\/\/lesvolcansnews.net\/?p=69963"},"wordCount":233,"commentCount":0,"image":{"@id":"https:\/\/lesvolcansnews.net\/?p=69963#primaryimage"},"thumbnailUrl":"https:\/\/lesvolcansnews.net\/wp-content\/uploads\/2025\/10\/475753357_18485632411005042_8280405337860290642_n.webp","articleSection":["ADMINISTRATION"],"inLanguage":"fr-FR","potentialAction":[{"@type":"CommentAction","name":"Comment","target":["https:\/\/lesvolcansnews.net\/?p=69963#respond"]}]},{"@type":"WebPage","@id":"https:\/\/lesvolcansnews.net\/?p=69963","url":"https:\/\/lesvolcansnews.net\/?p=69963","name":"RDC : l\u2019AFC\/M23 n\u2019acceptera plus les documents de voyage \u00e9mis par Kinshasa dans les zones qu\u2019elle contr\u00f4le \u00e0 partir du 1er novembre - LES VOLCANS NEWS","isPartOf":{"@id":"https:\/\/lesvolcansnews.net\/#website"},"primaryImageOfPage":{"@id":"https:\/\/lesvolcansnews.net\/?p=69963#primaryimage"},"image":{"@id":"https:\/\/lesvolcansnews.net\/?p=69963#primaryimage"},"thumbnailUrl":"https:\/\/lesvolcansnews.net\/wp-content\/uploads\/2025\/10\/475753357_18485632411005042_8280405337860290642_n.webp","datePublished":"2025-10-05T18:22:49+00:00","dateModified":"2025-10-05T18:25:08+00:00","author":{"@id":"https:\/\/lesvolcansnews.net\/#\/schema\/person\/82c8bed2e77879ecf6cca63441f57354"},"breadcrumb":{"@id":"https:\/\/lesvolcansnews.net\/?p=69963#breadcrumb"},"inLanguage":"fr-FR","potentialAction":[{"@type":"ReadAction","target":["https:\/\/lesvolcansnews.net\/?p=69963"]}]},{"@type":"ImageObject","inLanguage":"fr-FR","@id":"https:\/\/lesvolcansnews.net\/?p=69963#primaryimage","url":"https:\/\/lesvolcansnews.net\/wp-content\/uploads\/2025\/10\/475753357_18485632411005042_8280405337860290642_n.webp","contentUrl":"https:\/\/lesvolcansnews.net\/wp-content\/uploads\/2025\/10\/475753357_18485632411005042_8280405337860290642_n.webp","width":1080,"height":709},{"@type":"BreadcrumbList","@id":"https:\/\/lesvolcansnews.net\/?p=69963#breadcrumb","itemListElement":[{"@type":"ListItem","position":1,"name":"Accueil","item":"https:\/\/lesvolcansnews.net\/"},{"@type":"ListItem","position":2,"name":"RDC : l\u2019AFC\/M23 n\u2019acceptera plus les documents de voyage \u00e9mis par Kinshasa dans les zones qu\u2019elle contr\u00f4le \u00e0 partir du 1er novembre"}]},{"@type":"WebSite","@id":"https:\/\/lesvolcansnews.net\/#website","url":"https:\/\/lesvolcansnews.net\/","name":"LES VOLCANS NEWS","description":"L&#039;INFORMATION C&#039;EST NOUS","potentialAction":[{"@type":"SearchAction","target":{"@type":"EntryPoint","urlTemplate":"https:\/\/lesvolcansnews.net\/?s={search_term_string}"},"query-input":{"@type":"PropertyValueSpecification","valueRequired":true,"valueName":"search_term_string"}}],"inLanguage":"fr-FR"},{"@type":"Person","@id":"https:\/\/lesvolcansnews.net\/#\/schema\/person\/82c8bed2e77879ecf6cca63441f57354","name":"R\u00e9daction - Les Volcans News","image":{"@type":"ImageObject","inLanguage":"fr-FR","@id":"https:\/\/secure.gravatar.com\/avatar\/8408942dd851e8a9c09f3d382a661bc05d2b3cd9002139bc1795b9528cdc6c80?s=96&d=mm&r=g","url":"https:\/\/secure.gravatar.com\/avatar\/8408942dd851e8a9c09f3d382a661bc05d2b3cd9002139bc1795b9528cdc6c80?s=96&d=mm&r=g","contentUrl":"https:\/\/secure.gravatar.com\/avatar\/8408942dd851e8a9c09f3d382a661bc05d2b3cd9002139bc1795b9528cdc6c80?s=96&d=mm&r=g","caption":"R\u00e9daction - Les Volcans News"},"url":"https:\/\/lesvolcansnews.net\/?author=14"}]}},"_links":{"self":[{"href":"https:\/\/lesvolcansnews.net\/index.php?rest_route=\/wp\/v2\/posts\/69963","targetHints":{"allow":["GET"]}}],"collection":[{"href":"https:\/\/lesvolcansnews.net\/index.php?rest_route=\/wp\/v2\/posts"}],"about":[{"href":"https:\/\/lesvolcansnews.net\/index.php?rest_route=\/wp\/v2\/types\/post"}],"author":[{"embeddable":true,"href":"https:\/\/lesvolcansnews.net\/index.php?rest_route=\/wp\/v2\/users\/14"}],"replies":[{"embeddable":true,"href":"https:\/\/lesvolcansnews.net\/index.php?rest_route=%2Fwp%2Fv2%2Fcomments&post=69963"}],"version-history":[{"count":3,"href":"https:\/\/lesvolcansnews.net\/index.php?rest_route=\/wp\/v2\/posts\/69963\/revisions"}],"predecessor-version":[{"id":69967,"href":"https:\/\/lesvolcansnews.net\/index.php?rest_route=\/wp\/v2\/posts\/69963\/revisions\/69967"}],"wp:featuredmedia":[{"embeddable":true,"href":"https:\/\/lesvolcansnews.net\/index.php?rest_route=\/wp\/v2\/media\/69964"}],"wp:attachment":[{"href":"https:\/\/lesvolcansnews.net\/index.php?rest_route=%2Fwp%2Fv2%2Fmedia&parent=69963"}],"wp:term":[{"taxonomy":"category","embeddable":true,"href":"https:\/\/lesvolcansnews.net\/index.php?rest_route=%2Fwp%2Fv2%2Fcategories&post=69963"},{"taxonomy":"post_tag","embeddable":true,"href":"https:\/\/lesvolcansnews.net\/index.php?rest_route=%2Fwp%2Fv2%2Ftags&post=69963"}],"curies":[{"name":"wp","href":"https:\/\/api.w.org\/{rel}","templated":true}]}}