{"id":69945,"date":"2025-10-04T21:42:41","date_gmt":"2025-10-04T19:42:41","guid":{"rendered":"https:\/\/lesvolcansnews.net\/2025\/10\/04\/caf-coupe-de-la-confederation-maniema-union-arrache-sa-qualification-pour-le-2e-tour-apres-un-nul-heroique-a-lile-maurice\/"},"modified":"2025-10-04T21:42:41","modified_gmt":"2025-10-04T19:42:41","slug":"caf-coupe-de-la-confederation-maniema-union-arrache-sa-qualification-pour-le-2e-tour-apres-un-nul-heroique-a-lile-maurice","status":"publish","type":"post","link":"https:\/\/lesvolcansnews.net\/?p=69945","title":{"rendered":"CAF &#8211; Coupe de la Conf\u00e9d\u00e9ration : Maniema Union arrache sa qualification pour le 2e tour apr\u00e8s un nul h\u00e9ro\u00efque \u00e0 l&#8217;\u00eele Maurice"},"content":{"rendered":"\n<p><\/p>\n\n\n\n<p><\/p>\n\n\n\n<p><strong> L\u2019Association sportive Maniema Union de la R\u00e9publique d\u00e9mocratique du Congo (RDC) s\u2019est qualifi\u00e9e pour le deuxi\u00e8me tour des pr\u00e9liminaires de la Coupe de la Conf\u00e9d\u00e9ration africaine de football (CAF), gr\u00e2ce \u00e0 un match nul obtenu (2-2) samedi face \u00e0 Roche-Bois Bolton City, au complexe sportif national C\u00f4te d&#8217;Or de Saint-Pierre, en \u00cele Maurice.<\/strong><\/p>\n\n\n\n<p>Fort d\u2019une courte victoire au match aller \u00e0 Kinshasa (2-1), le club congolais a assur\u00e9 sa place au tour suivant gr\u00e2ce \u00e0 une performance solide \u00e0 l\u2019ext\u00e9rieur, concluant la double confrontation avec un score cumul\u00e9 de 4-3.<\/p>\n\n\n\n<p>La rencontre retour a \u00e9t\u00e9 disput\u00e9e et rythm\u00e9e, avec des rebondissements de part et d\u2019autre. Les locaux ont ouvert le score en premi\u00e8re p\u00e9riode, avant d\u2019\u00eatre rejoints puis de reprendre l\u2019avantage en seconde p\u00e9riode. Maniema Union a su r\u00e9agir \u00e0 chaque fois, \u00e9galisant en fin de rencontre pour sceller sa qualification.<\/p>\n\n\n\n<p>La r\u00e9daction <\/p>\n","protected":false},"excerpt":{"rendered":"<p>L\u2019Association sportive Maniema Union de la R\u00e9publique d\u00e9mocratique du Congo (RDC) s\u2019est qualifi\u00e9e pour le deuxi\u00e8me tour des pr\u00e9liminaires de la Coupe de la Conf\u00e9d\u00e9ration africaine de football (CAF), gr\u00e2ce<\/p>\n","protected":false},"author":14,"featured_media":69944,"comment_status":"open","ping_status":"open","sticky":false,"template":"","format":"standard","meta":{"footnotes":""},"categories":[11],"tags":[],"class_list":["post-69945","post","type-post","status-publish","format-standard","has-post-thumbnail","hentry","category-sports"],"yoast_head":"<!-- This site is optimized with the Yoast SEO plugin v27.3 - https:\/\/yoast.com\/product\/yoast-seo-wordpress\/ -->\n<title>CAF - Coupe de la Conf\u00e9d\u00e9ration : Maniema Union arrache sa qualification pour le 2e tour apr\u00e8s un nul h\u00e9ro\u00efque \u00e0 l&#039;\u00eele Maurice - LES VOLCANS NEWS<\/title>\n<meta name=\"robots\" content=\"index, follow, max-snippet:-1, max-image-preview:large, max-video-preview:-1\" \/>\n<link rel=\"canonical\" href=\"https:\/\/lesvolcansnews.net\/?p=69945\" \/>\n<meta property=\"og:locale\" content=\"fr_FR\" \/>\n<meta property=\"og:type\" content=\"article\" \/>\n<meta property=\"og:title\" content=\"CAF - Coupe de la Conf\u00e9d\u00e9ration : Maniema Union arrache sa qualification pour le 2e tour apr\u00e8s un nul h\u00e9ro\u00efque \u00e0 l&#039;\u00eele Maurice - LES VOLCANS NEWS\" \/>\n<meta property=\"og:description\" content=\"L\u2019Association sportive Maniema Union de la R\u00e9publique d\u00e9mocratique du Congo (RDC) s\u2019est qualifi\u00e9e pour le deuxi\u00e8me tour des pr\u00e9liminaires de la Coupe de la Conf\u00e9d\u00e9ration africaine de football (CAF), gr\u00e2ce\" \/>\n<meta property=\"og:url\" content=\"https:\/\/lesvolcansnews.net\/?p=69945\" \/>\n<meta property=\"og:site_name\" content=\"LES VOLCANS NEWS\" \/>\n<meta property=\"article:published_time\" content=\"2025-10-04T19:42:41+00:00\" \/>\n<meta property=\"og:image\" content=\"https:\/\/lesvolcansnews.net\/wp-content\/uploads\/2025\/10\/image_editor_output_image827465494-1759606932164-3.jpg\" \/>\n\t<meta property=\"og:image:width\" content=\"1080\" \/>\n\t<meta property=\"og:image:height\" content=\"829\" \/>\n\t<meta property=\"og:image:type\" content=\"image\/jpeg\" \/>\n<meta name=\"author\" content=\"R\u00e9daction - Les Volcans News\" \/>\n<meta name=\"twitter:card\" content=\"summary_large_image\" \/>\n<meta name=\"twitter:label1\" content=\"\u00c9crit par\" \/>\n\t<meta name=\"twitter:data1\" content=\"R\u00e9daction - Les Volcans News\" \/>\n\t<meta name=\"twitter:label2\" content=\"Dur\u00e9e de lecture estim\u00e9e\" \/>\n\t<meta name=\"twitter:data2\" content=\"1 minute\" \/>\n<script type=\"application\/ld+json\" class=\"yoast-schema-graph\">{\"@context\":\"https:\\\/\\\/schema.org\",\"@graph\":[{\"@type\":\"Article\",\"@id\":\"https:\\\/\\\/lesvolcansnews.net\\\/?p=69945#article\",\"isPartOf\":{\"@id\":\"https:\\\/\\\/lesvolcansnews.net\\\/?p=69945\"},\"author\":{\"name\":\"R\u00e9daction - Les Volcans News\",\"@id\":\"https:\\\/\\\/lesvolcansnews.net\\\/#\\\/schema\\\/person\\\/82c8bed2e77879ecf6cca63441f57354\"},\"headline\":\"CAF &#8211; Coupe de la Conf\u00e9d\u00e9ration : Maniema Union arrache sa qualification pour le 2e tour apr\u00e8s un nul h\u00e9ro\u00efque \u00e0 l&#8217;\u00eele Maurice\",\"datePublished\":\"2025-10-04T19:42:41+00:00\",\"mainEntityOfPage\":{\"@id\":\"https:\\\/\\\/lesvolcansnews.net\\\/?p=69945\"},\"wordCount\":190,\"commentCount\":0,\"image\":{\"@id\":\"https:\\\/\\\/lesvolcansnews.net\\\/?p=69945#primaryimage\"},\"thumbnailUrl\":\"https:\\\/\\\/lesvolcansnews.net\\\/wp-content\\\/uploads\\\/2025\\\/10\\\/image_editor_output_image827465494-1759606932164-3.jpg\",\"articleSection\":[\"SPORTS\"],\"inLanguage\":\"fr-FR\",\"potentialAction\":[{\"@type\":\"CommentAction\",\"name\":\"Comment\",\"target\":[\"https:\\\/\\\/lesvolcansnews.net\\\/?p=69945#respond\"]}]},{\"@type\":\"WebPage\",\"@id\":\"https:\\\/\\\/lesvolcansnews.net\\\/?p=69945\",\"url\":\"https:\\\/\\\/lesvolcansnews.net\\\/?p=69945\",\"name\":\"CAF - Coupe de la Conf\u00e9d\u00e9ration : Maniema Union arrache sa qualification pour le 2e tour apr\u00e8s un nul h\u00e9ro\u00efque \u00e0 l'\u00eele Maurice - LES VOLCANS NEWS\",\"isPartOf\":{\"@id\":\"https:\\\/\\\/lesvolcansnews.net\\\/#website\"},\"primaryImageOfPage\":{\"@id\":\"https:\\\/\\\/lesvolcansnews.net\\\/?p=69945#primaryimage\"},\"image\":{\"@id\":\"https:\\\/\\\/lesvolcansnews.net\\\/?p=69945#primaryimage\"},\"thumbnailUrl\":\"https:\\\/\\\/lesvolcansnews.net\\\/wp-content\\\/uploads\\\/2025\\\/10\\\/image_editor_output_image827465494-1759606932164-3.jpg\",\"datePublished\":\"2025-10-04T19:42:41+00:00\",\"author\":{\"@id\":\"https:\\\/\\\/lesvolcansnews.net\\\/#\\\/schema\\\/person\\\/82c8bed2e77879ecf6cca63441f57354\"},\"breadcrumb\":{\"@id\":\"https:\\\/\\\/lesvolcansnews.net\\\/?p=69945#breadcrumb\"},\"inLanguage\":\"fr-FR\",\"potentialAction\":[{\"@type\":\"ReadAction\",\"target\":[\"https:\\\/\\\/lesvolcansnews.net\\\/?p=69945\"]}]},{\"@type\":\"ImageObject\",\"inLanguage\":\"fr-FR\",\"@id\":\"https:\\\/\\\/lesvolcansnews.net\\\/?p=69945#primaryimage\",\"url\":\"https:\\\/\\\/lesvolcansnews.net\\\/wp-content\\\/uploads\\\/2025\\\/10\\\/image_editor_output_image827465494-1759606932164-3.jpg\",\"contentUrl\":\"https:\\\/\\\/lesvolcansnews.net\\\/wp-content\\\/uploads\\\/2025\\\/10\\\/image_editor_output_image827465494-1759606932164-3.jpg\",\"width\":1080,\"height\":829},{\"@type\":\"BreadcrumbList\",\"@id\":\"https:\\\/\\\/lesvolcansnews.net\\\/?p=69945#breadcrumb\",\"itemListElement\":[{\"@type\":\"ListItem\",\"position\":1,\"name\":\"Accueil\",\"item\":\"https:\\\/\\\/lesvolcansnews.net\\\/\"},{\"@type\":\"ListItem\",\"position\":2,\"name\":\"CAF &#8211; Coupe de la Conf\u00e9d\u00e9ration : Maniema Union arrache sa qualification pour le 2e tour apr\u00e8s un nul h\u00e9ro\u00efque \u00e0 l&#8217;\u00eele Maurice\"}]},{\"@type\":\"WebSite\",\"@id\":\"https:\\\/\\\/lesvolcansnews.net\\\/#website\",\"url\":\"https:\\\/\\\/lesvolcansnews.net\\\/\",\"name\":\"LES VOLCANS NEWS\",\"description\":\"L&#039;INFORMATION C&#039;EST NOUS\",\"potentialAction\":[{\"@type\":\"SearchAction\",\"target\":{\"@type\":\"EntryPoint\",\"urlTemplate\":\"https:\\\/\\\/lesvolcansnews.net\\\/?s={search_term_string}\"},\"query-input\":{\"@type\":\"PropertyValueSpecification\",\"valueRequired\":true,\"valueName\":\"search_term_string\"}}],\"inLanguage\":\"fr-FR\"},{\"@type\":\"Person\",\"@id\":\"https:\\\/\\\/lesvolcansnews.net\\\/#\\\/schema\\\/person\\\/82c8bed2e77879ecf6cca63441f57354\",\"name\":\"R\u00e9daction - Les Volcans News\",\"image\":{\"@type\":\"ImageObject\",\"inLanguage\":\"fr-FR\",\"@id\":\"https:\\\/\\\/secure.gravatar.com\\\/avatar\\\/8408942dd851e8a9c09f3d382a661bc05d2b3cd9002139bc1795b9528cdc6c80?s=96&d=mm&r=g\",\"url\":\"https:\\\/\\\/secure.gravatar.com\\\/avatar\\\/8408942dd851e8a9c09f3d382a661bc05d2b3cd9002139bc1795b9528cdc6c80?s=96&d=mm&r=g\",\"contentUrl\":\"https:\\\/\\\/secure.gravatar.com\\\/avatar\\\/8408942dd851e8a9c09f3d382a661bc05d2b3cd9002139bc1795b9528cdc6c80?s=96&d=mm&r=g\",\"caption\":\"R\u00e9daction - Les Volcans News\"},\"url\":\"https:\\\/\\\/lesvolcansnews.net\\\/?author=14\"}]}<\/script>\n<!-- \/ Yoast SEO plugin. -->","yoast_head_json":{"title":"CAF - Coupe de la Conf\u00e9d\u00e9ration : Maniema Union arrache sa qualification pour le 2e tour apr\u00e8s un nul h\u00e9ro\u00efque \u00e0 l'\u00eele Maurice - LES VOLCANS NEWS","robots":{"index":"index","follow":"follow","max-snippet":"max-snippet:-1","max-image-preview":"max-image-preview:large","max-video-preview":"max-video-preview:-1"},"canonical":"https:\/\/lesvolcansnews.net\/?p=69945","og_locale":"fr_FR","og_type":"article","og_title":"CAF - Coupe de la Conf\u00e9d\u00e9ration : Maniema Union arrache sa qualification pour le 2e tour apr\u00e8s un nul h\u00e9ro\u00efque \u00e0 l'\u00eele Maurice - LES VOLCANS NEWS","og_description":"L\u2019Association sportive Maniema Union de la R\u00e9publique d\u00e9mocratique du Congo (RDC) s\u2019est qualifi\u00e9e pour le deuxi\u00e8me tour des pr\u00e9liminaires de la Coupe de la Conf\u00e9d\u00e9ration africaine de football (CAF), gr\u00e2ce","og_url":"https:\/\/lesvolcansnews.net\/?p=69945","og_site_name":"LES VOLCANS NEWS","article_published_time":"2025-10-04T19:42:41+00:00","og_image":[{"width":1080,"height":829,"url":"https:\/\/lesvolcansnews.net\/wp-content\/uploads\/2025\/10\/image_editor_output_image827465494-1759606932164-3.jpg","type":"image\/jpeg"}],"author":"R\u00e9daction - Les Volcans News","twitter_card":"summary_large_image","twitter_misc":{"\u00c9crit par":"R\u00e9daction - Les Volcans News","Dur\u00e9e de lecture estim\u00e9e":"1 minute"},"schema":{"@context":"https:\/\/schema.org","@graph":[{"@type":"Article","@id":"https:\/\/lesvolcansnews.net\/?p=69945#article","isPartOf":{"@id":"https:\/\/lesvolcansnews.net\/?p=69945"},"author":{"name":"R\u00e9daction - Les Volcans News","@id":"https:\/\/lesvolcansnews.net\/#\/schema\/person\/82c8bed2e77879ecf6cca63441f57354"},"headline":"CAF &#8211; Coupe de la Conf\u00e9d\u00e9ration : Maniema Union arrache sa qualification pour le 2e tour apr\u00e8s un nul h\u00e9ro\u00efque \u00e0 l&#8217;\u00eele Maurice","datePublished":"2025-10-04T19:42:41+00:00","mainEntityOfPage":{"@id":"https:\/\/lesvolcansnews.net\/?p=69945"},"wordCount":190,"commentCount":0,"image":{"@id":"https:\/\/lesvolcansnews.net\/?p=69945#primaryimage"},"thumbnailUrl":"https:\/\/lesvolcansnews.net\/wp-content\/uploads\/2025\/10\/image_editor_output_image827465494-1759606932164-3.jpg","articleSection":["SPORTS"],"inLanguage":"fr-FR","potentialAction":[{"@type":"CommentAction","name":"Comment","target":["https:\/\/lesvolcansnews.net\/?p=69945#respond"]}]},{"@type":"WebPage","@id":"https:\/\/lesvolcansnews.net\/?p=69945","url":"https:\/\/lesvolcansnews.net\/?p=69945","name":"CAF - Coupe de la Conf\u00e9d\u00e9ration : Maniema Union arrache sa qualification pour le 2e tour apr\u00e8s un nul h\u00e9ro\u00efque \u00e0 l'\u00eele Maurice - LES VOLCANS NEWS","isPartOf":{"@id":"https:\/\/lesvolcansnews.net\/#website"},"primaryImageOfPage":{"@id":"https:\/\/lesvolcansnews.net\/?p=69945#primaryimage"},"image":{"@id":"https:\/\/lesvolcansnews.net\/?p=69945#primaryimage"},"thumbnailUrl":"https:\/\/lesvolcansnews.net\/wp-content\/uploads\/2025\/10\/image_editor_output_image827465494-1759606932164-3.jpg","datePublished":"2025-10-04T19:42:41+00:00","author":{"@id":"https:\/\/lesvolcansnews.net\/#\/schema\/person\/82c8bed2e77879ecf6cca63441f57354"},"breadcrumb":{"@id":"https:\/\/lesvolcansnews.net\/?p=69945#breadcrumb"},"inLanguage":"fr-FR","potentialAction":[{"@type":"ReadAction","target":["https:\/\/lesvolcansnews.net\/?p=69945"]}]},{"@type":"ImageObject","inLanguage":"fr-FR","@id":"https:\/\/lesvolcansnews.net\/?p=69945#primaryimage","url":"https:\/\/lesvolcansnews.net\/wp-content\/uploads\/2025\/10\/image_editor_output_image827465494-1759606932164-3.jpg","contentUrl":"https:\/\/lesvolcansnews.net\/wp-content\/uploads\/2025\/10\/image_editor_output_image827465494-1759606932164-3.jpg","width":1080,"height":829},{"@type":"BreadcrumbList","@id":"https:\/\/lesvolcansnews.net\/?p=69945#breadcrumb","itemListElement":[{"@type":"ListItem","position":1,"name":"Accueil","item":"https:\/\/lesvolcansnews.net\/"},{"@type":"ListItem","position":2,"name":"CAF &#8211; Coupe de la Conf\u00e9d\u00e9ration : Maniema Union arrache sa qualification pour le 2e tour apr\u00e8s un nul h\u00e9ro\u00efque \u00e0 l&#8217;\u00eele Maurice"}]},{"@type":"WebSite","@id":"https:\/\/lesvolcansnews.net\/#website","url":"https:\/\/lesvolcansnews.net\/","name":"LES VOLCANS NEWS","description":"L&#039;INFORMATION C&#039;EST NOUS","potentialAction":[{"@type":"SearchAction","target":{"@type":"EntryPoint","urlTemplate":"https:\/\/lesvolcansnews.net\/?s={search_term_string}"},"query-input":{"@type":"PropertyValueSpecification","valueRequired":true,"valueName":"search_term_string"}}],"inLanguage":"fr-FR"},{"@type":"Person","@id":"https:\/\/lesvolcansnews.net\/#\/schema\/person\/82c8bed2e77879ecf6cca63441f57354","name":"R\u00e9daction - Les Volcans News","image":{"@type":"ImageObject","inLanguage":"fr-FR","@id":"https:\/\/secure.gravatar.com\/avatar\/8408942dd851e8a9c09f3d382a661bc05d2b3cd9002139bc1795b9528cdc6c80?s=96&d=mm&r=g","url":"https:\/\/secure.gravatar.com\/avatar\/8408942dd851e8a9c09f3d382a661bc05d2b3cd9002139bc1795b9528cdc6c80?s=96&d=mm&r=g","contentUrl":"https:\/\/secure.gravatar.com\/avatar\/8408942dd851e8a9c09f3d382a661bc05d2b3cd9002139bc1795b9528cdc6c80?s=96&d=mm&r=g","caption":"R\u00e9daction - Les Volcans News"},"url":"https:\/\/lesvolcansnews.net\/?author=14"}]}},"_links":{"self":[{"href":"https:\/\/lesvolcansnews.net\/index.php?rest_route=\/wp\/v2\/posts\/69945","targetHints":{"allow":["GET"]}}],"collection":[{"href":"https:\/\/lesvolcansnews.net\/index.php?rest_route=\/wp\/v2\/posts"}],"about":[{"href":"https:\/\/lesvolcansnews.net\/index.php?rest_route=\/wp\/v2\/types\/post"}],"author":[{"embeddable":true,"href":"https:\/\/lesvolcansnews.net\/index.php?rest_route=\/wp\/v2\/users\/14"}],"replies":[{"embeddable":true,"href":"https:\/\/lesvolcansnews.net\/index.php?rest_route=%2Fwp%2Fv2%2Fcomments&post=69945"}],"version-history":[{"count":0,"href":"https:\/\/lesvolcansnews.net\/index.php?rest_route=\/wp\/v2\/posts\/69945\/revisions"}],"wp:featuredmedia":[{"embeddable":true,"href":"https:\/\/lesvolcansnews.net\/index.php?rest_route=\/wp\/v2\/media\/69944"}],"wp:attachment":[{"href":"https:\/\/lesvolcansnews.net\/index.php?rest_route=%2Fwp%2Fv2%2Fmedia&parent=69945"}],"wp:term":[{"taxonomy":"category","embeddable":true,"href":"https:\/\/lesvolcansnews.net\/index.php?rest_route=%2Fwp%2Fv2%2Fcategories&post=69945"},{"taxonomy":"post_tag","embeddable":true,"href":"https:\/\/lesvolcansnews.net\/index.php?rest_route=%2Fwp%2Fv2%2Ftags&post=69945"}],"curies":[{"name":"wp","href":"https:\/\/api.w.org\/{rel}","templated":true}]}}