{"id":69941,"date":"2025-10-04T22:00:44","date_gmt":"2025-10-04T20:00:44","guid":{"rendered":"https:\/\/lesvolcansnews.net\/?p=69941"},"modified":"2025-10-04T22:40:06","modified_gmt":"2025-10-04T20:40:06","slug":"mbuji-mayi-en-effervescence-la-population-appelee-a-reserver-un-accueil-historique-au-president-tshisekedi","status":"publish","type":"post","link":"https:\/\/lesvolcansnews.net\/?p=69941","title":{"rendered":"Mbuji-Mayi en effervescence : la population appel\u00e9e \u00e0 r\u00e9server un accueil historique au Pr\u00e9sident Tshisekedi"},"content":{"rendered":"\n<p><br><br> <strong>\u00c0 la veille de l\u2019arriv\u00e9e du Chef de l\u2019\u00c9tat, F\u00e9lix Antoine Tshisekedi Tshilombo, dans la ville de Mbuji-Mayi, chef-lieu du Kasa\u00ef Oriental, les autorit\u00e9s provinciales mobilisent la population pour un accueil populaire et m\u00e9morable. Le Pr\u00e9sident de la R\u00e9publique est attendu dimanche pour proc\u00e9der \u00e0 l\u2019inauguration de l\u2019Universit\u00e9 Officielle de Mbuji-Mayi (UOM).<\/strong><br><br>Dans un message officiel adress\u00e9 \u00e0 toutes les couches sociales du Kasa\u00ef Oriental, le gouverneur Jean-Paul Mbuebua Kapo a exhort\u00e9 les habitants de la province \u00e0 se mobiliser massivement afin d\u2019honorer la visite du Chef de l\u2019\u00c9tat.<\/p>\n\n\n\n<p> Selon le num\u00e9ro un de l\u2019ex\u00e9cutif provincial, cette visite pr\u00e9sidentielle marque une \u00e9tape importante dans la transformation socio-\u00e9conomique de la r\u00e9gion.<br><br>\u00ab <em>J\u2019invite tous les Est-Kasa\u00efens, sans distinction, \u00e0 se mobiliser massivement pour accueillir le Pr\u00e9sident de la R\u00e9publique avec fiert\u00e9 et gratitude. Gr\u00e2ce \u00e0 lui, notre province change de visage : routes modernis\u00e9es, universit\u00e9s construites, h\u00f4pitaux r\u00e9habilit\u00e9s\u2026 Ce que certains n\u2019ont pas pu faire en quinze ans, il l\u2019a accompli en un temps record. Montrons-lui que le Kasa\u00ef Oriental est uni, reconnaissant et tourn\u00e9 vers l\u2019avenir<\/em> \u00bb, a d\u00e9clar\u00e9 Jean-Paul Mbuebua Kapo.<br><br>L\u2019inauguration de l\u2019Universit\u00e9 Officielle de Mbuji-Mayi est per\u00e7ue comme un \u00e9v\u00e9nement majeur pour le secteur de l\u2019\u00e9ducation dans cette r\u00e9gion longtemps marginalis\u00e9e. Ce nouveau campus, moderne et \u00e9quip\u00e9, offrira un cadre d\u2019apprentissage digne aux \u00e9tudiants de la province et contribuera \u00e0 l\u2019essor du savoir et de la recherche scientifique au c\u0153ur du pays.<br><br>Le gouverneur a par ailleurs invit\u00e9 les leaders communautaires, les associations de jeunes, les organisations de femmes, les confessions religieuses ainsi que les op\u00e9rateurs \u00e9conomiques \u00e0 jouer un r\u00f4le actif dans cette mobilisation citoyenne, afin de faire de cette visite pr\u00e9sidentielle un \u00e9v\u00e9nement marquant dans l\u2019histoire r\u00e9cente du Kasa\u00ef Oriental.<br><br>Le Chef de l\u2019\u00c9tat est attendu dimanche dans une ville d\u00e9j\u00e0 en pleine effervescence, o\u00f9 les pr\u00e9paratifs battent leur plein. Des banderoles de bienvenue ornent les principales art\u00e8res, tandis que la s\u00e9curit\u00e9 a \u00e9t\u00e9 renforc\u00e9e autour des sites strat\u00e9giques, notamment le complexe universitaire et l\u2019a\u00e9roport de Bipemba.<br><br>La r\u00e9daction <\/p>\n\n\n\n<p><\/p>\n","protected":false},"excerpt":{"rendered":"<p>\u00c0 la veille de l\u2019arriv\u00e9e du Chef de l\u2019\u00c9tat, F\u00e9lix Antoine Tshisekedi Tshilombo, dans la ville de Mbuji-Mayi, chef-lieu du Kasa\u00ef Oriental, les autorit\u00e9s provinciales mobilisent la population pour un<\/p>\n","protected":false},"author":14,"featured_media":69942,"comment_status":"open","ping_status":"open","sticky":false,"template":"","format":"standard","meta":{"footnotes":""},"categories":[1],"tags":[],"class_list":["post-69941","post","type-post","status-publish","format-standard","has-post-thumbnail","hentry","category-actualite"],"yoast_head":"<!-- This site is optimized with the Yoast SEO plugin v27.3 - https:\/\/yoast.com\/product\/yoast-seo-wordpress\/ -->\n<title>Mbuji-Mayi en effervescence : la population appel\u00e9e \u00e0 r\u00e9server un accueil historique au Pr\u00e9sident Tshisekedi - LES VOLCANS NEWS<\/title>\n<meta name=\"robots\" content=\"index, follow, max-snippet:-1, max-image-preview:large, max-video-preview:-1\" \/>\n<link rel=\"canonical\" href=\"https:\/\/lesvolcansnews.net\/?p=69941\" \/>\n<meta property=\"og:locale\" content=\"fr_FR\" \/>\n<meta property=\"og:type\" content=\"article\" \/>\n<meta property=\"og:title\" content=\"Mbuji-Mayi en effervescence : la population appel\u00e9e \u00e0 r\u00e9server un accueil historique au Pr\u00e9sident Tshisekedi - LES VOLCANS NEWS\" \/>\n<meta property=\"og:description\" content=\"\u00c0 la veille de l\u2019arriv\u00e9e du Chef de l\u2019\u00c9tat, F\u00e9lix Antoine Tshisekedi Tshilombo, dans la ville de Mbuji-Mayi, chef-lieu du Kasa\u00ef Oriental, les autorit\u00e9s provinciales mobilisent la population pour un\" \/>\n<meta property=\"og:url\" content=\"https:\/\/lesvolcansnews.net\/?p=69941\" \/>\n<meta property=\"og:site_name\" content=\"LES VOLCANS NEWS\" \/>\n<meta property=\"article:published_time\" content=\"2025-10-04T20:00:44+00:00\" \/>\n<meta property=\"article:modified_time\" content=\"2025-10-04T20:40:06+00:00\" \/>\n<meta property=\"og:image\" content=\"https:\/\/lesvolcansnews.net\/wp-content\/uploads\/2025\/10\/images282529-2022-01-03T121712.353.jpeg\" \/>\n\t<meta property=\"og:image:width\" content=\"680\" \/>\n\t<meta property=\"og:image:height\" content=\"451\" \/>\n\t<meta property=\"og:image:type\" content=\"image\/jpeg\" \/>\n<meta name=\"author\" content=\"R\u00e9daction - Les Volcans News\" \/>\n<meta name=\"twitter:card\" content=\"summary_large_image\" \/>\n<meta name=\"twitter:label1\" content=\"\u00c9crit par\" \/>\n\t<meta name=\"twitter:data1\" content=\"R\u00e9daction - Les Volcans News\" \/>\n\t<meta name=\"twitter:label2\" content=\"Dur\u00e9e de lecture estim\u00e9e\" \/>\n\t<meta name=\"twitter:data2\" content=\"2 minutes\" \/>\n<script type=\"application\/ld+json\" class=\"yoast-schema-graph\">{\"@context\":\"https:\\\/\\\/schema.org\",\"@graph\":[{\"@type\":\"Article\",\"@id\":\"https:\\\/\\\/lesvolcansnews.net\\\/?p=69941#article\",\"isPartOf\":{\"@id\":\"https:\\\/\\\/lesvolcansnews.net\\\/?p=69941\"},\"author\":{\"name\":\"R\u00e9daction - Les Volcans News\",\"@id\":\"https:\\\/\\\/lesvolcansnews.net\\\/#\\\/schema\\\/person\\\/82c8bed2e77879ecf6cca63441f57354\"},\"headline\":\"Mbuji-Mayi en effervescence : la population appel\u00e9e \u00e0 r\u00e9server un accueil historique au Pr\u00e9sident Tshisekedi\",\"datePublished\":\"2025-10-04T20:00:44+00:00\",\"dateModified\":\"2025-10-04T20:40:06+00:00\",\"mainEntityOfPage\":{\"@id\":\"https:\\\/\\\/lesvolcansnews.net\\\/?p=69941\"},\"wordCount\":398,\"commentCount\":0,\"image\":{\"@id\":\"https:\\\/\\\/lesvolcansnews.net\\\/?p=69941#primaryimage\"},\"thumbnailUrl\":\"https:\\\/\\\/lesvolcansnews.net\\\/wp-content\\\/uploads\\\/2025\\\/10\\\/images282529-2022-01-03T121712.353.jpeg\",\"articleSection\":[\"ACTUALIT\u00c9\"],\"inLanguage\":\"fr-FR\",\"potentialAction\":[{\"@type\":\"CommentAction\",\"name\":\"Comment\",\"target\":[\"https:\\\/\\\/lesvolcansnews.net\\\/?p=69941#respond\"]}]},{\"@type\":\"WebPage\",\"@id\":\"https:\\\/\\\/lesvolcansnews.net\\\/?p=69941\",\"url\":\"https:\\\/\\\/lesvolcansnews.net\\\/?p=69941\",\"name\":\"Mbuji-Mayi en effervescence : la population appel\u00e9e \u00e0 r\u00e9server un accueil historique au Pr\u00e9sident Tshisekedi - LES VOLCANS NEWS\",\"isPartOf\":{\"@id\":\"https:\\\/\\\/lesvolcansnews.net\\\/#website\"},\"primaryImageOfPage\":{\"@id\":\"https:\\\/\\\/lesvolcansnews.net\\\/?p=69941#primaryimage\"},\"image\":{\"@id\":\"https:\\\/\\\/lesvolcansnews.net\\\/?p=69941#primaryimage\"},\"thumbnailUrl\":\"https:\\\/\\\/lesvolcansnews.net\\\/wp-content\\\/uploads\\\/2025\\\/10\\\/images282529-2022-01-03T121712.353.jpeg\",\"datePublished\":\"2025-10-04T20:00:44+00:00\",\"dateModified\":\"2025-10-04T20:40:06+00:00\",\"author\":{\"@id\":\"https:\\\/\\\/lesvolcansnews.net\\\/#\\\/schema\\\/person\\\/82c8bed2e77879ecf6cca63441f57354\"},\"breadcrumb\":{\"@id\":\"https:\\\/\\\/lesvolcansnews.net\\\/?p=69941#breadcrumb\"},\"inLanguage\":\"fr-FR\",\"potentialAction\":[{\"@type\":\"ReadAction\",\"target\":[\"https:\\\/\\\/lesvolcansnews.net\\\/?p=69941\"]}]},{\"@type\":\"ImageObject\",\"inLanguage\":\"fr-FR\",\"@id\":\"https:\\\/\\\/lesvolcansnews.net\\\/?p=69941#primaryimage\",\"url\":\"https:\\\/\\\/lesvolcansnews.net\\\/wp-content\\\/uploads\\\/2025\\\/10\\\/images282529-2022-01-03T121712.353.jpeg\",\"contentUrl\":\"https:\\\/\\\/lesvolcansnews.net\\\/wp-content\\\/uploads\\\/2025\\\/10\\\/images282529-2022-01-03T121712.353.jpeg\",\"width\":680,\"height\":451},{\"@type\":\"BreadcrumbList\",\"@id\":\"https:\\\/\\\/lesvolcansnews.net\\\/?p=69941#breadcrumb\",\"itemListElement\":[{\"@type\":\"ListItem\",\"position\":1,\"name\":\"Accueil\",\"item\":\"https:\\\/\\\/lesvolcansnews.net\\\/\"},{\"@type\":\"ListItem\",\"position\":2,\"name\":\"Mbuji-Mayi en effervescence : la population appel\u00e9e \u00e0 r\u00e9server un accueil historique au Pr\u00e9sident Tshisekedi\"}]},{\"@type\":\"WebSite\",\"@id\":\"https:\\\/\\\/lesvolcansnews.net\\\/#website\",\"url\":\"https:\\\/\\\/lesvolcansnews.net\\\/\",\"name\":\"LES VOLCANS NEWS\",\"description\":\"L&#039;INFORMATION C&#039;EST NOUS\",\"potentialAction\":[{\"@type\":\"SearchAction\",\"target\":{\"@type\":\"EntryPoint\",\"urlTemplate\":\"https:\\\/\\\/lesvolcansnews.net\\\/?s={search_term_string}\"},\"query-input\":{\"@type\":\"PropertyValueSpecification\",\"valueRequired\":true,\"valueName\":\"search_term_string\"}}],\"inLanguage\":\"fr-FR\"},{\"@type\":\"Person\",\"@id\":\"https:\\\/\\\/lesvolcansnews.net\\\/#\\\/schema\\\/person\\\/82c8bed2e77879ecf6cca63441f57354\",\"name\":\"R\u00e9daction - Les Volcans News\",\"image\":{\"@type\":\"ImageObject\",\"inLanguage\":\"fr-FR\",\"@id\":\"https:\\\/\\\/secure.gravatar.com\\\/avatar\\\/8408942dd851e8a9c09f3d382a661bc05d2b3cd9002139bc1795b9528cdc6c80?s=96&d=mm&r=g\",\"url\":\"https:\\\/\\\/secure.gravatar.com\\\/avatar\\\/8408942dd851e8a9c09f3d382a661bc05d2b3cd9002139bc1795b9528cdc6c80?s=96&d=mm&r=g\",\"contentUrl\":\"https:\\\/\\\/secure.gravatar.com\\\/avatar\\\/8408942dd851e8a9c09f3d382a661bc05d2b3cd9002139bc1795b9528cdc6c80?s=96&d=mm&r=g\",\"caption\":\"R\u00e9daction - Les Volcans News\"},\"url\":\"https:\\\/\\\/lesvolcansnews.net\\\/?author=14\"}]}<\/script>\n<!-- \/ Yoast SEO plugin. -->","yoast_head_json":{"title":"Mbuji-Mayi en effervescence : la population appel\u00e9e \u00e0 r\u00e9server un accueil historique au Pr\u00e9sident Tshisekedi - LES VOLCANS NEWS","robots":{"index":"index","follow":"follow","max-snippet":"max-snippet:-1","max-image-preview":"max-image-preview:large","max-video-preview":"max-video-preview:-1"},"canonical":"https:\/\/lesvolcansnews.net\/?p=69941","og_locale":"fr_FR","og_type":"article","og_title":"Mbuji-Mayi en effervescence : la population appel\u00e9e \u00e0 r\u00e9server un accueil historique au Pr\u00e9sident Tshisekedi - LES VOLCANS NEWS","og_description":"\u00c0 la veille de l\u2019arriv\u00e9e du Chef de l\u2019\u00c9tat, F\u00e9lix Antoine Tshisekedi Tshilombo, dans la ville de Mbuji-Mayi, chef-lieu du Kasa\u00ef Oriental, les autorit\u00e9s provinciales mobilisent la population pour un","og_url":"https:\/\/lesvolcansnews.net\/?p=69941","og_site_name":"LES VOLCANS NEWS","article_published_time":"2025-10-04T20:00:44+00:00","article_modified_time":"2025-10-04T20:40:06+00:00","og_image":[{"width":680,"height":451,"url":"https:\/\/lesvolcansnews.net\/wp-content\/uploads\/2025\/10\/images282529-2022-01-03T121712.353.jpeg","type":"image\/jpeg"}],"author":"R\u00e9daction - Les Volcans News","twitter_card":"summary_large_image","twitter_misc":{"\u00c9crit par":"R\u00e9daction - Les Volcans News","Dur\u00e9e de lecture estim\u00e9e":"2 minutes"},"schema":{"@context":"https:\/\/schema.org","@graph":[{"@type":"Article","@id":"https:\/\/lesvolcansnews.net\/?p=69941#article","isPartOf":{"@id":"https:\/\/lesvolcansnews.net\/?p=69941"},"author":{"name":"R\u00e9daction - Les Volcans News","@id":"https:\/\/lesvolcansnews.net\/#\/schema\/person\/82c8bed2e77879ecf6cca63441f57354"},"headline":"Mbuji-Mayi en effervescence : la population appel\u00e9e \u00e0 r\u00e9server un accueil historique au Pr\u00e9sident Tshisekedi","datePublished":"2025-10-04T20:00:44+00:00","dateModified":"2025-10-04T20:40:06+00:00","mainEntityOfPage":{"@id":"https:\/\/lesvolcansnews.net\/?p=69941"},"wordCount":398,"commentCount":0,"image":{"@id":"https:\/\/lesvolcansnews.net\/?p=69941#primaryimage"},"thumbnailUrl":"https:\/\/lesvolcansnews.net\/wp-content\/uploads\/2025\/10\/images282529-2022-01-03T121712.353.jpeg","articleSection":["ACTUALIT\u00c9"],"inLanguage":"fr-FR","potentialAction":[{"@type":"CommentAction","name":"Comment","target":["https:\/\/lesvolcansnews.net\/?p=69941#respond"]}]},{"@type":"WebPage","@id":"https:\/\/lesvolcansnews.net\/?p=69941","url":"https:\/\/lesvolcansnews.net\/?p=69941","name":"Mbuji-Mayi en effervescence : la population appel\u00e9e \u00e0 r\u00e9server un accueil historique au Pr\u00e9sident Tshisekedi - LES VOLCANS NEWS","isPartOf":{"@id":"https:\/\/lesvolcansnews.net\/#website"},"primaryImageOfPage":{"@id":"https:\/\/lesvolcansnews.net\/?p=69941#primaryimage"},"image":{"@id":"https:\/\/lesvolcansnews.net\/?p=69941#primaryimage"},"thumbnailUrl":"https:\/\/lesvolcansnews.net\/wp-content\/uploads\/2025\/10\/images282529-2022-01-03T121712.353.jpeg","datePublished":"2025-10-04T20:00:44+00:00","dateModified":"2025-10-04T20:40:06+00:00","author":{"@id":"https:\/\/lesvolcansnews.net\/#\/schema\/person\/82c8bed2e77879ecf6cca63441f57354"},"breadcrumb":{"@id":"https:\/\/lesvolcansnews.net\/?p=69941#breadcrumb"},"inLanguage":"fr-FR","potentialAction":[{"@type":"ReadAction","target":["https:\/\/lesvolcansnews.net\/?p=69941"]}]},{"@type":"ImageObject","inLanguage":"fr-FR","@id":"https:\/\/lesvolcansnews.net\/?p=69941#primaryimage","url":"https:\/\/lesvolcansnews.net\/wp-content\/uploads\/2025\/10\/images282529-2022-01-03T121712.353.jpeg","contentUrl":"https:\/\/lesvolcansnews.net\/wp-content\/uploads\/2025\/10\/images282529-2022-01-03T121712.353.jpeg","width":680,"height":451},{"@type":"BreadcrumbList","@id":"https:\/\/lesvolcansnews.net\/?p=69941#breadcrumb","itemListElement":[{"@type":"ListItem","position":1,"name":"Accueil","item":"https:\/\/lesvolcansnews.net\/"},{"@type":"ListItem","position":2,"name":"Mbuji-Mayi en effervescence : la population appel\u00e9e \u00e0 r\u00e9server un accueil historique au Pr\u00e9sident Tshisekedi"}]},{"@type":"WebSite","@id":"https:\/\/lesvolcansnews.net\/#website","url":"https:\/\/lesvolcansnews.net\/","name":"LES VOLCANS NEWS","description":"L&#039;INFORMATION C&#039;EST NOUS","potentialAction":[{"@type":"SearchAction","target":{"@type":"EntryPoint","urlTemplate":"https:\/\/lesvolcansnews.net\/?s={search_term_string}"},"query-input":{"@type":"PropertyValueSpecification","valueRequired":true,"valueName":"search_term_string"}}],"inLanguage":"fr-FR"},{"@type":"Person","@id":"https:\/\/lesvolcansnews.net\/#\/schema\/person\/82c8bed2e77879ecf6cca63441f57354","name":"R\u00e9daction - Les Volcans News","image":{"@type":"ImageObject","inLanguage":"fr-FR","@id":"https:\/\/secure.gravatar.com\/avatar\/8408942dd851e8a9c09f3d382a661bc05d2b3cd9002139bc1795b9528cdc6c80?s=96&d=mm&r=g","url":"https:\/\/secure.gravatar.com\/avatar\/8408942dd851e8a9c09f3d382a661bc05d2b3cd9002139bc1795b9528cdc6c80?s=96&d=mm&r=g","contentUrl":"https:\/\/secure.gravatar.com\/avatar\/8408942dd851e8a9c09f3d382a661bc05d2b3cd9002139bc1795b9528cdc6c80?s=96&d=mm&r=g","caption":"R\u00e9daction - Les Volcans News"},"url":"https:\/\/lesvolcansnews.net\/?author=14"}]}},"_links":{"self":[{"href":"https:\/\/lesvolcansnews.net\/index.php?rest_route=\/wp\/v2\/posts\/69941","targetHints":{"allow":["GET"]}}],"collection":[{"href":"https:\/\/lesvolcansnews.net\/index.php?rest_route=\/wp\/v2\/posts"}],"about":[{"href":"https:\/\/lesvolcansnews.net\/index.php?rest_route=\/wp\/v2\/types\/post"}],"author":[{"embeddable":true,"href":"https:\/\/lesvolcansnews.net\/index.php?rest_route=\/wp\/v2\/users\/14"}],"replies":[{"embeddable":true,"href":"https:\/\/lesvolcansnews.net\/index.php?rest_route=%2Fwp%2Fv2%2Fcomments&post=69941"}],"version-history":[{"count":1,"href":"https:\/\/lesvolcansnews.net\/index.php?rest_route=\/wp\/v2\/posts\/69941\/revisions"}],"predecessor-version":[{"id":69943,"href":"https:\/\/lesvolcansnews.net\/index.php?rest_route=\/wp\/v2\/posts\/69941\/revisions\/69943"}],"wp:featuredmedia":[{"embeddable":true,"href":"https:\/\/lesvolcansnews.net\/index.php?rest_route=\/wp\/v2\/media\/69942"}],"wp:attachment":[{"href":"https:\/\/lesvolcansnews.net\/index.php?rest_route=%2Fwp%2Fv2%2Fmedia&parent=69941"}],"wp:term":[{"taxonomy":"category","embeddable":true,"href":"https:\/\/lesvolcansnews.net\/index.php?rest_route=%2Fwp%2Fv2%2Fcategories&post=69941"},{"taxonomy":"post_tag","embeddable":true,"href":"https:\/\/lesvolcansnews.net\/index.php?rest_route=%2Fwp%2Fv2%2Ftags&post=69941"}],"curies":[{"name":"wp","href":"https:\/\/api.w.org\/{rel}","templated":true}]}}