{"id":69931,"date":"2025-10-03T22:30:23","date_gmt":"2025-10-03T20:30:23","guid":{"rendered":"https:\/\/lesvolcansnews.net\/2025\/10\/03\/kasai-oriental-les-albinos-appeles-a-prendre-leur-avenir-en-main\/"},"modified":"2025-10-03T22:30:23","modified_gmt":"2025-10-03T20:30:23","slug":"kasai-oriental-les-albinos-appeles-a-prendre-leur-avenir-en-main","status":"publish","type":"post","link":"https:\/\/lesvolcansnews.net\/?p=69931","title":{"rendered":"Kasa\u00ef Oriental : Les albinos appel\u00e9s \u00e0 prendre leur avenir en main"},"content":{"rendered":"\n<p><\/p>\n\n\n\n<p> <strong>Un appel fort \u00e0 l&#8217;\u00e9ducation a \u00e9t\u00e9 lanc\u00e9 ce vendredi \u00e0 Mbuji-Mayi, dans la province du Kasa\u00ef Oriental, en R\u00e9publique d\u00e9mocratique du Congo. Lors d\u2019une c\u00e9r\u00e9monie de remise de fournitures scolaires, les personnes vivant avec albinisme (PVVA) ont \u00e9t\u00e9 exhort\u00e9es \u00e0 prendre leur avenir en main par les leaders de leur communaut\u00e9. <\/strong><\/p>\n\n\n\n<p>Cette dotation, offerte par le ministre des Finances, Doudou Mfwamba Libotay, \u00e0 travers sa fondation, vise \u00e0 promouvoir l\u2019acc\u00e8s \u00e0 l\u2019\u00e9ducation pour cette frange souvent marginalis\u00e9e de la population.<\/p>\n\n\n\n<p>\u00ab <em>Nous avons constat\u00e9 que dans notre pays, pr\u00e9cis\u00e9ment dans notre province du Kasa\u00ef Oriental, la plupart des albinos n\u2019ont pas eu le temps d\u2019aller \u00e0 l\u2019\u00e9cole, et pourtant ils sont aussi en mesure d\u2019\u00eatre scolaris\u00e9s, d\u2019\u00eatre conduits en tout et pour tout,<\/em> \u00bb a d\u00e9clar\u00e9 Alex Ciowela, vice-pr\u00e9sident de la plateforme des albinos du Grand Kasa\u00ef.<\/p>\n\n\n\n<p>Il a salu\u00e9 le geste du ministre des Finances, expliquant que cette dotation en cahiers vise \u00e0 \u00ab <em>fortifier<\/em> \u00bb les enfants atteints d\u2019albinisme, souvent confront\u00e9s \u00e0 l\u2019exclusion sociale et \u00e0 des discriminations.<\/p>\n\n\n\n<p>Poursuivant son message d\u2019encouragement, Alex Ciowela a insist\u00e9 sur l\u2019importance de l\u2019autonomie et de la responsabilisation :<br \/>\u00ab <em>J\u2019en profite pour fortifier tous les albinos, toutes les personnes vivant avec albinisme de se prendre en charge, parce qu\u2019ils sont aussi capables. Ils sont oblig\u00e9s d\u2019aller \u00e0 l\u2019\u00e9cole pour assimiler les mati\u00e8res, parce que sans \u00e9ducation, personne ne peut s\u2019orienter. J&#8217;encourage toutes les PVVA \u00e0 prendre les \u00e9tudes au s\u00e9rieux.<\/em> \u00bb<\/p>\n\n\n\n<p>De son c\u00f4t\u00e9, Samy Nongo, pr\u00e9sident de la plateforme, a soulign\u00e9 le r\u00f4le crucial de l\u2019\u00e9ducation dans la construction d\u2019une soci\u00e9t\u00e9 inclusive et \u00e9quitable. Il a compar\u00e9 l\u2019aide re\u00e7ue \u00e0 un outil d\u2019\u00e9mancipation :<br \/>\u00ab <em>Ce qui fait la fiert\u00e9 de la nation, c\u2019est l\u2019\u00e9ducation. Alors notre partenaire a vu qu\u2019au lieu de donner un poisson \u00e0 manger en un jour, il nous a appris \u00e0 p\u00eacher. Ce qui veut dire, \u00e0 travers cette fourniture scolaire, il faut \u00e9duquer les enfants. Parce que demain ou apr\u00e8s-demain, l\u2019enfant peut devenir quelqu\u2019un.<\/em> \u00bb<\/p>\n\n\n\n<p>Revenant sur les pr\u00e9jug\u00e9s encore tenaces, Samy Nongo a voulu r\u00e9tablir une v\u00e9rit\u00e9 fondamentale :<br \/>\u00ab <em>L\u2019albinisme, normalement, il y a les autres qui disent que c\u2019est une maladie\u2026 mais l\u2019albinisme, c\u2019est une race. Il ne faut pas s\u2019affaiblir parce que vous \u00eates n\u00e9s albinos. Il faut faire tout pour veiller \u00e0 leur \u00e9ducation, que les enfants puissent aller \u00e0 l\u2019\u00e9cole. Il faut \u00eatre tr\u00e8s courageux et revoir sa mani\u00e8re de vivre dans la soci\u00e9t\u00e9.<\/em> \u00bb<\/p>\n\n\n\n<p>Cette initiative s\u2019inscrit dans un contexte o\u00f9 les personnes vivant avec albinisme, en RDC comme ailleurs en Afrique, font face \u00e0 de nombreux d\u00e9fis : stigmatisation, difficult\u00e9s d\u2019acc\u00e8s aux soins adapt\u00e9s, et surtout \u00e0 l\u2019\u00e9ducation. <\/p>\n\n\n\n<p>Gr\u00e2ce \u00e0 l\u2019engagement de certaines autorit\u00e9s et de la soci\u00e9t\u00e9 civile, des pas significatifs sont franchis vers une soci\u00e9t\u00e9 plus inclusive et \u00e9quitable.<\/p>\n\n\n\n<p>La r\u00e9daction <\/p>\n","protected":false},"excerpt":{"rendered":"<p>Un appel fort \u00e0 l&#8217;\u00e9ducation a \u00e9t\u00e9 lanc\u00e9 ce vendredi \u00e0 Mbuji-Mayi, dans la province du Kasa\u00ef Oriental, en R\u00e9publique d\u00e9mocratique du Congo. Lors d\u2019une c\u00e9r\u00e9monie de remise de fournitures<\/p>\n","protected":false},"author":14,"featured_media":69930,"comment_status":"open","ping_status":"open","sticky":false,"template":"","format":"standard","meta":{"footnotes":""},"categories":[49],"tags":[],"class_list":["post-69931","post","type-post","status-publish","format-standard","has-post-thumbnail","hentry","category-genre"],"yoast_head":"<!-- This site is optimized with the Yoast SEO plugin v27.3 - https:\/\/yoast.com\/product\/yoast-seo-wordpress\/ -->\n<title>Kasa\u00ef Oriental : Les albinos appel\u00e9s \u00e0 prendre leur avenir en main - LES VOLCANS NEWS<\/title>\n<meta name=\"robots\" content=\"index, follow, max-snippet:-1, max-image-preview:large, max-video-preview:-1\" \/>\n<link rel=\"canonical\" href=\"https:\/\/lesvolcansnews.net\/?p=69931\" \/>\n<meta property=\"og:locale\" content=\"fr_FR\" \/>\n<meta property=\"og:type\" content=\"article\" \/>\n<meta property=\"og:title\" content=\"Kasa\u00ef Oriental : Les albinos appel\u00e9s \u00e0 prendre leur avenir en main - LES VOLCANS NEWS\" \/>\n<meta property=\"og:description\" content=\"Un appel fort \u00e0 l&#8217;\u00e9ducation a \u00e9t\u00e9 lanc\u00e9 ce vendredi \u00e0 Mbuji-Mayi, dans la province du Kasa\u00ef Oriental, en R\u00e9publique d\u00e9mocratique du Congo. Lors d\u2019une c\u00e9r\u00e9monie de remise de fournitures\" \/>\n<meta property=\"og:url\" content=\"https:\/\/lesvolcansnews.net\/?p=69931\" \/>\n<meta property=\"og:site_name\" content=\"LES VOLCANS NEWS\" \/>\n<meta property=\"article:published_time\" content=\"2025-10-03T20:30:23+00:00\" \/>\n<meta property=\"og:image\" content=\"https:\/\/lesvolcansnews.net\/wp-content\/uploads\/2025\/10\/IMG-20251003-WA0371.jpg\" \/>\n\t<meta property=\"og:image:width\" content=\"1366\" \/>\n\t<meta property=\"og:image:height\" content=\"704\" \/>\n\t<meta property=\"og:image:type\" content=\"image\/jpeg\" \/>\n<meta name=\"author\" content=\"R\u00e9daction - Les Volcans News\" \/>\n<meta name=\"twitter:card\" content=\"summary_large_image\" \/>\n<meta name=\"twitter:label1\" content=\"\u00c9crit par\" \/>\n\t<meta name=\"twitter:data1\" content=\"R\u00e9daction - Les Volcans News\" \/>\n\t<meta name=\"twitter:label2\" content=\"Dur\u00e9e de lecture estim\u00e9e\" \/>\n\t<meta name=\"twitter:data2\" content=\"3 minutes\" \/>\n<script type=\"application\/ld+json\" class=\"yoast-schema-graph\">{\"@context\":\"https:\\\/\\\/schema.org\",\"@graph\":[{\"@type\":\"Article\",\"@id\":\"https:\\\/\\\/lesvolcansnews.net\\\/?p=69931#article\",\"isPartOf\":{\"@id\":\"https:\\\/\\\/lesvolcansnews.net\\\/?p=69931\"},\"author\":{\"name\":\"R\u00e9daction - Les Volcans News\",\"@id\":\"https:\\\/\\\/lesvolcansnews.net\\\/#\\\/schema\\\/person\\\/82c8bed2e77879ecf6cca63441f57354\"},\"headline\":\"Kasa\u00ef Oriental : Les albinos appel\u00e9s \u00e0 prendre leur avenir en main\",\"datePublished\":\"2025-10-03T20:30:23+00:00\",\"mainEntityOfPage\":{\"@id\":\"https:\\\/\\\/lesvolcansnews.net\\\/?p=69931\"},\"wordCount\":523,\"commentCount\":0,\"image\":{\"@id\":\"https:\\\/\\\/lesvolcansnews.net\\\/?p=69931#primaryimage\"},\"thumbnailUrl\":\"https:\\\/\\\/lesvolcansnews.net\\\/wp-content\\\/uploads\\\/2025\\\/10\\\/IMG-20251003-WA0371.jpg\",\"articleSection\":[\"GENRE\"],\"inLanguage\":\"fr-FR\",\"potentialAction\":[{\"@type\":\"CommentAction\",\"name\":\"Comment\",\"target\":[\"https:\\\/\\\/lesvolcansnews.net\\\/?p=69931#respond\"]}]},{\"@type\":\"WebPage\",\"@id\":\"https:\\\/\\\/lesvolcansnews.net\\\/?p=69931\",\"url\":\"https:\\\/\\\/lesvolcansnews.net\\\/?p=69931\",\"name\":\"Kasa\u00ef Oriental : Les albinos appel\u00e9s \u00e0 prendre leur avenir en main - LES VOLCANS NEWS\",\"isPartOf\":{\"@id\":\"https:\\\/\\\/lesvolcansnews.net\\\/#website\"},\"primaryImageOfPage\":{\"@id\":\"https:\\\/\\\/lesvolcansnews.net\\\/?p=69931#primaryimage\"},\"image\":{\"@id\":\"https:\\\/\\\/lesvolcansnews.net\\\/?p=69931#primaryimage\"},\"thumbnailUrl\":\"https:\\\/\\\/lesvolcansnews.net\\\/wp-content\\\/uploads\\\/2025\\\/10\\\/IMG-20251003-WA0371.jpg\",\"datePublished\":\"2025-10-03T20:30:23+00:00\",\"author\":{\"@id\":\"https:\\\/\\\/lesvolcansnews.net\\\/#\\\/schema\\\/person\\\/82c8bed2e77879ecf6cca63441f57354\"},\"breadcrumb\":{\"@id\":\"https:\\\/\\\/lesvolcansnews.net\\\/?p=69931#breadcrumb\"},\"inLanguage\":\"fr-FR\",\"potentialAction\":[{\"@type\":\"ReadAction\",\"target\":[\"https:\\\/\\\/lesvolcansnews.net\\\/?p=69931\"]}]},{\"@type\":\"ImageObject\",\"inLanguage\":\"fr-FR\",\"@id\":\"https:\\\/\\\/lesvolcansnews.net\\\/?p=69931#primaryimage\",\"url\":\"https:\\\/\\\/lesvolcansnews.net\\\/wp-content\\\/uploads\\\/2025\\\/10\\\/IMG-20251003-WA0371.jpg\",\"contentUrl\":\"https:\\\/\\\/lesvolcansnews.net\\\/wp-content\\\/uploads\\\/2025\\\/10\\\/IMG-20251003-WA0371.jpg\",\"width\":1366,\"height\":704},{\"@type\":\"BreadcrumbList\",\"@id\":\"https:\\\/\\\/lesvolcansnews.net\\\/?p=69931#breadcrumb\",\"itemListElement\":[{\"@type\":\"ListItem\",\"position\":1,\"name\":\"Accueil\",\"item\":\"https:\\\/\\\/lesvolcansnews.net\\\/\"},{\"@type\":\"ListItem\",\"position\":2,\"name\":\"Kasa\u00ef Oriental : Les albinos appel\u00e9s \u00e0 prendre leur avenir en main\"}]},{\"@type\":\"WebSite\",\"@id\":\"https:\\\/\\\/lesvolcansnews.net\\\/#website\",\"url\":\"https:\\\/\\\/lesvolcansnews.net\\\/\",\"name\":\"LES VOLCANS NEWS\",\"description\":\"L&#039;INFORMATION C&#039;EST NOUS\",\"potentialAction\":[{\"@type\":\"SearchAction\",\"target\":{\"@type\":\"EntryPoint\",\"urlTemplate\":\"https:\\\/\\\/lesvolcansnews.net\\\/?s={search_term_string}\"},\"query-input\":{\"@type\":\"PropertyValueSpecification\",\"valueRequired\":true,\"valueName\":\"search_term_string\"}}],\"inLanguage\":\"fr-FR\"},{\"@type\":\"Person\",\"@id\":\"https:\\\/\\\/lesvolcansnews.net\\\/#\\\/schema\\\/person\\\/82c8bed2e77879ecf6cca63441f57354\",\"name\":\"R\u00e9daction - Les Volcans News\",\"image\":{\"@type\":\"ImageObject\",\"inLanguage\":\"fr-FR\",\"@id\":\"https:\\\/\\\/secure.gravatar.com\\\/avatar\\\/8408942dd851e8a9c09f3d382a661bc05d2b3cd9002139bc1795b9528cdc6c80?s=96&d=mm&r=g\",\"url\":\"https:\\\/\\\/secure.gravatar.com\\\/avatar\\\/8408942dd851e8a9c09f3d382a661bc05d2b3cd9002139bc1795b9528cdc6c80?s=96&d=mm&r=g\",\"contentUrl\":\"https:\\\/\\\/secure.gravatar.com\\\/avatar\\\/8408942dd851e8a9c09f3d382a661bc05d2b3cd9002139bc1795b9528cdc6c80?s=96&d=mm&r=g\",\"caption\":\"R\u00e9daction - Les Volcans News\"},\"url\":\"https:\\\/\\\/lesvolcansnews.net\\\/?author=14\"}]}<\/script>\n<!-- \/ Yoast SEO plugin. -->","yoast_head_json":{"title":"Kasa\u00ef Oriental : Les albinos appel\u00e9s \u00e0 prendre leur avenir en main - LES VOLCANS NEWS","robots":{"index":"index","follow":"follow","max-snippet":"max-snippet:-1","max-image-preview":"max-image-preview:large","max-video-preview":"max-video-preview:-1"},"canonical":"https:\/\/lesvolcansnews.net\/?p=69931","og_locale":"fr_FR","og_type":"article","og_title":"Kasa\u00ef Oriental : Les albinos appel\u00e9s \u00e0 prendre leur avenir en main - LES VOLCANS NEWS","og_description":"Un appel fort \u00e0 l&#8217;\u00e9ducation a \u00e9t\u00e9 lanc\u00e9 ce vendredi \u00e0 Mbuji-Mayi, dans la province du Kasa\u00ef Oriental, en R\u00e9publique d\u00e9mocratique du Congo. Lors d\u2019une c\u00e9r\u00e9monie de remise de fournitures","og_url":"https:\/\/lesvolcansnews.net\/?p=69931","og_site_name":"LES VOLCANS NEWS","article_published_time":"2025-10-03T20:30:23+00:00","og_image":[{"width":1366,"height":704,"url":"https:\/\/lesvolcansnews.net\/wp-content\/uploads\/2025\/10\/IMG-20251003-WA0371.jpg","type":"image\/jpeg"}],"author":"R\u00e9daction - Les Volcans News","twitter_card":"summary_large_image","twitter_misc":{"\u00c9crit par":"R\u00e9daction - Les Volcans News","Dur\u00e9e de lecture estim\u00e9e":"3 minutes"},"schema":{"@context":"https:\/\/schema.org","@graph":[{"@type":"Article","@id":"https:\/\/lesvolcansnews.net\/?p=69931#article","isPartOf":{"@id":"https:\/\/lesvolcansnews.net\/?p=69931"},"author":{"name":"R\u00e9daction - Les Volcans News","@id":"https:\/\/lesvolcansnews.net\/#\/schema\/person\/82c8bed2e77879ecf6cca63441f57354"},"headline":"Kasa\u00ef Oriental : Les albinos appel\u00e9s \u00e0 prendre leur avenir en main","datePublished":"2025-10-03T20:30:23+00:00","mainEntityOfPage":{"@id":"https:\/\/lesvolcansnews.net\/?p=69931"},"wordCount":523,"commentCount":0,"image":{"@id":"https:\/\/lesvolcansnews.net\/?p=69931#primaryimage"},"thumbnailUrl":"https:\/\/lesvolcansnews.net\/wp-content\/uploads\/2025\/10\/IMG-20251003-WA0371.jpg","articleSection":["GENRE"],"inLanguage":"fr-FR","potentialAction":[{"@type":"CommentAction","name":"Comment","target":["https:\/\/lesvolcansnews.net\/?p=69931#respond"]}]},{"@type":"WebPage","@id":"https:\/\/lesvolcansnews.net\/?p=69931","url":"https:\/\/lesvolcansnews.net\/?p=69931","name":"Kasa\u00ef Oriental : Les albinos appel\u00e9s \u00e0 prendre leur avenir en main - LES VOLCANS NEWS","isPartOf":{"@id":"https:\/\/lesvolcansnews.net\/#website"},"primaryImageOfPage":{"@id":"https:\/\/lesvolcansnews.net\/?p=69931#primaryimage"},"image":{"@id":"https:\/\/lesvolcansnews.net\/?p=69931#primaryimage"},"thumbnailUrl":"https:\/\/lesvolcansnews.net\/wp-content\/uploads\/2025\/10\/IMG-20251003-WA0371.jpg","datePublished":"2025-10-03T20:30:23+00:00","author":{"@id":"https:\/\/lesvolcansnews.net\/#\/schema\/person\/82c8bed2e77879ecf6cca63441f57354"},"breadcrumb":{"@id":"https:\/\/lesvolcansnews.net\/?p=69931#breadcrumb"},"inLanguage":"fr-FR","potentialAction":[{"@type":"ReadAction","target":["https:\/\/lesvolcansnews.net\/?p=69931"]}]},{"@type":"ImageObject","inLanguage":"fr-FR","@id":"https:\/\/lesvolcansnews.net\/?p=69931#primaryimage","url":"https:\/\/lesvolcansnews.net\/wp-content\/uploads\/2025\/10\/IMG-20251003-WA0371.jpg","contentUrl":"https:\/\/lesvolcansnews.net\/wp-content\/uploads\/2025\/10\/IMG-20251003-WA0371.jpg","width":1366,"height":704},{"@type":"BreadcrumbList","@id":"https:\/\/lesvolcansnews.net\/?p=69931#breadcrumb","itemListElement":[{"@type":"ListItem","position":1,"name":"Accueil","item":"https:\/\/lesvolcansnews.net\/"},{"@type":"ListItem","position":2,"name":"Kasa\u00ef Oriental : Les albinos appel\u00e9s \u00e0 prendre leur avenir en main"}]},{"@type":"WebSite","@id":"https:\/\/lesvolcansnews.net\/#website","url":"https:\/\/lesvolcansnews.net\/","name":"LES VOLCANS NEWS","description":"L&#039;INFORMATION C&#039;EST NOUS","potentialAction":[{"@type":"SearchAction","target":{"@type":"EntryPoint","urlTemplate":"https:\/\/lesvolcansnews.net\/?s={search_term_string}"},"query-input":{"@type":"PropertyValueSpecification","valueRequired":true,"valueName":"search_term_string"}}],"inLanguage":"fr-FR"},{"@type":"Person","@id":"https:\/\/lesvolcansnews.net\/#\/schema\/person\/82c8bed2e77879ecf6cca63441f57354","name":"R\u00e9daction - Les Volcans News","image":{"@type":"ImageObject","inLanguage":"fr-FR","@id":"https:\/\/secure.gravatar.com\/avatar\/8408942dd851e8a9c09f3d382a661bc05d2b3cd9002139bc1795b9528cdc6c80?s=96&d=mm&r=g","url":"https:\/\/secure.gravatar.com\/avatar\/8408942dd851e8a9c09f3d382a661bc05d2b3cd9002139bc1795b9528cdc6c80?s=96&d=mm&r=g","contentUrl":"https:\/\/secure.gravatar.com\/avatar\/8408942dd851e8a9c09f3d382a661bc05d2b3cd9002139bc1795b9528cdc6c80?s=96&d=mm&r=g","caption":"R\u00e9daction - Les Volcans News"},"url":"https:\/\/lesvolcansnews.net\/?author=14"}]}},"_links":{"self":[{"href":"https:\/\/lesvolcansnews.net\/index.php?rest_route=\/wp\/v2\/posts\/69931","targetHints":{"allow":["GET"]}}],"collection":[{"href":"https:\/\/lesvolcansnews.net\/index.php?rest_route=\/wp\/v2\/posts"}],"about":[{"href":"https:\/\/lesvolcansnews.net\/index.php?rest_route=\/wp\/v2\/types\/post"}],"author":[{"embeddable":true,"href":"https:\/\/lesvolcansnews.net\/index.php?rest_route=\/wp\/v2\/users\/14"}],"replies":[{"embeddable":true,"href":"https:\/\/lesvolcansnews.net\/index.php?rest_route=%2Fwp%2Fv2%2Fcomments&post=69931"}],"version-history":[{"count":0,"href":"https:\/\/lesvolcansnews.net\/index.php?rest_route=\/wp\/v2\/posts\/69931\/revisions"}],"wp:featuredmedia":[{"embeddable":true,"href":"https:\/\/lesvolcansnews.net\/index.php?rest_route=\/wp\/v2\/media\/69930"}],"wp:attachment":[{"href":"https:\/\/lesvolcansnews.net\/index.php?rest_route=%2Fwp%2Fv2%2Fmedia&parent=69931"}],"wp:term":[{"taxonomy":"category","embeddable":true,"href":"https:\/\/lesvolcansnews.net\/index.php?rest_route=%2Fwp%2Fv2%2Fcategories&post=69931"},{"taxonomy":"post_tag","embeddable":true,"href":"https:\/\/lesvolcansnews.net\/index.php?rest_route=%2Fwp%2Fv2%2Ftags&post=69931"}],"curies":[{"name":"wp","href":"https:\/\/api.w.org\/{rel}","templated":true}]}}