{"id":69927,"date":"2025-10-03T20:46:51","date_gmt":"2025-10-03T18:46:51","guid":{"rendered":"https:\/\/lesvolcansnews.net\/2025\/10\/03\/nord-kivu-alerte-generale-des-fardc-face-au-m23-e\/"},"modified":"2025-10-03T20:46:51","modified_gmt":"2025-10-03T18:46:51","slug":"nord-kivu-alerte-generale-des-fardc-face-au-m23-e","status":"publish","type":"post","link":"https:\/\/lesvolcansnews.net\/?p=69927","title":{"rendered":"Nord-Kivu : Alerte g\u00e9n\u00e9rale des FARDC face au M23 e"},"content":{"rendered":"\n<p><br><br>Le gouverneur militaire du Nord-Kivu, le g\u00e9n\u00e9ral-major Somo Kakule Evariste, a effectu\u00e9 ce jeudi 2 octobre une visite sur plusieurs lignes de front tenues par les Forces Arm\u00e9es de la R\u00e9publique D\u00e9mocratique du Congo (FARDC).<br><br>Ce d\u00e9placement de terrain s\u2019inscrit dans un moment de regain de tension dans le Nord et le Sud-Kivu, o\u00f9 les affrontements entre les troupes loyalistes, les rebelles de l\u2019AFC\/M23 et les combattants Wazalendo se multiplient.<br><br> Dans ces zones fortement militaris\u00e9es, le M23 continue de consolider ses positions, avec un afflux massif de combattants et un renforcement en mat\u00e9riel de guerre.<br><br>Accompagn\u00e9 du g\u00e9n\u00e9ral de brigade Joseph Mugisa, commandant du secteur op\u00e9rationnel Grand Nord, le g\u00e9n\u00e9ral-major Somo Kakule a inspect\u00e9 notamment la position avanc\u00e9e d\u2019Ivingu, une zone sensible du front nord.<br><br> Sur place, il a pris la mesure du terrain, salu\u00e9 la bravoure des militaires congolais et insist\u00e9 sur la n\u00e9cessit\u00e9 d\u2019une vigilance maximale face aux \u00e9ventuelles incursions ennemies.<br><br>Le gouverneur militaire a appel\u00e9 les troupes \u00e0 une mobilisation totale, soulignant que la stabilit\u00e9 de la province repose sur leur engagement, leur discipline et leur capacit\u00e9 de riposte face aux offensives rebelles. Cette visite visait \u00e9galement \u00e0 rehausser le moral des forces engag\u00e9es dans des conditions parfois difficiles.<br><br>Parall\u00e8lement aux op\u00e9rations militaires, la situation humanitaire reste pr\u00e9occupante, notamment dans les territoires de Lubero et Masisi. <br><br>Les combats ont provoqu\u00e9 d\u2019importants d\u00e9placements de populations, la destruction de structures sanitaires, ainsi que des pertes en vies humaines. Les pourparlers de Doha entre le gouvernement congolais et le M23 demeurent suspendus, laissant la voie aux armes comme principal mode d\u2019expression du conflit.<br><br>Alors que les rebelles poursuivent leur expansion sur le terrain, les FARDC sont appel\u00e9es \u00e0 maintenir une posture d\u00e9fensive robuste et \u00e0 prot\u00e9ger les zones civiles de toute incursion.<br><br> La mont\u00e9e en puissance des positions rebelles impose aux autorit\u00e9s militaires une r\u00e9ponse strat\u00e9gique, alliant rigueur op\u00e9rationnelle et pr\u00e9sence permanente sur le terrain.<br><br>La province du Nord-Kivu reste donc en alerte maximale, alors que les FARDC se pr\u00e9parent \u00e0 de potentielles nouvelles offensives dans les jours \u00e0 venir.<br><br><br>La r\u00e9daction<\/p>\n","protected":false},"excerpt":{"rendered":"<p>Le gouverneur militaire du Nord-Kivu, le g\u00e9n\u00e9ral-major Somo Kakule Evariste, a effectu\u00e9 ce jeudi 2 octobre une visite sur plusieurs lignes de front tenues par les Forces Arm\u00e9es de la<\/p>\n","protected":false},"author":14,"featured_media":69926,"comment_status":"open","ping_status":"open","sticky":false,"template":"","format":"standard","meta":{"footnotes":""},"categories":[1],"tags":[],"class_list":["post-69927","post","type-post","status-publish","format-standard","has-post-thumbnail","hentry","category-actualite"],"yoast_head":"<!-- This site is optimized with the Yoast SEO plugin v27.3 - https:\/\/yoast.com\/product\/yoast-seo-wordpress\/ -->\n<title>Nord-Kivu : Alerte g\u00e9n\u00e9rale des FARDC face au M23 e - LES VOLCANS NEWS<\/title>\n<meta name=\"robots\" content=\"index, follow, max-snippet:-1, max-image-preview:large, max-video-preview:-1\" \/>\n<link rel=\"canonical\" href=\"https:\/\/lesvolcansnews.net\/?p=69927\" \/>\n<meta property=\"og:locale\" content=\"fr_FR\" \/>\n<meta property=\"og:type\" content=\"article\" \/>\n<meta property=\"og:title\" content=\"Nord-Kivu : Alerte g\u00e9n\u00e9rale des FARDC face au M23 e - LES VOLCANS NEWS\" \/>\n<meta property=\"og:description\" content=\"Le gouverneur militaire du Nord-Kivu, le g\u00e9n\u00e9ral-major Somo Kakule Evariste, a effectu\u00e9 ce jeudi 2 octobre une visite sur plusieurs lignes de front tenues par les Forces Arm\u00e9es de la\" \/>\n<meta property=\"og:url\" content=\"https:\/\/lesvolcansnews.net\/?p=69927\" \/>\n<meta property=\"og:site_name\" content=\"LES VOLCANS NEWS\" \/>\n<meta property=\"article:published_time\" content=\"2025-10-03T18:46:51+00:00\" \/>\n<meta property=\"og:image\" content=\"https:\/\/lesvolcansnews.net\/wp-content\/uploads\/2025\/10\/Screenshot_20251003-194424.png\" \/>\n\t<meta property=\"og:image:width\" content=\"864\" \/>\n\t<meta property=\"og:image:height\" content=\"620\" \/>\n\t<meta property=\"og:image:type\" content=\"image\/png\" \/>\n<meta name=\"author\" content=\"R\u00e9daction - Les Volcans News\" \/>\n<meta name=\"twitter:card\" content=\"summary_large_image\" \/>\n<meta name=\"twitter:label1\" content=\"\u00c9crit par\" \/>\n\t<meta name=\"twitter:data1\" content=\"R\u00e9daction - Les Volcans News\" \/>\n\t<meta name=\"twitter:label2\" content=\"Dur\u00e9e de lecture estim\u00e9e\" \/>\n\t<meta name=\"twitter:data2\" content=\"2 minutes\" \/>\n<script type=\"application\/ld+json\" class=\"yoast-schema-graph\">{\"@context\":\"https:\\\/\\\/schema.org\",\"@graph\":[{\"@type\":\"Article\",\"@id\":\"https:\\\/\\\/lesvolcansnews.net\\\/?p=69927#article\",\"isPartOf\":{\"@id\":\"https:\\\/\\\/lesvolcansnews.net\\\/?p=69927\"},\"author\":{\"name\":\"R\u00e9daction - Les Volcans News\",\"@id\":\"https:\\\/\\\/lesvolcansnews.net\\\/#\\\/schema\\\/person\\\/82c8bed2e77879ecf6cca63441f57354\"},\"headline\":\"Nord-Kivu : Alerte g\u00e9n\u00e9rale des FARDC face au M23 e\",\"datePublished\":\"2025-10-03T18:46:51+00:00\",\"mainEntityOfPage\":{\"@id\":\"https:\\\/\\\/lesvolcansnews.net\\\/?p=69927\"},\"wordCount\":384,\"commentCount\":0,\"image\":{\"@id\":\"https:\\\/\\\/lesvolcansnews.net\\\/?p=69927#primaryimage\"},\"thumbnailUrl\":\"https:\\\/\\\/lesvolcansnews.net\\\/wp-content\\\/uploads\\\/2025\\\/10\\\/Screenshot_20251003-194424.png\",\"articleSection\":[\"ACTUALIT\u00c9\"],\"inLanguage\":\"fr-FR\",\"potentialAction\":[{\"@type\":\"CommentAction\",\"name\":\"Comment\",\"target\":[\"https:\\\/\\\/lesvolcansnews.net\\\/?p=69927#respond\"]}]},{\"@type\":\"WebPage\",\"@id\":\"https:\\\/\\\/lesvolcansnews.net\\\/?p=69927\",\"url\":\"https:\\\/\\\/lesvolcansnews.net\\\/?p=69927\",\"name\":\"Nord-Kivu : Alerte g\u00e9n\u00e9rale des FARDC face au M23 e - LES VOLCANS NEWS\",\"isPartOf\":{\"@id\":\"https:\\\/\\\/lesvolcansnews.net\\\/#website\"},\"primaryImageOfPage\":{\"@id\":\"https:\\\/\\\/lesvolcansnews.net\\\/?p=69927#primaryimage\"},\"image\":{\"@id\":\"https:\\\/\\\/lesvolcansnews.net\\\/?p=69927#primaryimage\"},\"thumbnailUrl\":\"https:\\\/\\\/lesvolcansnews.net\\\/wp-content\\\/uploads\\\/2025\\\/10\\\/Screenshot_20251003-194424.png\",\"datePublished\":\"2025-10-03T18:46:51+00:00\",\"author\":{\"@id\":\"https:\\\/\\\/lesvolcansnews.net\\\/#\\\/schema\\\/person\\\/82c8bed2e77879ecf6cca63441f57354\"},\"breadcrumb\":{\"@id\":\"https:\\\/\\\/lesvolcansnews.net\\\/?p=69927#breadcrumb\"},\"inLanguage\":\"fr-FR\",\"potentialAction\":[{\"@type\":\"ReadAction\",\"target\":[\"https:\\\/\\\/lesvolcansnews.net\\\/?p=69927\"]}]},{\"@type\":\"ImageObject\",\"inLanguage\":\"fr-FR\",\"@id\":\"https:\\\/\\\/lesvolcansnews.net\\\/?p=69927#primaryimage\",\"url\":\"https:\\\/\\\/lesvolcansnews.net\\\/wp-content\\\/uploads\\\/2025\\\/10\\\/Screenshot_20251003-194424.png\",\"contentUrl\":\"https:\\\/\\\/lesvolcansnews.net\\\/wp-content\\\/uploads\\\/2025\\\/10\\\/Screenshot_20251003-194424.png\",\"width\":864,\"height\":620},{\"@type\":\"BreadcrumbList\",\"@id\":\"https:\\\/\\\/lesvolcansnews.net\\\/?p=69927#breadcrumb\",\"itemListElement\":[{\"@type\":\"ListItem\",\"position\":1,\"name\":\"Accueil\",\"item\":\"https:\\\/\\\/lesvolcansnews.net\\\/\"},{\"@type\":\"ListItem\",\"position\":2,\"name\":\"Nord-Kivu : Alerte g\u00e9n\u00e9rale des FARDC face au M23 e\"}]},{\"@type\":\"WebSite\",\"@id\":\"https:\\\/\\\/lesvolcansnews.net\\\/#website\",\"url\":\"https:\\\/\\\/lesvolcansnews.net\\\/\",\"name\":\"LES VOLCANS NEWS\",\"description\":\"L&#039;INFORMATION C&#039;EST NOUS\",\"potentialAction\":[{\"@type\":\"SearchAction\",\"target\":{\"@type\":\"EntryPoint\",\"urlTemplate\":\"https:\\\/\\\/lesvolcansnews.net\\\/?s={search_term_string}\"},\"query-input\":{\"@type\":\"PropertyValueSpecification\",\"valueRequired\":true,\"valueName\":\"search_term_string\"}}],\"inLanguage\":\"fr-FR\"},{\"@type\":\"Person\",\"@id\":\"https:\\\/\\\/lesvolcansnews.net\\\/#\\\/schema\\\/person\\\/82c8bed2e77879ecf6cca63441f57354\",\"name\":\"R\u00e9daction - Les Volcans News\",\"image\":{\"@type\":\"ImageObject\",\"inLanguage\":\"fr-FR\",\"@id\":\"https:\\\/\\\/secure.gravatar.com\\\/avatar\\\/8408942dd851e8a9c09f3d382a661bc05d2b3cd9002139bc1795b9528cdc6c80?s=96&d=mm&r=g\",\"url\":\"https:\\\/\\\/secure.gravatar.com\\\/avatar\\\/8408942dd851e8a9c09f3d382a661bc05d2b3cd9002139bc1795b9528cdc6c80?s=96&d=mm&r=g\",\"contentUrl\":\"https:\\\/\\\/secure.gravatar.com\\\/avatar\\\/8408942dd851e8a9c09f3d382a661bc05d2b3cd9002139bc1795b9528cdc6c80?s=96&d=mm&r=g\",\"caption\":\"R\u00e9daction - Les Volcans News\"},\"url\":\"https:\\\/\\\/lesvolcansnews.net\\\/?author=14\"}]}<\/script>\n<!-- \/ Yoast SEO plugin. -->","yoast_head_json":{"title":"Nord-Kivu : Alerte g\u00e9n\u00e9rale des FARDC face au M23 e - LES VOLCANS NEWS","robots":{"index":"index","follow":"follow","max-snippet":"max-snippet:-1","max-image-preview":"max-image-preview:large","max-video-preview":"max-video-preview:-1"},"canonical":"https:\/\/lesvolcansnews.net\/?p=69927","og_locale":"fr_FR","og_type":"article","og_title":"Nord-Kivu : Alerte g\u00e9n\u00e9rale des FARDC face au M23 e - LES VOLCANS NEWS","og_description":"Le gouverneur militaire du Nord-Kivu, le g\u00e9n\u00e9ral-major Somo Kakule Evariste, a effectu\u00e9 ce jeudi 2 octobre une visite sur plusieurs lignes de front tenues par les Forces Arm\u00e9es de la","og_url":"https:\/\/lesvolcansnews.net\/?p=69927","og_site_name":"LES VOLCANS NEWS","article_published_time":"2025-10-03T18:46:51+00:00","og_image":[{"width":864,"height":620,"url":"https:\/\/lesvolcansnews.net\/wp-content\/uploads\/2025\/10\/Screenshot_20251003-194424.png","type":"image\/png"}],"author":"R\u00e9daction - Les Volcans News","twitter_card":"summary_large_image","twitter_misc":{"\u00c9crit par":"R\u00e9daction - Les Volcans News","Dur\u00e9e de lecture estim\u00e9e":"2 minutes"},"schema":{"@context":"https:\/\/schema.org","@graph":[{"@type":"Article","@id":"https:\/\/lesvolcansnews.net\/?p=69927#article","isPartOf":{"@id":"https:\/\/lesvolcansnews.net\/?p=69927"},"author":{"name":"R\u00e9daction - Les Volcans News","@id":"https:\/\/lesvolcansnews.net\/#\/schema\/person\/82c8bed2e77879ecf6cca63441f57354"},"headline":"Nord-Kivu : Alerte g\u00e9n\u00e9rale des FARDC face au M23 e","datePublished":"2025-10-03T18:46:51+00:00","mainEntityOfPage":{"@id":"https:\/\/lesvolcansnews.net\/?p=69927"},"wordCount":384,"commentCount":0,"image":{"@id":"https:\/\/lesvolcansnews.net\/?p=69927#primaryimage"},"thumbnailUrl":"https:\/\/lesvolcansnews.net\/wp-content\/uploads\/2025\/10\/Screenshot_20251003-194424.png","articleSection":["ACTUALIT\u00c9"],"inLanguage":"fr-FR","potentialAction":[{"@type":"CommentAction","name":"Comment","target":["https:\/\/lesvolcansnews.net\/?p=69927#respond"]}]},{"@type":"WebPage","@id":"https:\/\/lesvolcansnews.net\/?p=69927","url":"https:\/\/lesvolcansnews.net\/?p=69927","name":"Nord-Kivu : Alerte g\u00e9n\u00e9rale des FARDC face au M23 e - LES VOLCANS NEWS","isPartOf":{"@id":"https:\/\/lesvolcansnews.net\/#website"},"primaryImageOfPage":{"@id":"https:\/\/lesvolcansnews.net\/?p=69927#primaryimage"},"image":{"@id":"https:\/\/lesvolcansnews.net\/?p=69927#primaryimage"},"thumbnailUrl":"https:\/\/lesvolcansnews.net\/wp-content\/uploads\/2025\/10\/Screenshot_20251003-194424.png","datePublished":"2025-10-03T18:46:51+00:00","author":{"@id":"https:\/\/lesvolcansnews.net\/#\/schema\/person\/82c8bed2e77879ecf6cca63441f57354"},"breadcrumb":{"@id":"https:\/\/lesvolcansnews.net\/?p=69927#breadcrumb"},"inLanguage":"fr-FR","potentialAction":[{"@type":"ReadAction","target":["https:\/\/lesvolcansnews.net\/?p=69927"]}]},{"@type":"ImageObject","inLanguage":"fr-FR","@id":"https:\/\/lesvolcansnews.net\/?p=69927#primaryimage","url":"https:\/\/lesvolcansnews.net\/wp-content\/uploads\/2025\/10\/Screenshot_20251003-194424.png","contentUrl":"https:\/\/lesvolcansnews.net\/wp-content\/uploads\/2025\/10\/Screenshot_20251003-194424.png","width":864,"height":620},{"@type":"BreadcrumbList","@id":"https:\/\/lesvolcansnews.net\/?p=69927#breadcrumb","itemListElement":[{"@type":"ListItem","position":1,"name":"Accueil","item":"https:\/\/lesvolcansnews.net\/"},{"@type":"ListItem","position":2,"name":"Nord-Kivu : Alerte g\u00e9n\u00e9rale des FARDC face au M23 e"}]},{"@type":"WebSite","@id":"https:\/\/lesvolcansnews.net\/#website","url":"https:\/\/lesvolcansnews.net\/","name":"LES VOLCANS NEWS","description":"L&#039;INFORMATION C&#039;EST NOUS","potentialAction":[{"@type":"SearchAction","target":{"@type":"EntryPoint","urlTemplate":"https:\/\/lesvolcansnews.net\/?s={search_term_string}"},"query-input":{"@type":"PropertyValueSpecification","valueRequired":true,"valueName":"search_term_string"}}],"inLanguage":"fr-FR"},{"@type":"Person","@id":"https:\/\/lesvolcansnews.net\/#\/schema\/person\/82c8bed2e77879ecf6cca63441f57354","name":"R\u00e9daction - Les Volcans News","image":{"@type":"ImageObject","inLanguage":"fr-FR","@id":"https:\/\/secure.gravatar.com\/avatar\/8408942dd851e8a9c09f3d382a661bc05d2b3cd9002139bc1795b9528cdc6c80?s=96&d=mm&r=g","url":"https:\/\/secure.gravatar.com\/avatar\/8408942dd851e8a9c09f3d382a661bc05d2b3cd9002139bc1795b9528cdc6c80?s=96&d=mm&r=g","contentUrl":"https:\/\/secure.gravatar.com\/avatar\/8408942dd851e8a9c09f3d382a661bc05d2b3cd9002139bc1795b9528cdc6c80?s=96&d=mm&r=g","caption":"R\u00e9daction - Les Volcans News"},"url":"https:\/\/lesvolcansnews.net\/?author=14"}]}},"_links":{"self":[{"href":"https:\/\/lesvolcansnews.net\/index.php?rest_route=\/wp\/v2\/posts\/69927","targetHints":{"allow":["GET"]}}],"collection":[{"href":"https:\/\/lesvolcansnews.net\/index.php?rest_route=\/wp\/v2\/posts"}],"about":[{"href":"https:\/\/lesvolcansnews.net\/index.php?rest_route=\/wp\/v2\/types\/post"}],"author":[{"embeddable":true,"href":"https:\/\/lesvolcansnews.net\/index.php?rest_route=\/wp\/v2\/users\/14"}],"replies":[{"embeddable":true,"href":"https:\/\/lesvolcansnews.net\/index.php?rest_route=%2Fwp%2Fv2%2Fcomments&post=69927"}],"version-history":[{"count":0,"href":"https:\/\/lesvolcansnews.net\/index.php?rest_route=\/wp\/v2\/posts\/69927\/revisions"}],"wp:featuredmedia":[{"embeddable":true,"href":"https:\/\/lesvolcansnews.net\/index.php?rest_route=\/wp\/v2\/media\/69926"}],"wp:attachment":[{"href":"https:\/\/lesvolcansnews.net\/index.php?rest_route=%2Fwp%2Fv2%2Fmedia&parent=69927"}],"wp:term":[{"taxonomy":"category","embeddable":true,"href":"https:\/\/lesvolcansnews.net\/index.php?rest_route=%2Fwp%2Fv2%2Fcategories&post=69927"},{"taxonomy":"post_tag","embeddable":true,"href":"https:\/\/lesvolcansnews.net\/index.php?rest_route=%2Fwp%2Fv2%2Ftags&post=69927"}],"curies":[{"name":"wp","href":"https:\/\/api.w.org\/{rel}","templated":true}]}}