{"id":69882,"date":"2025-10-02T10:31:55","date_gmt":"2025-10-02T08:31:55","guid":{"rendered":"https:\/\/lesvolcansnews.net\/?p=69882"},"modified":"2025-10-02T10:31:55","modified_gmt":"2025-10-02T08:31:55","slug":"cap-town-louis-watum-souhaite-voir-la-rdc-devenir-une-reference-miniere-et-industrielle-en-afrique","status":"publish","type":"post","link":"https:\/\/lesvolcansnews.net\/?p=69882","title":{"rendered":"Cap Town : Louis Watum souhaite voir la RDC devenir une r\u00e9f\u00e9rence mini\u00e8re et industrielle en Afrique"},"content":{"rendered":"<p><strong>\u00c0 l\u2019ouverture de l\u2019African Mining Week 2025, qui se tient du 01 au 03 octobre \u00e0 Cap Town en  Afrique du Sud, le ministre des mines a port\u00e9 la voix de la RDC et a pr\u00e9sent\u00e9 la vision mini\u00e8re de son pays.<\/strong><\/p>\n<p>D\u00e8s l\u2019entame de son allocution, Louis Watum Kabamba a exprim\u00e9 sa solidarit\u00e9 avec les victimes de la guerre \u00e0 l\u2019Est de la RDC et plus largement, avec toutes les victimes du terrorisme, de la barbarie et de la tyrannie dans le monde. Il a rappel\u00e9 avec force qu\u2019en 2025 : \u00ab notre monde n\u2019a plus besoin de nouvelles guerres, mais d\u2019unit\u00e9, de coop\u00e9ration et d\u2019investissements pour l\u2019avenir de nos enfants \u00bb.<\/p>\n<p>L&#8217;\u00e9l\u00e9ment principal de son message a \u00e9t\u00e9 cet appel lanc\u00e9 pour des partenariats responsables et durables dans le secteur minier de la RDC.<\/p>\n<p>\u00ab <em>Plus de 90 % de nos minerais ne sont pas encore exploit\u00e9s. La RDC appelle \u00e0 des partenariats responsables, avec des acteurs capables d\u2019 investir dans un avenir construit en Afrique et pour l\u2019Afrique, o\u00f9 les cha\u00eenes de valeur sont localis\u00e9es, afin de stimuler une croissance durable et cr\u00e9atrice de valeur pour nos peuples<\/em> \u00bb, a-t-il lanc\u00e9. <\/p>\n<p>Pour la RDC, a-t-il affirm\u00e9, il faut aller au-del\u00e0 de la simple production, en s\u2019engageant dans l\u2019exploration, le d\u00e9veloppement des infrastructures, la formation et la valorisation des comp\u00e9tences locales. Cela, d&#8217;autant plus que le dynamisme d&#8217;une population \u00e0 plus de 60 % jeune et en pleine croissance sera un atout majeur.<\/p>\n<p>Mais il a \u00e9galement fait noter que la RDC offre des avantages comp\u00e9titifs uniques, notamment une proximit\u00e9 imm\u00e9diate avec les ressources, une main-d\u2019\u0153uvre jeune et qualifi\u00e9e, des incitations fiscales in\u00e9dites, avec un march\u00e9 potentiellement riche au centre de plusieurs zones \u00e9conomiques de par sa localisation strat\u00e9gique au c\u0153ur de l\u2019Afrique, partageant des fronti\u00e8res avec neuf pays.<\/p>\n<p><strong>Un potentiel minier consid\u00e9rable<\/strong><\/p>\n<p>Le ministre Watum a surtout pr\u00e9sent\u00e9 une RDC aux immenses ressources : minerais de fer, cuivre, cobalt, lithium et coltan. Des richesses susceptibles de favoriser la cr\u00e9ation d\u2019emplois et l\u2019inclusion des jeunes et des femmes. Comme on peut bien le voir, avec cette main-d\u2019\u0153uvre qualifi\u00e9e, ces zones \u00e9conomiques sp\u00e9ciales et cette position strat\u00e9gique au c\u0153ur de l\u2019Afrique, le pays offre un cadre id\u00e9al pour des investissements durables et g\u00e9n\u00e9rateurs de valeur.<\/p>\n<p><strong>Une vision panafricaine<\/strong><\/p>\n<p>Louis Watum a insist\u00e9 sur l\u2019importance de la coop\u00e9ration r\u00e9gionale et continentale, rappelant que la Vision mini\u00e8re africaine 2050, port\u00e9e par l\u2019Union africaine, incarne la volont\u00e9 collective des \u00c9tats africains de reprendre le contr\u00f4le de leurs ressources et de transformer le secteur minier en v\u00e9ritable moteur de la renaissance africaine.<\/p>\n<p>Il a r\u00e9affirm\u00e9 la d\u00e9termination de la RDC \u00e0 devenir un hub minier et industriel africain : \u00ab <em>L\u2019avenir est ici. L\u2019avenir, c\u2019est maintenant. La RDC tend la main \u00e0 des partenaires engag\u00e9s pour b\u00e2tir, ensemble, une croissance durable, \u00e9quitable et partag\u00e9e, au service de son peuple, de l\u2019Afrique et du monde.<\/em> \u00bb, a conclu le ministre des Mines congolais.<\/p>\n<p><strong>R\u00e9daction<\/strong><\/p>\n","protected":false},"excerpt":{"rendered":"<p>\u00c0 l\u2019ouverture de l\u2019African Mining Week 2025, qui se tient du 01 au 03 octobre \u00e0 Cap Town en Afrique du Sud, le ministre des mines a port\u00e9 la voix<\/p>\n","protected":false},"author":14,"featured_media":69883,"comment_status":"open","ping_status":"open","sticky":false,"template":"","format":"standard","meta":{"footnotes":""},"categories":[63],"tags":[],"class_list":["post-69882","post","type-post","status-publish","format-standard","has-post-thumbnail","hentry","category-mines"],"yoast_head":"<!-- This site is optimized with the Yoast SEO plugin v27.5 - https:\/\/yoast.com\/product\/yoast-seo-wordpress\/ -->\n<title>Cap Town : Louis Watum souhaite voir la RDC devenir une r\u00e9f\u00e9rence mini\u00e8re et industrielle en Afrique - LES VOLCANS NEWS<\/title>\n<meta name=\"robots\" content=\"index, follow, max-snippet:-1, max-image-preview:large, max-video-preview:-1\" \/>\n<link rel=\"canonical\" href=\"https:\/\/lesvolcansnews.net\/?p=69882\" \/>\n<meta property=\"og:locale\" content=\"fr_FR\" \/>\n<meta property=\"og:type\" content=\"article\" \/>\n<meta property=\"og:title\" content=\"Cap Town : Louis Watum souhaite voir la RDC devenir une r\u00e9f\u00e9rence mini\u00e8re et industrielle en Afrique - LES VOLCANS NEWS\" \/>\n<meta property=\"og:description\" content=\"\u00c0 l\u2019ouverture de l\u2019African Mining Week 2025, qui se tient du 01 au 03 octobre \u00e0 Cap Town en Afrique du Sud, le ministre des mines a port\u00e9 la voix\" \/>\n<meta property=\"og:url\" content=\"https:\/\/lesvolcansnews.net\/?p=69882\" \/>\n<meta property=\"og:site_name\" content=\"LES VOLCANS NEWS\" \/>\n<meta property=\"article:published_time\" content=\"2025-10-02T08:31:55+00:00\" \/>\n<meta property=\"og:image\" content=\"https:\/\/lesvolcansnews.net\/wp-content\/uploads\/2025\/10\/IMG-20251002-WA0240.jpg\" \/>\n\t<meta property=\"og:image:width\" content=\"1600\" \/>\n\t<meta property=\"og:image:height\" content=\"1067\" \/>\n\t<meta property=\"og:image:type\" content=\"image\/jpeg\" \/>\n<meta name=\"author\" content=\"R\u00e9daction - Les Volcans News\" \/>\n<meta name=\"twitter:card\" content=\"summary_large_image\" \/>\n<meta name=\"twitter:label1\" content=\"\u00c9crit par\" \/>\n\t<meta name=\"twitter:data1\" content=\"R\u00e9daction - Les Volcans News\" \/>\n\t<meta name=\"twitter:label2\" content=\"Dur\u00e9e de lecture estim\u00e9e\" \/>\n\t<meta name=\"twitter:data2\" content=\"3 minutes\" \/>\n<script type=\"application\/ld+json\" class=\"yoast-schema-graph\">{\"@context\":\"https:\\\/\\\/schema.org\",\"@graph\":[{\"@type\":\"Article\",\"@id\":\"https:\\\/\\\/lesvolcansnews.net\\\/?p=69882#article\",\"isPartOf\":{\"@id\":\"https:\\\/\\\/lesvolcansnews.net\\\/?p=69882\"},\"author\":{\"name\":\"R\u00e9daction - Les Volcans News\",\"@id\":\"https:\\\/\\\/lesvolcansnews.net\\\/#\\\/schema\\\/person\\\/82c8bed2e77879ecf6cca63441f57354\"},\"headline\":\"Cap Town : Louis Watum souhaite voir la RDC devenir une r\u00e9f\u00e9rence mini\u00e8re et industrielle en Afrique\",\"datePublished\":\"2025-10-02T08:31:55+00:00\",\"mainEntityOfPage\":{\"@id\":\"https:\\\/\\\/lesvolcansnews.net\\\/?p=69882\"},\"wordCount\":551,\"commentCount\":0,\"image\":{\"@id\":\"https:\\\/\\\/lesvolcansnews.net\\\/?p=69882#primaryimage\"},\"thumbnailUrl\":\"https:\\\/\\\/lesvolcansnews.net\\\/wp-content\\\/uploads\\\/2025\\\/10\\\/IMG-20251002-WA0240.jpg\",\"articleSection\":[\"MINES\"],\"inLanguage\":\"fr-FR\",\"potentialAction\":[{\"@type\":\"CommentAction\",\"name\":\"Comment\",\"target\":[\"https:\\\/\\\/lesvolcansnews.net\\\/?p=69882#respond\"]}]},{\"@type\":\"WebPage\",\"@id\":\"https:\\\/\\\/lesvolcansnews.net\\\/?p=69882\",\"url\":\"https:\\\/\\\/lesvolcansnews.net\\\/?p=69882\",\"name\":\"Cap Town : Louis Watum souhaite voir la RDC devenir une r\u00e9f\u00e9rence mini\u00e8re et industrielle en Afrique - LES VOLCANS NEWS\",\"isPartOf\":{\"@id\":\"https:\\\/\\\/lesvolcansnews.net\\\/#website\"},\"primaryImageOfPage\":{\"@id\":\"https:\\\/\\\/lesvolcansnews.net\\\/?p=69882#primaryimage\"},\"image\":{\"@id\":\"https:\\\/\\\/lesvolcansnews.net\\\/?p=69882#primaryimage\"},\"thumbnailUrl\":\"https:\\\/\\\/lesvolcansnews.net\\\/wp-content\\\/uploads\\\/2025\\\/10\\\/IMG-20251002-WA0240.jpg\",\"datePublished\":\"2025-10-02T08:31:55+00:00\",\"author\":{\"@id\":\"https:\\\/\\\/lesvolcansnews.net\\\/#\\\/schema\\\/person\\\/82c8bed2e77879ecf6cca63441f57354\"},\"breadcrumb\":{\"@id\":\"https:\\\/\\\/lesvolcansnews.net\\\/?p=69882#breadcrumb\"},\"inLanguage\":\"fr-FR\",\"potentialAction\":[{\"@type\":\"ReadAction\",\"target\":[\"https:\\\/\\\/lesvolcansnews.net\\\/?p=69882\"]}]},{\"@type\":\"ImageObject\",\"inLanguage\":\"fr-FR\",\"@id\":\"https:\\\/\\\/lesvolcansnews.net\\\/?p=69882#primaryimage\",\"url\":\"https:\\\/\\\/lesvolcansnews.net\\\/wp-content\\\/uploads\\\/2025\\\/10\\\/IMG-20251002-WA0240.jpg\",\"contentUrl\":\"https:\\\/\\\/lesvolcansnews.net\\\/wp-content\\\/uploads\\\/2025\\\/10\\\/IMG-20251002-WA0240.jpg\",\"width\":1600,\"height\":1067},{\"@type\":\"BreadcrumbList\",\"@id\":\"https:\\\/\\\/lesvolcansnews.net\\\/?p=69882#breadcrumb\",\"itemListElement\":[{\"@type\":\"ListItem\",\"position\":1,\"name\":\"Accueil\",\"item\":\"https:\\\/\\\/lesvolcansnews.net\\\/\"},{\"@type\":\"ListItem\",\"position\":2,\"name\":\"Cap Town : Louis Watum souhaite voir la RDC devenir une r\u00e9f\u00e9rence mini\u00e8re et industrielle en Afrique\"}]},{\"@type\":\"WebSite\",\"@id\":\"https:\\\/\\\/lesvolcansnews.net\\\/#website\",\"url\":\"https:\\\/\\\/lesvolcansnews.net\\\/\",\"name\":\"LES VOLCANS NEWS\",\"description\":\"L&#039;INFORMATION C&#039;EST NOUS\",\"potentialAction\":[{\"@type\":\"SearchAction\",\"target\":{\"@type\":\"EntryPoint\",\"urlTemplate\":\"https:\\\/\\\/lesvolcansnews.net\\\/?s={search_term_string}\"},\"query-input\":{\"@type\":\"PropertyValueSpecification\",\"valueRequired\":true,\"valueName\":\"search_term_string\"}}],\"inLanguage\":\"fr-FR\"},{\"@type\":\"Person\",\"@id\":\"https:\\\/\\\/lesvolcansnews.net\\\/#\\\/schema\\\/person\\\/82c8bed2e77879ecf6cca63441f57354\",\"name\":\"R\u00e9daction - Les Volcans News\",\"image\":{\"@type\":\"ImageObject\",\"inLanguage\":\"fr-FR\",\"@id\":\"https:\\\/\\\/secure.gravatar.com\\\/avatar\\\/8408942dd851e8a9c09f3d382a661bc05d2b3cd9002139bc1795b9528cdc6c80?s=96&d=mm&r=g\",\"url\":\"https:\\\/\\\/secure.gravatar.com\\\/avatar\\\/8408942dd851e8a9c09f3d382a661bc05d2b3cd9002139bc1795b9528cdc6c80?s=96&d=mm&r=g\",\"contentUrl\":\"https:\\\/\\\/secure.gravatar.com\\\/avatar\\\/8408942dd851e8a9c09f3d382a661bc05d2b3cd9002139bc1795b9528cdc6c80?s=96&d=mm&r=g\",\"caption\":\"R\u00e9daction - Les Volcans News\"},\"url\":\"https:\\\/\\\/lesvolcansnews.net\\\/?author=14\"}]}<\/script>\n<!-- \/ Yoast SEO plugin. -->","yoast_head_json":{"title":"Cap Town : Louis Watum souhaite voir la RDC devenir une r\u00e9f\u00e9rence mini\u00e8re et industrielle en Afrique - LES VOLCANS NEWS","robots":{"index":"index","follow":"follow","max-snippet":"max-snippet:-1","max-image-preview":"max-image-preview:large","max-video-preview":"max-video-preview:-1"},"canonical":"https:\/\/lesvolcansnews.net\/?p=69882","og_locale":"fr_FR","og_type":"article","og_title":"Cap Town : Louis Watum souhaite voir la RDC devenir une r\u00e9f\u00e9rence mini\u00e8re et industrielle en Afrique - LES VOLCANS NEWS","og_description":"\u00c0 l\u2019ouverture de l\u2019African Mining Week 2025, qui se tient du 01 au 03 octobre \u00e0 Cap Town en Afrique du Sud, le ministre des mines a port\u00e9 la voix","og_url":"https:\/\/lesvolcansnews.net\/?p=69882","og_site_name":"LES VOLCANS NEWS","article_published_time":"2025-10-02T08:31:55+00:00","og_image":[{"width":1600,"height":1067,"url":"https:\/\/lesvolcansnews.net\/wp-content\/uploads\/2025\/10\/IMG-20251002-WA0240.jpg","type":"image\/jpeg"}],"author":"R\u00e9daction - Les Volcans News","twitter_card":"summary_large_image","twitter_misc":{"\u00c9crit par":"R\u00e9daction - Les Volcans News","Dur\u00e9e de lecture estim\u00e9e":"3 minutes"},"schema":{"@context":"https:\/\/schema.org","@graph":[{"@type":"Article","@id":"https:\/\/lesvolcansnews.net\/?p=69882#article","isPartOf":{"@id":"https:\/\/lesvolcansnews.net\/?p=69882"},"author":{"name":"R\u00e9daction - Les Volcans News","@id":"https:\/\/lesvolcansnews.net\/#\/schema\/person\/82c8bed2e77879ecf6cca63441f57354"},"headline":"Cap Town : Louis Watum souhaite voir la RDC devenir une r\u00e9f\u00e9rence mini\u00e8re et industrielle en Afrique","datePublished":"2025-10-02T08:31:55+00:00","mainEntityOfPage":{"@id":"https:\/\/lesvolcansnews.net\/?p=69882"},"wordCount":551,"commentCount":0,"image":{"@id":"https:\/\/lesvolcansnews.net\/?p=69882#primaryimage"},"thumbnailUrl":"https:\/\/lesvolcansnews.net\/wp-content\/uploads\/2025\/10\/IMG-20251002-WA0240.jpg","articleSection":["MINES"],"inLanguage":"fr-FR","potentialAction":[{"@type":"CommentAction","name":"Comment","target":["https:\/\/lesvolcansnews.net\/?p=69882#respond"]}]},{"@type":"WebPage","@id":"https:\/\/lesvolcansnews.net\/?p=69882","url":"https:\/\/lesvolcansnews.net\/?p=69882","name":"Cap Town : Louis Watum souhaite voir la RDC devenir une r\u00e9f\u00e9rence mini\u00e8re et industrielle en Afrique - LES VOLCANS NEWS","isPartOf":{"@id":"https:\/\/lesvolcansnews.net\/#website"},"primaryImageOfPage":{"@id":"https:\/\/lesvolcansnews.net\/?p=69882#primaryimage"},"image":{"@id":"https:\/\/lesvolcansnews.net\/?p=69882#primaryimage"},"thumbnailUrl":"https:\/\/lesvolcansnews.net\/wp-content\/uploads\/2025\/10\/IMG-20251002-WA0240.jpg","datePublished":"2025-10-02T08:31:55+00:00","author":{"@id":"https:\/\/lesvolcansnews.net\/#\/schema\/person\/82c8bed2e77879ecf6cca63441f57354"},"breadcrumb":{"@id":"https:\/\/lesvolcansnews.net\/?p=69882#breadcrumb"},"inLanguage":"fr-FR","potentialAction":[{"@type":"ReadAction","target":["https:\/\/lesvolcansnews.net\/?p=69882"]}]},{"@type":"ImageObject","inLanguage":"fr-FR","@id":"https:\/\/lesvolcansnews.net\/?p=69882#primaryimage","url":"https:\/\/lesvolcansnews.net\/wp-content\/uploads\/2025\/10\/IMG-20251002-WA0240.jpg","contentUrl":"https:\/\/lesvolcansnews.net\/wp-content\/uploads\/2025\/10\/IMG-20251002-WA0240.jpg","width":1600,"height":1067},{"@type":"BreadcrumbList","@id":"https:\/\/lesvolcansnews.net\/?p=69882#breadcrumb","itemListElement":[{"@type":"ListItem","position":1,"name":"Accueil","item":"https:\/\/lesvolcansnews.net\/"},{"@type":"ListItem","position":2,"name":"Cap Town : Louis Watum souhaite voir la RDC devenir une r\u00e9f\u00e9rence mini\u00e8re et industrielle en Afrique"}]},{"@type":"WebSite","@id":"https:\/\/lesvolcansnews.net\/#website","url":"https:\/\/lesvolcansnews.net\/","name":"LES VOLCANS NEWS","description":"L&#039;INFORMATION C&#039;EST NOUS","potentialAction":[{"@type":"SearchAction","target":{"@type":"EntryPoint","urlTemplate":"https:\/\/lesvolcansnews.net\/?s={search_term_string}"},"query-input":{"@type":"PropertyValueSpecification","valueRequired":true,"valueName":"search_term_string"}}],"inLanguage":"fr-FR"},{"@type":"Person","@id":"https:\/\/lesvolcansnews.net\/#\/schema\/person\/82c8bed2e77879ecf6cca63441f57354","name":"R\u00e9daction - Les Volcans News","image":{"@type":"ImageObject","inLanguage":"fr-FR","@id":"https:\/\/secure.gravatar.com\/avatar\/8408942dd851e8a9c09f3d382a661bc05d2b3cd9002139bc1795b9528cdc6c80?s=96&d=mm&r=g","url":"https:\/\/secure.gravatar.com\/avatar\/8408942dd851e8a9c09f3d382a661bc05d2b3cd9002139bc1795b9528cdc6c80?s=96&d=mm&r=g","contentUrl":"https:\/\/secure.gravatar.com\/avatar\/8408942dd851e8a9c09f3d382a661bc05d2b3cd9002139bc1795b9528cdc6c80?s=96&d=mm&r=g","caption":"R\u00e9daction - Les Volcans News"},"url":"https:\/\/lesvolcansnews.net\/?author=14"}]}},"_links":{"self":[{"href":"https:\/\/lesvolcansnews.net\/index.php?rest_route=\/wp\/v2\/posts\/69882","targetHints":{"allow":["GET"]}}],"collection":[{"href":"https:\/\/lesvolcansnews.net\/index.php?rest_route=\/wp\/v2\/posts"}],"about":[{"href":"https:\/\/lesvolcansnews.net\/index.php?rest_route=\/wp\/v2\/types\/post"}],"author":[{"embeddable":true,"href":"https:\/\/lesvolcansnews.net\/index.php?rest_route=\/wp\/v2\/users\/14"}],"replies":[{"embeddable":true,"href":"https:\/\/lesvolcansnews.net\/index.php?rest_route=%2Fwp%2Fv2%2Fcomments&post=69882"}],"version-history":[{"count":1,"href":"https:\/\/lesvolcansnews.net\/index.php?rest_route=\/wp\/v2\/posts\/69882\/revisions"}],"predecessor-version":[{"id":69884,"href":"https:\/\/lesvolcansnews.net\/index.php?rest_route=\/wp\/v2\/posts\/69882\/revisions\/69884"}],"wp:featuredmedia":[{"embeddable":true,"href":"https:\/\/lesvolcansnews.net\/index.php?rest_route=\/wp\/v2\/media\/69883"}],"wp:attachment":[{"href":"https:\/\/lesvolcansnews.net\/index.php?rest_route=%2Fwp%2Fv2%2Fmedia&parent=69882"}],"wp:term":[{"taxonomy":"category","embeddable":true,"href":"https:\/\/lesvolcansnews.net\/index.php?rest_route=%2Fwp%2Fv2%2Fcategories&post=69882"},{"taxonomy":"post_tag","embeddable":true,"href":"https:\/\/lesvolcansnews.net\/index.php?rest_route=%2Fwp%2Fv2%2Ftags&post=69882"}],"curies":[{"name":"wp","href":"https:\/\/api.w.org\/{rel}","templated":true}]}}