{"id":69878,"date":"2025-10-01T23:38:47","date_gmt":"2025-10-01T21:38:47","guid":{"rendered":"https:\/\/lesvolcansnews.net\/2025\/10\/01\/sud-kivu-un-element-du-groupe-arme-red-tabara-capture-a-uvira-affirme-avoir-combattu-aux-cotes-de-lafc-m23\/"},"modified":"2025-10-01T23:38:47","modified_gmt":"2025-10-01T21:38:47","slug":"sud-kivu-un-element-du-groupe-arme-red-tabara-capture-a-uvira-affirme-avoir-combattu-aux-cotes-de-lafc-m23","status":"publish","type":"post","link":"https:\/\/lesvolcansnews.net\/?p=69878","title":{"rendered":"Sud-Kivu : Un \u00e9l\u00e9ment du groupe arm\u00e9 Red-Tabara captur\u00e9 \u00e0 Uvira affirme avoir combattu aux c\u00f4t\u00e9s de l\u2019AFC-M23"},"content":{"rendered":"\n<p><strong>Un \u00e9l\u00e9ment du groupe arm\u00e9 Red-Tabara captur\u00e9 \u00e0 Uvira affirme avoir combattu aux c\u00f4t\u00e9s de l\u2019AFC-M23<\/strong><\/p>\n\n\n\n<p>Un combattant pr\u00e9sum\u00e9 du groupe arm\u00e9 burundais Red-Tabara, alli\u00e9 de l\u2019AFC-M23, a \u00e9t\u00e9 captur\u00e9 mercredi 1er octobre \u00e0 Uvira, dans la province du Sud-Kivu, \u00e0 l\u2019est de la R\u00e9publique d\u00e9mocratique du Congo, ont annonc\u00e9 les Volontaires pour la d\u00e9fense de la patrie (VDP).<\/p>\n\n\n\n<p>\u00ab <em>Le monsieur que vous voyez, c\u2019est un sujet burundais. Selon lui, il s\u2019est retrouv\u00e9 \u00e0 Kageregere dans les hauts et moyens plateaux d\u2019Uvira o\u00f9 il a combattu aux c\u00f4t\u00e9s de Twirwaneho et AFC-RDF-M23. Apr\u00e8s Kageregere, il s\u2019est retrouv\u00e9 \u00e0 Kamanyola, avant de revenir sur les hauts et moyens plateaux d\u2019Uvira \u00bb, <\/em>a d\u00e9clar\u00e9 \u00e0 la presse Meshack Alexis Byadunia, porte-parole de la R\u00e9serve arm\u00e9e de d\u00e9fense (RAD) au Sud-Kivu.<\/p>\n\n\n\n<p>Selon les autorit\u00e9s locales, l\u2019individu a \u00e9t\u00e9 intercept\u00e9 alors qu\u2019il fuyait apr\u00e8s de violents combats dans la zone de Kageregere. <\/p>\n\n\n\n<p>Ces affrontements, men\u00e9s par les Forces arm\u00e9es de la R\u00e9publique d\u00e9mocratique du Congo (FARDC) en coordination avec les VDP, auraient inflig\u00e9 de lourdes pertes dans les rangs des groupes arm\u00e9s.<\/p>\n\n\n\n<p>\u00ab Les op\u00e9rations militaires de la semaine derni\u00e8re \u00e0 Kageregere ont caus\u00e9 beaucoup de d\u00e9g\u00e2ts du c\u00f4t\u00e9 ennemi. C\u2019est ce qui a pouss\u00e9 ce captur\u00e9 \u00e0 prendre la fuite \u00bb, a pr\u00e9cis\u00e9 Meshack Byadunia.<\/p>\n\n\n\n<p>Lors de son interrogatoire, le combattant captur\u00e9 a affirm\u00e9 que plusieurs de ses compagnons d\u2019armes ont p\u00e9ri sous les feux des FARDC dans diff\u00e9rents coins des hauts plateaux d\u2019Uvira, selon les d\u00e9clarations du porte-parole militaire.<\/p>\n\n\n\n<p>Le captif a \u00e9t\u00e9 remis au secteur op\u00e9rationnel Sukola 2 Sud Sud-Kivu, qui le transf\u00e9rera au bureau des renseignements militaires. Celui-ci devra, selon les autorit\u00e9s, organiser son \u00e9ventuelle extradition vers le Burundi.<\/p>\n\n\n\n<p>\u00ab <em>Nous savons que le Burundi est un pays ami de la RDC. Les Wazalendo (forces d&#8217;autod\u00e9fense locales, ndlr) ont le devoir de prot\u00e9ger cette amiti\u00e9. C\u2019est dans ce cadre que nous avons remis cet \u00e9l\u00e9ment aux autorit\u00e9s comp\u00e9tentes pour qu\u2019il soit remis \u00e0 son pays<\/em> \u00bb, a soulign\u00e9 M. Byadunia.<\/p>\n\n\n\n<p>Ce dernier, \u00e9galement autorit\u00e9 morale du Mouvement des patriotes pour la d\u00e9fense de la patrie (MPDP) groupe affili\u00e9 au g\u00e9n\u00e9ral Pascal Biriyo Kavirane alias \u00ab Makanika \u00bb a assur\u00e9 la population d\u2019Uvira que la situation s\u00e9curitaire est sous contr\u00f4le.<\/p>\n\n\n\n<p>\u00ab Les hauts et moyens plateaux d\u2019Uvira sont s\u00e9curis\u00e9s par les FARDC et les VDP. La population peut vaquer \u00e0 ses occupations en toute s\u00e9r\u00e9nit\u00e9 \u00bb, a-t-il conclu.<\/p>\n\n\n\n<p>Red-Tabara est un mouvement arm\u00e9 burundais actif dans la r\u00e9gion des Grands Lacs. Accus\u00e9 de mener des attaques transfrontali\u00e8res, il est consid\u00e9r\u00e9 comme un groupe rebelle par Bujumbura, qui en demande r\u00e9guli\u00e8rement la neutralisation. <\/p>\n\n\n\n<p>Sa collusion pr\u00e9sum\u00e9e avec l\u2019AFC-M23, une r\u00e9bellion congolaise soutenue militairement par Kigali selon Kinshasa et des rapports onusiens, inqui\u00e8te les autorit\u00e9s congolaises.<\/p>\n","protected":false},"excerpt":{"rendered":"<p>Un \u00e9l\u00e9ment du groupe arm\u00e9 Red-Tabara captur\u00e9 \u00e0 Uvira affirme avoir combattu aux c\u00f4t\u00e9s de l\u2019AFC-M23 Un combattant pr\u00e9sum\u00e9 du groupe arm\u00e9 burundais Red-Tabara, alli\u00e9 de l\u2019AFC-M23, a \u00e9t\u00e9 captur\u00e9<\/p>\n","protected":false},"author":14,"featured_media":69877,"comment_status":"open","ping_status":"open","sticky":false,"template":"","format":"standard","meta":{"footnotes":""},"categories":[32],"tags":[],"class_list":["post-69878","post","type-post","status-publish","format-standard","has-post-thumbnail","hentry","category-securite"],"yoast_head":"<!-- This site is optimized with the Yoast SEO plugin v27.5 - https:\/\/yoast.com\/product\/yoast-seo-wordpress\/ -->\n<title>Sud-Kivu : Un \u00e9l\u00e9ment du groupe arm\u00e9 Red-Tabara captur\u00e9 \u00e0 Uvira affirme avoir combattu aux c\u00f4t\u00e9s de l\u2019AFC-M23 - LES VOLCANS NEWS<\/title>\n<meta name=\"robots\" content=\"index, follow, max-snippet:-1, max-image-preview:large, max-video-preview:-1\" \/>\n<link rel=\"canonical\" href=\"https:\/\/lesvolcansnews.net\/?p=69878\" \/>\n<meta property=\"og:locale\" content=\"fr_FR\" \/>\n<meta property=\"og:type\" content=\"article\" \/>\n<meta property=\"og:title\" content=\"Sud-Kivu : Un \u00e9l\u00e9ment du groupe arm\u00e9 Red-Tabara captur\u00e9 \u00e0 Uvira affirme avoir combattu aux c\u00f4t\u00e9s de l\u2019AFC-M23 - LES VOLCANS NEWS\" \/>\n<meta property=\"og:description\" content=\"Un \u00e9l\u00e9ment du groupe arm\u00e9 Red-Tabara captur\u00e9 \u00e0 Uvira affirme avoir combattu aux c\u00f4t\u00e9s de l\u2019AFC-M23 Un combattant pr\u00e9sum\u00e9 du groupe arm\u00e9 burundais Red-Tabara, alli\u00e9 de l\u2019AFC-M23, a \u00e9t\u00e9 captur\u00e9\" \/>\n<meta property=\"og:url\" content=\"https:\/\/lesvolcansnews.net\/?p=69878\" \/>\n<meta property=\"og:site_name\" content=\"LES VOLCANS NEWS\" \/>\n<meta property=\"article:published_time\" content=\"2025-10-01T21:38:47+00:00\" \/>\n<meta property=\"og:image\" content=\"https:\/\/lesvolcansnews.net\/wp-content\/uploads\/2025\/10\/image_editor_output_image-1744098019-1759354733270.jpg\" \/>\n\t<meta property=\"og:image:width\" content=\"384\" \/>\n\t<meta property=\"og:image:height\" content=\"290\" \/>\n\t<meta property=\"og:image:type\" content=\"image\/jpeg\" \/>\n<meta name=\"author\" content=\"R\u00e9daction - Les Volcans News\" \/>\n<meta name=\"twitter:card\" content=\"summary_large_image\" \/>\n<meta name=\"twitter:label1\" content=\"\u00c9crit par\" \/>\n\t<meta name=\"twitter:data1\" content=\"R\u00e9daction - Les Volcans News\" \/>\n\t<meta name=\"twitter:label2\" content=\"Dur\u00e9e de lecture estim\u00e9e\" \/>\n\t<meta name=\"twitter:data2\" content=\"3 minutes\" \/>\n<script type=\"application\/ld+json\" class=\"yoast-schema-graph\">{\"@context\":\"https:\\\/\\\/schema.org\",\"@graph\":[{\"@type\":\"Article\",\"@id\":\"https:\\\/\\\/lesvolcansnews.net\\\/?p=69878#article\",\"isPartOf\":{\"@id\":\"https:\\\/\\\/lesvolcansnews.net\\\/?p=69878\"},\"author\":{\"name\":\"R\u00e9daction - Les Volcans News\",\"@id\":\"https:\\\/\\\/lesvolcansnews.net\\\/#\\\/schema\\\/person\\\/82c8bed2e77879ecf6cca63441f57354\"},\"headline\":\"Sud-Kivu : Un \u00e9l\u00e9ment du groupe arm\u00e9 Red-Tabara captur\u00e9 \u00e0 Uvira affirme avoir combattu aux c\u00f4t\u00e9s de l\u2019AFC-M23\",\"datePublished\":\"2025-10-01T21:38:47+00:00\",\"mainEntityOfPage\":{\"@id\":\"https:\\\/\\\/lesvolcansnews.net\\\/?p=69878\"},\"wordCount\":529,\"commentCount\":0,\"image\":{\"@id\":\"https:\\\/\\\/lesvolcansnews.net\\\/?p=69878#primaryimage\"},\"thumbnailUrl\":\"https:\\\/\\\/lesvolcansnews.net\\\/wp-content\\\/uploads\\\/2025\\\/10\\\/image_editor_output_image-1744098019-1759354733270.jpg\",\"articleSection\":[\"S\u00c9CURIT\u00c9\"],\"inLanguage\":\"fr-FR\",\"potentialAction\":[{\"@type\":\"CommentAction\",\"name\":\"Comment\",\"target\":[\"https:\\\/\\\/lesvolcansnews.net\\\/?p=69878#respond\"]}]},{\"@type\":\"WebPage\",\"@id\":\"https:\\\/\\\/lesvolcansnews.net\\\/?p=69878\",\"url\":\"https:\\\/\\\/lesvolcansnews.net\\\/?p=69878\",\"name\":\"Sud-Kivu : Un \u00e9l\u00e9ment du groupe arm\u00e9 Red-Tabara captur\u00e9 \u00e0 Uvira affirme avoir combattu aux c\u00f4t\u00e9s de l\u2019AFC-M23 - LES VOLCANS NEWS\",\"isPartOf\":{\"@id\":\"https:\\\/\\\/lesvolcansnews.net\\\/#website\"},\"primaryImageOfPage\":{\"@id\":\"https:\\\/\\\/lesvolcansnews.net\\\/?p=69878#primaryimage\"},\"image\":{\"@id\":\"https:\\\/\\\/lesvolcansnews.net\\\/?p=69878#primaryimage\"},\"thumbnailUrl\":\"https:\\\/\\\/lesvolcansnews.net\\\/wp-content\\\/uploads\\\/2025\\\/10\\\/image_editor_output_image-1744098019-1759354733270.jpg\",\"datePublished\":\"2025-10-01T21:38:47+00:00\",\"author\":{\"@id\":\"https:\\\/\\\/lesvolcansnews.net\\\/#\\\/schema\\\/person\\\/82c8bed2e77879ecf6cca63441f57354\"},\"breadcrumb\":{\"@id\":\"https:\\\/\\\/lesvolcansnews.net\\\/?p=69878#breadcrumb\"},\"inLanguage\":\"fr-FR\",\"potentialAction\":[{\"@type\":\"ReadAction\",\"target\":[\"https:\\\/\\\/lesvolcansnews.net\\\/?p=69878\"]}]},{\"@type\":\"ImageObject\",\"inLanguage\":\"fr-FR\",\"@id\":\"https:\\\/\\\/lesvolcansnews.net\\\/?p=69878#primaryimage\",\"url\":\"https:\\\/\\\/lesvolcansnews.net\\\/wp-content\\\/uploads\\\/2025\\\/10\\\/image_editor_output_image-1744098019-1759354733270.jpg\",\"contentUrl\":\"https:\\\/\\\/lesvolcansnews.net\\\/wp-content\\\/uploads\\\/2025\\\/10\\\/image_editor_output_image-1744098019-1759354733270.jpg\",\"width\":384,\"height\":290},{\"@type\":\"BreadcrumbList\",\"@id\":\"https:\\\/\\\/lesvolcansnews.net\\\/?p=69878#breadcrumb\",\"itemListElement\":[{\"@type\":\"ListItem\",\"position\":1,\"name\":\"Accueil\",\"item\":\"https:\\\/\\\/lesvolcansnews.net\\\/\"},{\"@type\":\"ListItem\",\"position\":2,\"name\":\"Sud-Kivu : Un \u00e9l\u00e9ment du groupe arm\u00e9 Red-Tabara captur\u00e9 \u00e0 Uvira affirme avoir combattu aux c\u00f4t\u00e9s de l\u2019AFC-M23\"}]},{\"@type\":\"WebSite\",\"@id\":\"https:\\\/\\\/lesvolcansnews.net\\\/#website\",\"url\":\"https:\\\/\\\/lesvolcansnews.net\\\/\",\"name\":\"LES VOLCANS NEWS\",\"description\":\"L&#039;INFORMATION C&#039;EST NOUS\",\"potentialAction\":[{\"@type\":\"SearchAction\",\"target\":{\"@type\":\"EntryPoint\",\"urlTemplate\":\"https:\\\/\\\/lesvolcansnews.net\\\/?s={search_term_string}\"},\"query-input\":{\"@type\":\"PropertyValueSpecification\",\"valueRequired\":true,\"valueName\":\"search_term_string\"}}],\"inLanguage\":\"fr-FR\"},{\"@type\":\"Person\",\"@id\":\"https:\\\/\\\/lesvolcansnews.net\\\/#\\\/schema\\\/person\\\/82c8bed2e77879ecf6cca63441f57354\",\"name\":\"R\u00e9daction - Les Volcans News\",\"image\":{\"@type\":\"ImageObject\",\"inLanguage\":\"fr-FR\",\"@id\":\"https:\\\/\\\/secure.gravatar.com\\\/avatar\\\/8408942dd851e8a9c09f3d382a661bc05d2b3cd9002139bc1795b9528cdc6c80?s=96&d=mm&r=g\",\"url\":\"https:\\\/\\\/secure.gravatar.com\\\/avatar\\\/8408942dd851e8a9c09f3d382a661bc05d2b3cd9002139bc1795b9528cdc6c80?s=96&d=mm&r=g\",\"contentUrl\":\"https:\\\/\\\/secure.gravatar.com\\\/avatar\\\/8408942dd851e8a9c09f3d382a661bc05d2b3cd9002139bc1795b9528cdc6c80?s=96&d=mm&r=g\",\"caption\":\"R\u00e9daction - Les Volcans News\"},\"url\":\"https:\\\/\\\/lesvolcansnews.net\\\/?author=14\"}]}<\/script>\n<!-- \/ Yoast SEO plugin. -->","yoast_head_json":{"title":"Sud-Kivu : Un \u00e9l\u00e9ment du groupe arm\u00e9 Red-Tabara captur\u00e9 \u00e0 Uvira affirme avoir combattu aux c\u00f4t\u00e9s de l\u2019AFC-M23 - LES VOLCANS NEWS","robots":{"index":"index","follow":"follow","max-snippet":"max-snippet:-1","max-image-preview":"max-image-preview:large","max-video-preview":"max-video-preview:-1"},"canonical":"https:\/\/lesvolcansnews.net\/?p=69878","og_locale":"fr_FR","og_type":"article","og_title":"Sud-Kivu : Un \u00e9l\u00e9ment du groupe arm\u00e9 Red-Tabara captur\u00e9 \u00e0 Uvira affirme avoir combattu aux c\u00f4t\u00e9s de l\u2019AFC-M23 - LES VOLCANS NEWS","og_description":"Un \u00e9l\u00e9ment du groupe arm\u00e9 Red-Tabara captur\u00e9 \u00e0 Uvira affirme avoir combattu aux c\u00f4t\u00e9s de l\u2019AFC-M23 Un combattant pr\u00e9sum\u00e9 du groupe arm\u00e9 burundais Red-Tabara, alli\u00e9 de l\u2019AFC-M23, a \u00e9t\u00e9 captur\u00e9","og_url":"https:\/\/lesvolcansnews.net\/?p=69878","og_site_name":"LES VOLCANS NEWS","article_published_time":"2025-10-01T21:38:47+00:00","og_image":[{"width":384,"height":290,"url":"https:\/\/lesvolcansnews.net\/wp-content\/uploads\/2025\/10\/image_editor_output_image-1744098019-1759354733270.jpg","type":"image\/jpeg"}],"author":"R\u00e9daction - Les Volcans News","twitter_card":"summary_large_image","twitter_misc":{"\u00c9crit par":"R\u00e9daction - Les Volcans News","Dur\u00e9e de lecture estim\u00e9e":"3 minutes"},"schema":{"@context":"https:\/\/schema.org","@graph":[{"@type":"Article","@id":"https:\/\/lesvolcansnews.net\/?p=69878#article","isPartOf":{"@id":"https:\/\/lesvolcansnews.net\/?p=69878"},"author":{"name":"R\u00e9daction - Les Volcans News","@id":"https:\/\/lesvolcansnews.net\/#\/schema\/person\/82c8bed2e77879ecf6cca63441f57354"},"headline":"Sud-Kivu : Un \u00e9l\u00e9ment du groupe arm\u00e9 Red-Tabara captur\u00e9 \u00e0 Uvira affirme avoir combattu aux c\u00f4t\u00e9s de l\u2019AFC-M23","datePublished":"2025-10-01T21:38:47+00:00","mainEntityOfPage":{"@id":"https:\/\/lesvolcansnews.net\/?p=69878"},"wordCount":529,"commentCount":0,"image":{"@id":"https:\/\/lesvolcansnews.net\/?p=69878#primaryimage"},"thumbnailUrl":"https:\/\/lesvolcansnews.net\/wp-content\/uploads\/2025\/10\/image_editor_output_image-1744098019-1759354733270.jpg","articleSection":["S\u00c9CURIT\u00c9"],"inLanguage":"fr-FR","potentialAction":[{"@type":"CommentAction","name":"Comment","target":["https:\/\/lesvolcansnews.net\/?p=69878#respond"]}]},{"@type":"WebPage","@id":"https:\/\/lesvolcansnews.net\/?p=69878","url":"https:\/\/lesvolcansnews.net\/?p=69878","name":"Sud-Kivu : Un \u00e9l\u00e9ment du groupe arm\u00e9 Red-Tabara captur\u00e9 \u00e0 Uvira affirme avoir combattu aux c\u00f4t\u00e9s de l\u2019AFC-M23 - LES VOLCANS NEWS","isPartOf":{"@id":"https:\/\/lesvolcansnews.net\/#website"},"primaryImageOfPage":{"@id":"https:\/\/lesvolcansnews.net\/?p=69878#primaryimage"},"image":{"@id":"https:\/\/lesvolcansnews.net\/?p=69878#primaryimage"},"thumbnailUrl":"https:\/\/lesvolcansnews.net\/wp-content\/uploads\/2025\/10\/image_editor_output_image-1744098019-1759354733270.jpg","datePublished":"2025-10-01T21:38:47+00:00","author":{"@id":"https:\/\/lesvolcansnews.net\/#\/schema\/person\/82c8bed2e77879ecf6cca63441f57354"},"breadcrumb":{"@id":"https:\/\/lesvolcansnews.net\/?p=69878#breadcrumb"},"inLanguage":"fr-FR","potentialAction":[{"@type":"ReadAction","target":["https:\/\/lesvolcansnews.net\/?p=69878"]}]},{"@type":"ImageObject","inLanguage":"fr-FR","@id":"https:\/\/lesvolcansnews.net\/?p=69878#primaryimage","url":"https:\/\/lesvolcansnews.net\/wp-content\/uploads\/2025\/10\/image_editor_output_image-1744098019-1759354733270.jpg","contentUrl":"https:\/\/lesvolcansnews.net\/wp-content\/uploads\/2025\/10\/image_editor_output_image-1744098019-1759354733270.jpg","width":384,"height":290},{"@type":"BreadcrumbList","@id":"https:\/\/lesvolcansnews.net\/?p=69878#breadcrumb","itemListElement":[{"@type":"ListItem","position":1,"name":"Accueil","item":"https:\/\/lesvolcansnews.net\/"},{"@type":"ListItem","position":2,"name":"Sud-Kivu : Un \u00e9l\u00e9ment du groupe arm\u00e9 Red-Tabara captur\u00e9 \u00e0 Uvira affirme avoir combattu aux c\u00f4t\u00e9s de l\u2019AFC-M23"}]},{"@type":"WebSite","@id":"https:\/\/lesvolcansnews.net\/#website","url":"https:\/\/lesvolcansnews.net\/","name":"LES VOLCANS NEWS","description":"L&#039;INFORMATION C&#039;EST NOUS","potentialAction":[{"@type":"SearchAction","target":{"@type":"EntryPoint","urlTemplate":"https:\/\/lesvolcansnews.net\/?s={search_term_string}"},"query-input":{"@type":"PropertyValueSpecification","valueRequired":true,"valueName":"search_term_string"}}],"inLanguage":"fr-FR"},{"@type":"Person","@id":"https:\/\/lesvolcansnews.net\/#\/schema\/person\/82c8bed2e77879ecf6cca63441f57354","name":"R\u00e9daction - Les Volcans News","image":{"@type":"ImageObject","inLanguage":"fr-FR","@id":"https:\/\/secure.gravatar.com\/avatar\/8408942dd851e8a9c09f3d382a661bc05d2b3cd9002139bc1795b9528cdc6c80?s=96&d=mm&r=g","url":"https:\/\/secure.gravatar.com\/avatar\/8408942dd851e8a9c09f3d382a661bc05d2b3cd9002139bc1795b9528cdc6c80?s=96&d=mm&r=g","contentUrl":"https:\/\/secure.gravatar.com\/avatar\/8408942dd851e8a9c09f3d382a661bc05d2b3cd9002139bc1795b9528cdc6c80?s=96&d=mm&r=g","caption":"R\u00e9daction - Les Volcans News"},"url":"https:\/\/lesvolcansnews.net\/?author=14"}]}},"_links":{"self":[{"href":"https:\/\/lesvolcansnews.net\/index.php?rest_route=\/wp\/v2\/posts\/69878","targetHints":{"allow":["GET"]}}],"collection":[{"href":"https:\/\/lesvolcansnews.net\/index.php?rest_route=\/wp\/v2\/posts"}],"about":[{"href":"https:\/\/lesvolcansnews.net\/index.php?rest_route=\/wp\/v2\/types\/post"}],"author":[{"embeddable":true,"href":"https:\/\/lesvolcansnews.net\/index.php?rest_route=\/wp\/v2\/users\/14"}],"replies":[{"embeddable":true,"href":"https:\/\/lesvolcansnews.net\/index.php?rest_route=%2Fwp%2Fv2%2Fcomments&post=69878"}],"version-history":[{"count":0,"href":"https:\/\/lesvolcansnews.net\/index.php?rest_route=\/wp\/v2\/posts\/69878\/revisions"}],"wp:featuredmedia":[{"embeddable":true,"href":"https:\/\/lesvolcansnews.net\/index.php?rest_route=\/wp\/v2\/media\/69877"}],"wp:attachment":[{"href":"https:\/\/lesvolcansnews.net\/index.php?rest_route=%2Fwp%2Fv2%2Fmedia&parent=69878"}],"wp:term":[{"taxonomy":"category","embeddable":true,"href":"https:\/\/lesvolcansnews.net\/index.php?rest_route=%2Fwp%2Fv2%2Fcategories&post=69878"},{"taxonomy":"post_tag","embeddable":true,"href":"https:\/\/lesvolcansnews.net\/index.php?rest_route=%2Fwp%2Fv2%2Ftags&post=69878"}],"curies":[{"name":"wp","href":"https:\/\/api.w.org\/{rel}","templated":true}]}}