{"id":69874,"date":"2025-10-01T19:57:36","date_gmt":"2025-10-01T17:57:36","guid":{"rendered":"https:\/\/lesvolcansnews.net\/2025\/10\/01\/masisi-jacques-bashali-sera-intronise-a-kitshanga-comme-nouveau-mwami-de-la-chefferie-des-bashali\/"},"modified":"2025-10-01T20:34:46","modified_gmt":"2025-10-01T18:34:46","slug":"masisi-jacques-bashali-sera-intronise-a-kitshanga-comme-nouveau-mwami-de-la-chefferie-des-bashali","status":"publish","type":"post","link":"https:\/\/lesvolcansnews.net\/?p=69874","title":{"rendered":"Masisi :&nbsp; Jacques Bashali sera intronis\u00e9 \u00e0 Kitshanga comme nouveau Mwami de la chefferie des Bashali"},"content":{"rendered":"\n<p><\/p>\n\n\n\n<h1 class=\"wp-block-heading\"><\/h1>\n\n\n\n<p>&nbsp;<strong>Le prince Jacques Bashali sera officiellement intronis\u00e9 le jeudi 9 octobre 2025 \u00e0 Kitshanga comme chef coutumier (Mwami) de la chefferie des Bashali. Une intronisation qui se fera sous l\u2019\u00e9gide du mouvement M23\/AFC, d\u00e9sormais force dominante dans cette zone.<\/strong><\/p>\n\n\n\n<p>L&#8217;information a \u00e9t\u00e9 confirm\u00e9e par une convocation officielle adress\u00e9e aux autorit\u00e9s coutumi\u00e8res locales, consult\u00e9e <em>lesvolcansnews.net<\/em> a obtenu copie. Ce document fait \u00e9tat d\u2019une c\u00e9r\u00e9monie solennelle pr\u00e9vue \u00e0 10h00 pr\u00e9cises \u00e0 Kitshanga, chef-lieu de la chefferie, o\u00f9 la pr\u00e9sence de tous les chefs de groupement, de localit\u00e9 et kapitas est exig\u00e9e.<\/p>\n\n\n\n<p><em>&#8220;Nous vous adressons, par la pr\u00e9sente, une convocation solennelle \u00e0 la c\u00e9r\u00e9monie d\u2019intronisation et d\u2019installation de Son Altesse S\u00e9r\u00e9nissime Mwami Bashali Luanda Jacques, nouveau Chef de la Chefferie des Bashali&#8221;<\/em>, lit-on dans la convocation sign\u00e9e par le prince lui-m\u00eame.<\/p>\n\n\n\n<p>Cette intronisation intervient apr\u00e8s la fuite de l\u2019actuel Mwami Roger Bashali, qui n\u2019a jamais pu rejoindre son fief de Kitshanga depuis son intronisation \u00e0 Goma&nbsp; alors encore sous contr\u00f4le du gouvernement&nbsp; et sa cooptation comme d\u00e9put\u00e9 provincial a en coire, l&#8217;entourage de Mwai Jacques.<\/p>\n\n\n\n<p>Depuis la prise de Kitshanga par l\u2019AFC\/M23, Roger Bashali aurait quitt\u00e9 le pays et se trouverait actuellement en Belgique ou en France, selon cette source.<\/p>\n\n\n\n<p><em>&#8220;Jacques ne vient pas remplacer le mwalimu mais il vient assurer la continuit\u00e9 du pouvoir coutumier. Le Mwami Roger, intronis\u00e9 \u00e0 Goma, ne s\u2019est jamais rendu dans son fief pour des raisons d\u2019ins\u00e9curit\u00e9. Avec la prise de Kitshanga, puis de Goma, Sa Majest\u00e9 Roger a d\u00fb se r\u00e9fugier \u00e0 l\u2019\u00e9tranger. Il y avait un vide, et la famille a d\u00e9cid\u00e9 de confier le pouvoir \u00e0 Jacques Bashali&#8221;<\/em>, explique un des organisateurs de la c\u00e9r\u00e9monie.<\/p>\n\n\n\n<h2 class=\"wp-block-heading\">L\u2019AFC pr\u00e9sente, mais pas d\u00e9cisionnaire ?<\/h2>\n\n\n\n<p>L\u2019annonce suscite de nombreuses interrogations dans les milieux coutumiers et politiques du Nord-Kivu, notamment en raison de l\u2019implication apparente du M23\/AFC, qui occupe militairement la r\u00e9gion. <\/p>\n\n\n\n<p>Toutefois, les proches de Jacques Bashali insistent : la d\u00e9cision serait strictement familiale et coutumi\u00e8re.<\/p>\n\n\n\n<p><em>&#8220;Certes, il y aura des autorit\u00e9s de l\u2019AFC, mais cette d\u00e9cision n\u2019\u00e9mane pas d\u2019eux. C\u2019est une d\u00e9cision de la famille Bashali&#8221;,<\/em> affirme notre source.<\/p>\n\n\n\n<h2 class=\"wp-block-heading\"><\/h2>\n\n\n\n<p>La d\u00e9signation d\u2019un nouveau chef traditionnel en dehors des proc\u00e9dures classiques interroge, surtout dans une province o\u00f9 le respect des us et coutumes est un enjeu de l\u00e9gitimit\u00e9.<\/p>\n\n\n\n<p> Plusieurs voix s\u2019\u00e9l\u00e8vent d\u00e9j\u00e0 pour questionner la conformit\u00e9 de cette intronisation avec les pratiques coutumi\u00e8res reconnues.<\/p>\n\n\n\n<p><em>&#8220;Certes, cette affaire semble surprenante car le pouvoir coutumier a ses r\u00e8gles pour son accession&#8221;,<\/em> reconna\u00eet un observateur du milieu traditionnel.<\/p>\n\n\n\n<p> <em>&#8220;Mais dans le contexte actuel de guerre, la famille Bashali dit vouloir assurer la continuit\u00e9, quitte \u00e0 s&#8217;adapter aux r\u00e9alit\u00e9s du terrain.&#8221;<\/em><\/p>\n\n\n\n<h2 class=\"wp-block-heading\">Un pr\u00e9c\u00e9dent dans le Nyiragongo<\/h2>\n\n\n\n<p>Ce n\u2019est pas la premi\u00e8re fois qu\u2019une autorit\u00e9 coutumi\u00e8re est install\u00e9e sous contr\u00f4le de l\u2019AFC\/M23.<\/p>\n\n\n\n<p> Dans la chefferie de Bakumu (territoire de Nyiragongo), un nouveau mwami avait \u00e9galement \u00e9t\u00e9 intronis\u00e9 en remplacement d\u2019un chef en fuite, suscitant un d\u00e9bat similaire sur la l\u00e9gitimit\u00e9 de telles d\u00e9signations.<\/p>\n\n\n\n<p>Avec cette nouvelle intronisation annonc\u00e9e \u00e0 Kitshanga, le d\u00e9bat sur l\u2019ind\u00e9pendance des pouvoirs coutumiers dans les zones de conflit est plus que jamais relanc\u00e9. <\/p>\n\n\n\n<p>Reste \u00e0 savoir si cette nomination sera accept\u00e9e par l\u2019ensemble de la communaut\u00e9 Bashali, notamment la diaspora, et si le prince Jacques Bashali pourra r\u00e9ellement exercer son autorit\u00e9 au-del\u00e0 de la simple c\u00e9r\u00e9monie.<\/p>\n\n\n\n<p><strong>R\u00e9daction <\/strong><\/p>\n","protected":false},"excerpt":{"rendered":"<p>&nbsp;Le prince Jacques Bashali sera officiellement intronis\u00e9 le jeudi 9 octobre 2025 \u00e0 Kitshanga comme chef coutumier (Mwami) de la chefferie des Bashali. Une intronisation qui se fera sous l\u2019\u00e9gide<\/p>\n","protected":false},"author":14,"featured_media":69875,"comment_status":"open","ping_status":"open","sticky":false,"template":"","format":"standard","meta":{"footnotes":""},"categories":[12,9],"tags":[],"class_list":["post-69874","post","type-post","status-publish","format-standard","has-post-thumbnail","hentry","category-culture","category-societe"],"yoast_head":"<!-- This site is optimized with the Yoast SEO plugin v27.5 - https:\/\/yoast.com\/product\/yoast-seo-wordpress\/ -->\n<title>Masisi :&nbsp; Jacques Bashali sera intronis\u00e9 \u00e0 Kitshanga comme nouveau Mwami de la chefferie des Bashali - LES VOLCANS NEWS<\/title>\n<meta name=\"robots\" content=\"index, follow, max-snippet:-1, max-image-preview:large, max-video-preview:-1\" \/>\n<link rel=\"canonical\" href=\"https:\/\/lesvolcansnews.net\/?p=69874\" \/>\n<meta property=\"og:locale\" content=\"fr_FR\" \/>\n<meta property=\"og:type\" content=\"article\" \/>\n<meta property=\"og:title\" content=\"Masisi :&nbsp; Jacques Bashali sera intronis\u00e9 \u00e0 Kitshanga comme nouveau Mwami de la chefferie des Bashali - LES VOLCANS NEWS\" \/>\n<meta property=\"og:description\" content=\"&nbsp;Le prince Jacques Bashali sera officiellement intronis\u00e9 le jeudi 9 octobre 2025 \u00e0 Kitshanga comme chef coutumier (Mwami) de la chefferie des Bashali. Une intronisation qui se fera sous l\u2019\u00e9gide\" \/>\n<meta property=\"og:url\" content=\"https:\/\/lesvolcansnews.net\/?p=69874\" \/>\n<meta property=\"og:site_name\" content=\"LES VOLCANS NEWS\" \/>\n<meta property=\"article:published_time\" content=\"2025-10-01T17:57:36+00:00\" \/>\n<meta property=\"article:modified_time\" content=\"2025-10-01T18:34:46+00:00\" \/>\n<meta property=\"og:image\" content=\"https:\/\/lesvolcansnews.net\/wp-content\/uploads\/2025\/10\/image_editor_output_image1031338728-1759343660633.jpg\" \/>\n\t<meta property=\"og:image:width\" content=\"846\" \/>\n\t<meta property=\"og:image:height\" content=\"823\" \/>\n\t<meta property=\"og:image:type\" content=\"image\/jpeg\" \/>\n<meta name=\"author\" content=\"R\u00e9daction - Les Volcans News\" \/>\n<meta name=\"twitter:card\" content=\"summary_large_image\" \/>\n<meta name=\"twitter:label1\" content=\"\u00c9crit par\" \/>\n\t<meta name=\"twitter:data1\" content=\"R\u00e9daction - Les Volcans News\" \/>\n\t<meta name=\"twitter:label2\" content=\"Dur\u00e9e de lecture estim\u00e9e\" \/>\n\t<meta name=\"twitter:data2\" content=\"3 minutes\" \/>\n<script type=\"application\/ld+json\" class=\"yoast-schema-graph\">{\"@context\":\"https:\\\/\\\/schema.org\",\"@graph\":[{\"@type\":\"Article\",\"@id\":\"https:\\\/\\\/lesvolcansnews.net\\\/?p=69874#article\",\"isPartOf\":{\"@id\":\"https:\\\/\\\/lesvolcansnews.net\\\/?p=69874\"},\"author\":{\"name\":\"R\u00e9daction - Les Volcans News\",\"@id\":\"https:\\\/\\\/lesvolcansnews.net\\\/#\\\/schema\\\/person\\\/82c8bed2e77879ecf6cca63441f57354\"},\"headline\":\"Masisi :&nbsp; Jacques Bashali sera intronis\u00e9 \u00e0 Kitshanga comme nouveau Mwami de la chefferie des Bashali\",\"datePublished\":\"2025-10-01T17:57:36+00:00\",\"dateModified\":\"2025-10-01T18:34:46+00:00\",\"mainEntityOfPage\":{\"@id\":\"https:\\\/\\\/lesvolcansnews.net\\\/?p=69874\"},\"wordCount\":636,\"commentCount\":0,\"image\":{\"@id\":\"https:\\\/\\\/lesvolcansnews.net\\\/?p=69874#primaryimage\"},\"thumbnailUrl\":\"https:\\\/\\\/lesvolcansnews.net\\\/wp-content\\\/uploads\\\/2025\\\/10\\\/image_editor_output_image1031338728-1759343660633.jpg\",\"articleSection\":[\"CULTURE\",\"SOCIET\u00c9\"],\"inLanguage\":\"fr-FR\",\"potentialAction\":[{\"@type\":\"CommentAction\",\"name\":\"Comment\",\"target\":[\"https:\\\/\\\/lesvolcansnews.net\\\/?p=69874#respond\"]}]},{\"@type\":\"WebPage\",\"@id\":\"https:\\\/\\\/lesvolcansnews.net\\\/?p=69874\",\"url\":\"https:\\\/\\\/lesvolcansnews.net\\\/?p=69874\",\"name\":\"Masisi :&nbsp; Jacques Bashali sera intronis\u00e9 \u00e0 Kitshanga comme nouveau Mwami de la chefferie des Bashali - LES VOLCANS NEWS\",\"isPartOf\":{\"@id\":\"https:\\\/\\\/lesvolcansnews.net\\\/#website\"},\"primaryImageOfPage\":{\"@id\":\"https:\\\/\\\/lesvolcansnews.net\\\/?p=69874#primaryimage\"},\"image\":{\"@id\":\"https:\\\/\\\/lesvolcansnews.net\\\/?p=69874#primaryimage\"},\"thumbnailUrl\":\"https:\\\/\\\/lesvolcansnews.net\\\/wp-content\\\/uploads\\\/2025\\\/10\\\/image_editor_output_image1031338728-1759343660633.jpg\",\"datePublished\":\"2025-10-01T17:57:36+00:00\",\"dateModified\":\"2025-10-01T18:34:46+00:00\",\"author\":{\"@id\":\"https:\\\/\\\/lesvolcansnews.net\\\/#\\\/schema\\\/person\\\/82c8bed2e77879ecf6cca63441f57354\"},\"breadcrumb\":{\"@id\":\"https:\\\/\\\/lesvolcansnews.net\\\/?p=69874#breadcrumb\"},\"inLanguage\":\"fr-FR\",\"potentialAction\":[{\"@type\":\"ReadAction\",\"target\":[\"https:\\\/\\\/lesvolcansnews.net\\\/?p=69874\"]}]},{\"@type\":\"ImageObject\",\"inLanguage\":\"fr-FR\",\"@id\":\"https:\\\/\\\/lesvolcansnews.net\\\/?p=69874#primaryimage\",\"url\":\"https:\\\/\\\/lesvolcansnews.net\\\/wp-content\\\/uploads\\\/2025\\\/10\\\/image_editor_output_image1031338728-1759343660633.jpg\",\"contentUrl\":\"https:\\\/\\\/lesvolcansnews.net\\\/wp-content\\\/uploads\\\/2025\\\/10\\\/image_editor_output_image1031338728-1759343660633.jpg\",\"width\":846,\"height\":823},{\"@type\":\"BreadcrumbList\",\"@id\":\"https:\\\/\\\/lesvolcansnews.net\\\/?p=69874#breadcrumb\",\"itemListElement\":[{\"@type\":\"ListItem\",\"position\":1,\"name\":\"Accueil\",\"item\":\"https:\\\/\\\/lesvolcansnews.net\\\/\"},{\"@type\":\"ListItem\",\"position\":2,\"name\":\"Masisi :&nbsp; Jacques Bashali sera intronis\u00e9 \u00e0 Kitshanga comme nouveau Mwami de la chefferie des Bashali\"}]},{\"@type\":\"WebSite\",\"@id\":\"https:\\\/\\\/lesvolcansnews.net\\\/#website\",\"url\":\"https:\\\/\\\/lesvolcansnews.net\\\/\",\"name\":\"LES VOLCANS NEWS\",\"description\":\"L&#039;INFORMATION C&#039;EST NOUS\",\"potentialAction\":[{\"@type\":\"SearchAction\",\"target\":{\"@type\":\"EntryPoint\",\"urlTemplate\":\"https:\\\/\\\/lesvolcansnews.net\\\/?s={search_term_string}\"},\"query-input\":{\"@type\":\"PropertyValueSpecification\",\"valueRequired\":true,\"valueName\":\"search_term_string\"}}],\"inLanguage\":\"fr-FR\"},{\"@type\":\"Person\",\"@id\":\"https:\\\/\\\/lesvolcansnews.net\\\/#\\\/schema\\\/person\\\/82c8bed2e77879ecf6cca63441f57354\",\"name\":\"R\u00e9daction - Les Volcans News\",\"image\":{\"@type\":\"ImageObject\",\"inLanguage\":\"fr-FR\",\"@id\":\"https:\\\/\\\/secure.gravatar.com\\\/avatar\\\/8408942dd851e8a9c09f3d382a661bc05d2b3cd9002139bc1795b9528cdc6c80?s=96&d=mm&r=g\",\"url\":\"https:\\\/\\\/secure.gravatar.com\\\/avatar\\\/8408942dd851e8a9c09f3d382a661bc05d2b3cd9002139bc1795b9528cdc6c80?s=96&d=mm&r=g\",\"contentUrl\":\"https:\\\/\\\/secure.gravatar.com\\\/avatar\\\/8408942dd851e8a9c09f3d382a661bc05d2b3cd9002139bc1795b9528cdc6c80?s=96&d=mm&r=g\",\"caption\":\"R\u00e9daction - Les Volcans News\"},\"url\":\"https:\\\/\\\/lesvolcansnews.net\\\/?author=14\"}]}<\/script>\n<!-- \/ Yoast SEO plugin. -->","yoast_head_json":{"title":"Masisi :&nbsp; Jacques Bashali sera intronis\u00e9 \u00e0 Kitshanga comme nouveau Mwami de la chefferie des Bashali - LES VOLCANS NEWS","robots":{"index":"index","follow":"follow","max-snippet":"max-snippet:-1","max-image-preview":"max-image-preview:large","max-video-preview":"max-video-preview:-1"},"canonical":"https:\/\/lesvolcansnews.net\/?p=69874","og_locale":"fr_FR","og_type":"article","og_title":"Masisi :&nbsp; Jacques Bashali sera intronis\u00e9 \u00e0 Kitshanga comme nouveau Mwami de la chefferie des Bashali - LES VOLCANS NEWS","og_description":"&nbsp;Le prince Jacques Bashali sera officiellement intronis\u00e9 le jeudi 9 octobre 2025 \u00e0 Kitshanga comme chef coutumier (Mwami) de la chefferie des Bashali. Une intronisation qui se fera sous l\u2019\u00e9gide","og_url":"https:\/\/lesvolcansnews.net\/?p=69874","og_site_name":"LES VOLCANS NEWS","article_published_time":"2025-10-01T17:57:36+00:00","article_modified_time":"2025-10-01T18:34:46+00:00","og_image":[{"width":846,"height":823,"url":"https:\/\/lesvolcansnews.net\/wp-content\/uploads\/2025\/10\/image_editor_output_image1031338728-1759343660633.jpg","type":"image\/jpeg"}],"author":"R\u00e9daction - Les Volcans News","twitter_card":"summary_large_image","twitter_misc":{"\u00c9crit par":"R\u00e9daction - Les Volcans News","Dur\u00e9e de lecture estim\u00e9e":"3 minutes"},"schema":{"@context":"https:\/\/schema.org","@graph":[{"@type":"Article","@id":"https:\/\/lesvolcansnews.net\/?p=69874#article","isPartOf":{"@id":"https:\/\/lesvolcansnews.net\/?p=69874"},"author":{"name":"R\u00e9daction - Les Volcans News","@id":"https:\/\/lesvolcansnews.net\/#\/schema\/person\/82c8bed2e77879ecf6cca63441f57354"},"headline":"Masisi :&nbsp; Jacques Bashali sera intronis\u00e9 \u00e0 Kitshanga comme nouveau Mwami de la chefferie des Bashali","datePublished":"2025-10-01T17:57:36+00:00","dateModified":"2025-10-01T18:34:46+00:00","mainEntityOfPage":{"@id":"https:\/\/lesvolcansnews.net\/?p=69874"},"wordCount":636,"commentCount":0,"image":{"@id":"https:\/\/lesvolcansnews.net\/?p=69874#primaryimage"},"thumbnailUrl":"https:\/\/lesvolcansnews.net\/wp-content\/uploads\/2025\/10\/image_editor_output_image1031338728-1759343660633.jpg","articleSection":["CULTURE","SOCIET\u00c9"],"inLanguage":"fr-FR","potentialAction":[{"@type":"CommentAction","name":"Comment","target":["https:\/\/lesvolcansnews.net\/?p=69874#respond"]}]},{"@type":"WebPage","@id":"https:\/\/lesvolcansnews.net\/?p=69874","url":"https:\/\/lesvolcansnews.net\/?p=69874","name":"Masisi :&nbsp; Jacques Bashali sera intronis\u00e9 \u00e0 Kitshanga comme nouveau Mwami de la chefferie des Bashali - LES VOLCANS NEWS","isPartOf":{"@id":"https:\/\/lesvolcansnews.net\/#website"},"primaryImageOfPage":{"@id":"https:\/\/lesvolcansnews.net\/?p=69874#primaryimage"},"image":{"@id":"https:\/\/lesvolcansnews.net\/?p=69874#primaryimage"},"thumbnailUrl":"https:\/\/lesvolcansnews.net\/wp-content\/uploads\/2025\/10\/image_editor_output_image1031338728-1759343660633.jpg","datePublished":"2025-10-01T17:57:36+00:00","dateModified":"2025-10-01T18:34:46+00:00","author":{"@id":"https:\/\/lesvolcansnews.net\/#\/schema\/person\/82c8bed2e77879ecf6cca63441f57354"},"breadcrumb":{"@id":"https:\/\/lesvolcansnews.net\/?p=69874#breadcrumb"},"inLanguage":"fr-FR","potentialAction":[{"@type":"ReadAction","target":["https:\/\/lesvolcansnews.net\/?p=69874"]}]},{"@type":"ImageObject","inLanguage":"fr-FR","@id":"https:\/\/lesvolcansnews.net\/?p=69874#primaryimage","url":"https:\/\/lesvolcansnews.net\/wp-content\/uploads\/2025\/10\/image_editor_output_image1031338728-1759343660633.jpg","contentUrl":"https:\/\/lesvolcansnews.net\/wp-content\/uploads\/2025\/10\/image_editor_output_image1031338728-1759343660633.jpg","width":846,"height":823},{"@type":"BreadcrumbList","@id":"https:\/\/lesvolcansnews.net\/?p=69874#breadcrumb","itemListElement":[{"@type":"ListItem","position":1,"name":"Accueil","item":"https:\/\/lesvolcansnews.net\/"},{"@type":"ListItem","position":2,"name":"Masisi :&nbsp; Jacques Bashali sera intronis\u00e9 \u00e0 Kitshanga comme nouveau Mwami de la chefferie des Bashali"}]},{"@type":"WebSite","@id":"https:\/\/lesvolcansnews.net\/#website","url":"https:\/\/lesvolcansnews.net\/","name":"LES VOLCANS NEWS","description":"L&#039;INFORMATION C&#039;EST NOUS","potentialAction":[{"@type":"SearchAction","target":{"@type":"EntryPoint","urlTemplate":"https:\/\/lesvolcansnews.net\/?s={search_term_string}"},"query-input":{"@type":"PropertyValueSpecification","valueRequired":true,"valueName":"search_term_string"}}],"inLanguage":"fr-FR"},{"@type":"Person","@id":"https:\/\/lesvolcansnews.net\/#\/schema\/person\/82c8bed2e77879ecf6cca63441f57354","name":"R\u00e9daction - Les Volcans News","image":{"@type":"ImageObject","inLanguage":"fr-FR","@id":"https:\/\/secure.gravatar.com\/avatar\/8408942dd851e8a9c09f3d382a661bc05d2b3cd9002139bc1795b9528cdc6c80?s=96&d=mm&r=g","url":"https:\/\/secure.gravatar.com\/avatar\/8408942dd851e8a9c09f3d382a661bc05d2b3cd9002139bc1795b9528cdc6c80?s=96&d=mm&r=g","contentUrl":"https:\/\/secure.gravatar.com\/avatar\/8408942dd851e8a9c09f3d382a661bc05d2b3cd9002139bc1795b9528cdc6c80?s=96&d=mm&r=g","caption":"R\u00e9daction - Les Volcans News"},"url":"https:\/\/lesvolcansnews.net\/?author=14"}]}},"_links":{"self":[{"href":"https:\/\/lesvolcansnews.net\/index.php?rest_route=\/wp\/v2\/posts\/69874","targetHints":{"allow":["GET"]}}],"collection":[{"href":"https:\/\/lesvolcansnews.net\/index.php?rest_route=\/wp\/v2\/posts"}],"about":[{"href":"https:\/\/lesvolcansnews.net\/index.php?rest_route=\/wp\/v2\/types\/post"}],"author":[{"embeddable":true,"href":"https:\/\/lesvolcansnews.net\/index.php?rest_route=\/wp\/v2\/users\/14"}],"replies":[{"embeddable":true,"href":"https:\/\/lesvolcansnews.net\/index.php?rest_route=%2Fwp%2Fv2%2Fcomments&post=69874"}],"version-history":[{"count":1,"href":"https:\/\/lesvolcansnews.net\/index.php?rest_route=\/wp\/v2\/posts\/69874\/revisions"}],"predecessor-version":[{"id":69876,"href":"https:\/\/lesvolcansnews.net\/index.php?rest_route=\/wp\/v2\/posts\/69874\/revisions\/69876"}],"wp:featuredmedia":[{"embeddable":true,"href":"https:\/\/lesvolcansnews.net\/index.php?rest_route=\/wp\/v2\/media\/69875"}],"wp:attachment":[{"href":"https:\/\/lesvolcansnews.net\/index.php?rest_route=%2Fwp%2Fv2%2Fmedia&parent=69874"}],"wp:term":[{"taxonomy":"category","embeddable":true,"href":"https:\/\/lesvolcansnews.net\/index.php?rest_route=%2Fwp%2Fv2%2Fcategories&post=69874"},{"taxonomy":"post_tag","embeddable":true,"href":"https:\/\/lesvolcansnews.net\/index.php?rest_route=%2Fwp%2Fv2%2Ftags&post=69874"}],"curies":[{"name":"wp","href":"https:\/\/api.w.org\/{rel}","templated":true}]}}