{"id":69867,"date":"2025-10-01T16:39:17","date_gmt":"2025-10-01T14:39:17","guid":{"rendered":"https:\/\/lesvolcansnews.net\/?p=69867"},"modified":"2025-10-01T17:36:26","modified_gmt":"2025-10-01T15:36:26","slug":"goma-le-jeune-gad-porte-disparu-depuis-dimanche-retrouve-sur-le-lac-kivu-ce-mercredi","status":"publish","type":"post","link":"https:\/\/lesvolcansnews.net\/?p=69867","title":{"rendered":"Goma : Le jeune Gad, port\u00e9 disparu depuis dimanche, retrouv\u00e9 sur le lac Kivu ce mercredi"},"content":{"rendered":"\n<p>RDC : le corps sans vie d\u2019un \u00e9tudiant disparu retrouv\u00e9 dans le lac Kivu \u00e0 Goma<br><br> Le corps sans vie d\u2019un jeune \u00e9tudiant port\u00e9 disparu depuis dimanche a \u00e9t\u00e9 retrouv\u00e9 ce mercredi matin dans les eaux du lac Kivu, au niveau du quartier Lac-Vert \u00e0 Goma, dans l&#8217;est de la R\u00e9publique d\u00e9mocratique du Congo, ont indiqu\u00e9 plusieurs sources locales.<br><br>La victime, Niyomugaba Nkomiye Gady, \u00e2g\u00e9 de 19 ans, \u00e9tait \u00e9tudiant en deuxi\u00e8me ann\u00e9e de biom\u00e9decine \u00e0 l\u2019Universit\u00e9 de Goma (UNIGOM). Il avait quitt\u00e9 son domicile, situ\u00e9 dans le quartier Keshero, avenue Kituku, tr\u00e8s t\u00f4t le dimanche 28 septembre, pour une sortie sportive \u00e0 v\u00e9lo. Il n\u2019\u00e9tait jamais rentr\u00e9.<br><br>&gt; \u00ab Il est sorti \u00e0 5h du matin avec son v\u00e9lo pour faire du sport. On l\u2019a recherch\u00e9 sans succ\u00e8s. Ce matin, on nous a confirm\u00e9 que le corps retrouv\u00e9 est bien celui de Gady \u00bb, a expliqu\u00e9 **Dedesi Mitima**, acteur communautaire, pr\u00e9sent sur les lieux lors de la d\u00e9couverte.<br><br><br>Le premier indice troublant avait \u00e9t\u00e9 d\u00e9couvert d\u00e8s lundi apr\u00e8s-midi, soit un jour apr\u00e8s la disparition. Un v\u00e9lo, correspondant \u00e0 celui du jeune homme, avait \u00e9t\u00e9 retrouv\u00e9 vers 14h, attach\u00e9 \u00e0 un arbre avec un cadenas, \u00e0 environ 500 m\u00e8tres de la berge, sur une pente abrupte.<br><br>\u00ab Ce d\u00e9tail a attir\u00e9 l\u2019attention des enqu\u00eateurs. L\u2019endroit est escarp\u00e9 et dangereux, ce qui laisse penser qu\u2019il ne s\u2019agissait pas d\u2019une simple baignade \u00bb, a d\u00e9clar\u00e9 Dedesi Mitima.<br><br>Le v\u00e9lo avait \u00e9t\u00e9 r\u00e9cup\u00e9r\u00e9 \u00ab pour raisons de s\u00e9curit\u00e9 \u00bb, selon lui.<br><br>Le corps du jeune homme a \u00e9t\u00e9 d\u00e9couvert mercredi matin, flottant \u00e0 la surface du lac, en \u00e9tat de d\u00e9composition. Il a d\u2019abord \u00e9t\u00e9 consid\u00e9r\u00e9 comme non identifi\u00e9 avant que les proches ne confirment son identit\u00e9.<br><br> \u00ab C\u2019est avec le temps que la famille s\u2019est pr\u00e9sent\u00e9e, reconnaissant le corps comme celui de leur fils. La victime est bien Gady, \u00e9tudiant en biom\u00e9decine \u00e0 l\u2019UNIGOM, 19 ans \u00bb, a ajout\u00e9 M. Mitima.<br><br>La Protection civile est intervenue pour rep\u00eacher le corps. Celui-ci a \u00e9t\u00e9 conduit \u00e0 la morgue pour des examens m\u00e9dico-l\u00e9gaux. Une enqu\u00eate est en cours pour d\u00e9terminer les circonstances exactes du drame.<br><br><br>Bien que l\u2019hypoth\u00e8se criminelle ne soit pas encore \u00e9cart\u00e9e, la piste d\u2019une noyade accidentelle est pour l\u2019instant privil\u00e9gi\u00e9e. Le quartier Lac-Vert est bord\u00e9 par une partie profonde et dangereuse du lac Kivu.<br><br>\u00ab Cette zone du lac est r\u00e9put\u00e9e pour sa forte concentration de gaz. En cas de chute, les chances de survie sont tr\u00e8s faibles \u00bb, a rappel\u00e9 Dedesi Mitima, qui appelle les jeunes \u00e0 plus de prudence lors de leurs activit\u00e9s sportives pr\u00e8s du lac.<br><br><br>Une c\u00e9r\u00e9monie fun\u00e8bre devrait \u00eatre organis\u00e9e dans les prochains jours par la famille du d\u00e9funt. Les autorit\u00e9s locales ont exprim\u00e9 leur solidarit\u00e9 et ont promis de faire la lumi\u00e8re sur cette trag\u00e9die.<br><br>La R\u00e9daction<\/p>\n\n\n\n<p><\/p>\n","protected":false},"excerpt":{"rendered":"<p>RDC : le corps sans vie d\u2019un \u00e9tudiant disparu retrouv\u00e9 dans le lac Kivu \u00e0 Goma Le corps sans vie d\u2019un jeune \u00e9tudiant port\u00e9 disparu depuis dimanche a \u00e9t\u00e9 retrouv\u00e9<\/p>\n","protected":false},"author":14,"featured_media":69871,"comment_status":"open","ping_status":"open","sticky":false,"template":"","format":"standard","meta":{"footnotes":""},"categories":[9],"tags":[],"class_list":["post-69867","post","type-post","status-publish","format-standard","has-post-thumbnail","hentry","category-societe"],"yoast_head":"<!-- This site is optimized with the Yoast SEO plugin v27.5 - https:\/\/yoast.com\/product\/yoast-seo-wordpress\/ -->\n<title>Goma : Le jeune Gad, port\u00e9 disparu depuis dimanche, retrouv\u00e9 sur le lac Kivu ce mercredi - LES VOLCANS NEWS<\/title>\n<meta name=\"robots\" content=\"index, follow, max-snippet:-1, max-image-preview:large, max-video-preview:-1\" \/>\n<link rel=\"canonical\" href=\"https:\/\/lesvolcansnews.net\/?p=69867\" \/>\n<meta property=\"og:locale\" content=\"fr_FR\" \/>\n<meta property=\"og:type\" content=\"article\" \/>\n<meta property=\"og:title\" content=\"Goma : Le jeune Gad, port\u00e9 disparu depuis dimanche, retrouv\u00e9 sur le lac Kivu ce mercredi - LES VOLCANS NEWS\" \/>\n<meta property=\"og:description\" content=\"RDC : le corps sans vie d\u2019un \u00e9tudiant disparu retrouv\u00e9 dans le lac Kivu \u00e0 Goma Le corps sans vie d\u2019un jeune \u00e9tudiant port\u00e9 disparu depuis dimanche a \u00e9t\u00e9 retrouv\u00e9\" \/>\n<meta property=\"og:url\" content=\"https:\/\/lesvolcansnews.net\/?p=69867\" \/>\n<meta property=\"og:site_name\" content=\"LES VOLCANS NEWS\" \/>\n<meta property=\"article:published_time\" content=\"2025-10-01T14:39:17+00:00\" \/>\n<meta property=\"article:modified_time\" content=\"2025-10-01T15:36:26+00:00\" \/>\n<meta property=\"og:image\" content=\"https:\/\/lesvolcansnews.net\/wp-content\/uploads\/2025\/10\/IMG-20251001-WA0322.jpg\" \/>\n\t<meta property=\"og:image:width\" content=\"715\" \/>\n\t<meta property=\"og:image:height\" content=\"521\" \/>\n\t<meta property=\"og:image:type\" content=\"image\/jpeg\" \/>\n<meta name=\"author\" content=\"R\u00e9daction - Les Volcans News\" \/>\n<meta name=\"twitter:card\" content=\"summary_large_image\" \/>\n<meta name=\"twitter:label1\" content=\"\u00c9crit par\" \/>\n\t<meta name=\"twitter:data1\" content=\"R\u00e9daction - Les Volcans News\" \/>\n\t<meta name=\"twitter:label2\" content=\"Dur\u00e9e de lecture estim\u00e9e\" \/>\n\t<meta name=\"twitter:data2\" content=\"3 minutes\" \/>\n<script type=\"application\/ld+json\" class=\"yoast-schema-graph\">{\"@context\":\"https:\\\/\\\/schema.org\",\"@graph\":[{\"@type\":\"Article\",\"@id\":\"https:\\\/\\\/lesvolcansnews.net\\\/?p=69867#article\",\"isPartOf\":{\"@id\":\"https:\\\/\\\/lesvolcansnews.net\\\/?p=69867\"},\"author\":{\"name\":\"R\u00e9daction - Les Volcans News\",\"@id\":\"https:\\\/\\\/lesvolcansnews.net\\\/#\\\/schema\\\/person\\\/82c8bed2e77879ecf6cca63441f57354\"},\"headline\":\"Goma : Le jeune Gad, port\u00e9 disparu depuis dimanche, retrouv\u00e9 sur le lac Kivu ce mercredi\",\"datePublished\":\"2025-10-01T14:39:17+00:00\",\"dateModified\":\"2025-10-01T15:36:26+00:00\",\"mainEntityOfPage\":{\"@id\":\"https:\\\/\\\/lesvolcansnews.net\\\/?p=69867\"},\"wordCount\":522,\"commentCount\":0,\"image\":{\"@id\":\"https:\\\/\\\/lesvolcansnews.net\\\/?p=69867#primaryimage\"},\"thumbnailUrl\":\"https:\\\/\\\/lesvolcansnews.net\\\/wp-content\\\/uploads\\\/2025\\\/10\\\/IMG-20251001-WA0322.jpg\",\"articleSection\":[\"SOCIET\u00c9\"],\"inLanguage\":\"fr-FR\",\"potentialAction\":[{\"@type\":\"CommentAction\",\"name\":\"Comment\",\"target\":[\"https:\\\/\\\/lesvolcansnews.net\\\/?p=69867#respond\"]}]},{\"@type\":\"WebPage\",\"@id\":\"https:\\\/\\\/lesvolcansnews.net\\\/?p=69867\",\"url\":\"https:\\\/\\\/lesvolcansnews.net\\\/?p=69867\",\"name\":\"Goma : Le jeune Gad, port\u00e9 disparu depuis dimanche, retrouv\u00e9 sur le lac Kivu ce mercredi - LES VOLCANS NEWS\",\"isPartOf\":{\"@id\":\"https:\\\/\\\/lesvolcansnews.net\\\/#website\"},\"primaryImageOfPage\":{\"@id\":\"https:\\\/\\\/lesvolcansnews.net\\\/?p=69867#primaryimage\"},\"image\":{\"@id\":\"https:\\\/\\\/lesvolcansnews.net\\\/?p=69867#primaryimage\"},\"thumbnailUrl\":\"https:\\\/\\\/lesvolcansnews.net\\\/wp-content\\\/uploads\\\/2025\\\/10\\\/IMG-20251001-WA0322.jpg\",\"datePublished\":\"2025-10-01T14:39:17+00:00\",\"dateModified\":\"2025-10-01T15:36:26+00:00\",\"author\":{\"@id\":\"https:\\\/\\\/lesvolcansnews.net\\\/#\\\/schema\\\/person\\\/82c8bed2e77879ecf6cca63441f57354\"},\"breadcrumb\":{\"@id\":\"https:\\\/\\\/lesvolcansnews.net\\\/?p=69867#breadcrumb\"},\"inLanguage\":\"fr-FR\",\"potentialAction\":[{\"@type\":\"ReadAction\",\"target\":[\"https:\\\/\\\/lesvolcansnews.net\\\/?p=69867\"]}]},{\"@type\":\"ImageObject\",\"inLanguage\":\"fr-FR\",\"@id\":\"https:\\\/\\\/lesvolcansnews.net\\\/?p=69867#primaryimage\",\"url\":\"https:\\\/\\\/lesvolcansnews.net\\\/wp-content\\\/uploads\\\/2025\\\/10\\\/IMG-20251001-WA0322.jpg\",\"contentUrl\":\"https:\\\/\\\/lesvolcansnews.net\\\/wp-content\\\/uploads\\\/2025\\\/10\\\/IMG-20251001-WA0322.jpg\",\"width\":715,\"height\":521},{\"@type\":\"BreadcrumbList\",\"@id\":\"https:\\\/\\\/lesvolcansnews.net\\\/?p=69867#breadcrumb\",\"itemListElement\":[{\"@type\":\"ListItem\",\"position\":1,\"name\":\"Accueil\",\"item\":\"https:\\\/\\\/lesvolcansnews.net\\\/\"},{\"@type\":\"ListItem\",\"position\":2,\"name\":\"Goma : Le jeune Gad, port\u00e9 disparu depuis dimanche, retrouv\u00e9 sur le lac Kivu ce mercredi\"}]},{\"@type\":\"WebSite\",\"@id\":\"https:\\\/\\\/lesvolcansnews.net\\\/#website\",\"url\":\"https:\\\/\\\/lesvolcansnews.net\\\/\",\"name\":\"LES VOLCANS NEWS\",\"description\":\"L&#039;INFORMATION C&#039;EST NOUS\",\"potentialAction\":[{\"@type\":\"SearchAction\",\"target\":{\"@type\":\"EntryPoint\",\"urlTemplate\":\"https:\\\/\\\/lesvolcansnews.net\\\/?s={search_term_string}\"},\"query-input\":{\"@type\":\"PropertyValueSpecification\",\"valueRequired\":true,\"valueName\":\"search_term_string\"}}],\"inLanguage\":\"fr-FR\"},{\"@type\":\"Person\",\"@id\":\"https:\\\/\\\/lesvolcansnews.net\\\/#\\\/schema\\\/person\\\/82c8bed2e77879ecf6cca63441f57354\",\"name\":\"R\u00e9daction - Les Volcans News\",\"image\":{\"@type\":\"ImageObject\",\"inLanguage\":\"fr-FR\",\"@id\":\"https:\\\/\\\/secure.gravatar.com\\\/avatar\\\/8408942dd851e8a9c09f3d382a661bc05d2b3cd9002139bc1795b9528cdc6c80?s=96&d=mm&r=g\",\"url\":\"https:\\\/\\\/secure.gravatar.com\\\/avatar\\\/8408942dd851e8a9c09f3d382a661bc05d2b3cd9002139bc1795b9528cdc6c80?s=96&d=mm&r=g\",\"contentUrl\":\"https:\\\/\\\/secure.gravatar.com\\\/avatar\\\/8408942dd851e8a9c09f3d382a661bc05d2b3cd9002139bc1795b9528cdc6c80?s=96&d=mm&r=g\",\"caption\":\"R\u00e9daction - Les Volcans News\"},\"url\":\"https:\\\/\\\/lesvolcansnews.net\\\/?author=14\"}]}<\/script>\n<!-- \/ Yoast SEO plugin. -->","yoast_head_json":{"title":"Goma : Le jeune Gad, port\u00e9 disparu depuis dimanche, retrouv\u00e9 sur le lac Kivu ce mercredi - LES VOLCANS NEWS","robots":{"index":"index","follow":"follow","max-snippet":"max-snippet:-1","max-image-preview":"max-image-preview:large","max-video-preview":"max-video-preview:-1"},"canonical":"https:\/\/lesvolcansnews.net\/?p=69867","og_locale":"fr_FR","og_type":"article","og_title":"Goma : Le jeune Gad, port\u00e9 disparu depuis dimanche, retrouv\u00e9 sur le lac Kivu ce mercredi - LES VOLCANS NEWS","og_description":"RDC : le corps sans vie d\u2019un \u00e9tudiant disparu retrouv\u00e9 dans le lac Kivu \u00e0 Goma Le corps sans vie d\u2019un jeune \u00e9tudiant port\u00e9 disparu depuis dimanche a \u00e9t\u00e9 retrouv\u00e9","og_url":"https:\/\/lesvolcansnews.net\/?p=69867","og_site_name":"LES VOLCANS NEWS","article_published_time":"2025-10-01T14:39:17+00:00","article_modified_time":"2025-10-01T15:36:26+00:00","og_image":[{"width":715,"height":521,"url":"https:\/\/lesvolcansnews.net\/wp-content\/uploads\/2025\/10\/IMG-20251001-WA0322.jpg","type":"image\/jpeg"}],"author":"R\u00e9daction - Les Volcans News","twitter_card":"summary_large_image","twitter_misc":{"\u00c9crit par":"R\u00e9daction - Les Volcans News","Dur\u00e9e de lecture estim\u00e9e":"3 minutes"},"schema":{"@context":"https:\/\/schema.org","@graph":[{"@type":"Article","@id":"https:\/\/lesvolcansnews.net\/?p=69867#article","isPartOf":{"@id":"https:\/\/lesvolcansnews.net\/?p=69867"},"author":{"name":"R\u00e9daction - Les Volcans News","@id":"https:\/\/lesvolcansnews.net\/#\/schema\/person\/82c8bed2e77879ecf6cca63441f57354"},"headline":"Goma : Le jeune Gad, port\u00e9 disparu depuis dimanche, retrouv\u00e9 sur le lac Kivu ce mercredi","datePublished":"2025-10-01T14:39:17+00:00","dateModified":"2025-10-01T15:36:26+00:00","mainEntityOfPage":{"@id":"https:\/\/lesvolcansnews.net\/?p=69867"},"wordCount":522,"commentCount":0,"image":{"@id":"https:\/\/lesvolcansnews.net\/?p=69867#primaryimage"},"thumbnailUrl":"https:\/\/lesvolcansnews.net\/wp-content\/uploads\/2025\/10\/IMG-20251001-WA0322.jpg","articleSection":["SOCIET\u00c9"],"inLanguage":"fr-FR","potentialAction":[{"@type":"CommentAction","name":"Comment","target":["https:\/\/lesvolcansnews.net\/?p=69867#respond"]}]},{"@type":"WebPage","@id":"https:\/\/lesvolcansnews.net\/?p=69867","url":"https:\/\/lesvolcansnews.net\/?p=69867","name":"Goma : Le jeune Gad, port\u00e9 disparu depuis dimanche, retrouv\u00e9 sur le lac Kivu ce mercredi - LES VOLCANS NEWS","isPartOf":{"@id":"https:\/\/lesvolcansnews.net\/#website"},"primaryImageOfPage":{"@id":"https:\/\/lesvolcansnews.net\/?p=69867#primaryimage"},"image":{"@id":"https:\/\/lesvolcansnews.net\/?p=69867#primaryimage"},"thumbnailUrl":"https:\/\/lesvolcansnews.net\/wp-content\/uploads\/2025\/10\/IMG-20251001-WA0322.jpg","datePublished":"2025-10-01T14:39:17+00:00","dateModified":"2025-10-01T15:36:26+00:00","author":{"@id":"https:\/\/lesvolcansnews.net\/#\/schema\/person\/82c8bed2e77879ecf6cca63441f57354"},"breadcrumb":{"@id":"https:\/\/lesvolcansnews.net\/?p=69867#breadcrumb"},"inLanguage":"fr-FR","potentialAction":[{"@type":"ReadAction","target":["https:\/\/lesvolcansnews.net\/?p=69867"]}]},{"@type":"ImageObject","inLanguage":"fr-FR","@id":"https:\/\/lesvolcansnews.net\/?p=69867#primaryimage","url":"https:\/\/lesvolcansnews.net\/wp-content\/uploads\/2025\/10\/IMG-20251001-WA0322.jpg","contentUrl":"https:\/\/lesvolcansnews.net\/wp-content\/uploads\/2025\/10\/IMG-20251001-WA0322.jpg","width":715,"height":521},{"@type":"BreadcrumbList","@id":"https:\/\/lesvolcansnews.net\/?p=69867#breadcrumb","itemListElement":[{"@type":"ListItem","position":1,"name":"Accueil","item":"https:\/\/lesvolcansnews.net\/"},{"@type":"ListItem","position":2,"name":"Goma : Le jeune Gad, port\u00e9 disparu depuis dimanche, retrouv\u00e9 sur le lac Kivu ce mercredi"}]},{"@type":"WebSite","@id":"https:\/\/lesvolcansnews.net\/#website","url":"https:\/\/lesvolcansnews.net\/","name":"LES VOLCANS NEWS","description":"L&#039;INFORMATION C&#039;EST NOUS","potentialAction":[{"@type":"SearchAction","target":{"@type":"EntryPoint","urlTemplate":"https:\/\/lesvolcansnews.net\/?s={search_term_string}"},"query-input":{"@type":"PropertyValueSpecification","valueRequired":true,"valueName":"search_term_string"}}],"inLanguage":"fr-FR"},{"@type":"Person","@id":"https:\/\/lesvolcansnews.net\/#\/schema\/person\/82c8bed2e77879ecf6cca63441f57354","name":"R\u00e9daction - Les Volcans News","image":{"@type":"ImageObject","inLanguage":"fr-FR","@id":"https:\/\/secure.gravatar.com\/avatar\/8408942dd851e8a9c09f3d382a661bc05d2b3cd9002139bc1795b9528cdc6c80?s=96&d=mm&r=g","url":"https:\/\/secure.gravatar.com\/avatar\/8408942dd851e8a9c09f3d382a661bc05d2b3cd9002139bc1795b9528cdc6c80?s=96&d=mm&r=g","contentUrl":"https:\/\/secure.gravatar.com\/avatar\/8408942dd851e8a9c09f3d382a661bc05d2b3cd9002139bc1795b9528cdc6c80?s=96&d=mm&r=g","caption":"R\u00e9daction - Les Volcans News"},"url":"https:\/\/lesvolcansnews.net\/?author=14"}]}},"_links":{"self":[{"href":"https:\/\/lesvolcansnews.net\/index.php?rest_route=\/wp\/v2\/posts\/69867","targetHints":{"allow":["GET"]}}],"collection":[{"href":"https:\/\/lesvolcansnews.net\/index.php?rest_route=\/wp\/v2\/posts"}],"about":[{"href":"https:\/\/lesvolcansnews.net\/index.php?rest_route=\/wp\/v2\/types\/post"}],"author":[{"embeddable":true,"href":"https:\/\/lesvolcansnews.net\/index.php?rest_route=\/wp\/v2\/users\/14"}],"replies":[{"embeddable":true,"href":"https:\/\/lesvolcansnews.net\/index.php?rest_route=%2Fwp%2Fv2%2Fcomments&post=69867"}],"version-history":[{"count":3,"href":"https:\/\/lesvolcansnews.net\/index.php?rest_route=\/wp\/v2\/posts\/69867\/revisions"}],"predecessor-version":[{"id":69872,"href":"https:\/\/lesvolcansnews.net\/index.php?rest_route=\/wp\/v2\/posts\/69867\/revisions\/69872"}],"wp:featuredmedia":[{"embeddable":true,"href":"https:\/\/lesvolcansnews.net\/index.php?rest_route=\/wp\/v2\/media\/69871"}],"wp:attachment":[{"href":"https:\/\/lesvolcansnews.net\/index.php?rest_route=%2Fwp%2Fv2%2Fmedia&parent=69867"}],"wp:term":[{"taxonomy":"category","embeddable":true,"href":"https:\/\/lesvolcansnews.net\/index.php?rest_route=%2Fwp%2Fv2%2Fcategories&post=69867"},{"taxonomy":"post_tag","embeddable":true,"href":"https:\/\/lesvolcansnews.net\/index.php?rest_route=%2Fwp%2Fv2%2Ftags&post=69867"}],"curies":[{"name":"wp","href":"https:\/\/api.w.org\/{rel}","templated":true}]}}