{"id":69860,"date":"2025-10-01T10:10:35","date_gmt":"2025-10-01T08:10:35","guid":{"rendered":"https:\/\/lesvolcansnews.net\/?p=69860"},"modified":"2025-10-01T10:17:35","modified_gmt":"2025-10-01T08:17:35","slug":"butembo-fin-de-lanarchie-jeter-ses-dechets-en-rue-devient-un-acte-punissable","status":"publish","type":"post","link":"https:\/\/lesvolcansnews.net\/?p=69860","title":{"rendered":"Butembo : Fin de l\u2019anarchie, jeter ses d\u00e9chets en rue devient un acte punissable"},"content":{"rendered":"\r\n<h1><strong>Butembo : Interdiction formelle de jeter les immondices sur la voie publique, le maire menace de sanctions<\/strong><\/h1>\r\n<p><strong> C\u2019est d\u00e9sormais officiel : tout d\u00e9p\u00f4t d\u2019immondices sur la voie publique est strictement interdit dans la ville de Butembo, \u00e0 l\u2019est de la R\u00e9publique D\u00e9mocratique du Congo. Cette d\u00e9cision ferme a \u00e9t\u00e9 annonc\u00e9e ce mercredi 1er octobre 2025 par le commissaire sup\u00e9rieur principal Roger Mowa Baeki Telly, maire de la ville, au terme d\u2019un ultimatum de sept jours accord\u00e9 aux tenanciers de galeries commerciales.<\/strong><\/p>\r\n<p>Cette mesure intervient suite au constat du non-respect d\u2019un pr\u00e9c\u00e9dent communiqu\u00e9 publi\u00e9 le 25 septembre dernier. Dans ce dernier, l\u2019autorit\u00e9 urbaine avait exig\u00e9 que tous les responsables des galeries commerciales se dotent de sacs \u00e0 ordures ou de poubelles, afin de faciliter le travail de Kalamu Service, l&#8217;entreprise partenaire charg\u00e9e du ramassage des d\u00e9chets dans le centre-ville.<\/p>\r\n<p>Lors d&#8217;une rencontre d\u2019\u00e9valuation tenue mercredi avec les pr\u00e9sidents des galeries commerciales, le maire a exprim\u00e9 son m\u00e9contentement face au non-respect de ses instructions par certains commer\u00e7ants.<\/p>\r\n<p><em>\u00ab Nous avons \u00e9mis il y a une semaine un communiqu\u00e9 invitant tous les pr\u00e9sidents des galeries \u00e0 prendre en charge leurs immondices, et de ne plus les mettre sur la voie publique. Le constat est que certaines personnes n&#8217;ont pas mis en application ma d\u00e9cision. C\u2019est ainsi que nous chutons aujourd&#8217;hui, le d\u00e9lai qui avait \u00e9t\u00e9 pris a expir\u00e9 le 30 septembre. D\u00e9sormais, nous allons mettre en application ce qui a \u00e9t\u00e9 d\u00e9cid\u00e9. Celui qui serait attrap\u00e9 en train de d\u00e9poser les immondices sur la voie publique sera sanctionn\u00e9 s\u00e9v\u00e8rement \u00bb,<\/em> a martel\u00e9 l\u2019autorit\u00e9 urbaine.<\/p>\r\n<p>Pr\u00e9sent \u00e0 cette r\u00e9union, Monsieur Gerlance Kaliko, pr\u00e9sident de la galerie Theherwako, a salu\u00e9 la d\u00e9cision de la mairie et promis de sensibiliser les siens pour une mise en \u0153uvre effective de cette mesure.<\/p>\r\n<p>En parall\u00e8le, Kalamu Service, entreprise en charge de la collecte des d\u00e9chets au centre-ville, a \u00e9galement \u00e9t\u00e9 interpell\u00e9e pour am\u00e9liorer son efficacit\u00e9 et contribuer activement \u00e0 la salubrit\u00e9 de la ville.<\/p>\r\n<p>Il sied de rappeler que cette initiative s\u2019inscrit dans une d\u00e9marche plus large de la mairie visant \u00e0 assainir la ville de Butembo, lutter contre l\u2019insalubrit\u00e9 publique et garantir un environnement sain aux habitants.<\/p>\r\n<p>La R\u00e9daction\u00a0<\/p>\r\n","protected":false},"excerpt":{"rendered":"<p>Butembo : Interdiction formelle de jeter les immondices sur la voie publique, le maire menace de sanctions C\u2019est d\u00e9sormais officiel : tout d\u00e9p\u00f4t d\u2019immondices sur la voie publique est strictement<\/p>\n","protected":false},"author":14,"featured_media":69861,"comment_status":"open","ping_status":"open","sticky":false,"template":"","format":"standard","meta":{"footnotes":""},"categories":[50],"tags":[],"class_list":["post-69860","post","type-post","status-publish","format-standard","has-post-thumbnail","hentry","category-environnement"],"yoast_head":"<!-- This site is optimized with the Yoast SEO plugin v27.5 - https:\/\/yoast.com\/product\/yoast-seo-wordpress\/ -->\n<title>Butembo : Fin de l\u2019anarchie, jeter ses d\u00e9chets en rue devient un acte punissable - LES VOLCANS NEWS<\/title>\n<meta name=\"robots\" content=\"index, follow, max-snippet:-1, max-image-preview:large, max-video-preview:-1\" \/>\n<link rel=\"canonical\" href=\"https:\/\/lesvolcansnews.net\/?p=69860\" \/>\n<meta property=\"og:locale\" content=\"fr_FR\" \/>\n<meta property=\"og:type\" content=\"article\" \/>\n<meta property=\"og:title\" content=\"Butembo : Fin de l\u2019anarchie, jeter ses d\u00e9chets en rue devient un acte punissable - LES VOLCANS NEWS\" \/>\n<meta property=\"og:description\" content=\"Butembo : Interdiction formelle de jeter les immondices sur la voie publique, le maire menace de sanctions C\u2019est d\u00e9sormais officiel : tout d\u00e9p\u00f4t d\u2019immondices sur la voie publique est strictement\" \/>\n<meta property=\"og:url\" content=\"https:\/\/lesvolcansnews.net\/?p=69860\" \/>\n<meta property=\"og:site_name\" content=\"LES VOLCANS NEWS\" \/>\n<meta property=\"article:published_time\" content=\"2025-10-01T08:10:35+00:00\" \/>\n<meta property=\"article:modified_time\" content=\"2025-10-01T08:17:35+00:00\" \/>\n<meta property=\"og:image\" content=\"https:\/\/lesvolcansnews.net\/wp-content\/uploads\/2025\/10\/sacs_plastiques_-768x512-1.jpg\" \/>\n\t<meta property=\"og:image:width\" content=\"768\" \/>\n\t<meta property=\"og:image:height\" content=\"512\" \/>\n\t<meta property=\"og:image:type\" content=\"image\/jpeg\" \/>\n<meta name=\"author\" content=\"R\u00e9daction - Les Volcans News\" \/>\n<meta name=\"twitter:card\" content=\"summary_large_image\" \/>\n<meta name=\"twitter:label1\" content=\"\u00c9crit par\" \/>\n\t<meta name=\"twitter:data1\" content=\"R\u00e9daction - Les Volcans News\" \/>\n\t<meta name=\"twitter:label2\" content=\"Dur\u00e9e de lecture estim\u00e9e\" \/>\n\t<meta name=\"twitter:data2\" content=\"2 minutes\" \/>\n<script type=\"application\/ld+json\" class=\"yoast-schema-graph\">{\"@context\":\"https:\\\/\\\/schema.org\",\"@graph\":[{\"@type\":\"Article\",\"@id\":\"https:\\\/\\\/lesvolcansnews.net\\\/?p=69860#article\",\"isPartOf\":{\"@id\":\"https:\\\/\\\/lesvolcansnews.net\\\/?p=69860\"},\"author\":{\"name\":\"R\u00e9daction - Les Volcans News\",\"@id\":\"https:\\\/\\\/lesvolcansnews.net\\\/#\\\/schema\\\/person\\\/82c8bed2e77879ecf6cca63441f57354\"},\"headline\":\"Butembo : Fin de l\u2019anarchie, jeter ses d\u00e9chets en rue devient un acte punissable\",\"datePublished\":\"2025-10-01T08:10:35+00:00\",\"dateModified\":\"2025-10-01T08:17:35+00:00\",\"mainEntityOfPage\":{\"@id\":\"https:\\\/\\\/lesvolcansnews.net\\\/?p=69860\"},\"wordCount\":412,\"commentCount\":0,\"image\":{\"@id\":\"https:\\\/\\\/lesvolcansnews.net\\\/?p=69860#primaryimage\"},\"thumbnailUrl\":\"https:\\\/\\\/lesvolcansnews.net\\\/wp-content\\\/uploads\\\/2025\\\/10\\\/sacs_plastiques_-768x512-1.jpg\",\"articleSection\":[\"ENVIRONNEMENT\"],\"inLanguage\":\"fr-FR\",\"potentialAction\":[{\"@type\":\"CommentAction\",\"name\":\"Comment\",\"target\":[\"https:\\\/\\\/lesvolcansnews.net\\\/?p=69860#respond\"]}]},{\"@type\":\"WebPage\",\"@id\":\"https:\\\/\\\/lesvolcansnews.net\\\/?p=69860\",\"url\":\"https:\\\/\\\/lesvolcansnews.net\\\/?p=69860\",\"name\":\"Butembo : Fin de l\u2019anarchie, jeter ses d\u00e9chets en rue devient un acte punissable - LES VOLCANS NEWS\",\"isPartOf\":{\"@id\":\"https:\\\/\\\/lesvolcansnews.net\\\/#website\"},\"primaryImageOfPage\":{\"@id\":\"https:\\\/\\\/lesvolcansnews.net\\\/?p=69860#primaryimage\"},\"image\":{\"@id\":\"https:\\\/\\\/lesvolcansnews.net\\\/?p=69860#primaryimage\"},\"thumbnailUrl\":\"https:\\\/\\\/lesvolcansnews.net\\\/wp-content\\\/uploads\\\/2025\\\/10\\\/sacs_plastiques_-768x512-1.jpg\",\"datePublished\":\"2025-10-01T08:10:35+00:00\",\"dateModified\":\"2025-10-01T08:17:35+00:00\",\"author\":{\"@id\":\"https:\\\/\\\/lesvolcansnews.net\\\/#\\\/schema\\\/person\\\/82c8bed2e77879ecf6cca63441f57354\"},\"breadcrumb\":{\"@id\":\"https:\\\/\\\/lesvolcansnews.net\\\/?p=69860#breadcrumb\"},\"inLanguage\":\"fr-FR\",\"potentialAction\":[{\"@type\":\"ReadAction\",\"target\":[\"https:\\\/\\\/lesvolcansnews.net\\\/?p=69860\"]}]},{\"@type\":\"ImageObject\",\"inLanguage\":\"fr-FR\",\"@id\":\"https:\\\/\\\/lesvolcansnews.net\\\/?p=69860#primaryimage\",\"url\":\"https:\\\/\\\/lesvolcansnews.net\\\/wp-content\\\/uploads\\\/2025\\\/10\\\/sacs_plastiques_-768x512-1.jpg\",\"contentUrl\":\"https:\\\/\\\/lesvolcansnews.net\\\/wp-content\\\/uploads\\\/2025\\\/10\\\/sacs_plastiques_-768x512-1.jpg\",\"width\":768,\"height\":512},{\"@type\":\"BreadcrumbList\",\"@id\":\"https:\\\/\\\/lesvolcansnews.net\\\/?p=69860#breadcrumb\",\"itemListElement\":[{\"@type\":\"ListItem\",\"position\":1,\"name\":\"Accueil\",\"item\":\"https:\\\/\\\/lesvolcansnews.net\\\/\"},{\"@type\":\"ListItem\",\"position\":2,\"name\":\"Butembo : Fin de l\u2019anarchie, jeter ses d\u00e9chets en rue devient un acte punissable\"}]},{\"@type\":\"WebSite\",\"@id\":\"https:\\\/\\\/lesvolcansnews.net\\\/#website\",\"url\":\"https:\\\/\\\/lesvolcansnews.net\\\/\",\"name\":\"LES VOLCANS NEWS\",\"description\":\"L&#039;INFORMATION C&#039;EST NOUS\",\"potentialAction\":[{\"@type\":\"SearchAction\",\"target\":{\"@type\":\"EntryPoint\",\"urlTemplate\":\"https:\\\/\\\/lesvolcansnews.net\\\/?s={search_term_string}\"},\"query-input\":{\"@type\":\"PropertyValueSpecification\",\"valueRequired\":true,\"valueName\":\"search_term_string\"}}],\"inLanguage\":\"fr-FR\"},{\"@type\":\"Person\",\"@id\":\"https:\\\/\\\/lesvolcansnews.net\\\/#\\\/schema\\\/person\\\/82c8bed2e77879ecf6cca63441f57354\",\"name\":\"R\u00e9daction - Les Volcans News\",\"image\":{\"@type\":\"ImageObject\",\"inLanguage\":\"fr-FR\",\"@id\":\"https:\\\/\\\/secure.gravatar.com\\\/avatar\\\/8408942dd851e8a9c09f3d382a661bc05d2b3cd9002139bc1795b9528cdc6c80?s=96&d=mm&r=g\",\"url\":\"https:\\\/\\\/secure.gravatar.com\\\/avatar\\\/8408942dd851e8a9c09f3d382a661bc05d2b3cd9002139bc1795b9528cdc6c80?s=96&d=mm&r=g\",\"contentUrl\":\"https:\\\/\\\/secure.gravatar.com\\\/avatar\\\/8408942dd851e8a9c09f3d382a661bc05d2b3cd9002139bc1795b9528cdc6c80?s=96&d=mm&r=g\",\"caption\":\"R\u00e9daction - Les Volcans News\"},\"url\":\"https:\\\/\\\/lesvolcansnews.net\\\/?author=14\"}]}<\/script>\n<!-- \/ Yoast SEO plugin. -->","yoast_head_json":{"title":"Butembo : Fin de l\u2019anarchie, jeter ses d\u00e9chets en rue devient un acte punissable - LES VOLCANS NEWS","robots":{"index":"index","follow":"follow","max-snippet":"max-snippet:-1","max-image-preview":"max-image-preview:large","max-video-preview":"max-video-preview:-1"},"canonical":"https:\/\/lesvolcansnews.net\/?p=69860","og_locale":"fr_FR","og_type":"article","og_title":"Butembo : Fin de l\u2019anarchie, jeter ses d\u00e9chets en rue devient un acte punissable - LES VOLCANS NEWS","og_description":"Butembo : Interdiction formelle de jeter les immondices sur la voie publique, le maire menace de sanctions C\u2019est d\u00e9sormais officiel : tout d\u00e9p\u00f4t d\u2019immondices sur la voie publique est strictement","og_url":"https:\/\/lesvolcansnews.net\/?p=69860","og_site_name":"LES VOLCANS NEWS","article_published_time":"2025-10-01T08:10:35+00:00","article_modified_time":"2025-10-01T08:17:35+00:00","og_image":[{"width":768,"height":512,"url":"https:\/\/lesvolcansnews.net\/wp-content\/uploads\/2025\/10\/sacs_plastiques_-768x512-1.jpg","type":"image\/jpeg"}],"author":"R\u00e9daction - Les Volcans News","twitter_card":"summary_large_image","twitter_misc":{"\u00c9crit par":"R\u00e9daction - Les Volcans News","Dur\u00e9e de lecture estim\u00e9e":"2 minutes"},"schema":{"@context":"https:\/\/schema.org","@graph":[{"@type":"Article","@id":"https:\/\/lesvolcansnews.net\/?p=69860#article","isPartOf":{"@id":"https:\/\/lesvolcansnews.net\/?p=69860"},"author":{"name":"R\u00e9daction - Les Volcans News","@id":"https:\/\/lesvolcansnews.net\/#\/schema\/person\/82c8bed2e77879ecf6cca63441f57354"},"headline":"Butembo : Fin de l\u2019anarchie, jeter ses d\u00e9chets en rue devient un acte punissable","datePublished":"2025-10-01T08:10:35+00:00","dateModified":"2025-10-01T08:17:35+00:00","mainEntityOfPage":{"@id":"https:\/\/lesvolcansnews.net\/?p=69860"},"wordCount":412,"commentCount":0,"image":{"@id":"https:\/\/lesvolcansnews.net\/?p=69860#primaryimage"},"thumbnailUrl":"https:\/\/lesvolcansnews.net\/wp-content\/uploads\/2025\/10\/sacs_plastiques_-768x512-1.jpg","articleSection":["ENVIRONNEMENT"],"inLanguage":"fr-FR","potentialAction":[{"@type":"CommentAction","name":"Comment","target":["https:\/\/lesvolcansnews.net\/?p=69860#respond"]}]},{"@type":"WebPage","@id":"https:\/\/lesvolcansnews.net\/?p=69860","url":"https:\/\/lesvolcansnews.net\/?p=69860","name":"Butembo : Fin de l\u2019anarchie, jeter ses d\u00e9chets en rue devient un acte punissable - LES VOLCANS NEWS","isPartOf":{"@id":"https:\/\/lesvolcansnews.net\/#website"},"primaryImageOfPage":{"@id":"https:\/\/lesvolcansnews.net\/?p=69860#primaryimage"},"image":{"@id":"https:\/\/lesvolcansnews.net\/?p=69860#primaryimage"},"thumbnailUrl":"https:\/\/lesvolcansnews.net\/wp-content\/uploads\/2025\/10\/sacs_plastiques_-768x512-1.jpg","datePublished":"2025-10-01T08:10:35+00:00","dateModified":"2025-10-01T08:17:35+00:00","author":{"@id":"https:\/\/lesvolcansnews.net\/#\/schema\/person\/82c8bed2e77879ecf6cca63441f57354"},"breadcrumb":{"@id":"https:\/\/lesvolcansnews.net\/?p=69860#breadcrumb"},"inLanguage":"fr-FR","potentialAction":[{"@type":"ReadAction","target":["https:\/\/lesvolcansnews.net\/?p=69860"]}]},{"@type":"ImageObject","inLanguage":"fr-FR","@id":"https:\/\/lesvolcansnews.net\/?p=69860#primaryimage","url":"https:\/\/lesvolcansnews.net\/wp-content\/uploads\/2025\/10\/sacs_plastiques_-768x512-1.jpg","contentUrl":"https:\/\/lesvolcansnews.net\/wp-content\/uploads\/2025\/10\/sacs_plastiques_-768x512-1.jpg","width":768,"height":512},{"@type":"BreadcrumbList","@id":"https:\/\/lesvolcansnews.net\/?p=69860#breadcrumb","itemListElement":[{"@type":"ListItem","position":1,"name":"Accueil","item":"https:\/\/lesvolcansnews.net\/"},{"@type":"ListItem","position":2,"name":"Butembo : Fin de l\u2019anarchie, jeter ses d\u00e9chets en rue devient un acte punissable"}]},{"@type":"WebSite","@id":"https:\/\/lesvolcansnews.net\/#website","url":"https:\/\/lesvolcansnews.net\/","name":"LES VOLCANS NEWS","description":"L&#039;INFORMATION C&#039;EST NOUS","potentialAction":[{"@type":"SearchAction","target":{"@type":"EntryPoint","urlTemplate":"https:\/\/lesvolcansnews.net\/?s={search_term_string}"},"query-input":{"@type":"PropertyValueSpecification","valueRequired":true,"valueName":"search_term_string"}}],"inLanguage":"fr-FR"},{"@type":"Person","@id":"https:\/\/lesvolcansnews.net\/#\/schema\/person\/82c8bed2e77879ecf6cca63441f57354","name":"R\u00e9daction - Les Volcans News","image":{"@type":"ImageObject","inLanguage":"fr-FR","@id":"https:\/\/secure.gravatar.com\/avatar\/8408942dd851e8a9c09f3d382a661bc05d2b3cd9002139bc1795b9528cdc6c80?s=96&d=mm&r=g","url":"https:\/\/secure.gravatar.com\/avatar\/8408942dd851e8a9c09f3d382a661bc05d2b3cd9002139bc1795b9528cdc6c80?s=96&d=mm&r=g","contentUrl":"https:\/\/secure.gravatar.com\/avatar\/8408942dd851e8a9c09f3d382a661bc05d2b3cd9002139bc1795b9528cdc6c80?s=96&d=mm&r=g","caption":"R\u00e9daction - Les Volcans News"},"url":"https:\/\/lesvolcansnews.net\/?author=14"}]}},"_links":{"self":[{"href":"https:\/\/lesvolcansnews.net\/index.php?rest_route=\/wp\/v2\/posts\/69860","targetHints":{"allow":["GET"]}}],"collection":[{"href":"https:\/\/lesvolcansnews.net\/index.php?rest_route=\/wp\/v2\/posts"}],"about":[{"href":"https:\/\/lesvolcansnews.net\/index.php?rest_route=\/wp\/v2\/types\/post"}],"author":[{"embeddable":true,"href":"https:\/\/lesvolcansnews.net\/index.php?rest_route=\/wp\/v2\/users\/14"}],"replies":[{"embeddable":true,"href":"https:\/\/lesvolcansnews.net\/index.php?rest_route=%2Fwp%2Fv2%2Fcomments&post=69860"}],"version-history":[{"count":1,"href":"https:\/\/lesvolcansnews.net\/index.php?rest_route=\/wp\/v2\/posts\/69860\/revisions"}],"predecessor-version":[{"id":69862,"href":"https:\/\/lesvolcansnews.net\/index.php?rest_route=\/wp\/v2\/posts\/69860\/revisions\/69862"}],"wp:featuredmedia":[{"embeddable":true,"href":"https:\/\/lesvolcansnews.net\/index.php?rest_route=\/wp\/v2\/media\/69861"}],"wp:attachment":[{"href":"https:\/\/lesvolcansnews.net\/index.php?rest_route=%2Fwp%2Fv2%2Fmedia&parent=69860"}],"wp:term":[{"taxonomy":"category","embeddable":true,"href":"https:\/\/lesvolcansnews.net\/index.php?rest_route=%2Fwp%2Fv2%2Fcategories&post=69860"},{"taxonomy":"post_tag","embeddable":true,"href":"https:\/\/lesvolcansnews.net\/index.php?rest_route=%2Fwp%2Fv2%2Ftags&post=69860"}],"curies":[{"name":"wp","href":"https:\/\/api.w.org\/{rel}","templated":true}]}}