{"id":69857,"date":"2025-09-30T22:47:55","date_gmt":"2025-09-30T20:47:55","guid":{"rendered":"https:\/\/lesvolcansnews.net\/2025\/09\/30\/goma-plusieurs-ong-et-vifede-celebrent-la-journee-de-la-paix-sous-le-signe-de-linclusion-sociale\/"},"modified":"2025-10-01T09:36:01","modified_gmt":"2025-10-01T07:36:01","slug":"goma-plusieurs-ong-et-vifede-celebrent-la-journee-de-la-paix-sous-le-signe-de-linclusion-sociale","status":"publish","type":"post","link":"https:\/\/lesvolcansnews.net\/?p=69857","title":{"rendered":"Goma : plusieurs ONG et VIFEDE c\u00e9l\u00e8brent la Journ\u00e9e de la paix sous le signe de l\u2019inclusion sociale"},"content":{"rendered":"\n<p><\/p>\n\n\n\n<h3 class=\"wp-block-heading\"><\/h3>\n\n\n\n<p><strong>La Journ\u00e9e internationale de la paix comm\u00e9mor\u00e9e chaque 21 septembre, a \u00e9t\u00e9 c\u00e9l\u00e9br\u00e9e ce mardi 30 septembre \u00e0 Goma, dans la province du Nord-Kivu. Sous le th\u00e8me \u00ab Agissons pour un monde pacifique \u00bb, plusieurs organisations locales, dont l\u2019ONG VIFEDE, ont mis l\u2019accent sur l\u2019inclusion des personnes handicap\u00e9es, acteurs essentiels d\u2019une paix durable.<\/strong><\/p>\n\n\n\n<p>\u00ab La paix est un comportement \u00bb, ont rappel\u00e9 plusieurs participants, citant un ancien slogan repris \u00e0 l\u2019unisson lors de la journ\u00e9e &#8221; together tuna weza&#8221;(Ensemble nous pouvons), un slogan qui rententi.<\/p>\n\n\n\n<p>Parmi les temps forts de la journ\u00e9e, des personnes handicap\u00e9es ont pris la parole pour rappeler leur engagement dans la lutte pour la paix et la reconnaissance de leurs droits.<\/p>\n\n\n\n<p><br>Kavira Mabughu, surnomm\u00e9e \u00ab Mama Y\u00e9y\u00e9 \u00bb, figure bien connue des personnes handicap\u00e9es au Nord-Kivu, a salu\u00e9 l\u2019implication croissante des femmes handicap\u00e9es dans la promotion de la paix, notamment \u00e0 travers l\u2019association VIFEDE (Femmes pour le d\u00e9veloppement des endog\u00e8nes).<br><br>\u00ab Pour moi, c\u2019est un honneur. Je me sens enthousiasm\u00e9e. Une Journ\u00e9e de la paix sans les personnes en situation de handicap n\u2019aurait pas de sens. Nous avons \u00e9t\u00e9 victimes de toutes les guerres. La paix, on doit la vouloir, parce qu\u2019elle nous appartient. Vivons ensemble, malgr\u00e9 les p\u00e9rip\u00e9ties \u00bb, a-t-elle d\u00e9clar\u00e9.<br><br>Henriette Akyombo, coordinatrice de VIFEDE, a plaid\u00e9 pour une paix fond\u00e9e sur l\u2019inclusion sociale.<\/p>\n\n\n\n<p><br>Kavira Mabughu, surnomm\u00e9e \u00ab Mama Y\u00e9y\u00e9 \u00bb, figure bien connue des personnes en situation de handicap au Nord-Kivu, a salu\u00e9 l\u2019implication croissante des femmes handicap\u00e9es dans la promotion de la paix, notamment \u00e0 travers l\u2019association VIFEDE (Voisin des femmes pour le d\u00e9veloppement endog\u00e8nes).<br><br>\u00ab Pour moi, c\u2019est un honneur. Je me sens enthousiasm\u00e9e. Une Journ\u00e9e de la paix sans les personnes handicap\u00e9es n\u2019aurait pas de sens. Nous avons \u00e9t\u00e9 victimes de toutes les guerres. La paix, on doit la vouloir, parce qu\u2019elle nous appartient. Vivons ensemble, malgr\u00e9 les p\u00e9rip\u00e9ties \u00bb, a-t-elle d\u00e9clar\u00e9.<br><br>Henriette Akyombo, coordinatrice de VIFEDE, a plaid\u00e9 pour une paix fond\u00e9e sur l\u2019inclusion sociale.<\/p>\n\n\n\n<figure class=\"wp-block-image size-large\"><img fetchpriority=\"high\" decoding=\"async\" width=\"966\" height=\"725\" src=\"https:\/\/lesvolcansnews.net\/wp-content\/uploads\/2025\/09\/17592649282924430628750709351865.jpg\" alt=\"\" class=\"wp-image-69856\" srcset=\"https:\/\/lesvolcansnews.net\/wp-content\/uploads\/2025\/09\/17592649282924430628750709351865.jpg 966w, https:\/\/lesvolcansnews.net\/wp-content\/uploads\/2025\/09\/17592649282924430628750709351865-300x225.jpg 300w, https:\/\/lesvolcansnews.net\/wp-content\/uploads\/2025\/09\/17592649282924430628750709351865-768x576.jpg 768w, https:\/\/lesvolcansnews.net\/wp-content\/uploads\/2025\/09\/17592649282924430628750709351865-760x570.jpg 760w\" sizes=\"(max-width: 966px) 100vw, 966px\" \/><figcaption class=\"wp-element-caption\"><em>Henriette Akyombo, coordinatrice de VIFEDE<\/em><\/figcaption><\/figure>\n\n\n\n<p>Dans une prise de parole, elle a introduit deux personnes handicap\u00e9es\u00a0un malvoyant et une sourde-muette\u00a0 pour \u00e9voquer la R\u00e9solution 1325 du Conseil de s\u00e9curit\u00e9 des Nations unies, relative aux femmes, \u00e0 la paix et \u00e0 la s\u00e9curit\u00e9.<br><br> \u00ab Les aveugles et les sourds sont aujourd\u2019hui capables de sensibiliser \u00e0 la R\u00e9solution 1325. C\u2019est la preuve que l\u2019inclusion est non seulement possible, mais n\u00e9cessaire dans les processus de paix \u00bb, a-t-elle soulign\u00e9.<\/p>\n\n\n\n<figure class=\"wp-block-image size-large\"><img decoding=\"async\" width=\"1008\" height=\"756\" src=\"https:\/\/lesvolcansnews.net\/wp-content\/uploads\/2025\/09\/img-20250930-wa06087142265637711627158.jpg\" alt=\"\" class=\"wp-image-69855\" srcset=\"https:\/\/lesvolcansnews.net\/wp-content\/uploads\/2025\/09\/img-20250930-wa06087142265637711627158.jpg 1008w, https:\/\/lesvolcansnews.net\/wp-content\/uploads\/2025\/09\/img-20250930-wa06087142265637711627158-300x225.jpg 300w, https:\/\/lesvolcansnews.net\/wp-content\/uploads\/2025\/09\/img-20250930-wa06087142265637711627158-768x576.jpg 768w, https:\/\/lesvolcansnews.net\/wp-content\/uploads\/2025\/09\/img-20250930-wa06087142265637711627158-760x570.jpg 760w\" sizes=\"(max-width: 1008px) 100vw, 1008px\" \/><figcaption class=\"wp-element-caption\"><em>Henriette Akyombo, coordinatrice de VIFEDE et Rachel, malvoyante<\/em><\/figcaption><\/figure>\n\n\n\n<p><br><br>Rachel, une femme malvoyante form\u00e9e par VIFEDE avec le soutien d\u2019ONU Femmes, a d\u2019ailleurs pr\u00e9sent\u00e9 une synth\u00e8se en braille de cette r\u00e9solution, d\u00e9montrant que la participation de tous est r\u00e9alisable.<br><br><br>Dans son mot d\u2019ouverture peu avant, Olivier Byamungu Bahati, coordinateur de la Team Peace Building DRC, a pr\u00e9sent\u00e9 cette structure comme une approche innovante visant \u00e0 f\u00e9d\u00e9rer les acteurs humanitaires et de d\u00e9veloppement autour de la paix.<br><br> \u00ab L\u2019objectif est d\u2019unir les efforts, de renforcer la coordination et d\u2019am\u00e9liorer l\u2019impact des interventions au Nord-Kivu. Nous voulons int\u00e9grer une culture de paix et une approche sensible aux conflits dans toutes les zones touch\u00e9es, y compris celles en post-conflit \u00bb, a-t-il pr\u00e9cis\u00e9.<br><br>Pour les organisateurs, cette journ\u00e9e a \u00e9t\u00e9 une occasion strat\u00e9gique de faire entendre les voix souvent oubli\u00e9es et de rappeler que la paix ne peut \u00eatre durable que si elle est inclusive.<\/p>\n\n\n\n<p><strong>Christian Kamalebo<\/strong><\/p>\n\n\n\n<p><\/p>\n","protected":false},"excerpt":{"rendered":"<p>La Journ\u00e9e internationale de la paix comm\u00e9mor\u00e9e chaque 21 septembre, a \u00e9t\u00e9 c\u00e9l\u00e9br\u00e9e ce mardi 30 septembre \u00e0 Goma, dans la province du Nord-Kivu. Sous le th\u00e8me \u00ab Agissons pour<\/p>\n","protected":false},"author":14,"featured_media":69854,"comment_status":"open","ping_status":"open","sticky":false,"template":"","format":"standard","meta":{"footnotes":""},"categories":[9],"tags":[],"class_list":["post-69857","post","type-post","status-publish","format-standard","has-post-thumbnail","hentry","category-societe"],"yoast_head":"<!-- This site is optimized with the Yoast SEO plugin v27.5 - https:\/\/yoast.com\/product\/yoast-seo-wordpress\/ -->\n<title>Goma : plusieurs ONG et VIFEDE c\u00e9l\u00e8brent la Journ\u00e9e de la paix sous le signe de l\u2019inclusion sociale - LES VOLCANS NEWS<\/title>\n<meta name=\"robots\" content=\"index, follow, max-snippet:-1, max-image-preview:large, max-video-preview:-1\" \/>\n<link rel=\"canonical\" href=\"https:\/\/lesvolcansnews.net\/?p=69857\" \/>\n<meta property=\"og:locale\" content=\"fr_FR\" \/>\n<meta property=\"og:type\" content=\"article\" \/>\n<meta property=\"og:title\" content=\"Goma : plusieurs ONG et VIFEDE c\u00e9l\u00e8brent la Journ\u00e9e de la paix sous le signe de l\u2019inclusion sociale - LES VOLCANS NEWS\" \/>\n<meta property=\"og:description\" content=\"La Journ\u00e9e internationale de la paix comm\u00e9mor\u00e9e chaque 21 septembre, a \u00e9t\u00e9 c\u00e9l\u00e9br\u00e9e ce mardi 30 septembre \u00e0 Goma, dans la province du Nord-Kivu. Sous le th\u00e8me \u00ab Agissons pour\" \/>\n<meta property=\"og:url\" content=\"https:\/\/lesvolcansnews.net\/?p=69857\" \/>\n<meta property=\"og:site_name\" content=\"LES VOLCANS NEWS\" \/>\n<meta property=\"article:published_time\" content=\"2025-09-30T20:47:55+00:00\" \/>\n<meta property=\"article:modified_time\" content=\"2025-10-01T07:36:01+00:00\" \/>\n<meta property=\"og:image\" content=\"https:\/\/lesvolcansnews.net\/wp-content\/uploads\/2025\/09\/IMG-20250930-WA0606.jpg\" \/>\n\t<meta property=\"og:image:width\" content=\"1008\" \/>\n\t<meta property=\"og:image:height\" content=\"756\" \/>\n\t<meta property=\"og:image:type\" content=\"image\/jpeg\" \/>\n<meta name=\"author\" content=\"R\u00e9daction - Les Volcans News\" \/>\n<meta name=\"twitter:card\" content=\"summary_large_image\" \/>\n<meta name=\"twitter:label1\" content=\"\u00c9crit par\" \/>\n\t<meta name=\"twitter:data1\" content=\"R\u00e9daction - Les Volcans News\" \/>\n\t<meta name=\"twitter:label2\" content=\"Dur\u00e9e de lecture estim\u00e9e\" \/>\n\t<meta name=\"twitter:data2\" content=\"3 minutes\" \/>\n<script type=\"application\/ld+json\" class=\"yoast-schema-graph\">{\"@context\":\"https:\\\/\\\/schema.org\",\"@graph\":[{\"@type\":\"Article\",\"@id\":\"https:\\\/\\\/lesvolcansnews.net\\\/?p=69857#article\",\"isPartOf\":{\"@id\":\"https:\\\/\\\/lesvolcansnews.net\\\/?p=69857\"},\"author\":{\"name\":\"R\u00e9daction - Les Volcans News\",\"@id\":\"https:\\\/\\\/lesvolcansnews.net\\\/#\\\/schema\\\/person\\\/82c8bed2e77879ecf6cca63441f57354\"},\"headline\":\"Goma : plusieurs ONG et VIFEDE c\u00e9l\u00e8brent la Journ\u00e9e de la paix sous le signe de l\u2019inclusion sociale\",\"datePublished\":\"2025-09-30T20:47:55+00:00\",\"dateModified\":\"2025-10-01T07:36:01+00:00\",\"mainEntityOfPage\":{\"@id\":\"https:\\\/\\\/lesvolcansnews.net\\\/?p=69857\"},\"wordCount\":633,\"commentCount\":0,\"image\":{\"@id\":\"https:\\\/\\\/lesvolcansnews.net\\\/?p=69857#primaryimage\"},\"thumbnailUrl\":\"https:\\\/\\\/lesvolcansnews.net\\\/wp-content\\\/uploads\\\/2025\\\/09\\\/IMG-20250930-WA0606.jpg\",\"articleSection\":[\"SOCIET\u00c9\"],\"inLanguage\":\"fr-FR\",\"potentialAction\":[{\"@type\":\"CommentAction\",\"name\":\"Comment\",\"target\":[\"https:\\\/\\\/lesvolcansnews.net\\\/?p=69857#respond\"]}]},{\"@type\":\"WebPage\",\"@id\":\"https:\\\/\\\/lesvolcansnews.net\\\/?p=69857\",\"url\":\"https:\\\/\\\/lesvolcansnews.net\\\/?p=69857\",\"name\":\"Goma : plusieurs ONG et VIFEDE c\u00e9l\u00e8brent la Journ\u00e9e de la paix sous le signe de l\u2019inclusion sociale - LES VOLCANS NEWS\",\"isPartOf\":{\"@id\":\"https:\\\/\\\/lesvolcansnews.net\\\/#website\"},\"primaryImageOfPage\":{\"@id\":\"https:\\\/\\\/lesvolcansnews.net\\\/?p=69857#primaryimage\"},\"image\":{\"@id\":\"https:\\\/\\\/lesvolcansnews.net\\\/?p=69857#primaryimage\"},\"thumbnailUrl\":\"https:\\\/\\\/lesvolcansnews.net\\\/wp-content\\\/uploads\\\/2025\\\/09\\\/IMG-20250930-WA0606.jpg\",\"datePublished\":\"2025-09-30T20:47:55+00:00\",\"dateModified\":\"2025-10-01T07:36:01+00:00\",\"author\":{\"@id\":\"https:\\\/\\\/lesvolcansnews.net\\\/#\\\/schema\\\/person\\\/82c8bed2e77879ecf6cca63441f57354\"},\"breadcrumb\":{\"@id\":\"https:\\\/\\\/lesvolcansnews.net\\\/?p=69857#breadcrumb\"},\"inLanguage\":\"fr-FR\",\"potentialAction\":[{\"@type\":\"ReadAction\",\"target\":[\"https:\\\/\\\/lesvolcansnews.net\\\/?p=69857\"]}]},{\"@type\":\"ImageObject\",\"inLanguage\":\"fr-FR\",\"@id\":\"https:\\\/\\\/lesvolcansnews.net\\\/?p=69857#primaryimage\",\"url\":\"https:\\\/\\\/lesvolcansnews.net\\\/wp-content\\\/uploads\\\/2025\\\/09\\\/IMG-20250930-WA0606.jpg\",\"contentUrl\":\"https:\\\/\\\/lesvolcansnews.net\\\/wp-content\\\/uploads\\\/2025\\\/09\\\/IMG-20250930-WA0606.jpg\",\"width\":1008,\"height\":756},{\"@type\":\"BreadcrumbList\",\"@id\":\"https:\\\/\\\/lesvolcansnews.net\\\/?p=69857#breadcrumb\",\"itemListElement\":[{\"@type\":\"ListItem\",\"position\":1,\"name\":\"Accueil\",\"item\":\"https:\\\/\\\/lesvolcansnews.net\\\/\"},{\"@type\":\"ListItem\",\"position\":2,\"name\":\"Goma : plusieurs ONG et VIFEDE c\u00e9l\u00e8brent la Journ\u00e9e de la paix sous le signe de l\u2019inclusion sociale\"}]},{\"@type\":\"WebSite\",\"@id\":\"https:\\\/\\\/lesvolcansnews.net\\\/#website\",\"url\":\"https:\\\/\\\/lesvolcansnews.net\\\/\",\"name\":\"LES VOLCANS NEWS\",\"description\":\"L&#039;INFORMATION C&#039;EST NOUS\",\"potentialAction\":[{\"@type\":\"SearchAction\",\"target\":{\"@type\":\"EntryPoint\",\"urlTemplate\":\"https:\\\/\\\/lesvolcansnews.net\\\/?s={search_term_string}\"},\"query-input\":{\"@type\":\"PropertyValueSpecification\",\"valueRequired\":true,\"valueName\":\"search_term_string\"}}],\"inLanguage\":\"fr-FR\"},{\"@type\":\"Person\",\"@id\":\"https:\\\/\\\/lesvolcansnews.net\\\/#\\\/schema\\\/person\\\/82c8bed2e77879ecf6cca63441f57354\",\"name\":\"R\u00e9daction - Les Volcans News\",\"image\":{\"@type\":\"ImageObject\",\"inLanguage\":\"fr-FR\",\"@id\":\"https:\\\/\\\/secure.gravatar.com\\\/avatar\\\/8408942dd851e8a9c09f3d382a661bc05d2b3cd9002139bc1795b9528cdc6c80?s=96&d=mm&r=g\",\"url\":\"https:\\\/\\\/secure.gravatar.com\\\/avatar\\\/8408942dd851e8a9c09f3d382a661bc05d2b3cd9002139bc1795b9528cdc6c80?s=96&d=mm&r=g\",\"contentUrl\":\"https:\\\/\\\/secure.gravatar.com\\\/avatar\\\/8408942dd851e8a9c09f3d382a661bc05d2b3cd9002139bc1795b9528cdc6c80?s=96&d=mm&r=g\",\"caption\":\"R\u00e9daction - Les Volcans News\"},\"url\":\"https:\\\/\\\/lesvolcansnews.net\\\/?author=14\"}]}<\/script>\n<!-- \/ Yoast SEO plugin. -->","yoast_head_json":{"title":"Goma : plusieurs ONG et VIFEDE c\u00e9l\u00e8brent la Journ\u00e9e de la paix sous le signe de l\u2019inclusion sociale - LES VOLCANS NEWS","robots":{"index":"index","follow":"follow","max-snippet":"max-snippet:-1","max-image-preview":"max-image-preview:large","max-video-preview":"max-video-preview:-1"},"canonical":"https:\/\/lesvolcansnews.net\/?p=69857","og_locale":"fr_FR","og_type":"article","og_title":"Goma : plusieurs ONG et VIFEDE c\u00e9l\u00e8brent la Journ\u00e9e de la paix sous le signe de l\u2019inclusion sociale - LES VOLCANS NEWS","og_description":"La Journ\u00e9e internationale de la paix comm\u00e9mor\u00e9e chaque 21 septembre, a \u00e9t\u00e9 c\u00e9l\u00e9br\u00e9e ce mardi 30 septembre \u00e0 Goma, dans la province du Nord-Kivu. Sous le th\u00e8me \u00ab Agissons pour","og_url":"https:\/\/lesvolcansnews.net\/?p=69857","og_site_name":"LES VOLCANS NEWS","article_published_time":"2025-09-30T20:47:55+00:00","article_modified_time":"2025-10-01T07:36:01+00:00","og_image":[{"width":1008,"height":756,"url":"https:\/\/lesvolcansnews.net\/wp-content\/uploads\/2025\/09\/IMG-20250930-WA0606.jpg","type":"image\/jpeg"}],"author":"R\u00e9daction - Les Volcans News","twitter_card":"summary_large_image","twitter_misc":{"\u00c9crit par":"R\u00e9daction - Les Volcans News","Dur\u00e9e de lecture estim\u00e9e":"3 minutes"},"schema":{"@context":"https:\/\/schema.org","@graph":[{"@type":"Article","@id":"https:\/\/lesvolcansnews.net\/?p=69857#article","isPartOf":{"@id":"https:\/\/lesvolcansnews.net\/?p=69857"},"author":{"name":"R\u00e9daction - Les Volcans News","@id":"https:\/\/lesvolcansnews.net\/#\/schema\/person\/82c8bed2e77879ecf6cca63441f57354"},"headline":"Goma : plusieurs ONG et VIFEDE c\u00e9l\u00e8brent la Journ\u00e9e de la paix sous le signe de l\u2019inclusion sociale","datePublished":"2025-09-30T20:47:55+00:00","dateModified":"2025-10-01T07:36:01+00:00","mainEntityOfPage":{"@id":"https:\/\/lesvolcansnews.net\/?p=69857"},"wordCount":633,"commentCount":0,"image":{"@id":"https:\/\/lesvolcansnews.net\/?p=69857#primaryimage"},"thumbnailUrl":"https:\/\/lesvolcansnews.net\/wp-content\/uploads\/2025\/09\/IMG-20250930-WA0606.jpg","articleSection":["SOCIET\u00c9"],"inLanguage":"fr-FR","potentialAction":[{"@type":"CommentAction","name":"Comment","target":["https:\/\/lesvolcansnews.net\/?p=69857#respond"]}]},{"@type":"WebPage","@id":"https:\/\/lesvolcansnews.net\/?p=69857","url":"https:\/\/lesvolcansnews.net\/?p=69857","name":"Goma : plusieurs ONG et VIFEDE c\u00e9l\u00e8brent la Journ\u00e9e de la paix sous le signe de l\u2019inclusion sociale - LES VOLCANS NEWS","isPartOf":{"@id":"https:\/\/lesvolcansnews.net\/#website"},"primaryImageOfPage":{"@id":"https:\/\/lesvolcansnews.net\/?p=69857#primaryimage"},"image":{"@id":"https:\/\/lesvolcansnews.net\/?p=69857#primaryimage"},"thumbnailUrl":"https:\/\/lesvolcansnews.net\/wp-content\/uploads\/2025\/09\/IMG-20250930-WA0606.jpg","datePublished":"2025-09-30T20:47:55+00:00","dateModified":"2025-10-01T07:36:01+00:00","author":{"@id":"https:\/\/lesvolcansnews.net\/#\/schema\/person\/82c8bed2e77879ecf6cca63441f57354"},"breadcrumb":{"@id":"https:\/\/lesvolcansnews.net\/?p=69857#breadcrumb"},"inLanguage":"fr-FR","potentialAction":[{"@type":"ReadAction","target":["https:\/\/lesvolcansnews.net\/?p=69857"]}]},{"@type":"ImageObject","inLanguage":"fr-FR","@id":"https:\/\/lesvolcansnews.net\/?p=69857#primaryimage","url":"https:\/\/lesvolcansnews.net\/wp-content\/uploads\/2025\/09\/IMG-20250930-WA0606.jpg","contentUrl":"https:\/\/lesvolcansnews.net\/wp-content\/uploads\/2025\/09\/IMG-20250930-WA0606.jpg","width":1008,"height":756},{"@type":"BreadcrumbList","@id":"https:\/\/lesvolcansnews.net\/?p=69857#breadcrumb","itemListElement":[{"@type":"ListItem","position":1,"name":"Accueil","item":"https:\/\/lesvolcansnews.net\/"},{"@type":"ListItem","position":2,"name":"Goma : plusieurs ONG et VIFEDE c\u00e9l\u00e8brent la Journ\u00e9e de la paix sous le signe de l\u2019inclusion sociale"}]},{"@type":"WebSite","@id":"https:\/\/lesvolcansnews.net\/#website","url":"https:\/\/lesvolcansnews.net\/","name":"LES VOLCANS NEWS","description":"L&#039;INFORMATION C&#039;EST NOUS","potentialAction":[{"@type":"SearchAction","target":{"@type":"EntryPoint","urlTemplate":"https:\/\/lesvolcansnews.net\/?s={search_term_string}"},"query-input":{"@type":"PropertyValueSpecification","valueRequired":true,"valueName":"search_term_string"}}],"inLanguage":"fr-FR"},{"@type":"Person","@id":"https:\/\/lesvolcansnews.net\/#\/schema\/person\/82c8bed2e77879ecf6cca63441f57354","name":"R\u00e9daction - Les Volcans News","image":{"@type":"ImageObject","inLanguage":"fr-FR","@id":"https:\/\/secure.gravatar.com\/avatar\/8408942dd851e8a9c09f3d382a661bc05d2b3cd9002139bc1795b9528cdc6c80?s=96&d=mm&r=g","url":"https:\/\/secure.gravatar.com\/avatar\/8408942dd851e8a9c09f3d382a661bc05d2b3cd9002139bc1795b9528cdc6c80?s=96&d=mm&r=g","contentUrl":"https:\/\/secure.gravatar.com\/avatar\/8408942dd851e8a9c09f3d382a661bc05d2b3cd9002139bc1795b9528cdc6c80?s=96&d=mm&r=g","caption":"R\u00e9daction - Les Volcans News"},"url":"https:\/\/lesvolcansnews.net\/?author=14"}]}},"_links":{"self":[{"href":"https:\/\/lesvolcansnews.net\/index.php?rest_route=\/wp\/v2\/posts\/69857","targetHints":{"allow":["GET"]}}],"collection":[{"href":"https:\/\/lesvolcansnews.net\/index.php?rest_route=\/wp\/v2\/posts"}],"about":[{"href":"https:\/\/lesvolcansnews.net\/index.php?rest_route=\/wp\/v2\/types\/post"}],"author":[{"embeddable":true,"href":"https:\/\/lesvolcansnews.net\/index.php?rest_route=\/wp\/v2\/users\/14"}],"replies":[{"embeddable":true,"href":"https:\/\/lesvolcansnews.net\/index.php?rest_route=%2Fwp%2Fv2%2Fcomments&post=69857"}],"version-history":[{"count":2,"href":"https:\/\/lesvolcansnews.net\/index.php?rest_route=\/wp\/v2\/posts\/69857\/revisions"}],"predecessor-version":[{"id":69859,"href":"https:\/\/lesvolcansnews.net\/index.php?rest_route=\/wp\/v2\/posts\/69857\/revisions\/69859"}],"wp:featuredmedia":[{"embeddable":true,"href":"https:\/\/lesvolcansnews.net\/index.php?rest_route=\/wp\/v2\/media\/69854"}],"wp:attachment":[{"href":"https:\/\/lesvolcansnews.net\/index.php?rest_route=%2Fwp%2Fv2%2Fmedia&parent=69857"}],"wp:term":[{"taxonomy":"category","embeddable":true,"href":"https:\/\/lesvolcansnews.net\/index.php?rest_route=%2Fwp%2Fv2%2Fcategories&post=69857"},{"taxonomy":"post_tag","embeddable":true,"href":"https:\/\/lesvolcansnews.net\/index.php?rest_route=%2Fwp%2Fv2%2Ftags&post=69857"}],"curies":[{"name":"wp","href":"https:\/\/api.w.org\/{rel}","templated":true}]}}