{"id":69850,"date":"2025-09-30T21:12:01","date_gmt":"2025-09-30T19:12:01","guid":{"rendered":"https:\/\/lesvolcansnews.net\/?p=69850"},"modified":"2025-09-30T21:12:01","modified_gmt":"2025-09-30T19:12:01","slug":"kinshasa-le-gouverneur-daniel-bumba-somme-de-sexpliquer-devant-lassemblee-provinciale","status":"publish","type":"post","link":"https:\/\/lesvolcansnews.net\/?p=69850","title":{"rendered":"Kinshasa: Le gouverneur Daniel Bumba somm\u00e9 de s\u2019expliquer devant l\u2019Assembl\u00e9e provinciale"},"content":{"rendered":"<p><strong>\u00a0Le gouverneur de la ville de Kinshasa, Daniel Bumba, est d\u00e9sormais dans le viseur de l\u2019Assembl\u00e9e provinciale, o\u00f9 il devra r\u00e9pondre \u00e0 une question orale avec d\u00e9bat initi\u00e9e par le d\u00e9put\u00e9 Aubin Makanu Isukama. L\u2019\u00e9lu de la capitale congolaise accuse le chef de l\u2019ex\u00e9cutif provincial de graves manquements dans la gestion des finances publiques et d\u2019une gouvernance jug\u00e9e &#8220;opaque&#8221; et &#8220;inefficace&#8221;.<\/strong><\/p>\n<p><strong>D<\/strong>ans sa lettre d\u00e9pos\u00e9e ce mardi au bureau de l\u2019Assembl\u00e9e provinciale de Kinshasa (APK), l\u2019\u00e9lu d\u00e9nonce la chute drastique des recettes de la ville :<\/p>\n<p><em>\u00ab La Direction g\u00e9n\u00e9rale des Recettes de Kinshasa (DGRK), autrefois capable de mobiliser pr\u00e8s de 5 millions de dollars par mois, ne g\u00e9n\u00e8re plus qu\u2019environ 2 millions depuis l\u2019arriv\u00e9e du gouverneur \u00bb,<\/em> a-t-il affirm\u00e9.<\/p>\n<p>Parmi les griefs d\u00e9taill\u00e9s dans la question orale figurent :<\/p>\n<p>L\u2019absence de transparence autour de la taxe d\u2019embarquement de 5 dollars per\u00e7ue \u00e0 l\u2019a\u00e9roport international de N\u2019djili, ainsi que celle de stationnement, dont les revenus ne seraient pas retrac\u00e9s dans le tr\u00e9sor de la ville; la mauvaise gestion des march\u00e9s publics, qualifi\u00e9s de \u00ab foyers d\u2019insalubrit\u00e9 \u00bb, et l\u2019incertitude persistante sur la r\u00e9ouverture du march\u00e9 central, ferm\u00e9 depuis des ann\u00e9es pour travaux,des arri\u00e9r\u00e9s de salaire accumul\u00e9s au sein des services provinciaux, avec pour cons\u00e9quence une chute de productivit\u00e9 et une hausse des fraudes, la gestion non-ma\u00eetris\u00e9e des contribuables, rendant inefficace la perception des taxes et imp\u00f4ts dus \u00e0 la ville,la signature de plusieurs march\u00e9s publics de gr\u00e9 \u00e0 gr\u00e9, sans appel d\u2019offres, en violation des proc\u00e9dures de bonne gouvernance,la gestion floue des biens immobiliers de la ville, ainsi qu\u2019une taxe de consommation dont la destination des fonds reste obscure.<\/p>\n<p>Cette interpellation du gouverneur survient en pleine ouverture de la session budg\u00e9taire de septembre \u00e0 l\u2019APK. Une p\u00e9riode strat\u00e9gique, alors que la situation \u00e9conomique de Kinshasa demeure pr\u00e9occupante, selon plusieurs \u00e9lus.<\/p>\n<p>Aubin Makanu, dans un ton amer, r\u00e9sume ainsi le sentiment g\u00e9n\u00e9ral :<\/p>\n<p><em>\u00ab Les Kinois continuent \u00e0 vivre dans l\u2019incertitude de retrouver leurs activit\u00e9s dans ce centre commercial strat\u00e9gique \u00bb,<\/em> a-t-il regrett\u00e9 en parlant du march\u00e9 central.<\/p>\n<p>L&#8217;interpellation du gouverneur pourrait marquer un tournant politique dans la gestion de la capitale congolaise. Accus\u00e9 de contre-performance, opacit\u00e9 budg\u00e9taire, et n\u00e9gligence sociale, Daniel Bumba devra convaincre les d\u00e9put\u00e9s provinciaux de la l\u00e9gitimit\u00e9 et de l\u2019efficacit\u00e9 de son action.<\/p>\n<p>La date de sa comparution devant l\u2019Assembl\u00e9e provinciale n\u2019a pas encore \u00e9t\u00e9 fix\u00e9e.<\/p>\n<p>Clovis Ali<\/p>\n","protected":false},"excerpt":{"rendered":"<p>\u00a0Le gouverneur de la ville de Kinshasa, Daniel Bumba, est d\u00e9sormais dans le viseur de l\u2019Assembl\u00e9e provinciale, o\u00f9 il devra r\u00e9pondre \u00e0 une question orale avec d\u00e9bat initi\u00e9e par le<\/p>\n","protected":false},"author":14,"featured_media":69851,"comment_status":"open","ping_status":"open","sticky":false,"template":"","format":"standard","meta":{"footnotes":""},"categories":[1],"tags":[],"class_list":["post-69850","post","type-post","status-publish","format-standard","has-post-thumbnail","hentry","category-actualite"],"yoast_head":"<!-- This site is optimized with the Yoast SEO plugin v27.5 - https:\/\/yoast.com\/product\/yoast-seo-wordpress\/ -->\n<title>Kinshasa: Le gouverneur Daniel Bumba somm\u00e9 de s\u2019expliquer devant l\u2019Assembl\u00e9e provinciale - LES VOLCANS NEWS<\/title>\n<meta name=\"robots\" content=\"index, follow, max-snippet:-1, max-image-preview:large, max-video-preview:-1\" \/>\n<link rel=\"canonical\" href=\"https:\/\/lesvolcansnews.net\/?p=69850\" \/>\n<meta property=\"og:locale\" content=\"fr_FR\" \/>\n<meta property=\"og:type\" content=\"article\" \/>\n<meta property=\"og:title\" content=\"Kinshasa: Le gouverneur Daniel Bumba somm\u00e9 de s\u2019expliquer devant l\u2019Assembl\u00e9e provinciale - LES VOLCANS NEWS\" \/>\n<meta property=\"og:description\" content=\"\u00a0Le gouverneur de la ville de Kinshasa, Daniel Bumba, est d\u00e9sormais dans le viseur de l\u2019Assembl\u00e9e provinciale, o\u00f9 il devra r\u00e9pondre \u00e0 une question orale avec d\u00e9bat initi\u00e9e par le\" \/>\n<meta property=\"og:url\" content=\"https:\/\/lesvolcansnews.net\/?p=69850\" \/>\n<meta property=\"og:site_name\" content=\"LES VOLCANS NEWS\" \/>\n<meta property=\"article:published_time\" content=\"2025-09-30T19:12:01+00:00\" \/>\n<meta property=\"og:image\" content=\"https:\/\/lesvolcansnews.net\/wp-content\/uploads\/2025\/09\/G2GWMeDXUAAIjWk-1.jpeg\" \/>\n\t<meta property=\"og:image:width\" content=\"1080\" \/>\n\t<meta property=\"og:image:height\" content=\"719\" \/>\n\t<meta property=\"og:image:type\" content=\"image\/jpeg\" \/>\n<meta name=\"author\" content=\"R\u00e9daction - Les Volcans News\" \/>\n<meta name=\"twitter:card\" content=\"summary_large_image\" \/>\n<meta name=\"twitter:label1\" content=\"\u00c9crit par\" \/>\n\t<meta name=\"twitter:data1\" content=\"R\u00e9daction - Les Volcans News\" \/>\n\t<meta name=\"twitter:label2\" content=\"Dur\u00e9e de lecture estim\u00e9e\" \/>\n\t<meta name=\"twitter:data2\" content=\"2 minutes\" \/>\n<script type=\"application\/ld+json\" class=\"yoast-schema-graph\">{\"@context\":\"https:\\\/\\\/schema.org\",\"@graph\":[{\"@type\":\"Article\",\"@id\":\"https:\\\/\\\/lesvolcansnews.net\\\/?p=69850#article\",\"isPartOf\":{\"@id\":\"https:\\\/\\\/lesvolcansnews.net\\\/?p=69850\"},\"author\":{\"name\":\"R\u00e9daction - Les Volcans News\",\"@id\":\"https:\\\/\\\/lesvolcansnews.net\\\/#\\\/schema\\\/person\\\/82c8bed2e77879ecf6cca63441f57354\"},\"headline\":\"Kinshasa: Le gouverneur Daniel Bumba somm\u00e9 de s\u2019expliquer devant l\u2019Assembl\u00e9e provinciale\",\"datePublished\":\"2025-09-30T19:12:01+00:00\",\"mainEntityOfPage\":{\"@id\":\"https:\\\/\\\/lesvolcansnews.net\\\/?p=69850\"},\"wordCount\":465,\"commentCount\":0,\"image\":{\"@id\":\"https:\\\/\\\/lesvolcansnews.net\\\/?p=69850#primaryimage\"},\"thumbnailUrl\":\"https:\\\/\\\/lesvolcansnews.net\\\/wp-content\\\/uploads\\\/2025\\\/09\\\/G2GWMeDXUAAIjWk-1.jpeg\",\"articleSection\":[\"ACTUALIT\u00c9\"],\"inLanguage\":\"fr-FR\",\"potentialAction\":[{\"@type\":\"CommentAction\",\"name\":\"Comment\",\"target\":[\"https:\\\/\\\/lesvolcansnews.net\\\/?p=69850#respond\"]}]},{\"@type\":\"WebPage\",\"@id\":\"https:\\\/\\\/lesvolcansnews.net\\\/?p=69850\",\"url\":\"https:\\\/\\\/lesvolcansnews.net\\\/?p=69850\",\"name\":\"Kinshasa: Le gouverneur Daniel Bumba somm\u00e9 de s\u2019expliquer devant l\u2019Assembl\u00e9e provinciale - LES VOLCANS NEWS\",\"isPartOf\":{\"@id\":\"https:\\\/\\\/lesvolcansnews.net\\\/#website\"},\"primaryImageOfPage\":{\"@id\":\"https:\\\/\\\/lesvolcansnews.net\\\/?p=69850#primaryimage\"},\"image\":{\"@id\":\"https:\\\/\\\/lesvolcansnews.net\\\/?p=69850#primaryimage\"},\"thumbnailUrl\":\"https:\\\/\\\/lesvolcansnews.net\\\/wp-content\\\/uploads\\\/2025\\\/09\\\/G2GWMeDXUAAIjWk-1.jpeg\",\"datePublished\":\"2025-09-30T19:12:01+00:00\",\"author\":{\"@id\":\"https:\\\/\\\/lesvolcansnews.net\\\/#\\\/schema\\\/person\\\/82c8bed2e77879ecf6cca63441f57354\"},\"breadcrumb\":{\"@id\":\"https:\\\/\\\/lesvolcansnews.net\\\/?p=69850#breadcrumb\"},\"inLanguage\":\"fr-FR\",\"potentialAction\":[{\"@type\":\"ReadAction\",\"target\":[\"https:\\\/\\\/lesvolcansnews.net\\\/?p=69850\"]}]},{\"@type\":\"ImageObject\",\"inLanguage\":\"fr-FR\",\"@id\":\"https:\\\/\\\/lesvolcansnews.net\\\/?p=69850#primaryimage\",\"url\":\"https:\\\/\\\/lesvolcansnews.net\\\/wp-content\\\/uploads\\\/2025\\\/09\\\/G2GWMeDXUAAIjWk-1.jpeg\",\"contentUrl\":\"https:\\\/\\\/lesvolcansnews.net\\\/wp-content\\\/uploads\\\/2025\\\/09\\\/G2GWMeDXUAAIjWk-1.jpeg\",\"width\":1080,\"height\":719},{\"@type\":\"BreadcrumbList\",\"@id\":\"https:\\\/\\\/lesvolcansnews.net\\\/?p=69850#breadcrumb\",\"itemListElement\":[{\"@type\":\"ListItem\",\"position\":1,\"name\":\"Accueil\",\"item\":\"https:\\\/\\\/lesvolcansnews.net\\\/\"},{\"@type\":\"ListItem\",\"position\":2,\"name\":\"Kinshasa: Le gouverneur Daniel Bumba somm\u00e9 de s\u2019expliquer devant l\u2019Assembl\u00e9e provinciale\"}]},{\"@type\":\"WebSite\",\"@id\":\"https:\\\/\\\/lesvolcansnews.net\\\/#website\",\"url\":\"https:\\\/\\\/lesvolcansnews.net\\\/\",\"name\":\"LES VOLCANS NEWS\",\"description\":\"L&#039;INFORMATION C&#039;EST NOUS\",\"potentialAction\":[{\"@type\":\"SearchAction\",\"target\":{\"@type\":\"EntryPoint\",\"urlTemplate\":\"https:\\\/\\\/lesvolcansnews.net\\\/?s={search_term_string}\"},\"query-input\":{\"@type\":\"PropertyValueSpecification\",\"valueRequired\":true,\"valueName\":\"search_term_string\"}}],\"inLanguage\":\"fr-FR\"},{\"@type\":\"Person\",\"@id\":\"https:\\\/\\\/lesvolcansnews.net\\\/#\\\/schema\\\/person\\\/82c8bed2e77879ecf6cca63441f57354\",\"name\":\"R\u00e9daction - Les Volcans News\",\"image\":{\"@type\":\"ImageObject\",\"inLanguage\":\"fr-FR\",\"@id\":\"https:\\\/\\\/secure.gravatar.com\\\/avatar\\\/8408942dd851e8a9c09f3d382a661bc05d2b3cd9002139bc1795b9528cdc6c80?s=96&d=mm&r=g\",\"url\":\"https:\\\/\\\/secure.gravatar.com\\\/avatar\\\/8408942dd851e8a9c09f3d382a661bc05d2b3cd9002139bc1795b9528cdc6c80?s=96&d=mm&r=g\",\"contentUrl\":\"https:\\\/\\\/secure.gravatar.com\\\/avatar\\\/8408942dd851e8a9c09f3d382a661bc05d2b3cd9002139bc1795b9528cdc6c80?s=96&d=mm&r=g\",\"caption\":\"R\u00e9daction - Les Volcans News\"},\"url\":\"https:\\\/\\\/lesvolcansnews.net\\\/?author=14\"}]}<\/script>\n<!-- \/ Yoast SEO plugin. -->","yoast_head_json":{"title":"Kinshasa: Le gouverneur Daniel Bumba somm\u00e9 de s\u2019expliquer devant l\u2019Assembl\u00e9e provinciale - LES VOLCANS NEWS","robots":{"index":"index","follow":"follow","max-snippet":"max-snippet:-1","max-image-preview":"max-image-preview:large","max-video-preview":"max-video-preview:-1"},"canonical":"https:\/\/lesvolcansnews.net\/?p=69850","og_locale":"fr_FR","og_type":"article","og_title":"Kinshasa: Le gouverneur Daniel Bumba somm\u00e9 de s\u2019expliquer devant l\u2019Assembl\u00e9e provinciale - LES VOLCANS NEWS","og_description":"\u00a0Le gouverneur de la ville de Kinshasa, Daniel Bumba, est d\u00e9sormais dans le viseur de l\u2019Assembl\u00e9e provinciale, o\u00f9 il devra r\u00e9pondre \u00e0 une question orale avec d\u00e9bat initi\u00e9e par le","og_url":"https:\/\/lesvolcansnews.net\/?p=69850","og_site_name":"LES VOLCANS NEWS","article_published_time":"2025-09-30T19:12:01+00:00","og_image":[{"width":1080,"height":719,"url":"https:\/\/lesvolcansnews.net\/wp-content\/uploads\/2025\/09\/G2GWMeDXUAAIjWk-1.jpeg","type":"image\/jpeg"}],"author":"R\u00e9daction - Les Volcans News","twitter_card":"summary_large_image","twitter_misc":{"\u00c9crit par":"R\u00e9daction - Les Volcans News","Dur\u00e9e de lecture estim\u00e9e":"2 minutes"},"schema":{"@context":"https:\/\/schema.org","@graph":[{"@type":"Article","@id":"https:\/\/lesvolcansnews.net\/?p=69850#article","isPartOf":{"@id":"https:\/\/lesvolcansnews.net\/?p=69850"},"author":{"name":"R\u00e9daction - Les Volcans News","@id":"https:\/\/lesvolcansnews.net\/#\/schema\/person\/82c8bed2e77879ecf6cca63441f57354"},"headline":"Kinshasa: Le gouverneur Daniel Bumba somm\u00e9 de s\u2019expliquer devant l\u2019Assembl\u00e9e provinciale","datePublished":"2025-09-30T19:12:01+00:00","mainEntityOfPage":{"@id":"https:\/\/lesvolcansnews.net\/?p=69850"},"wordCount":465,"commentCount":0,"image":{"@id":"https:\/\/lesvolcansnews.net\/?p=69850#primaryimage"},"thumbnailUrl":"https:\/\/lesvolcansnews.net\/wp-content\/uploads\/2025\/09\/G2GWMeDXUAAIjWk-1.jpeg","articleSection":["ACTUALIT\u00c9"],"inLanguage":"fr-FR","potentialAction":[{"@type":"CommentAction","name":"Comment","target":["https:\/\/lesvolcansnews.net\/?p=69850#respond"]}]},{"@type":"WebPage","@id":"https:\/\/lesvolcansnews.net\/?p=69850","url":"https:\/\/lesvolcansnews.net\/?p=69850","name":"Kinshasa: Le gouverneur Daniel Bumba somm\u00e9 de s\u2019expliquer devant l\u2019Assembl\u00e9e provinciale - LES VOLCANS NEWS","isPartOf":{"@id":"https:\/\/lesvolcansnews.net\/#website"},"primaryImageOfPage":{"@id":"https:\/\/lesvolcansnews.net\/?p=69850#primaryimage"},"image":{"@id":"https:\/\/lesvolcansnews.net\/?p=69850#primaryimage"},"thumbnailUrl":"https:\/\/lesvolcansnews.net\/wp-content\/uploads\/2025\/09\/G2GWMeDXUAAIjWk-1.jpeg","datePublished":"2025-09-30T19:12:01+00:00","author":{"@id":"https:\/\/lesvolcansnews.net\/#\/schema\/person\/82c8bed2e77879ecf6cca63441f57354"},"breadcrumb":{"@id":"https:\/\/lesvolcansnews.net\/?p=69850#breadcrumb"},"inLanguage":"fr-FR","potentialAction":[{"@type":"ReadAction","target":["https:\/\/lesvolcansnews.net\/?p=69850"]}]},{"@type":"ImageObject","inLanguage":"fr-FR","@id":"https:\/\/lesvolcansnews.net\/?p=69850#primaryimage","url":"https:\/\/lesvolcansnews.net\/wp-content\/uploads\/2025\/09\/G2GWMeDXUAAIjWk-1.jpeg","contentUrl":"https:\/\/lesvolcansnews.net\/wp-content\/uploads\/2025\/09\/G2GWMeDXUAAIjWk-1.jpeg","width":1080,"height":719},{"@type":"BreadcrumbList","@id":"https:\/\/lesvolcansnews.net\/?p=69850#breadcrumb","itemListElement":[{"@type":"ListItem","position":1,"name":"Accueil","item":"https:\/\/lesvolcansnews.net\/"},{"@type":"ListItem","position":2,"name":"Kinshasa: Le gouverneur Daniel Bumba somm\u00e9 de s\u2019expliquer devant l\u2019Assembl\u00e9e provinciale"}]},{"@type":"WebSite","@id":"https:\/\/lesvolcansnews.net\/#website","url":"https:\/\/lesvolcansnews.net\/","name":"LES VOLCANS NEWS","description":"L&#039;INFORMATION C&#039;EST NOUS","potentialAction":[{"@type":"SearchAction","target":{"@type":"EntryPoint","urlTemplate":"https:\/\/lesvolcansnews.net\/?s={search_term_string}"},"query-input":{"@type":"PropertyValueSpecification","valueRequired":true,"valueName":"search_term_string"}}],"inLanguage":"fr-FR"},{"@type":"Person","@id":"https:\/\/lesvolcansnews.net\/#\/schema\/person\/82c8bed2e77879ecf6cca63441f57354","name":"R\u00e9daction - Les Volcans News","image":{"@type":"ImageObject","inLanguage":"fr-FR","@id":"https:\/\/secure.gravatar.com\/avatar\/8408942dd851e8a9c09f3d382a661bc05d2b3cd9002139bc1795b9528cdc6c80?s=96&d=mm&r=g","url":"https:\/\/secure.gravatar.com\/avatar\/8408942dd851e8a9c09f3d382a661bc05d2b3cd9002139bc1795b9528cdc6c80?s=96&d=mm&r=g","contentUrl":"https:\/\/secure.gravatar.com\/avatar\/8408942dd851e8a9c09f3d382a661bc05d2b3cd9002139bc1795b9528cdc6c80?s=96&d=mm&r=g","caption":"R\u00e9daction - Les Volcans News"},"url":"https:\/\/lesvolcansnews.net\/?author=14"}]}},"_links":{"self":[{"href":"https:\/\/lesvolcansnews.net\/index.php?rest_route=\/wp\/v2\/posts\/69850","targetHints":{"allow":["GET"]}}],"collection":[{"href":"https:\/\/lesvolcansnews.net\/index.php?rest_route=\/wp\/v2\/posts"}],"about":[{"href":"https:\/\/lesvolcansnews.net\/index.php?rest_route=\/wp\/v2\/types\/post"}],"author":[{"embeddable":true,"href":"https:\/\/lesvolcansnews.net\/index.php?rest_route=\/wp\/v2\/users\/14"}],"replies":[{"embeddable":true,"href":"https:\/\/lesvolcansnews.net\/index.php?rest_route=%2Fwp%2Fv2%2Fcomments&post=69850"}],"version-history":[{"count":1,"href":"https:\/\/lesvolcansnews.net\/index.php?rest_route=\/wp\/v2\/posts\/69850\/revisions"}],"predecessor-version":[{"id":69852,"href":"https:\/\/lesvolcansnews.net\/index.php?rest_route=\/wp\/v2\/posts\/69850\/revisions\/69852"}],"wp:featuredmedia":[{"embeddable":true,"href":"https:\/\/lesvolcansnews.net\/index.php?rest_route=\/wp\/v2\/media\/69851"}],"wp:attachment":[{"href":"https:\/\/lesvolcansnews.net\/index.php?rest_route=%2Fwp%2Fv2%2Fmedia&parent=69850"}],"wp:term":[{"taxonomy":"category","embeddable":true,"href":"https:\/\/lesvolcansnews.net\/index.php?rest_route=%2Fwp%2Fv2%2Fcategories&post=69850"},{"taxonomy":"post_tag","embeddable":true,"href":"https:\/\/lesvolcansnews.net\/index.php?rest_route=%2Fwp%2Fv2%2Ftags&post=69850"}],"curies":[{"name":"wp","href":"https:\/\/api.w.org\/{rel}","templated":true}]}}