{"id":69819,"date":"2025-09-30T12:12:55","date_gmt":"2025-09-30T10:12:55","guid":{"rendered":"https:\/\/lesvolcansnews.net\/2025\/09\/30\/pneus-brules-et-electricite-coupee-tensions-au-ministere-de-la-justice-a-kinshasa\/"},"modified":"2025-09-30T12:49:06","modified_gmt":"2025-09-30T10:49:06","slug":"pneus-brules-et-electricite-coupee-tensions-au-ministere-de-la-justice-a-kinshasa","status":"publish","type":"post","link":"https:\/\/lesvolcansnews.net\/?p=69819","title":{"rendered":"Pneus br\u00fbl\u00e9s et \u00e9lectricit\u00e9 coup\u00e9e : tensions au minist\u00e8re de la Justice \u00e0 Kinshasa"},"content":{"rendered":"\n<p> Le minist\u00e8re de la Justice de la R\u00e9publique d\u00e9mocratique du Congo (RDC) a \u00e9t\u00e9 le th\u00e9\u00e2tre d\u2019incidents majeurs mardi 30 septembre matin \u00e0 Kinshasa, o\u00f9 un groupe de personnes a bloqu\u00e9 l\u2019acc\u00e8s aux installations, br\u00fbl\u00e9 des pneus et interrompu l\u2019alimentation en \u00e9lectricit\u00e9, perturbant le fonctionnement normal des services.<br><br>Ces troubles surviennent en cette p\u00e9riode de r\u00e9organisation interne impuls\u00e9e par le nouveau ministre d\u2019\u00c9tat en charge de la Justice, qui a r\u00e9cemment mis en place des m\u00e9canismes de gestion visant \u00e0 structurer les services et \u00e0 mieux canaliser les recettes du secteur judiciaire.<br><br>Selon un conseiller du ministre, qui a requis l\u2019anonymat, ces \u00e9v\u00e9nements seraient le fruit d\u2019une manipulation orchestr\u00e9e par des individus profitant de l\u2019ancien d\u00e9sordre dans l\u2019octroi de documents administratifs. <\/p>\n\n\n\n<p>\u00ab Les incidents malheureux de mardi matin rel\u00e8vent de la manipulation des agents par un groupe d\u2019individus qui tirait profit du d\u00e9sordre qui r\u00e9gnait dans l\u2019obtention des documents relevant du minist\u00e8re \u00bb, a-t-il d\u00e9clar\u00e9.<br><br>S\u2019il reconna\u00eet que certaines revendications li\u00e9es aux primes sont l\u00e9gitimes, il condamne toutefois les formes de protestation employ\u00e9es.<\/p>\n\n\n\n<p> \u00ab La revendication de la prime est l\u00e9gale\u2026 on attend l\u2019autorisation de paiement par les Finances \u00bb, a-t-il pr\u00e9cis\u00e9, tout en soulignant que cela ne saurait justifier des actes de vandalisme.<br><br>Le secr\u00e9taire g\u00e9n\u00e9ral du minist\u00e8re de la Justice, Booto Lolimba, s\u2019est \u00e9galement exprim\u00e9 devant les manifestants rassembl\u00e9s devant le b\u00e2timent administratif situ\u00e9 dans la commune de la Gombe, au nord de la capitale. Il a exhort\u00e9 les agents \u00e0 faire preuve de responsabilit\u00e9 et \u00e0 ne pas se laisser instrumentaliser.<br><br>\u00ab Nous savons ce qui se passe. Est-ce que tout le monde ici est agent de la Justice ? Ne vous laissez pas instrumentaliser. Soyez conscients de vos responsabilit\u00e9s. Ayez de la retenue, d\u2019autant plus que cette action n\u2019est pas syndicale. Parce que j\u2019ai appris que, m\u00eame au niveau de l\u2019intersyndicale, il y a des remous par rapport \u00e0 ce que vous faites \u00bb, a-t-il lanc\u00e9.<br><br>M. Lolimba a par ailleurs rappel\u00e9 \u00e0 ses collaborateurs l\u2019importance du respect du code de conduite des agents publics de l\u2019\u00c9tat, appelant \u00e0 une reprise rapide des activit\u00e9s dans un climat d\u2019apaisement.<br><br>Les autorit\u00e9s du minist\u00e8re ont indiqu\u00e9 qu\u2019une enqu\u00eate avait \u00e9t\u00e9 ouverte pour identifier les auteurs de ces actes, tandis que les services concern\u00e9s restent mobilis\u00e9s pour assurer la s\u00e9curit\u00e9 et le r\u00e9tablissement du fonctionnement normal des installations.<br><br><br>La r\u00e9daction<\/p>\n","protected":false},"excerpt":{"rendered":"<p>Le minist\u00e8re de la Justice de la R\u00e9publique d\u00e9mocratique du Congo (RDC) a \u00e9t\u00e9 le th\u00e9\u00e2tre d\u2019incidents majeurs mardi 30 septembre matin \u00e0 Kinshasa, o\u00f9 un groupe de personnes a<\/p>\n","protected":false},"author":14,"featured_media":69818,"comment_status":"open","ping_status":"open","sticky":false,"template":"","format":"standard","meta":{"footnotes":""},"categories":[51,9],"tags":[],"class_list":["post-69819","post","type-post","status-publish","format-standard","has-post-thumbnail","hentry","category-justice","category-societe"],"yoast_head":"<!-- This site is optimized with the Yoast SEO plugin v27.5 - https:\/\/yoast.com\/product\/yoast-seo-wordpress\/ -->\n<title>Pneus br\u00fbl\u00e9s et \u00e9lectricit\u00e9 coup\u00e9e : tensions au minist\u00e8re de la Justice \u00e0 Kinshasa - LES VOLCANS NEWS<\/title>\n<meta name=\"robots\" content=\"index, follow, max-snippet:-1, max-image-preview:large, max-video-preview:-1\" \/>\n<link rel=\"canonical\" href=\"https:\/\/lesvolcansnews.net\/?p=69819\" \/>\n<meta property=\"og:locale\" content=\"fr_FR\" \/>\n<meta property=\"og:type\" content=\"article\" \/>\n<meta property=\"og:title\" content=\"Pneus br\u00fbl\u00e9s et \u00e9lectricit\u00e9 coup\u00e9e : tensions au minist\u00e8re de la Justice \u00e0 Kinshasa - LES VOLCANS NEWS\" \/>\n<meta property=\"og:description\" content=\"Le minist\u00e8re de la Justice de la R\u00e9publique d\u00e9mocratique du Congo (RDC) a \u00e9t\u00e9 le th\u00e9\u00e2tre d\u2019incidents majeurs mardi 30 septembre matin \u00e0 Kinshasa, o\u00f9 un groupe de personnes a\" \/>\n<meta property=\"og:url\" content=\"https:\/\/lesvolcansnews.net\/?p=69819\" \/>\n<meta property=\"og:site_name\" content=\"LES VOLCANS NEWS\" \/>\n<meta property=\"article:published_time\" content=\"2025-09-30T10:12:55+00:00\" \/>\n<meta property=\"article:modified_time\" content=\"2025-09-30T10:49:06+00:00\" \/>\n<meta property=\"og:image\" content=\"https:\/\/lesvolcansnews.net\/wp-content\/uploads\/2025\/09\/image_editor_output_image1228542862-1759227142942.jpg\" \/>\n\t<meta property=\"og:image:width\" content=\"779\" \/>\n\t<meta property=\"og:image:height\" content=\"657\" \/>\n\t<meta property=\"og:image:type\" content=\"image\/jpeg\" \/>\n<meta name=\"author\" content=\"R\u00e9daction - Les Volcans News\" \/>\n<meta name=\"twitter:card\" content=\"summary_large_image\" \/>\n<meta name=\"twitter:label1\" content=\"\u00c9crit par\" \/>\n\t<meta name=\"twitter:data1\" content=\"R\u00e9daction - Les Volcans News\" \/>\n\t<meta name=\"twitter:label2\" content=\"Dur\u00e9e de lecture estim\u00e9e\" \/>\n\t<meta name=\"twitter:data2\" content=\"2 minutes\" \/>\n<script type=\"application\/ld+json\" class=\"yoast-schema-graph\">{\"@context\":\"https:\\\/\\\/schema.org\",\"@graph\":[{\"@type\":\"Article\",\"@id\":\"https:\\\/\\\/lesvolcansnews.net\\\/?p=69819#article\",\"isPartOf\":{\"@id\":\"https:\\\/\\\/lesvolcansnews.net\\\/?p=69819\"},\"author\":{\"name\":\"R\u00e9daction - Les Volcans News\",\"@id\":\"https:\\\/\\\/lesvolcansnews.net\\\/#\\\/schema\\\/person\\\/82c8bed2e77879ecf6cca63441f57354\"},\"headline\":\"Pneus br\u00fbl\u00e9s et \u00e9lectricit\u00e9 coup\u00e9e : tensions au minist\u00e8re de la Justice \u00e0 Kinshasa\",\"datePublished\":\"2025-09-30T10:12:55+00:00\",\"dateModified\":\"2025-09-30T10:49:06+00:00\",\"mainEntityOfPage\":{\"@id\":\"https:\\\/\\\/lesvolcansnews.net\\\/?p=69819\"},\"wordCount\":454,\"commentCount\":0,\"image\":{\"@id\":\"https:\\\/\\\/lesvolcansnews.net\\\/?p=69819#primaryimage\"},\"thumbnailUrl\":\"https:\\\/\\\/lesvolcansnews.net\\\/wp-content\\\/uploads\\\/2025\\\/09\\\/image_editor_output_image1228542862-1759227142942.jpg\",\"articleSection\":[\"JUSTICE\",\"SOCIET\u00c9\"],\"inLanguage\":\"fr-FR\",\"potentialAction\":[{\"@type\":\"CommentAction\",\"name\":\"Comment\",\"target\":[\"https:\\\/\\\/lesvolcansnews.net\\\/?p=69819#respond\"]}]},{\"@type\":\"WebPage\",\"@id\":\"https:\\\/\\\/lesvolcansnews.net\\\/?p=69819\",\"url\":\"https:\\\/\\\/lesvolcansnews.net\\\/?p=69819\",\"name\":\"Pneus br\u00fbl\u00e9s et \u00e9lectricit\u00e9 coup\u00e9e : tensions au minist\u00e8re de la Justice \u00e0 Kinshasa - LES VOLCANS NEWS\",\"isPartOf\":{\"@id\":\"https:\\\/\\\/lesvolcansnews.net\\\/#website\"},\"primaryImageOfPage\":{\"@id\":\"https:\\\/\\\/lesvolcansnews.net\\\/?p=69819#primaryimage\"},\"image\":{\"@id\":\"https:\\\/\\\/lesvolcansnews.net\\\/?p=69819#primaryimage\"},\"thumbnailUrl\":\"https:\\\/\\\/lesvolcansnews.net\\\/wp-content\\\/uploads\\\/2025\\\/09\\\/image_editor_output_image1228542862-1759227142942.jpg\",\"datePublished\":\"2025-09-30T10:12:55+00:00\",\"dateModified\":\"2025-09-30T10:49:06+00:00\",\"author\":{\"@id\":\"https:\\\/\\\/lesvolcansnews.net\\\/#\\\/schema\\\/person\\\/82c8bed2e77879ecf6cca63441f57354\"},\"breadcrumb\":{\"@id\":\"https:\\\/\\\/lesvolcansnews.net\\\/?p=69819#breadcrumb\"},\"inLanguage\":\"fr-FR\",\"potentialAction\":[{\"@type\":\"ReadAction\",\"target\":[\"https:\\\/\\\/lesvolcansnews.net\\\/?p=69819\"]}]},{\"@type\":\"ImageObject\",\"inLanguage\":\"fr-FR\",\"@id\":\"https:\\\/\\\/lesvolcansnews.net\\\/?p=69819#primaryimage\",\"url\":\"https:\\\/\\\/lesvolcansnews.net\\\/wp-content\\\/uploads\\\/2025\\\/09\\\/image_editor_output_image1228542862-1759227142942.jpg\",\"contentUrl\":\"https:\\\/\\\/lesvolcansnews.net\\\/wp-content\\\/uploads\\\/2025\\\/09\\\/image_editor_output_image1228542862-1759227142942.jpg\",\"width\":779,\"height\":657},{\"@type\":\"BreadcrumbList\",\"@id\":\"https:\\\/\\\/lesvolcansnews.net\\\/?p=69819#breadcrumb\",\"itemListElement\":[{\"@type\":\"ListItem\",\"position\":1,\"name\":\"Accueil\",\"item\":\"https:\\\/\\\/lesvolcansnews.net\\\/\"},{\"@type\":\"ListItem\",\"position\":2,\"name\":\"Pneus br\u00fbl\u00e9s et \u00e9lectricit\u00e9 coup\u00e9e : tensions au minist\u00e8re de la Justice \u00e0 Kinshasa\"}]},{\"@type\":\"WebSite\",\"@id\":\"https:\\\/\\\/lesvolcansnews.net\\\/#website\",\"url\":\"https:\\\/\\\/lesvolcansnews.net\\\/\",\"name\":\"LES VOLCANS NEWS\",\"description\":\"L&#039;INFORMATION C&#039;EST NOUS\",\"potentialAction\":[{\"@type\":\"SearchAction\",\"target\":{\"@type\":\"EntryPoint\",\"urlTemplate\":\"https:\\\/\\\/lesvolcansnews.net\\\/?s={search_term_string}\"},\"query-input\":{\"@type\":\"PropertyValueSpecification\",\"valueRequired\":true,\"valueName\":\"search_term_string\"}}],\"inLanguage\":\"fr-FR\"},{\"@type\":\"Person\",\"@id\":\"https:\\\/\\\/lesvolcansnews.net\\\/#\\\/schema\\\/person\\\/82c8bed2e77879ecf6cca63441f57354\",\"name\":\"R\u00e9daction - Les Volcans News\",\"image\":{\"@type\":\"ImageObject\",\"inLanguage\":\"fr-FR\",\"@id\":\"https:\\\/\\\/secure.gravatar.com\\\/avatar\\\/8408942dd851e8a9c09f3d382a661bc05d2b3cd9002139bc1795b9528cdc6c80?s=96&d=mm&r=g\",\"url\":\"https:\\\/\\\/secure.gravatar.com\\\/avatar\\\/8408942dd851e8a9c09f3d382a661bc05d2b3cd9002139bc1795b9528cdc6c80?s=96&d=mm&r=g\",\"contentUrl\":\"https:\\\/\\\/secure.gravatar.com\\\/avatar\\\/8408942dd851e8a9c09f3d382a661bc05d2b3cd9002139bc1795b9528cdc6c80?s=96&d=mm&r=g\",\"caption\":\"R\u00e9daction - Les Volcans News\"},\"url\":\"https:\\\/\\\/lesvolcansnews.net\\\/?author=14\"}]}<\/script>\n<!-- \/ Yoast SEO plugin. -->","yoast_head_json":{"title":"Pneus br\u00fbl\u00e9s et \u00e9lectricit\u00e9 coup\u00e9e : tensions au minist\u00e8re de la Justice \u00e0 Kinshasa - LES VOLCANS NEWS","robots":{"index":"index","follow":"follow","max-snippet":"max-snippet:-1","max-image-preview":"max-image-preview:large","max-video-preview":"max-video-preview:-1"},"canonical":"https:\/\/lesvolcansnews.net\/?p=69819","og_locale":"fr_FR","og_type":"article","og_title":"Pneus br\u00fbl\u00e9s et \u00e9lectricit\u00e9 coup\u00e9e : tensions au minist\u00e8re de la Justice \u00e0 Kinshasa - LES VOLCANS NEWS","og_description":"Le minist\u00e8re de la Justice de la R\u00e9publique d\u00e9mocratique du Congo (RDC) a \u00e9t\u00e9 le th\u00e9\u00e2tre d\u2019incidents majeurs mardi 30 septembre matin \u00e0 Kinshasa, o\u00f9 un groupe de personnes a","og_url":"https:\/\/lesvolcansnews.net\/?p=69819","og_site_name":"LES VOLCANS NEWS","article_published_time":"2025-09-30T10:12:55+00:00","article_modified_time":"2025-09-30T10:49:06+00:00","og_image":[{"width":779,"height":657,"url":"https:\/\/lesvolcansnews.net\/wp-content\/uploads\/2025\/09\/image_editor_output_image1228542862-1759227142942.jpg","type":"image\/jpeg"}],"author":"R\u00e9daction - Les Volcans News","twitter_card":"summary_large_image","twitter_misc":{"\u00c9crit par":"R\u00e9daction - Les Volcans News","Dur\u00e9e de lecture estim\u00e9e":"2 minutes"},"schema":{"@context":"https:\/\/schema.org","@graph":[{"@type":"Article","@id":"https:\/\/lesvolcansnews.net\/?p=69819#article","isPartOf":{"@id":"https:\/\/lesvolcansnews.net\/?p=69819"},"author":{"name":"R\u00e9daction - Les Volcans News","@id":"https:\/\/lesvolcansnews.net\/#\/schema\/person\/82c8bed2e77879ecf6cca63441f57354"},"headline":"Pneus br\u00fbl\u00e9s et \u00e9lectricit\u00e9 coup\u00e9e : tensions au minist\u00e8re de la Justice \u00e0 Kinshasa","datePublished":"2025-09-30T10:12:55+00:00","dateModified":"2025-09-30T10:49:06+00:00","mainEntityOfPage":{"@id":"https:\/\/lesvolcansnews.net\/?p=69819"},"wordCount":454,"commentCount":0,"image":{"@id":"https:\/\/lesvolcansnews.net\/?p=69819#primaryimage"},"thumbnailUrl":"https:\/\/lesvolcansnews.net\/wp-content\/uploads\/2025\/09\/image_editor_output_image1228542862-1759227142942.jpg","articleSection":["JUSTICE","SOCIET\u00c9"],"inLanguage":"fr-FR","potentialAction":[{"@type":"CommentAction","name":"Comment","target":["https:\/\/lesvolcansnews.net\/?p=69819#respond"]}]},{"@type":"WebPage","@id":"https:\/\/lesvolcansnews.net\/?p=69819","url":"https:\/\/lesvolcansnews.net\/?p=69819","name":"Pneus br\u00fbl\u00e9s et \u00e9lectricit\u00e9 coup\u00e9e : tensions au minist\u00e8re de la Justice \u00e0 Kinshasa - LES VOLCANS NEWS","isPartOf":{"@id":"https:\/\/lesvolcansnews.net\/#website"},"primaryImageOfPage":{"@id":"https:\/\/lesvolcansnews.net\/?p=69819#primaryimage"},"image":{"@id":"https:\/\/lesvolcansnews.net\/?p=69819#primaryimage"},"thumbnailUrl":"https:\/\/lesvolcansnews.net\/wp-content\/uploads\/2025\/09\/image_editor_output_image1228542862-1759227142942.jpg","datePublished":"2025-09-30T10:12:55+00:00","dateModified":"2025-09-30T10:49:06+00:00","author":{"@id":"https:\/\/lesvolcansnews.net\/#\/schema\/person\/82c8bed2e77879ecf6cca63441f57354"},"breadcrumb":{"@id":"https:\/\/lesvolcansnews.net\/?p=69819#breadcrumb"},"inLanguage":"fr-FR","potentialAction":[{"@type":"ReadAction","target":["https:\/\/lesvolcansnews.net\/?p=69819"]}]},{"@type":"ImageObject","inLanguage":"fr-FR","@id":"https:\/\/lesvolcansnews.net\/?p=69819#primaryimage","url":"https:\/\/lesvolcansnews.net\/wp-content\/uploads\/2025\/09\/image_editor_output_image1228542862-1759227142942.jpg","contentUrl":"https:\/\/lesvolcansnews.net\/wp-content\/uploads\/2025\/09\/image_editor_output_image1228542862-1759227142942.jpg","width":779,"height":657},{"@type":"BreadcrumbList","@id":"https:\/\/lesvolcansnews.net\/?p=69819#breadcrumb","itemListElement":[{"@type":"ListItem","position":1,"name":"Accueil","item":"https:\/\/lesvolcansnews.net\/"},{"@type":"ListItem","position":2,"name":"Pneus br\u00fbl\u00e9s et \u00e9lectricit\u00e9 coup\u00e9e : tensions au minist\u00e8re de la Justice \u00e0 Kinshasa"}]},{"@type":"WebSite","@id":"https:\/\/lesvolcansnews.net\/#website","url":"https:\/\/lesvolcansnews.net\/","name":"LES VOLCANS NEWS","description":"L&#039;INFORMATION C&#039;EST NOUS","potentialAction":[{"@type":"SearchAction","target":{"@type":"EntryPoint","urlTemplate":"https:\/\/lesvolcansnews.net\/?s={search_term_string}"},"query-input":{"@type":"PropertyValueSpecification","valueRequired":true,"valueName":"search_term_string"}}],"inLanguage":"fr-FR"},{"@type":"Person","@id":"https:\/\/lesvolcansnews.net\/#\/schema\/person\/82c8bed2e77879ecf6cca63441f57354","name":"R\u00e9daction - Les Volcans News","image":{"@type":"ImageObject","inLanguage":"fr-FR","@id":"https:\/\/secure.gravatar.com\/avatar\/8408942dd851e8a9c09f3d382a661bc05d2b3cd9002139bc1795b9528cdc6c80?s=96&d=mm&r=g","url":"https:\/\/secure.gravatar.com\/avatar\/8408942dd851e8a9c09f3d382a661bc05d2b3cd9002139bc1795b9528cdc6c80?s=96&d=mm&r=g","contentUrl":"https:\/\/secure.gravatar.com\/avatar\/8408942dd851e8a9c09f3d382a661bc05d2b3cd9002139bc1795b9528cdc6c80?s=96&d=mm&r=g","caption":"R\u00e9daction - Les Volcans News"},"url":"https:\/\/lesvolcansnews.net\/?author=14"}]}},"_links":{"self":[{"href":"https:\/\/lesvolcansnews.net\/index.php?rest_route=\/wp\/v2\/posts\/69819","targetHints":{"allow":["GET"]}}],"collection":[{"href":"https:\/\/lesvolcansnews.net\/index.php?rest_route=\/wp\/v2\/posts"}],"about":[{"href":"https:\/\/lesvolcansnews.net\/index.php?rest_route=\/wp\/v2\/types\/post"}],"author":[{"embeddable":true,"href":"https:\/\/lesvolcansnews.net\/index.php?rest_route=\/wp\/v2\/users\/14"}],"replies":[{"embeddable":true,"href":"https:\/\/lesvolcansnews.net\/index.php?rest_route=%2Fwp%2Fv2%2Fcomments&post=69819"}],"version-history":[{"count":1,"href":"https:\/\/lesvolcansnews.net\/index.php?rest_route=\/wp\/v2\/posts\/69819\/revisions"}],"predecessor-version":[{"id":69820,"href":"https:\/\/lesvolcansnews.net\/index.php?rest_route=\/wp\/v2\/posts\/69819\/revisions\/69820"}],"wp:featuredmedia":[{"embeddable":true,"href":"https:\/\/lesvolcansnews.net\/index.php?rest_route=\/wp\/v2\/media\/69818"}],"wp:attachment":[{"href":"https:\/\/lesvolcansnews.net\/index.php?rest_route=%2Fwp%2Fv2%2Fmedia&parent=69819"}],"wp:term":[{"taxonomy":"category","embeddable":true,"href":"https:\/\/lesvolcansnews.net\/index.php?rest_route=%2Fwp%2Fv2%2Fcategories&post=69819"},{"taxonomy":"post_tag","embeddable":true,"href":"https:\/\/lesvolcansnews.net\/index.php?rest_route=%2Fwp%2Fv2%2Ftags&post=69819"}],"curies":[{"name":"wp","href":"https:\/\/api.w.org\/{rel}","templated":true}]}}