{"id":69804,"date":"2025-09-29T21:54:30","date_gmt":"2025-09-29T19:54:30","guid":{"rendered":"https:\/\/lesvolcansnews.net\/2025\/09\/29\/kasai-oriental-fermeture-sequentielle-de-la-piste-de-laeroport-de-mbuji-mayi-pour-travaux-de-rehabilitation\/"},"modified":"2025-09-29T21:54:30","modified_gmt":"2025-09-29T19:54:30","slug":"kasai-oriental-fermeture-sequentielle-de-la-piste-de-laeroport-de-mbuji-mayi-pour-travaux-de-rehabilitation","status":"publish","type":"post","link":"https:\/\/lesvolcansnews.net\/?p=69804","title":{"rendered":"Kasa\u00ef Oriental : fermeture s\u00e9quentielle de la piste de l\u2019a\u00e9roport de Mbuji-Mayi pour travaux de r\u00e9habilitation"},"content":{"rendered":"\n<p>La R\u00e9gie des voies a\u00e9riennes (RVA SA) a annonc\u00e9, \u00e0 travers une circulaire officielle, la fermeture s\u00e9quentielle de la piste de l\u2019a\u00e9roport national de Mbuji-Mayi, chef-lieu de la province du Kasa\u00ef Oriental, en R\u00e9publique d\u00e9mocratique du Congo. <br><br>Selon le document sign\u00e9 par le commandant de l\u2019a\u00e9roport, Romain Tshinyama Kabongo, et le chef de division circulation a\u00e9rienne, Munene Mapumba, cette mesure est prise dans le but de permettre la poursuite des travaux en toute s\u00e9curit\u00e9.<br><br>\u00ab\u202fCons\u00e9cutivement aux NOTAM relatifs aux travaux de r\u00e9habilitation de la piste de l\u2019a\u00e9roport national de Mbuji-Mayi, la R\u00e9gie des voies a\u00e9riennes (RVA SA), fournisseuse des services de la navigation a\u00e9rienne en R\u00e9publique d\u00e9mocratique du Congo, porte \u00e0 la connaissance du public, des compagnies a\u00e9riennes et de tous les usagers du transport a\u00e9rien que la piste d\u2019envol sera ferm\u00e9e selon l\u2019horaire ci-apr\u00e8s\u202f\u00bb, indique la circulaire.<br><br>Voici le calendrier communiqu\u00e9 concernant les p\u00e9riodes de fermeture et de r\u00e9ouverture temporaire de la piste :<br><br>* Du 12 au 20 octobre 2025 : fermeture de la piste<br>* Du 21 au 22 octobre 2025 : r\u00e9ouverture temporaire<br>* Du 23 au 28 octobre 2025 : fermeture<br>* Du 29 au 30 octobre 2025 : r\u00e9ouverture temporaire<br>* Du 31 octobre au 06 novembre 2025 : derni\u00e8re phase de fermeture<br><br>\u00ab\u202fLa fin des travaux est pr\u00e9vue pour le 6 novembre 2025. La piste sera totalement utilisable \u00e0 partir du 7 novembre 2025\u202f\u00bb, pr\u00e9cise la m\u00eame source.<br><br>Cette op\u00e9ration de r\u00e9habilitation intervient dans un contexte o\u00f9 l\u2019\u00e9tat de la piste de l\u2019a\u00e9roport de Mbuji-Mayi suscitait depuis plusieurs ann\u00e9es des inqui\u00e9tudes parmi les compagnies a\u00e9riennes et les passagers. Plusieurs voix s\u2019\u00e9taient \u00e9lev\u00e9es pour demander des interventions urgentes afin de garantir la s\u00e9curit\u00e9 des op\u00e9rations a\u00e9riennes.<br><br>La RVA SA invite, \u00e0 cet effet, tous les op\u00e9rateurs du secteur ainsi que les voyageurs \u00e0 tenir compte de ce programme dans l\u2019organisation de leurs d\u00e9placements.<br><br><br>Les autorit\u00e9s locales esp\u00e8rent qu\u2019\u00e0 l\u2019issue de ces travaux, l\u2019a\u00e9roport de Mbuji-Mayi retrouvera une pleine capacit\u00e9 op\u00e9rationnelle, favorisant ainsi la relance du trafic a\u00e9rien dans cette zone strat\u00e9gique du centre du pays.<br><br>La r\u00e9daction <\/p>\n\n\n\n<p><\/p>\n","protected":false},"excerpt":{"rendered":"<p>La R\u00e9gie des voies a\u00e9riennes (RVA SA) a annonc\u00e9, \u00e0 travers une circulaire officielle, la fermeture s\u00e9quentielle de la piste de l\u2019a\u00e9roport national de Mbuji-Mayi, chef-lieu de la province du<\/p>\n","protected":false},"author":14,"featured_media":69803,"comment_status":"open","ping_status":"open","sticky":false,"template":"","format":"standard","meta":{"footnotes":""},"categories":[8],"tags":[],"class_list":["post-69804","post","type-post","status-publish","format-standard","has-post-thumbnail","hentry","category-economie"],"yoast_head":"<!-- This site is optimized with the Yoast SEO plugin v27.3 - https:\/\/yoast.com\/product\/yoast-seo-wordpress\/ -->\n<title>Kasa\u00ef Oriental : fermeture s\u00e9quentielle de la piste de l\u2019a\u00e9roport de Mbuji-Mayi pour travaux de r\u00e9habilitation - LES VOLCANS NEWS<\/title>\n<meta name=\"robots\" content=\"index, follow, max-snippet:-1, max-image-preview:large, max-video-preview:-1\" \/>\n<link rel=\"canonical\" href=\"https:\/\/lesvolcansnews.net\/?p=69804\" \/>\n<meta property=\"og:locale\" content=\"fr_FR\" \/>\n<meta property=\"og:type\" content=\"article\" \/>\n<meta property=\"og:title\" content=\"Kasa\u00ef Oriental : fermeture s\u00e9quentielle de la piste de l\u2019a\u00e9roport de Mbuji-Mayi pour travaux de r\u00e9habilitation - LES VOLCANS NEWS\" \/>\n<meta property=\"og:description\" content=\"La R\u00e9gie des voies a\u00e9riennes (RVA SA) a annonc\u00e9, \u00e0 travers une circulaire officielle, la fermeture s\u00e9quentielle de la piste de l\u2019a\u00e9roport national de Mbuji-Mayi, chef-lieu de la province du\" \/>\n<meta property=\"og:url\" content=\"https:\/\/lesvolcansnews.net\/?p=69804\" \/>\n<meta property=\"og:site_name\" content=\"LES VOLCANS NEWS\" \/>\n<meta property=\"article:published_time\" content=\"2025-09-29T19:54:30+00:00\" \/>\n<meta property=\"og:image\" content=\"https:\/\/lesvolcansnews.net\/wp-content\/uploads\/2025\/09\/AC3A9roport_de_Mbuji-Mayi.jpg\" \/>\n\t<meta property=\"og:image:width\" content=\"1599\" \/>\n\t<meta property=\"og:image:height\" content=\"1124\" \/>\n\t<meta property=\"og:image:type\" content=\"image\/jpeg\" \/>\n<meta name=\"author\" content=\"R\u00e9daction - Les Volcans News\" \/>\n<meta name=\"twitter:card\" content=\"summary_large_image\" \/>\n<meta name=\"twitter:label1\" content=\"\u00c9crit par\" \/>\n\t<meta name=\"twitter:data1\" content=\"R\u00e9daction - Les Volcans News\" \/>\n\t<meta name=\"twitter:label2\" content=\"Dur\u00e9e de lecture estim\u00e9e\" \/>\n\t<meta name=\"twitter:data2\" content=\"2 minutes\" \/>\n<script type=\"application\/ld+json\" class=\"yoast-schema-graph\">{\"@context\":\"https:\\\/\\\/schema.org\",\"@graph\":[{\"@type\":\"Article\",\"@id\":\"https:\\\/\\\/lesvolcansnews.net\\\/?p=69804#article\",\"isPartOf\":{\"@id\":\"https:\\\/\\\/lesvolcansnews.net\\\/?p=69804\"},\"author\":{\"name\":\"R\u00e9daction - Les Volcans News\",\"@id\":\"https:\\\/\\\/lesvolcansnews.net\\\/#\\\/schema\\\/person\\\/82c8bed2e77879ecf6cca63441f57354\"},\"headline\":\"Kasa\u00ef Oriental : fermeture s\u00e9quentielle de la piste de l\u2019a\u00e9roport de Mbuji-Mayi pour travaux de r\u00e9habilitation\",\"datePublished\":\"2025-09-29T19:54:30+00:00\",\"mainEntityOfPage\":{\"@id\":\"https:\\\/\\\/lesvolcansnews.net\\\/?p=69804\"},\"wordCount\":386,\"commentCount\":0,\"image\":{\"@id\":\"https:\\\/\\\/lesvolcansnews.net\\\/?p=69804#primaryimage\"},\"thumbnailUrl\":\"https:\\\/\\\/lesvolcansnews.net\\\/wp-content\\\/uploads\\\/2025\\\/09\\\/AC3A9roport_de_Mbuji-Mayi.jpg\",\"articleSection\":[\"\u00c9CONOMIE\"],\"inLanguage\":\"fr-FR\",\"potentialAction\":[{\"@type\":\"CommentAction\",\"name\":\"Comment\",\"target\":[\"https:\\\/\\\/lesvolcansnews.net\\\/?p=69804#respond\"]}]},{\"@type\":\"WebPage\",\"@id\":\"https:\\\/\\\/lesvolcansnews.net\\\/?p=69804\",\"url\":\"https:\\\/\\\/lesvolcansnews.net\\\/?p=69804\",\"name\":\"Kasa\u00ef Oriental : fermeture s\u00e9quentielle de la piste de l\u2019a\u00e9roport de Mbuji-Mayi pour travaux de r\u00e9habilitation - LES VOLCANS NEWS\",\"isPartOf\":{\"@id\":\"https:\\\/\\\/lesvolcansnews.net\\\/#website\"},\"primaryImageOfPage\":{\"@id\":\"https:\\\/\\\/lesvolcansnews.net\\\/?p=69804#primaryimage\"},\"image\":{\"@id\":\"https:\\\/\\\/lesvolcansnews.net\\\/?p=69804#primaryimage\"},\"thumbnailUrl\":\"https:\\\/\\\/lesvolcansnews.net\\\/wp-content\\\/uploads\\\/2025\\\/09\\\/AC3A9roport_de_Mbuji-Mayi.jpg\",\"datePublished\":\"2025-09-29T19:54:30+00:00\",\"author\":{\"@id\":\"https:\\\/\\\/lesvolcansnews.net\\\/#\\\/schema\\\/person\\\/82c8bed2e77879ecf6cca63441f57354\"},\"breadcrumb\":{\"@id\":\"https:\\\/\\\/lesvolcansnews.net\\\/?p=69804#breadcrumb\"},\"inLanguage\":\"fr-FR\",\"potentialAction\":[{\"@type\":\"ReadAction\",\"target\":[\"https:\\\/\\\/lesvolcansnews.net\\\/?p=69804\"]}]},{\"@type\":\"ImageObject\",\"inLanguage\":\"fr-FR\",\"@id\":\"https:\\\/\\\/lesvolcansnews.net\\\/?p=69804#primaryimage\",\"url\":\"https:\\\/\\\/lesvolcansnews.net\\\/wp-content\\\/uploads\\\/2025\\\/09\\\/AC3A9roport_de_Mbuji-Mayi.jpg\",\"contentUrl\":\"https:\\\/\\\/lesvolcansnews.net\\\/wp-content\\\/uploads\\\/2025\\\/09\\\/AC3A9roport_de_Mbuji-Mayi.jpg\",\"width\":1599,\"height\":1124},{\"@type\":\"BreadcrumbList\",\"@id\":\"https:\\\/\\\/lesvolcansnews.net\\\/?p=69804#breadcrumb\",\"itemListElement\":[{\"@type\":\"ListItem\",\"position\":1,\"name\":\"Accueil\",\"item\":\"https:\\\/\\\/lesvolcansnews.net\\\/\"},{\"@type\":\"ListItem\",\"position\":2,\"name\":\"Kasa\u00ef Oriental : fermeture s\u00e9quentielle de la piste de l\u2019a\u00e9roport de Mbuji-Mayi pour travaux de r\u00e9habilitation\"}]},{\"@type\":\"WebSite\",\"@id\":\"https:\\\/\\\/lesvolcansnews.net\\\/#website\",\"url\":\"https:\\\/\\\/lesvolcansnews.net\\\/\",\"name\":\"LES VOLCANS NEWS\",\"description\":\"L&#039;INFORMATION C&#039;EST NOUS\",\"potentialAction\":[{\"@type\":\"SearchAction\",\"target\":{\"@type\":\"EntryPoint\",\"urlTemplate\":\"https:\\\/\\\/lesvolcansnews.net\\\/?s={search_term_string}\"},\"query-input\":{\"@type\":\"PropertyValueSpecification\",\"valueRequired\":true,\"valueName\":\"search_term_string\"}}],\"inLanguage\":\"fr-FR\"},{\"@type\":\"Person\",\"@id\":\"https:\\\/\\\/lesvolcansnews.net\\\/#\\\/schema\\\/person\\\/82c8bed2e77879ecf6cca63441f57354\",\"name\":\"R\u00e9daction - Les Volcans News\",\"image\":{\"@type\":\"ImageObject\",\"inLanguage\":\"fr-FR\",\"@id\":\"https:\\\/\\\/secure.gravatar.com\\\/avatar\\\/8408942dd851e8a9c09f3d382a661bc05d2b3cd9002139bc1795b9528cdc6c80?s=96&d=mm&r=g\",\"url\":\"https:\\\/\\\/secure.gravatar.com\\\/avatar\\\/8408942dd851e8a9c09f3d382a661bc05d2b3cd9002139bc1795b9528cdc6c80?s=96&d=mm&r=g\",\"contentUrl\":\"https:\\\/\\\/secure.gravatar.com\\\/avatar\\\/8408942dd851e8a9c09f3d382a661bc05d2b3cd9002139bc1795b9528cdc6c80?s=96&d=mm&r=g\",\"caption\":\"R\u00e9daction - Les Volcans News\"},\"url\":\"https:\\\/\\\/lesvolcansnews.net\\\/?author=14\"}]}<\/script>\n<!-- \/ Yoast SEO plugin. -->","yoast_head_json":{"title":"Kasa\u00ef Oriental : fermeture s\u00e9quentielle de la piste de l\u2019a\u00e9roport de Mbuji-Mayi pour travaux de r\u00e9habilitation - LES VOLCANS NEWS","robots":{"index":"index","follow":"follow","max-snippet":"max-snippet:-1","max-image-preview":"max-image-preview:large","max-video-preview":"max-video-preview:-1"},"canonical":"https:\/\/lesvolcansnews.net\/?p=69804","og_locale":"fr_FR","og_type":"article","og_title":"Kasa\u00ef Oriental : fermeture s\u00e9quentielle de la piste de l\u2019a\u00e9roport de Mbuji-Mayi pour travaux de r\u00e9habilitation - LES VOLCANS NEWS","og_description":"La R\u00e9gie des voies a\u00e9riennes (RVA SA) a annonc\u00e9, \u00e0 travers une circulaire officielle, la fermeture s\u00e9quentielle de la piste de l\u2019a\u00e9roport national de Mbuji-Mayi, chef-lieu de la province du","og_url":"https:\/\/lesvolcansnews.net\/?p=69804","og_site_name":"LES VOLCANS NEWS","article_published_time":"2025-09-29T19:54:30+00:00","og_image":[{"width":1599,"height":1124,"url":"https:\/\/lesvolcansnews.net\/wp-content\/uploads\/2025\/09\/AC3A9roport_de_Mbuji-Mayi.jpg","type":"image\/jpeg"}],"author":"R\u00e9daction - Les Volcans News","twitter_card":"summary_large_image","twitter_misc":{"\u00c9crit par":"R\u00e9daction - Les Volcans News","Dur\u00e9e de lecture estim\u00e9e":"2 minutes"},"schema":{"@context":"https:\/\/schema.org","@graph":[{"@type":"Article","@id":"https:\/\/lesvolcansnews.net\/?p=69804#article","isPartOf":{"@id":"https:\/\/lesvolcansnews.net\/?p=69804"},"author":{"name":"R\u00e9daction - Les Volcans News","@id":"https:\/\/lesvolcansnews.net\/#\/schema\/person\/82c8bed2e77879ecf6cca63441f57354"},"headline":"Kasa\u00ef Oriental : fermeture s\u00e9quentielle de la piste de l\u2019a\u00e9roport de Mbuji-Mayi pour travaux de r\u00e9habilitation","datePublished":"2025-09-29T19:54:30+00:00","mainEntityOfPage":{"@id":"https:\/\/lesvolcansnews.net\/?p=69804"},"wordCount":386,"commentCount":0,"image":{"@id":"https:\/\/lesvolcansnews.net\/?p=69804#primaryimage"},"thumbnailUrl":"https:\/\/lesvolcansnews.net\/wp-content\/uploads\/2025\/09\/AC3A9roport_de_Mbuji-Mayi.jpg","articleSection":["\u00c9CONOMIE"],"inLanguage":"fr-FR","potentialAction":[{"@type":"CommentAction","name":"Comment","target":["https:\/\/lesvolcansnews.net\/?p=69804#respond"]}]},{"@type":"WebPage","@id":"https:\/\/lesvolcansnews.net\/?p=69804","url":"https:\/\/lesvolcansnews.net\/?p=69804","name":"Kasa\u00ef Oriental : fermeture s\u00e9quentielle de la piste de l\u2019a\u00e9roport de Mbuji-Mayi pour travaux de r\u00e9habilitation - LES VOLCANS NEWS","isPartOf":{"@id":"https:\/\/lesvolcansnews.net\/#website"},"primaryImageOfPage":{"@id":"https:\/\/lesvolcansnews.net\/?p=69804#primaryimage"},"image":{"@id":"https:\/\/lesvolcansnews.net\/?p=69804#primaryimage"},"thumbnailUrl":"https:\/\/lesvolcansnews.net\/wp-content\/uploads\/2025\/09\/AC3A9roport_de_Mbuji-Mayi.jpg","datePublished":"2025-09-29T19:54:30+00:00","author":{"@id":"https:\/\/lesvolcansnews.net\/#\/schema\/person\/82c8bed2e77879ecf6cca63441f57354"},"breadcrumb":{"@id":"https:\/\/lesvolcansnews.net\/?p=69804#breadcrumb"},"inLanguage":"fr-FR","potentialAction":[{"@type":"ReadAction","target":["https:\/\/lesvolcansnews.net\/?p=69804"]}]},{"@type":"ImageObject","inLanguage":"fr-FR","@id":"https:\/\/lesvolcansnews.net\/?p=69804#primaryimage","url":"https:\/\/lesvolcansnews.net\/wp-content\/uploads\/2025\/09\/AC3A9roport_de_Mbuji-Mayi.jpg","contentUrl":"https:\/\/lesvolcansnews.net\/wp-content\/uploads\/2025\/09\/AC3A9roport_de_Mbuji-Mayi.jpg","width":1599,"height":1124},{"@type":"BreadcrumbList","@id":"https:\/\/lesvolcansnews.net\/?p=69804#breadcrumb","itemListElement":[{"@type":"ListItem","position":1,"name":"Accueil","item":"https:\/\/lesvolcansnews.net\/"},{"@type":"ListItem","position":2,"name":"Kasa\u00ef Oriental : fermeture s\u00e9quentielle de la piste de l\u2019a\u00e9roport de Mbuji-Mayi pour travaux de r\u00e9habilitation"}]},{"@type":"WebSite","@id":"https:\/\/lesvolcansnews.net\/#website","url":"https:\/\/lesvolcansnews.net\/","name":"LES VOLCANS NEWS","description":"L&#039;INFORMATION C&#039;EST NOUS","potentialAction":[{"@type":"SearchAction","target":{"@type":"EntryPoint","urlTemplate":"https:\/\/lesvolcansnews.net\/?s={search_term_string}"},"query-input":{"@type":"PropertyValueSpecification","valueRequired":true,"valueName":"search_term_string"}}],"inLanguage":"fr-FR"},{"@type":"Person","@id":"https:\/\/lesvolcansnews.net\/#\/schema\/person\/82c8bed2e77879ecf6cca63441f57354","name":"R\u00e9daction - Les Volcans News","image":{"@type":"ImageObject","inLanguage":"fr-FR","@id":"https:\/\/secure.gravatar.com\/avatar\/8408942dd851e8a9c09f3d382a661bc05d2b3cd9002139bc1795b9528cdc6c80?s=96&d=mm&r=g","url":"https:\/\/secure.gravatar.com\/avatar\/8408942dd851e8a9c09f3d382a661bc05d2b3cd9002139bc1795b9528cdc6c80?s=96&d=mm&r=g","contentUrl":"https:\/\/secure.gravatar.com\/avatar\/8408942dd851e8a9c09f3d382a661bc05d2b3cd9002139bc1795b9528cdc6c80?s=96&d=mm&r=g","caption":"R\u00e9daction - Les Volcans News"},"url":"https:\/\/lesvolcansnews.net\/?author=14"}]}},"_links":{"self":[{"href":"https:\/\/lesvolcansnews.net\/index.php?rest_route=\/wp\/v2\/posts\/69804","targetHints":{"allow":["GET"]}}],"collection":[{"href":"https:\/\/lesvolcansnews.net\/index.php?rest_route=\/wp\/v2\/posts"}],"about":[{"href":"https:\/\/lesvolcansnews.net\/index.php?rest_route=\/wp\/v2\/types\/post"}],"author":[{"embeddable":true,"href":"https:\/\/lesvolcansnews.net\/index.php?rest_route=\/wp\/v2\/users\/14"}],"replies":[{"embeddable":true,"href":"https:\/\/lesvolcansnews.net\/index.php?rest_route=%2Fwp%2Fv2%2Fcomments&post=69804"}],"version-history":[{"count":0,"href":"https:\/\/lesvolcansnews.net\/index.php?rest_route=\/wp\/v2\/posts\/69804\/revisions"}],"wp:featuredmedia":[{"embeddable":true,"href":"https:\/\/lesvolcansnews.net\/index.php?rest_route=\/wp\/v2\/media\/69803"}],"wp:attachment":[{"href":"https:\/\/lesvolcansnews.net\/index.php?rest_route=%2Fwp%2Fv2%2Fmedia&parent=69804"}],"wp:term":[{"taxonomy":"category","embeddable":true,"href":"https:\/\/lesvolcansnews.net\/index.php?rest_route=%2Fwp%2Fv2%2Fcategories&post=69804"},{"taxonomy":"post_tag","embeddable":true,"href":"https:\/\/lesvolcansnews.net\/index.php?rest_route=%2Fwp%2Fv2%2Ftags&post=69804"}],"curies":[{"name":"wp","href":"https:\/\/api.w.org\/{rel}","templated":true}]}}