{"id":69789,"date":"2025-09-29T18:36:43","date_gmt":"2025-09-29T16:36:43","guid":{"rendered":"https:\/\/lesvolcansnews.net\/?p=69789"},"modified":"2025-09-29T18:36:43","modified_gmt":"2025-09-29T16:36:43","slug":"masisi-voici-le-bilan-des-affrontements-entre-lafc-m23-aux-wazalendo-ce-29-septembre","status":"publish","type":"post","link":"https:\/\/lesvolcansnews.net\/?p=69789","title":{"rendered":"Masisi: voici le bilan des affrontements entre l\u2019AFC\/M23 aux Wazalendo ce 29 Septembre"},"content":{"rendered":"<p><strong>Trois civils, dont deux hommes et une femme, ont \u00e9t\u00e9 gri\u00e8vement bless\u00e9s par balles ce lundi 29 septembre lors de violents affrontements ayant oppos\u00e9 les rebelles de l\u2019AFC\/M23 aux Wazalendo du groupe APCLS, \u00e0 Kaandja, dans le secteur d\u2019Osso Banyungu, en territoire de Masisi, au Nord-Kivu.<\/strong><\/p>\n<p>Selon les informations recueillies, les civils bless\u00e9s ont \u00e9t\u00e9 touch\u00e9s dans leurs habitations, alors qu\u2019ils s\u2019\u00e9taient r\u00e9fugi\u00e9s chez eux pour se prot\u00e9ger des tirs.<\/p>\n<p>Les bless\u00e9s ont d\u2019abord \u00e9t\u00e9 pris en charge au poste de sant\u00e9 local, avant d\u2019\u00eatre transf\u00e9r\u00e9s \u00e0 l\u2019h\u00f4pital de Nyabiondo pour des soins appropri\u00e9s.<\/p>\n<p>Leur \u00e9tat reste critique, selon les soignants sur place.<\/p>\n<p>Pour rappel, les Wazalendo de l\u2019APCLS, dirig\u00e9s par Janvier Karairi, ont lanc\u00e9 t\u00f4t ce lundi une attaque contre la position des rebelles de l\u2019AFC\/M23 \u00e0 Kaandja, dans l\u2019intention de les d\u00e9terrer de cette zone strat\u00e9gique.<\/p>\n<p>L\u2019assaut n\u2019a cependant pas permis de reprendre le contr\u00f4le de l\u2019agglom\u00e9ration, toujours entre les mains de l\u2019AFC\/M23.<\/p>\n<p>La r\u00e9daction<\/p>\n","protected":false},"excerpt":{"rendered":"<p>Trois civils, dont deux hommes et une femme, ont \u00e9t\u00e9 gri\u00e8vement bless\u00e9s par balles ce lundi 29 septembre lors de violents affrontements ayant oppos\u00e9 les rebelles de l\u2019AFC\/M23 aux Wazalendo<\/p>\n","protected":false},"author":14,"featured_media":69790,"comment_status":"open","ping_status":"open","sticky":false,"template":"","format":"standard","meta":{"footnotes":""},"categories":[32],"tags":[],"class_list":["post-69789","post","type-post","status-publish","format-standard","has-post-thumbnail","hentry","category-securite"],"yoast_head":"<!-- This site is optimized with the Yoast SEO plugin v27.3 - https:\/\/yoast.com\/product\/yoast-seo-wordpress\/ -->\n<title>Masisi: voici le bilan des affrontements entre l\u2019AFC\/M23 aux Wazalendo ce 29 Septembre - LES VOLCANS NEWS<\/title>\n<meta name=\"robots\" content=\"index, follow, max-snippet:-1, max-image-preview:large, max-video-preview:-1\" \/>\n<link rel=\"canonical\" href=\"https:\/\/lesvolcansnews.net\/?p=69789\" \/>\n<meta property=\"og:locale\" content=\"fr_FR\" \/>\n<meta property=\"og:type\" content=\"article\" \/>\n<meta property=\"og:title\" content=\"Masisi: voici le bilan des affrontements entre l\u2019AFC\/M23 aux Wazalendo ce 29 Septembre - LES VOLCANS NEWS\" \/>\n<meta property=\"og:description\" content=\"Trois civils, dont deux hommes et une femme, ont \u00e9t\u00e9 gri\u00e8vement bless\u00e9s par balles ce lundi 29 septembre lors de violents affrontements ayant oppos\u00e9 les rebelles de l\u2019AFC\/M23 aux Wazalendo\" \/>\n<meta property=\"og:url\" content=\"https:\/\/lesvolcansnews.net\/?p=69789\" \/>\n<meta property=\"og:site_name\" content=\"LES VOLCANS NEWS\" \/>\n<meta property=\"article:published_time\" content=\"2025-09-29T16:36:43+00:00\" \/>\n<meta property=\"og:image\" content=\"https:\/\/i0.wp.com\/lesvolcansnews.net\/wp-content\/uploads\/2025\/09\/FB_IMG_1744575951482.webp?fit=720%2C481&ssl=1\" \/>\n\t<meta property=\"og:image:width\" content=\"720\" \/>\n\t<meta property=\"og:image:height\" content=\"481\" \/>\n\t<meta property=\"og:image:type\" content=\"image\/webp\" \/>\n<meta name=\"author\" content=\"R\u00e9daction - Les Volcans News\" \/>\n<meta name=\"twitter:card\" content=\"summary_large_image\" \/>\n<meta name=\"twitter:label1\" content=\"\u00c9crit par\" \/>\n\t<meta name=\"twitter:data1\" content=\"R\u00e9daction - Les Volcans News\" \/>\n\t<meta name=\"twitter:label2\" content=\"Dur\u00e9e de lecture estim\u00e9e\" \/>\n\t<meta name=\"twitter:data2\" content=\"1 minute\" \/>\n<script type=\"application\/ld+json\" class=\"yoast-schema-graph\">{\"@context\":\"https:\\\/\\\/schema.org\",\"@graph\":[{\"@type\":\"Article\",\"@id\":\"https:\\\/\\\/lesvolcansnews.net\\\/?p=69789#article\",\"isPartOf\":{\"@id\":\"https:\\\/\\\/lesvolcansnews.net\\\/?p=69789\"},\"author\":{\"name\":\"R\u00e9daction - Les Volcans News\",\"@id\":\"https:\\\/\\\/lesvolcansnews.net\\\/#\\\/schema\\\/person\\\/82c8bed2e77879ecf6cca63441f57354\"},\"headline\":\"Masisi: voici le bilan des affrontements entre l\u2019AFC\\\/M23 aux Wazalendo ce 29 Septembre\",\"datePublished\":\"2025-09-29T16:36:43+00:00\",\"mainEntityOfPage\":{\"@id\":\"https:\\\/\\\/lesvolcansnews.net\\\/?p=69789\"},\"wordCount\":203,\"commentCount\":0,\"image\":{\"@id\":\"https:\\\/\\\/lesvolcansnews.net\\\/?p=69789#primaryimage\"},\"thumbnailUrl\":\"https:\\\/\\\/lesvolcansnews.net\\\/wp-content\\\/uploads\\\/2025\\\/09\\\/FB_IMG_1744575951482.webp\",\"articleSection\":[\"S\u00c9CURIT\u00c9\"],\"inLanguage\":\"fr-FR\",\"potentialAction\":[{\"@type\":\"CommentAction\",\"name\":\"Comment\",\"target\":[\"https:\\\/\\\/lesvolcansnews.net\\\/?p=69789#respond\"]}]},{\"@type\":\"WebPage\",\"@id\":\"https:\\\/\\\/lesvolcansnews.net\\\/?p=69789\",\"url\":\"https:\\\/\\\/lesvolcansnews.net\\\/?p=69789\",\"name\":\"Masisi: voici le bilan des affrontements entre l\u2019AFC\\\/M23 aux Wazalendo ce 29 Septembre - LES VOLCANS NEWS\",\"isPartOf\":{\"@id\":\"https:\\\/\\\/lesvolcansnews.net\\\/#website\"},\"primaryImageOfPage\":{\"@id\":\"https:\\\/\\\/lesvolcansnews.net\\\/?p=69789#primaryimage\"},\"image\":{\"@id\":\"https:\\\/\\\/lesvolcansnews.net\\\/?p=69789#primaryimage\"},\"thumbnailUrl\":\"https:\\\/\\\/lesvolcansnews.net\\\/wp-content\\\/uploads\\\/2025\\\/09\\\/FB_IMG_1744575951482.webp\",\"datePublished\":\"2025-09-29T16:36:43+00:00\",\"author\":{\"@id\":\"https:\\\/\\\/lesvolcansnews.net\\\/#\\\/schema\\\/person\\\/82c8bed2e77879ecf6cca63441f57354\"},\"breadcrumb\":{\"@id\":\"https:\\\/\\\/lesvolcansnews.net\\\/?p=69789#breadcrumb\"},\"inLanguage\":\"fr-FR\",\"potentialAction\":[{\"@type\":\"ReadAction\",\"target\":[\"https:\\\/\\\/lesvolcansnews.net\\\/?p=69789\"]}]},{\"@type\":\"ImageObject\",\"inLanguage\":\"fr-FR\",\"@id\":\"https:\\\/\\\/lesvolcansnews.net\\\/?p=69789#primaryimage\",\"url\":\"https:\\\/\\\/lesvolcansnews.net\\\/wp-content\\\/uploads\\\/2025\\\/09\\\/FB_IMG_1744575951482.webp\",\"contentUrl\":\"https:\\\/\\\/lesvolcansnews.net\\\/wp-content\\\/uploads\\\/2025\\\/09\\\/FB_IMG_1744575951482.webp\",\"width\":720,\"height\":481},{\"@type\":\"BreadcrumbList\",\"@id\":\"https:\\\/\\\/lesvolcansnews.net\\\/?p=69789#breadcrumb\",\"itemListElement\":[{\"@type\":\"ListItem\",\"position\":1,\"name\":\"Accueil\",\"item\":\"https:\\\/\\\/lesvolcansnews.net\\\/\"},{\"@type\":\"ListItem\",\"position\":2,\"name\":\"Masisi: voici le bilan des affrontements entre l\u2019AFC\\\/M23 aux Wazalendo ce 29 Septembre\"}]},{\"@type\":\"WebSite\",\"@id\":\"https:\\\/\\\/lesvolcansnews.net\\\/#website\",\"url\":\"https:\\\/\\\/lesvolcansnews.net\\\/\",\"name\":\"LES VOLCANS NEWS\",\"description\":\"L&#039;INFORMATION C&#039;EST NOUS\",\"potentialAction\":[{\"@type\":\"SearchAction\",\"target\":{\"@type\":\"EntryPoint\",\"urlTemplate\":\"https:\\\/\\\/lesvolcansnews.net\\\/?s={search_term_string}\"},\"query-input\":{\"@type\":\"PropertyValueSpecification\",\"valueRequired\":true,\"valueName\":\"search_term_string\"}}],\"inLanguage\":\"fr-FR\"},{\"@type\":\"Person\",\"@id\":\"https:\\\/\\\/lesvolcansnews.net\\\/#\\\/schema\\\/person\\\/82c8bed2e77879ecf6cca63441f57354\",\"name\":\"R\u00e9daction - Les Volcans News\",\"image\":{\"@type\":\"ImageObject\",\"inLanguage\":\"fr-FR\",\"@id\":\"https:\\\/\\\/secure.gravatar.com\\\/avatar\\\/8408942dd851e8a9c09f3d382a661bc05d2b3cd9002139bc1795b9528cdc6c80?s=96&d=mm&r=g\",\"url\":\"https:\\\/\\\/secure.gravatar.com\\\/avatar\\\/8408942dd851e8a9c09f3d382a661bc05d2b3cd9002139bc1795b9528cdc6c80?s=96&d=mm&r=g\",\"contentUrl\":\"https:\\\/\\\/secure.gravatar.com\\\/avatar\\\/8408942dd851e8a9c09f3d382a661bc05d2b3cd9002139bc1795b9528cdc6c80?s=96&d=mm&r=g\",\"caption\":\"R\u00e9daction - Les Volcans News\"},\"url\":\"https:\\\/\\\/lesvolcansnews.net\\\/?author=14\"}]}<\/script>\n<!-- \/ Yoast SEO plugin. -->","yoast_head_json":{"title":"Masisi: voici le bilan des affrontements entre l\u2019AFC\/M23 aux Wazalendo ce 29 Septembre - LES VOLCANS NEWS","robots":{"index":"index","follow":"follow","max-snippet":"max-snippet:-1","max-image-preview":"max-image-preview:large","max-video-preview":"max-video-preview:-1"},"canonical":"https:\/\/lesvolcansnews.net\/?p=69789","og_locale":"fr_FR","og_type":"article","og_title":"Masisi: voici le bilan des affrontements entre l\u2019AFC\/M23 aux Wazalendo ce 29 Septembre - LES VOLCANS NEWS","og_description":"Trois civils, dont deux hommes et une femme, ont \u00e9t\u00e9 gri\u00e8vement bless\u00e9s par balles ce lundi 29 septembre lors de violents affrontements ayant oppos\u00e9 les rebelles de l\u2019AFC\/M23 aux Wazalendo","og_url":"https:\/\/lesvolcansnews.net\/?p=69789","og_site_name":"LES VOLCANS NEWS","article_published_time":"2025-09-29T16:36:43+00:00","og_image":[{"width":720,"height":481,"url":"https:\/\/i0.wp.com\/lesvolcansnews.net\/wp-content\/uploads\/2025\/09\/FB_IMG_1744575951482.webp?fit=720%2C481&ssl=1","type":"image\/webp"}],"author":"R\u00e9daction - Les Volcans News","twitter_card":"summary_large_image","twitter_misc":{"\u00c9crit par":"R\u00e9daction - Les Volcans News","Dur\u00e9e de lecture estim\u00e9e":"1 minute"},"schema":{"@context":"https:\/\/schema.org","@graph":[{"@type":"Article","@id":"https:\/\/lesvolcansnews.net\/?p=69789#article","isPartOf":{"@id":"https:\/\/lesvolcansnews.net\/?p=69789"},"author":{"name":"R\u00e9daction - Les Volcans News","@id":"https:\/\/lesvolcansnews.net\/#\/schema\/person\/82c8bed2e77879ecf6cca63441f57354"},"headline":"Masisi: voici le bilan des affrontements entre l\u2019AFC\/M23 aux Wazalendo ce 29 Septembre","datePublished":"2025-09-29T16:36:43+00:00","mainEntityOfPage":{"@id":"https:\/\/lesvolcansnews.net\/?p=69789"},"wordCount":203,"commentCount":0,"image":{"@id":"https:\/\/lesvolcansnews.net\/?p=69789#primaryimage"},"thumbnailUrl":"https:\/\/lesvolcansnews.net\/wp-content\/uploads\/2025\/09\/FB_IMG_1744575951482.webp","articleSection":["S\u00c9CURIT\u00c9"],"inLanguage":"fr-FR","potentialAction":[{"@type":"CommentAction","name":"Comment","target":["https:\/\/lesvolcansnews.net\/?p=69789#respond"]}]},{"@type":"WebPage","@id":"https:\/\/lesvolcansnews.net\/?p=69789","url":"https:\/\/lesvolcansnews.net\/?p=69789","name":"Masisi: voici le bilan des affrontements entre l\u2019AFC\/M23 aux Wazalendo ce 29 Septembre - LES VOLCANS NEWS","isPartOf":{"@id":"https:\/\/lesvolcansnews.net\/#website"},"primaryImageOfPage":{"@id":"https:\/\/lesvolcansnews.net\/?p=69789#primaryimage"},"image":{"@id":"https:\/\/lesvolcansnews.net\/?p=69789#primaryimage"},"thumbnailUrl":"https:\/\/lesvolcansnews.net\/wp-content\/uploads\/2025\/09\/FB_IMG_1744575951482.webp","datePublished":"2025-09-29T16:36:43+00:00","author":{"@id":"https:\/\/lesvolcansnews.net\/#\/schema\/person\/82c8bed2e77879ecf6cca63441f57354"},"breadcrumb":{"@id":"https:\/\/lesvolcansnews.net\/?p=69789#breadcrumb"},"inLanguage":"fr-FR","potentialAction":[{"@type":"ReadAction","target":["https:\/\/lesvolcansnews.net\/?p=69789"]}]},{"@type":"ImageObject","inLanguage":"fr-FR","@id":"https:\/\/lesvolcansnews.net\/?p=69789#primaryimage","url":"https:\/\/lesvolcansnews.net\/wp-content\/uploads\/2025\/09\/FB_IMG_1744575951482.webp","contentUrl":"https:\/\/lesvolcansnews.net\/wp-content\/uploads\/2025\/09\/FB_IMG_1744575951482.webp","width":720,"height":481},{"@type":"BreadcrumbList","@id":"https:\/\/lesvolcansnews.net\/?p=69789#breadcrumb","itemListElement":[{"@type":"ListItem","position":1,"name":"Accueil","item":"https:\/\/lesvolcansnews.net\/"},{"@type":"ListItem","position":2,"name":"Masisi: voici le bilan des affrontements entre l\u2019AFC\/M23 aux Wazalendo ce 29 Septembre"}]},{"@type":"WebSite","@id":"https:\/\/lesvolcansnews.net\/#website","url":"https:\/\/lesvolcansnews.net\/","name":"LES VOLCANS NEWS","description":"L&#039;INFORMATION C&#039;EST NOUS","potentialAction":[{"@type":"SearchAction","target":{"@type":"EntryPoint","urlTemplate":"https:\/\/lesvolcansnews.net\/?s={search_term_string}"},"query-input":{"@type":"PropertyValueSpecification","valueRequired":true,"valueName":"search_term_string"}}],"inLanguage":"fr-FR"},{"@type":"Person","@id":"https:\/\/lesvolcansnews.net\/#\/schema\/person\/82c8bed2e77879ecf6cca63441f57354","name":"R\u00e9daction - Les Volcans News","image":{"@type":"ImageObject","inLanguage":"fr-FR","@id":"https:\/\/secure.gravatar.com\/avatar\/8408942dd851e8a9c09f3d382a661bc05d2b3cd9002139bc1795b9528cdc6c80?s=96&d=mm&r=g","url":"https:\/\/secure.gravatar.com\/avatar\/8408942dd851e8a9c09f3d382a661bc05d2b3cd9002139bc1795b9528cdc6c80?s=96&d=mm&r=g","contentUrl":"https:\/\/secure.gravatar.com\/avatar\/8408942dd851e8a9c09f3d382a661bc05d2b3cd9002139bc1795b9528cdc6c80?s=96&d=mm&r=g","caption":"R\u00e9daction - Les Volcans News"},"url":"https:\/\/lesvolcansnews.net\/?author=14"}]}},"_links":{"self":[{"href":"https:\/\/lesvolcansnews.net\/index.php?rest_route=\/wp\/v2\/posts\/69789","targetHints":{"allow":["GET"]}}],"collection":[{"href":"https:\/\/lesvolcansnews.net\/index.php?rest_route=\/wp\/v2\/posts"}],"about":[{"href":"https:\/\/lesvolcansnews.net\/index.php?rest_route=\/wp\/v2\/types\/post"}],"author":[{"embeddable":true,"href":"https:\/\/lesvolcansnews.net\/index.php?rest_route=\/wp\/v2\/users\/14"}],"replies":[{"embeddable":true,"href":"https:\/\/lesvolcansnews.net\/index.php?rest_route=%2Fwp%2Fv2%2Fcomments&post=69789"}],"version-history":[{"count":1,"href":"https:\/\/lesvolcansnews.net\/index.php?rest_route=\/wp\/v2\/posts\/69789\/revisions"}],"predecessor-version":[{"id":69791,"href":"https:\/\/lesvolcansnews.net\/index.php?rest_route=\/wp\/v2\/posts\/69789\/revisions\/69791"}],"wp:featuredmedia":[{"embeddable":true,"href":"https:\/\/lesvolcansnews.net\/index.php?rest_route=\/wp\/v2\/media\/69790"}],"wp:attachment":[{"href":"https:\/\/lesvolcansnews.net\/index.php?rest_route=%2Fwp%2Fv2%2Fmedia&parent=69789"}],"wp:term":[{"taxonomy":"category","embeddable":true,"href":"https:\/\/lesvolcansnews.net\/index.php?rest_route=%2Fwp%2Fv2%2Fcategories&post=69789"},{"taxonomy":"post_tag","embeddable":true,"href":"https:\/\/lesvolcansnews.net\/index.php?rest_route=%2Fwp%2Fv2%2Ftags&post=69789"}],"curies":[{"name":"wp","href":"https:\/\/api.w.org\/{rel}","templated":true}]}}