{"id":69722,"date":"2025-09-26T23:27:45","date_gmt":"2025-09-26T21:27:45","guid":{"rendered":"https:\/\/lesvolcansnews.net\/?p=69722"},"modified":"2025-09-26T23:27:45","modified_gmt":"2025-09-26T21:27:45","slug":"rdc-infantino-recu-par-tshisekedi-la-fifa-presse-pour-des-elections-a-la-fecofa","status":"publish","type":"post","link":"https:\/\/lesvolcansnews.net\/?p=69722","title":{"rendered":"RDC : Infantino re\u00e7u par Tshisekedi, la FIFA presse pour des \u00e9lections \u00e0 la FECOFA"},"content":{"rendered":"<p><strong>\u00a0En marge de l\u2019Assembl\u00e9e g\u00e9n\u00e9rale des Nations Unies \u00e0 New York, le pr\u00e9sident de la F\u00e9d\u00e9ration internationale de football association (FIFA), Gianni Infantino, a \u00e9t\u00e9 re\u00e7u jeudi par le chef de l\u2019\u00c9tat congolais, F\u00e9lix Antoine Tshisekedi Tshilombo, a indiqu\u00e9 la presse pr\u00e9sidentielle de la RDC.<\/strong><\/p>\n<p>Lors de cet entretien, les deux personnalit\u00e9s ont \u00e9chang\u00e9 sur les projets footballistiques de la FIFA en R\u00e9publique d\u00e9mocratique du Congo, mais \u00e9galement sur la situation institutionnelle de la F\u00e9d\u00e9ration congolaise de football association (FECOFA), plac\u00e9e sous un Comit\u00e9 de normalisation (CONOR) depuis plusieurs mois.<\/p>\n<p><em>\u00ab Je suis honor\u00e9 de rencontrer le pr\u00e9sident Tshisekedi, un passionn\u00e9 du football \u00bb<\/em>, a d\u00e9clar\u00e9 M. Infantino \u00e0 l\u2019issue de l\u2019audience, cit\u00e9 par la presse pr\u00e9sidentielle congolaise.<\/p>\n<p>Pr\u00e9occup\u00e9e par la vacance prolong\u00e9e \u00e0 la t\u00eate de la FECOFA, la FIFA a fait part de son souhait d\u2019un retour \u00e0 une gouvernance \u00e9lective.<\/p>\n<p>\u00ab<em> Nous avons parl\u00e9 des diff\u00e9rents projets que la FIFA a pour la RDC, notamment des stades, des infrastructures, des Arenas, des terrains, des \u00e9coles et de la formation \u00bb,<\/em> a soulign\u00e9 M. Infantino, avant d\u2019ajouter :<em>\u00ab La FIFA souhaite voir s\u2019organiser rapidement des \u00e9lections \u00e0 la FECOFA pour normaliser la situation. \u00bb<\/em><\/p>\n<p>La FECOFA est dirig\u00e9e depuis 2021 par un Comit\u00e9 de normalisation mis en place par la FIFA, en raison de dysfonctionnements r\u00e9p\u00e9t\u00e9s au sein de l\u2019instance. \u00c0 ce jour, aucune date officielle n\u2019a \u00e9t\u00e9 fix\u00e9e pour l\u2019organisation des \u00e9lections, malgr\u00e9 plusieurs appels de la communaut\u00e9 sportive congolaise.<\/p>\n<p>Le pr\u00e9sident Tshisekedi a r\u00e9it\u00e9r\u00e9, selon ses services, son attachement au d\u00e9veloppement du football congolais, notamment \u00e0 travers des partenariats avec la FIFA pour la construction d\u2019infrastructures modernes, la formation des jeunes et la professionnalisation des encadreurs.<\/p>\n<p>La r\u00e9daction<\/p>\n","protected":false},"excerpt":{"rendered":"<p>\u00a0En marge de l\u2019Assembl\u00e9e g\u00e9n\u00e9rale des Nations Unies \u00e0 New York, le pr\u00e9sident de la F\u00e9d\u00e9ration internationale de football association (FIFA), Gianni Infantino, a \u00e9t\u00e9 re\u00e7u jeudi par le chef<\/p>\n","protected":false},"author":14,"featured_media":69723,"comment_status":"open","ping_status":"open","sticky":false,"template":"","format":"standard","meta":{"footnotes":""},"categories":[1],"tags":[],"class_list":["post-69722","post","type-post","status-publish","format-standard","has-post-thumbnail","hentry","category-actualite"],"yoast_head":"<!-- This site is optimized with the Yoast SEO plugin v27.3 - https:\/\/yoast.com\/product\/yoast-seo-wordpress\/ -->\n<title>RDC : Infantino re\u00e7u par Tshisekedi, la FIFA presse pour des \u00e9lections \u00e0 la FECOFA - LES VOLCANS NEWS<\/title>\n<meta name=\"robots\" content=\"index, follow, max-snippet:-1, max-image-preview:large, max-video-preview:-1\" \/>\n<link rel=\"canonical\" href=\"https:\/\/lesvolcansnews.net\/?p=69722\" \/>\n<meta property=\"og:locale\" content=\"fr_FR\" \/>\n<meta property=\"og:type\" content=\"article\" \/>\n<meta property=\"og:title\" content=\"RDC : Infantino re\u00e7u par Tshisekedi, la FIFA presse pour des \u00e9lections \u00e0 la FECOFA - LES VOLCANS NEWS\" \/>\n<meta property=\"og:description\" content=\"\u00a0En marge de l\u2019Assembl\u00e9e g\u00e9n\u00e9rale des Nations Unies \u00e0 New York, le pr\u00e9sident de la F\u00e9d\u00e9ration internationale de football association (FIFA), Gianni Infantino, a \u00e9t\u00e9 re\u00e7u jeudi par le chef\" \/>\n<meta property=\"og:url\" content=\"https:\/\/lesvolcansnews.net\/?p=69722\" \/>\n<meta property=\"og:site_name\" content=\"LES VOLCANS NEWS\" \/>\n<meta property=\"article:published_time\" content=\"2025-09-26T21:27:45+00:00\" \/>\n<meta property=\"og:image\" content=\"https:\/\/lesvolcansnews.net\/wp-content\/uploads\/2025\/09\/WhatsApp-Image-2025-09-26-at-16.33.23.jpeg\" \/>\n\t<meta property=\"og:image:width\" content=\"1080\" \/>\n\t<meta property=\"og:image:height\" content=\"714\" \/>\n\t<meta property=\"og:image:type\" content=\"image\/jpeg\" \/>\n<meta name=\"author\" content=\"R\u00e9daction - Les Volcans News\" \/>\n<meta name=\"twitter:card\" content=\"summary_large_image\" \/>\n<meta name=\"twitter:label1\" content=\"\u00c9crit par\" \/>\n\t<meta name=\"twitter:data1\" content=\"R\u00e9daction - Les Volcans News\" \/>\n\t<meta name=\"twitter:label2\" content=\"Dur\u00e9e de lecture estim\u00e9e\" \/>\n\t<meta name=\"twitter:data2\" content=\"2 minutes\" \/>\n<script type=\"application\/ld+json\" class=\"yoast-schema-graph\">{\"@context\":\"https:\\\/\\\/schema.org\",\"@graph\":[{\"@type\":\"Article\",\"@id\":\"https:\\\/\\\/lesvolcansnews.net\\\/?p=69722#article\",\"isPartOf\":{\"@id\":\"https:\\\/\\\/lesvolcansnews.net\\\/?p=69722\"},\"author\":{\"name\":\"R\u00e9daction - Les Volcans News\",\"@id\":\"https:\\\/\\\/lesvolcansnews.net\\\/#\\\/schema\\\/person\\\/82c8bed2e77879ecf6cca63441f57354\"},\"headline\":\"RDC : Infantino re\u00e7u par Tshisekedi, la FIFA presse pour des \u00e9lections \u00e0 la FECOFA\",\"datePublished\":\"2025-09-26T21:27:45+00:00\",\"mainEntityOfPage\":{\"@id\":\"https:\\\/\\\/lesvolcansnews.net\\\/?p=69722\"},\"wordCount\":326,\"commentCount\":0,\"image\":{\"@id\":\"https:\\\/\\\/lesvolcansnews.net\\\/?p=69722#primaryimage\"},\"thumbnailUrl\":\"https:\\\/\\\/lesvolcansnews.net\\\/wp-content\\\/uploads\\\/2025\\\/09\\\/WhatsApp-Image-2025-09-26-at-16.33.23.jpeg\",\"articleSection\":[\"ACTUALIT\u00c9\"],\"inLanguage\":\"fr-FR\",\"potentialAction\":[{\"@type\":\"CommentAction\",\"name\":\"Comment\",\"target\":[\"https:\\\/\\\/lesvolcansnews.net\\\/?p=69722#respond\"]}]},{\"@type\":\"WebPage\",\"@id\":\"https:\\\/\\\/lesvolcansnews.net\\\/?p=69722\",\"url\":\"https:\\\/\\\/lesvolcansnews.net\\\/?p=69722\",\"name\":\"RDC : Infantino re\u00e7u par Tshisekedi, la FIFA presse pour des \u00e9lections \u00e0 la FECOFA - LES VOLCANS NEWS\",\"isPartOf\":{\"@id\":\"https:\\\/\\\/lesvolcansnews.net\\\/#website\"},\"primaryImageOfPage\":{\"@id\":\"https:\\\/\\\/lesvolcansnews.net\\\/?p=69722#primaryimage\"},\"image\":{\"@id\":\"https:\\\/\\\/lesvolcansnews.net\\\/?p=69722#primaryimage\"},\"thumbnailUrl\":\"https:\\\/\\\/lesvolcansnews.net\\\/wp-content\\\/uploads\\\/2025\\\/09\\\/WhatsApp-Image-2025-09-26-at-16.33.23.jpeg\",\"datePublished\":\"2025-09-26T21:27:45+00:00\",\"author\":{\"@id\":\"https:\\\/\\\/lesvolcansnews.net\\\/#\\\/schema\\\/person\\\/82c8bed2e77879ecf6cca63441f57354\"},\"breadcrumb\":{\"@id\":\"https:\\\/\\\/lesvolcansnews.net\\\/?p=69722#breadcrumb\"},\"inLanguage\":\"fr-FR\",\"potentialAction\":[{\"@type\":\"ReadAction\",\"target\":[\"https:\\\/\\\/lesvolcansnews.net\\\/?p=69722\"]}]},{\"@type\":\"ImageObject\",\"inLanguage\":\"fr-FR\",\"@id\":\"https:\\\/\\\/lesvolcansnews.net\\\/?p=69722#primaryimage\",\"url\":\"https:\\\/\\\/lesvolcansnews.net\\\/wp-content\\\/uploads\\\/2025\\\/09\\\/WhatsApp-Image-2025-09-26-at-16.33.23.jpeg\",\"contentUrl\":\"https:\\\/\\\/lesvolcansnews.net\\\/wp-content\\\/uploads\\\/2025\\\/09\\\/WhatsApp-Image-2025-09-26-at-16.33.23.jpeg\",\"width\":1080,\"height\":714},{\"@type\":\"BreadcrumbList\",\"@id\":\"https:\\\/\\\/lesvolcansnews.net\\\/?p=69722#breadcrumb\",\"itemListElement\":[{\"@type\":\"ListItem\",\"position\":1,\"name\":\"Accueil\",\"item\":\"https:\\\/\\\/lesvolcansnews.net\\\/\"},{\"@type\":\"ListItem\",\"position\":2,\"name\":\"RDC : Infantino re\u00e7u par Tshisekedi, la FIFA presse pour des \u00e9lections \u00e0 la FECOFA\"}]},{\"@type\":\"WebSite\",\"@id\":\"https:\\\/\\\/lesvolcansnews.net\\\/#website\",\"url\":\"https:\\\/\\\/lesvolcansnews.net\\\/\",\"name\":\"LES VOLCANS NEWS\",\"description\":\"L&#039;INFORMATION C&#039;EST NOUS\",\"potentialAction\":[{\"@type\":\"SearchAction\",\"target\":{\"@type\":\"EntryPoint\",\"urlTemplate\":\"https:\\\/\\\/lesvolcansnews.net\\\/?s={search_term_string}\"},\"query-input\":{\"@type\":\"PropertyValueSpecification\",\"valueRequired\":true,\"valueName\":\"search_term_string\"}}],\"inLanguage\":\"fr-FR\"},{\"@type\":\"Person\",\"@id\":\"https:\\\/\\\/lesvolcansnews.net\\\/#\\\/schema\\\/person\\\/82c8bed2e77879ecf6cca63441f57354\",\"name\":\"R\u00e9daction - Les Volcans News\",\"image\":{\"@type\":\"ImageObject\",\"inLanguage\":\"fr-FR\",\"@id\":\"https:\\\/\\\/secure.gravatar.com\\\/avatar\\\/8408942dd851e8a9c09f3d382a661bc05d2b3cd9002139bc1795b9528cdc6c80?s=96&d=mm&r=g\",\"url\":\"https:\\\/\\\/secure.gravatar.com\\\/avatar\\\/8408942dd851e8a9c09f3d382a661bc05d2b3cd9002139bc1795b9528cdc6c80?s=96&d=mm&r=g\",\"contentUrl\":\"https:\\\/\\\/secure.gravatar.com\\\/avatar\\\/8408942dd851e8a9c09f3d382a661bc05d2b3cd9002139bc1795b9528cdc6c80?s=96&d=mm&r=g\",\"caption\":\"R\u00e9daction - Les Volcans News\"},\"url\":\"https:\\\/\\\/lesvolcansnews.net\\\/?author=14\"}]}<\/script>\n<!-- \/ Yoast SEO plugin. -->","yoast_head_json":{"title":"RDC : Infantino re\u00e7u par Tshisekedi, la FIFA presse pour des \u00e9lections \u00e0 la FECOFA - LES VOLCANS NEWS","robots":{"index":"index","follow":"follow","max-snippet":"max-snippet:-1","max-image-preview":"max-image-preview:large","max-video-preview":"max-video-preview:-1"},"canonical":"https:\/\/lesvolcansnews.net\/?p=69722","og_locale":"fr_FR","og_type":"article","og_title":"RDC : Infantino re\u00e7u par Tshisekedi, la FIFA presse pour des \u00e9lections \u00e0 la FECOFA - LES VOLCANS NEWS","og_description":"\u00a0En marge de l\u2019Assembl\u00e9e g\u00e9n\u00e9rale des Nations Unies \u00e0 New York, le pr\u00e9sident de la F\u00e9d\u00e9ration internationale de football association (FIFA), Gianni Infantino, a \u00e9t\u00e9 re\u00e7u jeudi par le chef","og_url":"https:\/\/lesvolcansnews.net\/?p=69722","og_site_name":"LES VOLCANS NEWS","article_published_time":"2025-09-26T21:27:45+00:00","og_image":[{"width":1080,"height":714,"url":"https:\/\/lesvolcansnews.net\/wp-content\/uploads\/2025\/09\/WhatsApp-Image-2025-09-26-at-16.33.23.jpeg","type":"image\/jpeg"}],"author":"R\u00e9daction - Les Volcans News","twitter_card":"summary_large_image","twitter_misc":{"\u00c9crit par":"R\u00e9daction - Les Volcans News","Dur\u00e9e de lecture estim\u00e9e":"2 minutes"},"schema":{"@context":"https:\/\/schema.org","@graph":[{"@type":"Article","@id":"https:\/\/lesvolcansnews.net\/?p=69722#article","isPartOf":{"@id":"https:\/\/lesvolcansnews.net\/?p=69722"},"author":{"name":"R\u00e9daction - Les Volcans News","@id":"https:\/\/lesvolcansnews.net\/#\/schema\/person\/82c8bed2e77879ecf6cca63441f57354"},"headline":"RDC : Infantino re\u00e7u par Tshisekedi, la FIFA presse pour des \u00e9lections \u00e0 la FECOFA","datePublished":"2025-09-26T21:27:45+00:00","mainEntityOfPage":{"@id":"https:\/\/lesvolcansnews.net\/?p=69722"},"wordCount":326,"commentCount":0,"image":{"@id":"https:\/\/lesvolcansnews.net\/?p=69722#primaryimage"},"thumbnailUrl":"https:\/\/lesvolcansnews.net\/wp-content\/uploads\/2025\/09\/WhatsApp-Image-2025-09-26-at-16.33.23.jpeg","articleSection":["ACTUALIT\u00c9"],"inLanguage":"fr-FR","potentialAction":[{"@type":"CommentAction","name":"Comment","target":["https:\/\/lesvolcansnews.net\/?p=69722#respond"]}]},{"@type":"WebPage","@id":"https:\/\/lesvolcansnews.net\/?p=69722","url":"https:\/\/lesvolcansnews.net\/?p=69722","name":"RDC : Infantino re\u00e7u par Tshisekedi, la FIFA presse pour des \u00e9lections \u00e0 la FECOFA - LES VOLCANS NEWS","isPartOf":{"@id":"https:\/\/lesvolcansnews.net\/#website"},"primaryImageOfPage":{"@id":"https:\/\/lesvolcansnews.net\/?p=69722#primaryimage"},"image":{"@id":"https:\/\/lesvolcansnews.net\/?p=69722#primaryimage"},"thumbnailUrl":"https:\/\/lesvolcansnews.net\/wp-content\/uploads\/2025\/09\/WhatsApp-Image-2025-09-26-at-16.33.23.jpeg","datePublished":"2025-09-26T21:27:45+00:00","author":{"@id":"https:\/\/lesvolcansnews.net\/#\/schema\/person\/82c8bed2e77879ecf6cca63441f57354"},"breadcrumb":{"@id":"https:\/\/lesvolcansnews.net\/?p=69722#breadcrumb"},"inLanguage":"fr-FR","potentialAction":[{"@type":"ReadAction","target":["https:\/\/lesvolcansnews.net\/?p=69722"]}]},{"@type":"ImageObject","inLanguage":"fr-FR","@id":"https:\/\/lesvolcansnews.net\/?p=69722#primaryimage","url":"https:\/\/lesvolcansnews.net\/wp-content\/uploads\/2025\/09\/WhatsApp-Image-2025-09-26-at-16.33.23.jpeg","contentUrl":"https:\/\/lesvolcansnews.net\/wp-content\/uploads\/2025\/09\/WhatsApp-Image-2025-09-26-at-16.33.23.jpeg","width":1080,"height":714},{"@type":"BreadcrumbList","@id":"https:\/\/lesvolcansnews.net\/?p=69722#breadcrumb","itemListElement":[{"@type":"ListItem","position":1,"name":"Accueil","item":"https:\/\/lesvolcansnews.net\/"},{"@type":"ListItem","position":2,"name":"RDC : Infantino re\u00e7u par Tshisekedi, la FIFA presse pour des \u00e9lections \u00e0 la FECOFA"}]},{"@type":"WebSite","@id":"https:\/\/lesvolcansnews.net\/#website","url":"https:\/\/lesvolcansnews.net\/","name":"LES VOLCANS NEWS","description":"L&#039;INFORMATION C&#039;EST NOUS","potentialAction":[{"@type":"SearchAction","target":{"@type":"EntryPoint","urlTemplate":"https:\/\/lesvolcansnews.net\/?s={search_term_string}"},"query-input":{"@type":"PropertyValueSpecification","valueRequired":true,"valueName":"search_term_string"}}],"inLanguage":"fr-FR"},{"@type":"Person","@id":"https:\/\/lesvolcansnews.net\/#\/schema\/person\/82c8bed2e77879ecf6cca63441f57354","name":"R\u00e9daction - Les Volcans News","image":{"@type":"ImageObject","inLanguage":"fr-FR","@id":"https:\/\/secure.gravatar.com\/avatar\/8408942dd851e8a9c09f3d382a661bc05d2b3cd9002139bc1795b9528cdc6c80?s=96&d=mm&r=g","url":"https:\/\/secure.gravatar.com\/avatar\/8408942dd851e8a9c09f3d382a661bc05d2b3cd9002139bc1795b9528cdc6c80?s=96&d=mm&r=g","contentUrl":"https:\/\/secure.gravatar.com\/avatar\/8408942dd851e8a9c09f3d382a661bc05d2b3cd9002139bc1795b9528cdc6c80?s=96&d=mm&r=g","caption":"R\u00e9daction - Les Volcans News"},"url":"https:\/\/lesvolcansnews.net\/?author=14"}]}},"_links":{"self":[{"href":"https:\/\/lesvolcansnews.net\/index.php?rest_route=\/wp\/v2\/posts\/69722","targetHints":{"allow":["GET"]}}],"collection":[{"href":"https:\/\/lesvolcansnews.net\/index.php?rest_route=\/wp\/v2\/posts"}],"about":[{"href":"https:\/\/lesvolcansnews.net\/index.php?rest_route=\/wp\/v2\/types\/post"}],"author":[{"embeddable":true,"href":"https:\/\/lesvolcansnews.net\/index.php?rest_route=\/wp\/v2\/users\/14"}],"replies":[{"embeddable":true,"href":"https:\/\/lesvolcansnews.net\/index.php?rest_route=%2Fwp%2Fv2%2Fcomments&post=69722"}],"version-history":[{"count":1,"href":"https:\/\/lesvolcansnews.net\/index.php?rest_route=\/wp\/v2\/posts\/69722\/revisions"}],"predecessor-version":[{"id":69724,"href":"https:\/\/lesvolcansnews.net\/index.php?rest_route=\/wp\/v2\/posts\/69722\/revisions\/69724"}],"wp:featuredmedia":[{"embeddable":true,"href":"https:\/\/lesvolcansnews.net\/index.php?rest_route=\/wp\/v2\/media\/69723"}],"wp:attachment":[{"href":"https:\/\/lesvolcansnews.net\/index.php?rest_route=%2Fwp%2Fv2%2Fmedia&parent=69722"}],"wp:term":[{"taxonomy":"category","embeddable":true,"href":"https:\/\/lesvolcansnews.net\/index.php?rest_route=%2Fwp%2Fv2%2Fcategories&post=69722"},{"taxonomy":"post_tag","embeddable":true,"href":"https:\/\/lesvolcansnews.net\/index.php?rest_route=%2Fwp%2Fv2%2Ftags&post=69722"}],"curies":[{"name":"wp","href":"https:\/\/api.w.org\/{rel}","templated":true}]}}