{"id":69719,"date":"2025-09-26T21:31:17","date_gmt":"2025-09-26T19:31:17","guid":{"rendered":"https:\/\/lesvolcansnews.net\/2025\/09\/26\/nyiragongo-des-jeunes-formes-pour-devenir-des-ambassadeurs-numeriques-de-paix\/"},"modified":"2025-09-26T21:31:17","modified_gmt":"2025-09-26T19:31:17","slug":"nyiragongo-des-jeunes-formes-pour-devenir-des-ambassadeurs-numeriques-de-paix","status":"publish","type":"post","link":"https:\/\/lesvolcansnews.net\/?p=69719","title":{"rendered":"Nyiragongo : Des jeunes form\u00e9s pour devenir des ambassadeurs num\u00e9riques de paix"},"content":{"rendered":"\n<p><\/p>\n\n\n\n<h3 class=\"wp-block-heading\"><\/h3>\n\n\n\n<p><strong>Avec la mont\u00e9e de la d\u00e9sinformation et des discours de haine sur les r\u00e9seaux sociaux, l\u2019asbl Uwema, en partenariat avec le Fonds pour les Femmes Congolaises (FFC), a lanc\u00e9 une formation destin\u00e9e \u00e0 outiller les jeunes du territoire de Nyiragongo en tant qu\u2019ambassadeurs num\u00e9riques de paix.<\/strong><\/p>\n\n\n\n<p>Cette initiative a \u00e9t\u00e9 officiellement lanc\u00e9e ce jeudi 26 septembre 2025 \u00e0 Goma, chef-lieu de la province du Nord-Kivu, \u00e0 l\u2019est de la R\u00e9publique D\u00e9mocratique du Congo. Les participants ont \u00e9t\u00e9 form\u00e9s \u00e0 la cr\u00e9ation de contenus digitaux \u00e0 impact social, avec pour objectif principal : influencer positivement l\u2019opinion en faveur de la paix.<\/p>\n\n\n\n<p><em>\u00ab Dans un contexte o\u00f9 le discours de haine, les conflits intercommunautaires et les tensions sociales trouvent facilement \u00e9cho sur les r\u00e9seaux sociaux, il est de notre devoir de pr\u00e9parer une jeunesse capable de r\u00e9sister \u00e0 la manipulation et, surtout, d\u2019influencer positivement son environnement \u00bb,<\/em> a d\u00e9clar\u00e9 Mugisha Kaniki Patrick, charg\u00e9 de projet \u00e0 l\u2019asbl Uwema, lors de son discours d\u2019ouverture.<\/p>\n\n\n\n<p>Tout au long de cette premi\u00e8re journ\u00e9e, les jeunes ont \u00e9t\u00e9 sensibilis\u00e9s \u00e0 l\u2019importance de l\u2019\u00e9ducation aux m\u00e9dias, \u00e0 la v\u00e9rification de l&#8217;information et aux strat\u00e9gies de lutte contre la d\u00e9sinformation. L\u2019accent a \u00e9galement \u00e9t\u00e9 mis sur la valorisation des r\u00e9cits locaux pour renforcer une communication cr\u00e9dible et ancr\u00e9e dans le v\u00e9cu communautaire.<\/p>\n\n\n\n<p>De son c\u00f4t\u00e9, Gis\u00e8le Kambesa, responsable des programmes au sein du FFC Nord-Kivu, a exhort\u00e9 les participants \u00e0 r\u00e9pliquer les acquis de cette formation au sein de leurs milieux respectifs.<\/p>\n\n\n\n<p>\u00ab <em>Nous comptons beaucoup sur votre implication. Que cette formation ne reste pas enferm\u00e9e ici. Allez la dupliquer dans vos communaut\u00e9s et familles. Vous \u00eates nos relais dans la mise en \u0153uvre de l\u2019agenda Femmes, Paix et S\u00e9curit\u00e9 \u00bb,<\/em> a-t-elle soulign\u00e9.<\/p>\n\n\n\n<p>Les jeunes b\u00e9n\u00e9ficiaires de Nyiragongo ont salu\u00e9 cette initiative, soulignant son importance dans un contexte s\u00e9curitaire fragile.<\/p>\n\n\n\n<p>\u00ab <em>Cette formation est arriv\u00e9e \u00e0 point nomm\u00e9. Dans un environnement marqu\u00e9 par la guerre, il devient difficile de distinguer le vrai du faux. Cela provoque un d\u00e9s\u00e9quilibre dans notre perception des faits \u00bb,<\/em> a dit l\u2019un des participants.<\/p>\n\n\n\n<p>Avec cette formation, une nouvelle g\u00e9n\u00e9ration de jeunes ambassadeurs num\u00e9riques voit le jour dans le Nord-Kivu. Mieux outill\u00e9s, ils se disent d\u00e9sormais pr\u00eats \u00e0 assumer leur r\u00f4le de sentinelles contre la d\u00e9sinformation et de promoteurs d\u2019une communication responsable et constructive.<\/p>\n\n\n\n<p>Cette initiative s\u2019inscrit dans une dynamique plus large visant \u00e0 construire une jeunesse r\u00e9siliente, engag\u00e9e pour la paix et la s\u00e9curit\u00e9 dans la r\u00e9gion. Elle constitue un pas important vers une mobilisation citoyenne efficace face aux enjeux sociaux et s\u00e9curitaires du moment.<\/p>\n\n\n\n<p><strong>Espoir Malamira <\/strong><\/p>\n","protected":false},"excerpt":{"rendered":"<p>Avec la mont\u00e9e de la d\u00e9sinformation et des discours de haine sur les r\u00e9seaux sociaux, l\u2019asbl Uwema, en partenariat avec le Fonds pour les Femmes Congolaises (FFC), a lanc\u00e9 une<\/p>\n","protected":false},"author":14,"featured_media":69718,"comment_status":"open","ping_status":"open","sticky":false,"template":"","format":"standard","meta":{"footnotes":""},"categories":[9],"tags":[],"class_list":["post-69719","post","type-post","status-publish","format-standard","has-post-thumbnail","hentry","category-societe"],"yoast_head":"<!-- This site is optimized with the Yoast SEO plugin v27.3 - https:\/\/yoast.com\/product\/yoast-seo-wordpress\/ -->\n<title>Nyiragongo : Des jeunes form\u00e9s pour devenir des ambassadeurs num\u00e9riques de paix - LES VOLCANS NEWS<\/title>\n<meta name=\"robots\" content=\"index, follow, max-snippet:-1, max-image-preview:large, max-video-preview:-1\" \/>\n<link rel=\"canonical\" href=\"https:\/\/lesvolcansnews.net\/?p=69719\" \/>\n<meta property=\"og:locale\" content=\"fr_FR\" \/>\n<meta property=\"og:type\" content=\"article\" \/>\n<meta property=\"og:title\" content=\"Nyiragongo : Des jeunes form\u00e9s pour devenir des ambassadeurs num\u00e9riques de paix - LES VOLCANS NEWS\" \/>\n<meta property=\"og:description\" content=\"Avec la mont\u00e9e de la d\u00e9sinformation et des discours de haine sur les r\u00e9seaux sociaux, l\u2019asbl Uwema, en partenariat avec le Fonds pour les Femmes Congolaises (FFC), a lanc\u00e9 une\" \/>\n<meta property=\"og:url\" content=\"https:\/\/lesvolcansnews.net\/?p=69719\" \/>\n<meta property=\"og:site_name\" content=\"LES VOLCANS NEWS\" \/>\n<meta property=\"article:published_time\" content=\"2025-09-26T19:31:17+00:00\" \/>\n<meta property=\"og:image\" content=\"https:\/\/lesvolcansnews.net\/wp-content\/uploads\/2025\/09\/IMG-20250926-WA0242.jpg\" \/>\n\t<meta property=\"og:image:width\" content=\"2560\" \/>\n\t<meta property=\"og:image:height\" content=\"1920\" \/>\n\t<meta property=\"og:image:type\" content=\"image\/jpeg\" \/>\n<meta name=\"author\" content=\"R\u00e9daction - Les Volcans News\" \/>\n<meta name=\"twitter:card\" content=\"summary_large_image\" \/>\n<meta name=\"twitter:label1\" content=\"\u00c9crit par\" \/>\n\t<meta name=\"twitter:data1\" content=\"R\u00e9daction - Les Volcans News\" \/>\n\t<meta name=\"twitter:label2\" content=\"Dur\u00e9e de lecture estim\u00e9e\" \/>\n\t<meta name=\"twitter:data2\" content=\"2 minutes\" \/>\n<script type=\"application\/ld+json\" class=\"yoast-schema-graph\">{\"@context\":\"https:\\\/\\\/schema.org\",\"@graph\":[{\"@type\":\"Article\",\"@id\":\"https:\\\/\\\/lesvolcansnews.net\\\/?p=69719#article\",\"isPartOf\":{\"@id\":\"https:\\\/\\\/lesvolcansnews.net\\\/?p=69719\"},\"author\":{\"name\":\"R\u00e9daction - Les Volcans News\",\"@id\":\"https:\\\/\\\/lesvolcansnews.net\\\/#\\\/schema\\\/person\\\/82c8bed2e77879ecf6cca63441f57354\"},\"headline\":\"Nyiragongo : Des jeunes form\u00e9s pour devenir des ambassadeurs num\u00e9riques de paix\",\"datePublished\":\"2025-09-26T19:31:17+00:00\",\"mainEntityOfPage\":{\"@id\":\"https:\\\/\\\/lesvolcansnews.net\\\/?p=69719\"},\"wordCount\":481,\"commentCount\":0,\"image\":{\"@id\":\"https:\\\/\\\/lesvolcansnews.net\\\/?p=69719#primaryimage\"},\"thumbnailUrl\":\"https:\\\/\\\/lesvolcansnews.net\\\/wp-content\\\/uploads\\\/2025\\\/09\\\/IMG-20250926-WA0242.jpg\",\"articleSection\":[\"SOCIET\u00c9\"],\"inLanguage\":\"fr-FR\",\"potentialAction\":[{\"@type\":\"CommentAction\",\"name\":\"Comment\",\"target\":[\"https:\\\/\\\/lesvolcansnews.net\\\/?p=69719#respond\"]}]},{\"@type\":\"WebPage\",\"@id\":\"https:\\\/\\\/lesvolcansnews.net\\\/?p=69719\",\"url\":\"https:\\\/\\\/lesvolcansnews.net\\\/?p=69719\",\"name\":\"Nyiragongo : Des jeunes form\u00e9s pour devenir des ambassadeurs num\u00e9riques de paix - LES VOLCANS NEWS\",\"isPartOf\":{\"@id\":\"https:\\\/\\\/lesvolcansnews.net\\\/#website\"},\"primaryImageOfPage\":{\"@id\":\"https:\\\/\\\/lesvolcansnews.net\\\/?p=69719#primaryimage\"},\"image\":{\"@id\":\"https:\\\/\\\/lesvolcansnews.net\\\/?p=69719#primaryimage\"},\"thumbnailUrl\":\"https:\\\/\\\/lesvolcansnews.net\\\/wp-content\\\/uploads\\\/2025\\\/09\\\/IMG-20250926-WA0242.jpg\",\"datePublished\":\"2025-09-26T19:31:17+00:00\",\"author\":{\"@id\":\"https:\\\/\\\/lesvolcansnews.net\\\/#\\\/schema\\\/person\\\/82c8bed2e77879ecf6cca63441f57354\"},\"breadcrumb\":{\"@id\":\"https:\\\/\\\/lesvolcansnews.net\\\/?p=69719#breadcrumb\"},\"inLanguage\":\"fr-FR\",\"potentialAction\":[{\"@type\":\"ReadAction\",\"target\":[\"https:\\\/\\\/lesvolcansnews.net\\\/?p=69719\"]}]},{\"@type\":\"ImageObject\",\"inLanguage\":\"fr-FR\",\"@id\":\"https:\\\/\\\/lesvolcansnews.net\\\/?p=69719#primaryimage\",\"url\":\"https:\\\/\\\/lesvolcansnews.net\\\/wp-content\\\/uploads\\\/2025\\\/09\\\/IMG-20250926-WA0242.jpg\",\"contentUrl\":\"https:\\\/\\\/lesvolcansnews.net\\\/wp-content\\\/uploads\\\/2025\\\/09\\\/IMG-20250926-WA0242.jpg\",\"width\":2560,\"height\":1920},{\"@type\":\"BreadcrumbList\",\"@id\":\"https:\\\/\\\/lesvolcansnews.net\\\/?p=69719#breadcrumb\",\"itemListElement\":[{\"@type\":\"ListItem\",\"position\":1,\"name\":\"Accueil\",\"item\":\"https:\\\/\\\/lesvolcansnews.net\\\/\"},{\"@type\":\"ListItem\",\"position\":2,\"name\":\"Nyiragongo : Des jeunes form\u00e9s pour devenir des ambassadeurs num\u00e9riques de paix\"}]},{\"@type\":\"WebSite\",\"@id\":\"https:\\\/\\\/lesvolcansnews.net\\\/#website\",\"url\":\"https:\\\/\\\/lesvolcansnews.net\\\/\",\"name\":\"LES VOLCANS NEWS\",\"description\":\"L&#039;INFORMATION C&#039;EST NOUS\",\"potentialAction\":[{\"@type\":\"SearchAction\",\"target\":{\"@type\":\"EntryPoint\",\"urlTemplate\":\"https:\\\/\\\/lesvolcansnews.net\\\/?s={search_term_string}\"},\"query-input\":{\"@type\":\"PropertyValueSpecification\",\"valueRequired\":true,\"valueName\":\"search_term_string\"}}],\"inLanguage\":\"fr-FR\"},{\"@type\":\"Person\",\"@id\":\"https:\\\/\\\/lesvolcansnews.net\\\/#\\\/schema\\\/person\\\/82c8bed2e77879ecf6cca63441f57354\",\"name\":\"R\u00e9daction - Les Volcans News\",\"image\":{\"@type\":\"ImageObject\",\"inLanguage\":\"fr-FR\",\"@id\":\"https:\\\/\\\/secure.gravatar.com\\\/avatar\\\/8408942dd851e8a9c09f3d382a661bc05d2b3cd9002139bc1795b9528cdc6c80?s=96&d=mm&r=g\",\"url\":\"https:\\\/\\\/secure.gravatar.com\\\/avatar\\\/8408942dd851e8a9c09f3d382a661bc05d2b3cd9002139bc1795b9528cdc6c80?s=96&d=mm&r=g\",\"contentUrl\":\"https:\\\/\\\/secure.gravatar.com\\\/avatar\\\/8408942dd851e8a9c09f3d382a661bc05d2b3cd9002139bc1795b9528cdc6c80?s=96&d=mm&r=g\",\"caption\":\"R\u00e9daction - Les Volcans News\"},\"url\":\"https:\\\/\\\/lesvolcansnews.net\\\/?author=14\"}]}<\/script>\n<!-- \/ Yoast SEO plugin. -->","yoast_head_json":{"title":"Nyiragongo : Des jeunes form\u00e9s pour devenir des ambassadeurs num\u00e9riques de paix - LES VOLCANS NEWS","robots":{"index":"index","follow":"follow","max-snippet":"max-snippet:-1","max-image-preview":"max-image-preview:large","max-video-preview":"max-video-preview:-1"},"canonical":"https:\/\/lesvolcansnews.net\/?p=69719","og_locale":"fr_FR","og_type":"article","og_title":"Nyiragongo : Des jeunes form\u00e9s pour devenir des ambassadeurs num\u00e9riques de paix - LES VOLCANS NEWS","og_description":"Avec la mont\u00e9e de la d\u00e9sinformation et des discours de haine sur les r\u00e9seaux sociaux, l\u2019asbl Uwema, en partenariat avec le Fonds pour les Femmes Congolaises (FFC), a lanc\u00e9 une","og_url":"https:\/\/lesvolcansnews.net\/?p=69719","og_site_name":"LES VOLCANS NEWS","article_published_time":"2025-09-26T19:31:17+00:00","og_image":[{"width":2560,"height":1920,"url":"https:\/\/lesvolcansnews.net\/wp-content\/uploads\/2025\/09\/IMG-20250926-WA0242.jpg","type":"image\/jpeg"}],"author":"R\u00e9daction - Les Volcans News","twitter_card":"summary_large_image","twitter_misc":{"\u00c9crit par":"R\u00e9daction - Les Volcans News","Dur\u00e9e de lecture estim\u00e9e":"2 minutes"},"schema":{"@context":"https:\/\/schema.org","@graph":[{"@type":"Article","@id":"https:\/\/lesvolcansnews.net\/?p=69719#article","isPartOf":{"@id":"https:\/\/lesvolcansnews.net\/?p=69719"},"author":{"name":"R\u00e9daction - Les Volcans News","@id":"https:\/\/lesvolcansnews.net\/#\/schema\/person\/82c8bed2e77879ecf6cca63441f57354"},"headline":"Nyiragongo : Des jeunes form\u00e9s pour devenir des ambassadeurs num\u00e9riques de paix","datePublished":"2025-09-26T19:31:17+00:00","mainEntityOfPage":{"@id":"https:\/\/lesvolcansnews.net\/?p=69719"},"wordCount":481,"commentCount":0,"image":{"@id":"https:\/\/lesvolcansnews.net\/?p=69719#primaryimage"},"thumbnailUrl":"https:\/\/lesvolcansnews.net\/wp-content\/uploads\/2025\/09\/IMG-20250926-WA0242.jpg","articleSection":["SOCIET\u00c9"],"inLanguage":"fr-FR","potentialAction":[{"@type":"CommentAction","name":"Comment","target":["https:\/\/lesvolcansnews.net\/?p=69719#respond"]}]},{"@type":"WebPage","@id":"https:\/\/lesvolcansnews.net\/?p=69719","url":"https:\/\/lesvolcansnews.net\/?p=69719","name":"Nyiragongo : Des jeunes form\u00e9s pour devenir des ambassadeurs num\u00e9riques de paix - LES VOLCANS NEWS","isPartOf":{"@id":"https:\/\/lesvolcansnews.net\/#website"},"primaryImageOfPage":{"@id":"https:\/\/lesvolcansnews.net\/?p=69719#primaryimage"},"image":{"@id":"https:\/\/lesvolcansnews.net\/?p=69719#primaryimage"},"thumbnailUrl":"https:\/\/lesvolcansnews.net\/wp-content\/uploads\/2025\/09\/IMG-20250926-WA0242.jpg","datePublished":"2025-09-26T19:31:17+00:00","author":{"@id":"https:\/\/lesvolcansnews.net\/#\/schema\/person\/82c8bed2e77879ecf6cca63441f57354"},"breadcrumb":{"@id":"https:\/\/lesvolcansnews.net\/?p=69719#breadcrumb"},"inLanguage":"fr-FR","potentialAction":[{"@type":"ReadAction","target":["https:\/\/lesvolcansnews.net\/?p=69719"]}]},{"@type":"ImageObject","inLanguage":"fr-FR","@id":"https:\/\/lesvolcansnews.net\/?p=69719#primaryimage","url":"https:\/\/lesvolcansnews.net\/wp-content\/uploads\/2025\/09\/IMG-20250926-WA0242.jpg","contentUrl":"https:\/\/lesvolcansnews.net\/wp-content\/uploads\/2025\/09\/IMG-20250926-WA0242.jpg","width":2560,"height":1920},{"@type":"BreadcrumbList","@id":"https:\/\/lesvolcansnews.net\/?p=69719#breadcrumb","itemListElement":[{"@type":"ListItem","position":1,"name":"Accueil","item":"https:\/\/lesvolcansnews.net\/"},{"@type":"ListItem","position":2,"name":"Nyiragongo : Des jeunes form\u00e9s pour devenir des ambassadeurs num\u00e9riques de paix"}]},{"@type":"WebSite","@id":"https:\/\/lesvolcansnews.net\/#website","url":"https:\/\/lesvolcansnews.net\/","name":"LES VOLCANS NEWS","description":"L&#039;INFORMATION C&#039;EST NOUS","potentialAction":[{"@type":"SearchAction","target":{"@type":"EntryPoint","urlTemplate":"https:\/\/lesvolcansnews.net\/?s={search_term_string}"},"query-input":{"@type":"PropertyValueSpecification","valueRequired":true,"valueName":"search_term_string"}}],"inLanguage":"fr-FR"},{"@type":"Person","@id":"https:\/\/lesvolcansnews.net\/#\/schema\/person\/82c8bed2e77879ecf6cca63441f57354","name":"R\u00e9daction - Les Volcans News","image":{"@type":"ImageObject","inLanguage":"fr-FR","@id":"https:\/\/secure.gravatar.com\/avatar\/8408942dd851e8a9c09f3d382a661bc05d2b3cd9002139bc1795b9528cdc6c80?s=96&d=mm&r=g","url":"https:\/\/secure.gravatar.com\/avatar\/8408942dd851e8a9c09f3d382a661bc05d2b3cd9002139bc1795b9528cdc6c80?s=96&d=mm&r=g","contentUrl":"https:\/\/secure.gravatar.com\/avatar\/8408942dd851e8a9c09f3d382a661bc05d2b3cd9002139bc1795b9528cdc6c80?s=96&d=mm&r=g","caption":"R\u00e9daction - Les Volcans News"},"url":"https:\/\/lesvolcansnews.net\/?author=14"}]}},"_links":{"self":[{"href":"https:\/\/lesvolcansnews.net\/index.php?rest_route=\/wp\/v2\/posts\/69719","targetHints":{"allow":["GET"]}}],"collection":[{"href":"https:\/\/lesvolcansnews.net\/index.php?rest_route=\/wp\/v2\/posts"}],"about":[{"href":"https:\/\/lesvolcansnews.net\/index.php?rest_route=\/wp\/v2\/types\/post"}],"author":[{"embeddable":true,"href":"https:\/\/lesvolcansnews.net\/index.php?rest_route=\/wp\/v2\/users\/14"}],"replies":[{"embeddable":true,"href":"https:\/\/lesvolcansnews.net\/index.php?rest_route=%2Fwp%2Fv2%2Fcomments&post=69719"}],"version-history":[{"count":0,"href":"https:\/\/lesvolcansnews.net\/index.php?rest_route=\/wp\/v2\/posts\/69719\/revisions"}],"wp:featuredmedia":[{"embeddable":true,"href":"https:\/\/lesvolcansnews.net\/index.php?rest_route=\/wp\/v2\/media\/69718"}],"wp:attachment":[{"href":"https:\/\/lesvolcansnews.net\/index.php?rest_route=%2Fwp%2Fv2%2Fmedia&parent=69719"}],"wp:term":[{"taxonomy":"category","embeddable":true,"href":"https:\/\/lesvolcansnews.net\/index.php?rest_route=%2Fwp%2Fv2%2Fcategories&post=69719"},{"taxonomy":"post_tag","embeddable":true,"href":"https:\/\/lesvolcansnews.net\/index.php?rest_route=%2Fwp%2Fv2%2Ftags&post=69719"}],"curies":[{"name":"wp","href":"https:\/\/api.w.org\/{rel}","templated":true}]}}