{"id":69711,"date":"2025-09-26T20:55:36","date_gmt":"2025-09-26T18:55:36","guid":{"rendered":"https:\/\/lesvolcansnews.net\/?p=69711"},"modified":"2025-09-26T20:55:36","modified_gmt":"2025-09-26T18:55:36","slug":"lomami-sabotage-dun-pont-recemment-inaugure-le-ministre-provincial-condamne-un-acte-barbare","status":"publish","type":"post","link":"https:\/\/lesvolcansnews.net\/?p=69711","title":{"rendered":"Lomami : Sabotage d\u2019un pont r\u00e9cemment inaugur\u00e9, le ministre provincial condamne un acte &#8220;barbare&#8221;  \u00a0"},"content":{"rendered":"<p><strong>Le ministre provincial des Infrastructures, Travaux publics et Reconstruction (ITPR) de la province de Lomami, dans le centre de la R\u00e9publique d\u00e9mocratique du Congo, a vivement condamn\u00e9 vendredi 26 septembre un acte de sabotage ciblant le pont Kamutambayi, r\u00e9cemment inaugur\u00e9 dans le territoire de Luilu.<\/strong><\/p>\n<p>Selon les autorit\u00e9s locales, plus d\u2019une quinzaine de boulons ont \u00e9t\u00e9 d\u00e9rob\u00e9s et d\u2019autres d\u00e9lib\u00e9r\u00e9ment desserr\u00e9s, mettant en p\u00e9ril la stabilit\u00e9 de l\u2019ouvrage, \u00e0 peine un mois apr\u00e8s sa mise en service par l\u2019Office des routes.<\/p>\n<p>\u00ab Cet incident est un acte incivique et barbare, mettant en danger la solidit\u00e9 de l\u2019ouvrage \u00bb, a d\u00e9clar\u00e9 le ministre Jean Anatole Tshibangu Kabamba, chef du d\u00e9partement provincial des ITPR, lors d\u2019un point de presse \u00e0 Kabinda.<\/p>\n<p>\u00ab Je d\u00e9nonce cet acte barbare et rassure que des boulons soud\u00e9s seront install\u00e9s pour \u00e9viter de nouvelles tentatives de sabotage \u00bb, a-t-il ajout\u00e9.<\/p>\n<p>Sur le plan technique, le ministre a assur\u00e9 que les boulons manquants seront remplac\u00e9s, et que l\u2019ensemble des \u00e9l\u00e9ments de fixation sera d\u00e9sormais soud\u00e9, afin de garantir la s\u00e9curit\u00e9 du pont. Une \u00e9quipe technique de l\u2019Office des routes a d\u00e9j\u00e0 \u00e9t\u00e9 d\u00e9p\u00each\u00e9e sur le site, a-t-il pr\u00e9cis\u00e9.<\/p>\n<p>Au-del\u00e0 de l\u2019aspect technique, Jean Anatole Tshibangu a lanc\u00e9 un appel \u00e0 la vigilance et au patriotisme \u00e0 l\u2019endroit de la population locale.<\/p>\n<p>\u00ab On ne peut pr\u00e9tendre aimer son pays, sa province ou son territoire en posant de tels actes. J&#8217;appelle les habitants de Luilu et de toute la Lomami \u00e0 s\u2019approprier cet ouvrage et \u00e0 prot\u00e9ger les infrastructures publiques, consid\u00e9r\u00e9es comme des biens communs au service du d\u00e9veloppement et de la s\u00e9curit\u00e9 collective \u00bb, a-t-il d\u00e9clar\u00e9.<\/p>\n<p>Le pont Kamutambayi, dont la construction avait \u00e9t\u00e9 salu\u00e9e par la population locale, est un ouvrage strat\u00e9gique pour la circulation des biens et des personnes dans cette zone enclav\u00e9e du territoire de Luilu. Sa mise en service avait \u00e9t\u00e9 per\u00e7ue comme un signal fort de relance des investissements publics dans la province.<\/p>\n<p>Aucune arrestation n\u2019a \u00e9t\u00e9 signal\u00e9e pour le moment, mais une enqu\u00eate locale a \u00e9t\u00e9 ouverte pour identifier les auteurs de cet acte de vandalisme.<\/p>\n<p>LA REDACTION<\/p>\n","protected":false},"excerpt":{"rendered":"<p>Le ministre provincial des Infrastructures, Travaux publics et Reconstruction (ITPR) de la province de Lomami, dans le centre de la R\u00e9publique d\u00e9mocratique du Congo, a vivement condamn\u00e9 vendredi 26 septembre<\/p>\n","protected":false},"author":14,"featured_media":69712,"comment_status":"open","ping_status":"open","sticky":false,"template":"","format":"standard","meta":{"footnotes":""},"categories":[52],"tags":[],"class_list":["post-69711","post","type-post","status-publish","format-standard","has-post-thumbnail","hentry","category-infrastructure"],"yoast_head":"<!-- This site is optimized with the Yoast SEO plugin v27.5 - https:\/\/yoast.com\/product\/yoast-seo-wordpress\/ -->\n<title>Lomami : Sabotage d\u2019un pont r\u00e9cemment inaugur\u00e9, le ministre provincial condamne un acte &quot;barbare&quot; \u00a0 - LES VOLCANS NEWS<\/title>\n<meta name=\"robots\" content=\"index, follow, max-snippet:-1, max-image-preview:large, max-video-preview:-1\" \/>\n<link rel=\"canonical\" href=\"https:\/\/lesvolcansnews.net\/?p=69711\" \/>\n<meta property=\"og:locale\" content=\"fr_FR\" \/>\n<meta property=\"og:type\" content=\"article\" \/>\n<meta property=\"og:title\" content=\"Lomami : Sabotage d\u2019un pont r\u00e9cemment inaugur\u00e9, le ministre provincial condamne un acte &quot;barbare&quot; \u00a0 - LES VOLCANS NEWS\" \/>\n<meta property=\"og:description\" content=\"Le ministre provincial des Infrastructures, Travaux publics et Reconstruction (ITPR) de la province de Lomami, dans le centre de la R\u00e9publique d\u00e9mocratique du Congo, a vivement condamn\u00e9 vendredi 26 septembre\" \/>\n<meta property=\"og:url\" content=\"https:\/\/lesvolcansnews.net\/?p=69711\" \/>\n<meta property=\"og:site_name\" content=\"LES VOLCANS NEWS\" \/>\n<meta property=\"article:published_time\" content=\"2025-09-26T18:55:36+00:00\" \/>\n<meta property=\"og:image\" content=\"https:\/\/lesvolcansnews.net\/wp-content\/uploads\/2025\/09\/IMG-20250405-WA0022.jpg\" \/>\n\t<meta property=\"og:image:width\" content=\"665\" \/>\n\t<meta property=\"og:image:height\" content=\"397\" \/>\n\t<meta property=\"og:image:type\" content=\"image\/jpeg\" \/>\n<meta name=\"author\" content=\"R\u00e9daction - Les Volcans News\" \/>\n<meta name=\"twitter:card\" content=\"summary_large_image\" \/>\n<meta name=\"twitter:label1\" content=\"\u00c9crit par\" \/>\n\t<meta name=\"twitter:data1\" content=\"R\u00e9daction - Les Volcans News\" \/>\n\t<meta name=\"twitter:label2\" content=\"Dur\u00e9e de lecture estim\u00e9e\" \/>\n\t<meta name=\"twitter:data2\" content=\"2 minutes\" \/>\n<script type=\"application\/ld+json\" class=\"yoast-schema-graph\">{\"@context\":\"https:\\\/\\\/schema.org\",\"@graph\":[{\"@type\":\"Article\",\"@id\":\"https:\\\/\\\/lesvolcansnews.net\\\/?p=69711#article\",\"isPartOf\":{\"@id\":\"https:\\\/\\\/lesvolcansnews.net\\\/?p=69711\"},\"author\":{\"name\":\"R\u00e9daction - Les Volcans News\",\"@id\":\"https:\\\/\\\/lesvolcansnews.net\\\/#\\\/schema\\\/person\\\/82c8bed2e77879ecf6cca63441f57354\"},\"headline\":\"Lomami : Sabotage d\u2019un pont r\u00e9cemment inaugur\u00e9, le ministre provincial condamne un acte &#8220;barbare&#8221; \u00a0\",\"datePublished\":\"2025-09-26T18:55:36+00:00\",\"mainEntityOfPage\":{\"@id\":\"https:\\\/\\\/lesvolcansnews.net\\\/?p=69711\"},\"wordCount\":400,\"commentCount\":0,\"image\":{\"@id\":\"https:\\\/\\\/lesvolcansnews.net\\\/?p=69711#primaryimage\"},\"thumbnailUrl\":\"https:\\\/\\\/lesvolcansnews.net\\\/wp-content\\\/uploads\\\/2025\\\/09\\\/IMG-20250405-WA0022.jpg\",\"articleSection\":[\"INFRASTRUCTURE\"],\"inLanguage\":\"fr-FR\",\"potentialAction\":[{\"@type\":\"CommentAction\",\"name\":\"Comment\",\"target\":[\"https:\\\/\\\/lesvolcansnews.net\\\/?p=69711#respond\"]}]},{\"@type\":\"WebPage\",\"@id\":\"https:\\\/\\\/lesvolcansnews.net\\\/?p=69711\",\"url\":\"https:\\\/\\\/lesvolcansnews.net\\\/?p=69711\",\"name\":\"Lomami : Sabotage d\u2019un pont r\u00e9cemment inaugur\u00e9, le ministre provincial condamne un acte \\\"barbare\\\" \u00a0 - LES VOLCANS NEWS\",\"isPartOf\":{\"@id\":\"https:\\\/\\\/lesvolcansnews.net\\\/#website\"},\"primaryImageOfPage\":{\"@id\":\"https:\\\/\\\/lesvolcansnews.net\\\/?p=69711#primaryimage\"},\"image\":{\"@id\":\"https:\\\/\\\/lesvolcansnews.net\\\/?p=69711#primaryimage\"},\"thumbnailUrl\":\"https:\\\/\\\/lesvolcansnews.net\\\/wp-content\\\/uploads\\\/2025\\\/09\\\/IMG-20250405-WA0022.jpg\",\"datePublished\":\"2025-09-26T18:55:36+00:00\",\"author\":{\"@id\":\"https:\\\/\\\/lesvolcansnews.net\\\/#\\\/schema\\\/person\\\/82c8bed2e77879ecf6cca63441f57354\"},\"breadcrumb\":{\"@id\":\"https:\\\/\\\/lesvolcansnews.net\\\/?p=69711#breadcrumb\"},\"inLanguage\":\"fr-FR\",\"potentialAction\":[{\"@type\":\"ReadAction\",\"target\":[\"https:\\\/\\\/lesvolcansnews.net\\\/?p=69711\"]}]},{\"@type\":\"ImageObject\",\"inLanguage\":\"fr-FR\",\"@id\":\"https:\\\/\\\/lesvolcansnews.net\\\/?p=69711#primaryimage\",\"url\":\"https:\\\/\\\/lesvolcansnews.net\\\/wp-content\\\/uploads\\\/2025\\\/09\\\/IMG-20250405-WA0022.jpg\",\"contentUrl\":\"https:\\\/\\\/lesvolcansnews.net\\\/wp-content\\\/uploads\\\/2025\\\/09\\\/IMG-20250405-WA0022.jpg\",\"width\":665,\"height\":397,\"caption\":\"(Photo d'illustration)\"},{\"@type\":\"BreadcrumbList\",\"@id\":\"https:\\\/\\\/lesvolcansnews.net\\\/?p=69711#breadcrumb\",\"itemListElement\":[{\"@type\":\"ListItem\",\"position\":1,\"name\":\"Accueil\",\"item\":\"https:\\\/\\\/lesvolcansnews.net\\\/\"},{\"@type\":\"ListItem\",\"position\":2,\"name\":\"Lomami : Sabotage d\u2019un pont r\u00e9cemment inaugur\u00e9, le ministre provincial condamne un acte &#8220;barbare&#8221; \u00a0\"}]},{\"@type\":\"WebSite\",\"@id\":\"https:\\\/\\\/lesvolcansnews.net\\\/#website\",\"url\":\"https:\\\/\\\/lesvolcansnews.net\\\/\",\"name\":\"LES VOLCANS NEWS\",\"description\":\"L&#039;INFORMATION C&#039;EST NOUS\",\"potentialAction\":[{\"@type\":\"SearchAction\",\"target\":{\"@type\":\"EntryPoint\",\"urlTemplate\":\"https:\\\/\\\/lesvolcansnews.net\\\/?s={search_term_string}\"},\"query-input\":{\"@type\":\"PropertyValueSpecification\",\"valueRequired\":true,\"valueName\":\"search_term_string\"}}],\"inLanguage\":\"fr-FR\"},{\"@type\":\"Person\",\"@id\":\"https:\\\/\\\/lesvolcansnews.net\\\/#\\\/schema\\\/person\\\/82c8bed2e77879ecf6cca63441f57354\",\"name\":\"R\u00e9daction - Les Volcans News\",\"image\":{\"@type\":\"ImageObject\",\"inLanguage\":\"fr-FR\",\"@id\":\"https:\\\/\\\/secure.gravatar.com\\\/avatar\\\/8408942dd851e8a9c09f3d382a661bc05d2b3cd9002139bc1795b9528cdc6c80?s=96&d=mm&r=g\",\"url\":\"https:\\\/\\\/secure.gravatar.com\\\/avatar\\\/8408942dd851e8a9c09f3d382a661bc05d2b3cd9002139bc1795b9528cdc6c80?s=96&d=mm&r=g\",\"contentUrl\":\"https:\\\/\\\/secure.gravatar.com\\\/avatar\\\/8408942dd851e8a9c09f3d382a661bc05d2b3cd9002139bc1795b9528cdc6c80?s=96&d=mm&r=g\",\"caption\":\"R\u00e9daction - Les Volcans News\"},\"url\":\"https:\\\/\\\/lesvolcansnews.net\\\/?author=14\"}]}<\/script>\n<!-- \/ Yoast SEO plugin. -->","yoast_head_json":{"title":"Lomami : Sabotage d\u2019un pont r\u00e9cemment inaugur\u00e9, le ministre provincial condamne un acte \"barbare\" \u00a0 - LES VOLCANS NEWS","robots":{"index":"index","follow":"follow","max-snippet":"max-snippet:-1","max-image-preview":"max-image-preview:large","max-video-preview":"max-video-preview:-1"},"canonical":"https:\/\/lesvolcansnews.net\/?p=69711","og_locale":"fr_FR","og_type":"article","og_title":"Lomami : Sabotage d\u2019un pont r\u00e9cemment inaugur\u00e9, le ministre provincial condamne un acte \"barbare\" \u00a0 - LES VOLCANS NEWS","og_description":"Le ministre provincial des Infrastructures, Travaux publics et Reconstruction (ITPR) de la province de Lomami, dans le centre de la R\u00e9publique d\u00e9mocratique du Congo, a vivement condamn\u00e9 vendredi 26 septembre","og_url":"https:\/\/lesvolcansnews.net\/?p=69711","og_site_name":"LES VOLCANS NEWS","article_published_time":"2025-09-26T18:55:36+00:00","og_image":[{"width":665,"height":397,"url":"https:\/\/lesvolcansnews.net\/wp-content\/uploads\/2025\/09\/IMG-20250405-WA0022.jpg","type":"image\/jpeg"}],"author":"R\u00e9daction - Les Volcans News","twitter_card":"summary_large_image","twitter_misc":{"\u00c9crit par":"R\u00e9daction - Les Volcans News","Dur\u00e9e de lecture estim\u00e9e":"2 minutes"},"schema":{"@context":"https:\/\/schema.org","@graph":[{"@type":"Article","@id":"https:\/\/lesvolcansnews.net\/?p=69711#article","isPartOf":{"@id":"https:\/\/lesvolcansnews.net\/?p=69711"},"author":{"name":"R\u00e9daction - Les Volcans News","@id":"https:\/\/lesvolcansnews.net\/#\/schema\/person\/82c8bed2e77879ecf6cca63441f57354"},"headline":"Lomami : Sabotage d\u2019un pont r\u00e9cemment inaugur\u00e9, le ministre provincial condamne un acte &#8220;barbare&#8221; \u00a0","datePublished":"2025-09-26T18:55:36+00:00","mainEntityOfPage":{"@id":"https:\/\/lesvolcansnews.net\/?p=69711"},"wordCount":400,"commentCount":0,"image":{"@id":"https:\/\/lesvolcansnews.net\/?p=69711#primaryimage"},"thumbnailUrl":"https:\/\/lesvolcansnews.net\/wp-content\/uploads\/2025\/09\/IMG-20250405-WA0022.jpg","articleSection":["INFRASTRUCTURE"],"inLanguage":"fr-FR","potentialAction":[{"@type":"CommentAction","name":"Comment","target":["https:\/\/lesvolcansnews.net\/?p=69711#respond"]}]},{"@type":"WebPage","@id":"https:\/\/lesvolcansnews.net\/?p=69711","url":"https:\/\/lesvolcansnews.net\/?p=69711","name":"Lomami : Sabotage d\u2019un pont r\u00e9cemment inaugur\u00e9, le ministre provincial condamne un acte \"barbare\" \u00a0 - LES VOLCANS NEWS","isPartOf":{"@id":"https:\/\/lesvolcansnews.net\/#website"},"primaryImageOfPage":{"@id":"https:\/\/lesvolcansnews.net\/?p=69711#primaryimage"},"image":{"@id":"https:\/\/lesvolcansnews.net\/?p=69711#primaryimage"},"thumbnailUrl":"https:\/\/lesvolcansnews.net\/wp-content\/uploads\/2025\/09\/IMG-20250405-WA0022.jpg","datePublished":"2025-09-26T18:55:36+00:00","author":{"@id":"https:\/\/lesvolcansnews.net\/#\/schema\/person\/82c8bed2e77879ecf6cca63441f57354"},"breadcrumb":{"@id":"https:\/\/lesvolcansnews.net\/?p=69711#breadcrumb"},"inLanguage":"fr-FR","potentialAction":[{"@type":"ReadAction","target":["https:\/\/lesvolcansnews.net\/?p=69711"]}]},{"@type":"ImageObject","inLanguage":"fr-FR","@id":"https:\/\/lesvolcansnews.net\/?p=69711#primaryimage","url":"https:\/\/lesvolcansnews.net\/wp-content\/uploads\/2025\/09\/IMG-20250405-WA0022.jpg","contentUrl":"https:\/\/lesvolcansnews.net\/wp-content\/uploads\/2025\/09\/IMG-20250405-WA0022.jpg","width":665,"height":397,"caption":"(Photo d'illustration)"},{"@type":"BreadcrumbList","@id":"https:\/\/lesvolcansnews.net\/?p=69711#breadcrumb","itemListElement":[{"@type":"ListItem","position":1,"name":"Accueil","item":"https:\/\/lesvolcansnews.net\/"},{"@type":"ListItem","position":2,"name":"Lomami : Sabotage d\u2019un pont r\u00e9cemment inaugur\u00e9, le ministre provincial condamne un acte &#8220;barbare&#8221; \u00a0"}]},{"@type":"WebSite","@id":"https:\/\/lesvolcansnews.net\/#website","url":"https:\/\/lesvolcansnews.net\/","name":"LES VOLCANS NEWS","description":"L&#039;INFORMATION C&#039;EST NOUS","potentialAction":[{"@type":"SearchAction","target":{"@type":"EntryPoint","urlTemplate":"https:\/\/lesvolcansnews.net\/?s={search_term_string}"},"query-input":{"@type":"PropertyValueSpecification","valueRequired":true,"valueName":"search_term_string"}}],"inLanguage":"fr-FR"},{"@type":"Person","@id":"https:\/\/lesvolcansnews.net\/#\/schema\/person\/82c8bed2e77879ecf6cca63441f57354","name":"R\u00e9daction - Les Volcans News","image":{"@type":"ImageObject","inLanguage":"fr-FR","@id":"https:\/\/secure.gravatar.com\/avatar\/8408942dd851e8a9c09f3d382a661bc05d2b3cd9002139bc1795b9528cdc6c80?s=96&d=mm&r=g","url":"https:\/\/secure.gravatar.com\/avatar\/8408942dd851e8a9c09f3d382a661bc05d2b3cd9002139bc1795b9528cdc6c80?s=96&d=mm&r=g","contentUrl":"https:\/\/secure.gravatar.com\/avatar\/8408942dd851e8a9c09f3d382a661bc05d2b3cd9002139bc1795b9528cdc6c80?s=96&d=mm&r=g","caption":"R\u00e9daction - Les Volcans News"},"url":"https:\/\/lesvolcansnews.net\/?author=14"}]}},"_links":{"self":[{"href":"https:\/\/lesvolcansnews.net\/index.php?rest_route=\/wp\/v2\/posts\/69711","targetHints":{"allow":["GET"]}}],"collection":[{"href":"https:\/\/lesvolcansnews.net\/index.php?rest_route=\/wp\/v2\/posts"}],"about":[{"href":"https:\/\/lesvolcansnews.net\/index.php?rest_route=\/wp\/v2\/types\/post"}],"author":[{"embeddable":true,"href":"https:\/\/lesvolcansnews.net\/index.php?rest_route=\/wp\/v2\/users\/14"}],"replies":[{"embeddable":true,"href":"https:\/\/lesvolcansnews.net\/index.php?rest_route=%2Fwp%2Fv2%2Fcomments&post=69711"}],"version-history":[{"count":1,"href":"https:\/\/lesvolcansnews.net\/index.php?rest_route=\/wp\/v2\/posts\/69711\/revisions"}],"predecessor-version":[{"id":69713,"href":"https:\/\/lesvolcansnews.net\/index.php?rest_route=\/wp\/v2\/posts\/69711\/revisions\/69713"}],"wp:featuredmedia":[{"embeddable":true,"href":"https:\/\/lesvolcansnews.net\/index.php?rest_route=\/wp\/v2\/media\/69712"}],"wp:attachment":[{"href":"https:\/\/lesvolcansnews.net\/index.php?rest_route=%2Fwp%2Fv2%2Fmedia&parent=69711"}],"wp:term":[{"taxonomy":"category","embeddable":true,"href":"https:\/\/lesvolcansnews.net\/index.php?rest_route=%2Fwp%2Fv2%2Fcategories&post=69711"},{"taxonomy":"post_tag","embeddable":true,"href":"https:\/\/lesvolcansnews.net\/index.php?rest_route=%2Fwp%2Fv2%2Ftags&post=69711"}],"curies":[{"name":"wp","href":"https:\/\/api.w.org\/{rel}","templated":true}]}}