{"id":69697,"date":"2025-09-26T13:48:41","date_gmt":"2025-09-26T11:48:41","guid":{"rendered":"https:\/\/lesvolcansnews.net\/?p=69697"},"modified":"2025-09-27T00:13:01","modified_gmt":"2025-09-26T22:13:01","slug":"le-rwanda-deploie-un-arsenal-anti-aerien-a-masisi","status":"publish","type":"post","link":"https:\/\/lesvolcansnews.net\/?p=69697","title":{"rendered":"Le Rwanda d\u00e9ploie un arsenal anti-a\u00e9rien \u00e0 Masisi"},"content":{"rendered":"<div class=\"article-content-description MuiBox-root css-zpf50d\">\n<p><strong>Le spectre d\u2019une escalade militaire d\u2019une grande gravit\u00e9 plane dans l\u2019est de la R\u00e9publique d\u00e9mocratique du Congo.\u00a0Depuis dimanche 21 septembre, l\u2019arm\u00e9e rwandaise aurait d\u00e9ploy\u00e9 du mat\u00e9riel militaire sophistiqu\u00e9, notamment des missiles sol-air, sur la colline strat\u00e9gique de Katale, dans le territoire de Masisi. L\u2019alerte a \u00e9t\u00e9 donn\u00e9e par le d\u00e9put\u00e9 national et leader des Volontaires de d\u00e9fense de la patrie\u00a0(VDP), Prince Willy Mishiki. L\u2019ancien seigneur de guerre y voit une man\u0153uvre visant non seulement \u00e0 brouiller le fonctionnement des drones et a\u00e9ronefs des Forces arm\u00e9es de la RDC\u00a0(FARDC), mais surtout \u00e0 abattre tout engin a\u00e9rien survolant le territoire congolais.<\/strong><\/p>\n<\/div>\n<p>&nbsp;<\/p>\n<p><iframe title=\"Nouvelle avanc\u00e9e de l\u2019AFC\/M23 : Des cit\u00e9s strat\u00e9giques tombent au Sud-Kivu et Nord-Kivu !\" width=\"1200\" height=\"675\" src=\"https:\/\/www.youtube.com\/embed\/Iy4yKLrxvlg?feature=oembed\" frameborder=\"0\" allow=\"accelerometer; autoplay; clipboard-write; encrypted-media; gyroscope; picture-in-picture; web-share\" referrerpolicy=\"strict-origin-when-cross-origin\" allowfullscreen><\/iframe><\/p>\n<div class=\"MuiBox-root css-z1gf6t\">\n<div class=\"MuiBox-root css-5n6c6p\">\n<div class=\"MuiBox-root css-zu5mxr\">cette alerte intervient dans un climat de consternation, au lendemain d\u2019un nouveau massacre d\u2019une cruaut\u00e9 effroyable dans le territoire de Walikale. Dans la nuit de samedi \u00e0 dimanche, la coalition AFC\/M23, suppl\u00e9tif av\u00e9r\u00e9 du Rwanda, a tu\u00e9 au moins 25 personnes, dont 7 femmes viol\u00e9es publiquement avant d\u2019\u00eatre ex\u00e9cut\u00e9es, selon Willy Mishiki. Parmi les victimes figurent \u00e9galement 2 enfants.<\/div>\n<\/div>\n<\/div>\n<div class=\"article-content-description article-content MuiBox-root css-27wr1h\">\n<p><em>Le Conseil national des Wazalendo condamne avec la derni\u00e8re \u00e9nergie le massacre que viennent de commettre la coalition AFC\/M23 et le Rwanda dans le territoire de Walikale, groupe Kisimba, dans la nuit du samedi au dimanche<\/em>, a fustig\u00e9 Prince Willy Mishiki.<\/p>\n<p>Et d\u2019ajouter :\u00a0<em>\u00ab Nous d\u00e9plorons aussi le d\u00e9ploiement des missiles sol-air t\u00f4t ce dimanche matin sur la colline de Katale, en vue de brouiller les \u00e9quipements a\u00e9ronautiques utilis\u00e9s par le gouvernement, mais aussi d\u2019abattre tout engin a\u00e9rien survolant notre territoire. Cette situation nous pousse \u00e0 demander au gouvernement de suspendre les pourparlers de Doha avec les rebelles \u00bb.<\/em><\/p>\n<p>La d\u00e9claration de\u00a0Prince Willy Mishiki\u00a0sonne comme une mise en garde et une rupture de confiance. Selon lui, les n\u00e9gociations de Doha n\u2019ont plus aucun sens face \u00e0 l\u2019acharnement des agresseurs, qui allient massacres de civils et provocations militaires. Le Conseil national de r\u00e9sistance des volontaires de d\u00e9fense de la patrie\u00a0(Wazalendo)\u00a0exhorte ainsi le gouvernement congolais \u00e0 \u00ab tourner la page du dialogue \u00bb et \u00e0 privil\u00e9gier une riposte militaire sans concession.<\/p>\n<p>De leur c\u00f4t\u00e9, les Forces arm\u00e9es de la RDC refusent d\u00e9sormais toute tol\u00e9rance vis-\u00e0-vis des agressions r\u00e9p\u00e9t\u00e9es. Le porte-parole de la 3e zone de d\u00e9fense, le major Nestor Mavudisa Kamba Mayoyo, a d\u00e9nonc\u00e9 une s\u00e9rie d\u2019attaques coordonn\u00e9es men\u00e9es entre le 17 et le 19 septembre contre plusieurs localit\u00e9s du Nord et Sud-Kivu, notamment Chanzikiro, Nkambi, Sisa, Ndete, Kazinga, Chambombo et Katale.<\/p>\n<p>Dans un communiqu\u00e9 rendu public le samedi 20 septembre, l\u2019arm\u00e9e affirme que ces violations r\u00e9p\u00e9t\u00e9es du cessez-le-feu constituaient une provocation intol\u00e9rable. Toute nouvelle attaque d\u00e9clenchera une r\u00e9action vigoureuse, a pr\u00e9venu le major Mayoyo, en prenant \u00e0 t\u00e9moin les m\u00e9diateurs am\u00e9ricains et qataris.<\/p>\n<p>Lors de la 59\u1d49 r\u00e9union du Conseil des ministres, tenue le vendredi 19 septembre \u00e0 la Cit\u00e9 de l\u2019Union africaine, le vice-Premier ministre, ministre de la D\u00e9fense nationale et anciens combattants, Guy Kabombo, a livr\u00e9 un message d\u2019apaisement et de fermet\u00e9.<\/p>\n<p>Selon le compte-rendu du gouvernement, il a rassur\u00e9 que les FARDC restent vigilantes, pr\u00eates \u00e0 d\u00e9fendre l\u2019int\u00e9grit\u00e9 territoriale dans le Nord-Kivu, le Sud-Kivu, l\u2019Ituri et m\u00eame aux abords de Kinshasa.\u00a0Les forces loyalistes sont d\u00e9termin\u00e9es \u00e0 r\u00e9tablir la paix et \u00e0 repousser toute forme de menace, a-t-il insist\u00e9, soulignant que la d\u00e9fense du territoire demeure une priorit\u00e9 absolue.<\/p>\n<p>Enfin, il convient de rappeler l\u2019appel poignant lanc\u00e9 par le g\u00e9n\u00e9ral Sylvain Ekenge aux militaires congolais enr\u00f4l\u00e9s dans les rangs de l\u2019AFC\/M23. Le porte-parole des FARDC les a exhort\u00e9s \u00e0 tourner leurs armes contre l\u2019ennemi et regagner les rangs loyalistes.<\/p>\n<p><em>\u00ab Vous avez \u00e9t\u00e9 form\u00e9s pour d\u00e9fendre la R\u00e9publique. Ne trahissez pas votre serment. Toute collaboration avec l\u2019ennemi est un sacril\u00e8ge impardonnable \u00bb<\/em>, a-t-il lanc\u00e9 rappelant que les d\u00e9serteurs restent enregistr\u00e9s comme membres de l\u2019arm\u00e9e r\u00e9guli\u00e8re et peuvent r\u00e9int\u00e9grer les camps loyalistes.<\/p>\n<div class=\"d-flex flex-wrap justify-content-start\"><\/div>\n<p>Cet appel intervient alors que la r\u00e9bellion a r\u00e9cemment exhib\u00e9 des militaires pr\u00e9sent\u00e9s comme ralli\u00e9s \u00e0 sa cause, une<em>\u00a0\u00ab mise en sc\u00e8ne de manipulation et de division \u00bb<\/em>, selon les FARDC. \u00c0 travers ces signaux d\u2019alerte : missiles rwandais, massacres, attaques coordonn\u00e9es, l\u2019est de la RDC s\u2019enfonce dans une spirale de menaces existentielles contre la souverainet\u00e9 nationale.<\/p>\n<p>Ouranga<\/p>\n<\/div>\n","protected":false},"excerpt":{"rendered":"<p>Le spectre d\u2019une escalade militaire d\u2019une grande gravit\u00e9 plane dans l\u2019est de la R\u00e9publique d\u00e9mocratique du Congo.\u00a0Depuis dimanche 21 septembre, l\u2019arm\u00e9e rwandaise aurait d\u00e9ploy\u00e9 du mat\u00e9riel militaire sophistiqu\u00e9, notamment des<\/p>\n","protected":false},"author":14,"featured_media":69698,"comment_status":"open","ping_status":"open","sticky":false,"template":"","format":"standard","meta":{"footnotes":""},"categories":[1],"tags":[],"class_list":["post-69697","post","type-post","status-publish","format-standard","has-post-thumbnail","hentry","category-actualite"],"yoast_head":"<!-- This site is optimized with the Yoast SEO plugin v27.5 - https:\/\/yoast.com\/product\/yoast-seo-wordpress\/ -->\n<title>Le Rwanda d\u00e9ploie un arsenal anti-a\u00e9rien \u00e0 Masisi - LES VOLCANS NEWS<\/title>\n<meta name=\"robots\" content=\"index, follow, max-snippet:-1, max-image-preview:large, max-video-preview:-1\" \/>\n<link rel=\"canonical\" href=\"https:\/\/lesvolcansnews.net\/?p=69697\" \/>\n<meta property=\"og:locale\" content=\"fr_FR\" \/>\n<meta property=\"og:type\" content=\"article\" \/>\n<meta property=\"og:title\" content=\"Le Rwanda d\u00e9ploie un arsenal anti-a\u00e9rien \u00e0 Masisi - LES VOLCANS NEWS\" \/>\n<meta property=\"og:description\" content=\"Le spectre d\u2019une escalade militaire d\u2019une grande gravit\u00e9 plane dans l\u2019est de la R\u00e9publique d\u00e9mocratique du Congo.\u00a0Depuis dimanche 21 septembre, l\u2019arm\u00e9e rwandaise aurait d\u00e9ploy\u00e9 du mat\u00e9riel militaire sophistiqu\u00e9, notamment des\" \/>\n<meta property=\"og:url\" content=\"https:\/\/lesvolcansnews.net\/?p=69697\" \/>\n<meta property=\"og:site_name\" content=\"LES VOLCANS NEWS\" \/>\n<meta property=\"article:published_time\" content=\"2025-09-26T11:48:41+00:00\" \/>\n<meta property=\"article:modified_time\" content=\"2025-09-26T22:13:01+00:00\" \/>\n<meta property=\"og:image\" content=\"https:\/\/lesvolcansnews.net\/wp-content\/uploads\/2025\/09\/systeme-defense-aerienne.jpg\" \/>\n\t<meta property=\"og:image:width\" content=\"1200\" \/>\n\t<meta property=\"og:image:height\" content=\"675\" \/>\n\t<meta property=\"og:image:type\" content=\"image\/jpeg\" \/>\n<meta name=\"author\" content=\"R\u00e9daction - Les Volcans News\" \/>\n<meta name=\"twitter:card\" content=\"summary_large_image\" \/>\n<meta name=\"twitter:label1\" content=\"\u00c9crit par\" \/>\n\t<meta name=\"twitter:data1\" content=\"R\u00e9daction - Les Volcans News\" \/>\n\t<meta name=\"twitter:label2\" content=\"Dur\u00e9e de lecture estim\u00e9e\" \/>\n\t<meta name=\"twitter:data2\" content=\"4 minutes\" \/>\n<script type=\"application\/ld+json\" class=\"yoast-schema-graph\">{\"@context\":\"https:\\\/\\\/schema.org\",\"@graph\":[{\"@type\":\"Article\",\"@id\":\"https:\\\/\\\/lesvolcansnews.net\\\/?p=69697#article\",\"isPartOf\":{\"@id\":\"https:\\\/\\\/lesvolcansnews.net\\\/?p=69697\"},\"author\":{\"name\":\"R\u00e9daction - Les Volcans News\",\"@id\":\"https:\\\/\\\/lesvolcansnews.net\\\/#\\\/schema\\\/person\\\/82c8bed2e77879ecf6cca63441f57354\"},\"headline\":\"Le Rwanda d\u00e9ploie un arsenal anti-a\u00e9rien \u00e0 Masisi\",\"datePublished\":\"2025-09-26T11:48:41+00:00\",\"dateModified\":\"2025-09-26T22:13:01+00:00\",\"mainEntityOfPage\":{\"@id\":\"https:\\\/\\\/lesvolcansnews.net\\\/?p=69697\"},\"wordCount\":777,\"commentCount\":0,\"image\":{\"@id\":\"https:\\\/\\\/lesvolcansnews.net\\\/?p=69697#primaryimage\"},\"thumbnailUrl\":\"https:\\\/\\\/lesvolcansnews.net\\\/wp-content\\\/uploads\\\/2025\\\/09\\\/systeme-defense-aerienne.jpg\",\"articleSection\":[\"ACTUALIT\u00c9\"],\"inLanguage\":\"fr-FR\",\"potentialAction\":[{\"@type\":\"CommentAction\",\"name\":\"Comment\",\"target\":[\"https:\\\/\\\/lesvolcansnews.net\\\/?p=69697#respond\"]}]},{\"@type\":\"WebPage\",\"@id\":\"https:\\\/\\\/lesvolcansnews.net\\\/?p=69697\",\"url\":\"https:\\\/\\\/lesvolcansnews.net\\\/?p=69697\",\"name\":\"Le Rwanda d\u00e9ploie un arsenal anti-a\u00e9rien \u00e0 Masisi - LES VOLCANS NEWS\",\"isPartOf\":{\"@id\":\"https:\\\/\\\/lesvolcansnews.net\\\/#website\"},\"primaryImageOfPage\":{\"@id\":\"https:\\\/\\\/lesvolcansnews.net\\\/?p=69697#primaryimage\"},\"image\":{\"@id\":\"https:\\\/\\\/lesvolcansnews.net\\\/?p=69697#primaryimage\"},\"thumbnailUrl\":\"https:\\\/\\\/lesvolcansnews.net\\\/wp-content\\\/uploads\\\/2025\\\/09\\\/systeme-defense-aerienne.jpg\",\"datePublished\":\"2025-09-26T11:48:41+00:00\",\"dateModified\":\"2025-09-26T22:13:01+00:00\",\"author\":{\"@id\":\"https:\\\/\\\/lesvolcansnews.net\\\/#\\\/schema\\\/person\\\/82c8bed2e77879ecf6cca63441f57354\"},\"breadcrumb\":{\"@id\":\"https:\\\/\\\/lesvolcansnews.net\\\/?p=69697#breadcrumb\"},\"inLanguage\":\"fr-FR\",\"potentialAction\":[{\"@type\":\"ReadAction\",\"target\":[\"https:\\\/\\\/lesvolcansnews.net\\\/?p=69697\"]}]},{\"@type\":\"ImageObject\",\"inLanguage\":\"fr-FR\",\"@id\":\"https:\\\/\\\/lesvolcansnews.net\\\/?p=69697#primaryimage\",\"url\":\"https:\\\/\\\/lesvolcansnews.net\\\/wp-content\\\/uploads\\\/2025\\\/09\\\/systeme-defense-aerienne.jpg\",\"contentUrl\":\"https:\\\/\\\/lesvolcansnews.net\\\/wp-content\\\/uploads\\\/2025\\\/09\\\/systeme-defense-aerienne.jpg\",\"width\":1200,\"height\":675,\"caption\":\"Reuters \\\/ Minist\u00e8re sud-cor\u00e9en de la D\u00e9fense\"},{\"@type\":\"BreadcrumbList\",\"@id\":\"https:\\\/\\\/lesvolcansnews.net\\\/?p=69697#breadcrumb\",\"itemListElement\":[{\"@type\":\"ListItem\",\"position\":1,\"name\":\"Accueil\",\"item\":\"https:\\\/\\\/lesvolcansnews.net\\\/\"},{\"@type\":\"ListItem\",\"position\":2,\"name\":\"Le Rwanda d\u00e9ploie un arsenal anti-a\u00e9rien \u00e0 Masisi\"}]},{\"@type\":\"WebSite\",\"@id\":\"https:\\\/\\\/lesvolcansnews.net\\\/#website\",\"url\":\"https:\\\/\\\/lesvolcansnews.net\\\/\",\"name\":\"LES VOLCANS NEWS\",\"description\":\"L&#039;INFORMATION C&#039;EST NOUS\",\"potentialAction\":[{\"@type\":\"SearchAction\",\"target\":{\"@type\":\"EntryPoint\",\"urlTemplate\":\"https:\\\/\\\/lesvolcansnews.net\\\/?s={search_term_string}\"},\"query-input\":{\"@type\":\"PropertyValueSpecification\",\"valueRequired\":true,\"valueName\":\"search_term_string\"}}],\"inLanguage\":\"fr-FR\"},{\"@type\":\"Person\",\"@id\":\"https:\\\/\\\/lesvolcansnews.net\\\/#\\\/schema\\\/person\\\/82c8bed2e77879ecf6cca63441f57354\",\"name\":\"R\u00e9daction - Les Volcans News\",\"image\":{\"@type\":\"ImageObject\",\"inLanguage\":\"fr-FR\",\"@id\":\"https:\\\/\\\/secure.gravatar.com\\\/avatar\\\/8408942dd851e8a9c09f3d382a661bc05d2b3cd9002139bc1795b9528cdc6c80?s=96&d=mm&r=g\",\"url\":\"https:\\\/\\\/secure.gravatar.com\\\/avatar\\\/8408942dd851e8a9c09f3d382a661bc05d2b3cd9002139bc1795b9528cdc6c80?s=96&d=mm&r=g\",\"contentUrl\":\"https:\\\/\\\/secure.gravatar.com\\\/avatar\\\/8408942dd851e8a9c09f3d382a661bc05d2b3cd9002139bc1795b9528cdc6c80?s=96&d=mm&r=g\",\"caption\":\"R\u00e9daction - Les Volcans News\"},\"url\":\"https:\\\/\\\/lesvolcansnews.net\\\/?author=14\"}]}<\/script>\n<!-- \/ Yoast SEO plugin. -->","yoast_head_json":{"title":"Le Rwanda d\u00e9ploie un arsenal anti-a\u00e9rien \u00e0 Masisi - LES VOLCANS NEWS","robots":{"index":"index","follow":"follow","max-snippet":"max-snippet:-1","max-image-preview":"max-image-preview:large","max-video-preview":"max-video-preview:-1"},"canonical":"https:\/\/lesvolcansnews.net\/?p=69697","og_locale":"fr_FR","og_type":"article","og_title":"Le Rwanda d\u00e9ploie un arsenal anti-a\u00e9rien \u00e0 Masisi - LES VOLCANS NEWS","og_description":"Le spectre d\u2019une escalade militaire d\u2019une grande gravit\u00e9 plane dans l\u2019est de la R\u00e9publique d\u00e9mocratique du Congo.\u00a0Depuis dimanche 21 septembre, l\u2019arm\u00e9e rwandaise aurait d\u00e9ploy\u00e9 du mat\u00e9riel militaire sophistiqu\u00e9, notamment des","og_url":"https:\/\/lesvolcansnews.net\/?p=69697","og_site_name":"LES VOLCANS NEWS","article_published_time":"2025-09-26T11:48:41+00:00","article_modified_time":"2025-09-26T22:13:01+00:00","og_image":[{"width":1200,"height":675,"url":"https:\/\/lesvolcansnews.net\/wp-content\/uploads\/2025\/09\/systeme-defense-aerienne.jpg","type":"image\/jpeg"}],"author":"R\u00e9daction - Les Volcans News","twitter_card":"summary_large_image","twitter_misc":{"\u00c9crit par":"R\u00e9daction - Les Volcans News","Dur\u00e9e de lecture estim\u00e9e":"4 minutes"},"schema":{"@context":"https:\/\/schema.org","@graph":[{"@type":"Article","@id":"https:\/\/lesvolcansnews.net\/?p=69697#article","isPartOf":{"@id":"https:\/\/lesvolcansnews.net\/?p=69697"},"author":{"name":"R\u00e9daction - Les Volcans News","@id":"https:\/\/lesvolcansnews.net\/#\/schema\/person\/82c8bed2e77879ecf6cca63441f57354"},"headline":"Le Rwanda d\u00e9ploie un arsenal anti-a\u00e9rien \u00e0 Masisi","datePublished":"2025-09-26T11:48:41+00:00","dateModified":"2025-09-26T22:13:01+00:00","mainEntityOfPage":{"@id":"https:\/\/lesvolcansnews.net\/?p=69697"},"wordCount":777,"commentCount":0,"image":{"@id":"https:\/\/lesvolcansnews.net\/?p=69697#primaryimage"},"thumbnailUrl":"https:\/\/lesvolcansnews.net\/wp-content\/uploads\/2025\/09\/systeme-defense-aerienne.jpg","articleSection":["ACTUALIT\u00c9"],"inLanguage":"fr-FR","potentialAction":[{"@type":"CommentAction","name":"Comment","target":["https:\/\/lesvolcansnews.net\/?p=69697#respond"]}]},{"@type":"WebPage","@id":"https:\/\/lesvolcansnews.net\/?p=69697","url":"https:\/\/lesvolcansnews.net\/?p=69697","name":"Le Rwanda d\u00e9ploie un arsenal anti-a\u00e9rien \u00e0 Masisi - LES VOLCANS NEWS","isPartOf":{"@id":"https:\/\/lesvolcansnews.net\/#website"},"primaryImageOfPage":{"@id":"https:\/\/lesvolcansnews.net\/?p=69697#primaryimage"},"image":{"@id":"https:\/\/lesvolcansnews.net\/?p=69697#primaryimage"},"thumbnailUrl":"https:\/\/lesvolcansnews.net\/wp-content\/uploads\/2025\/09\/systeme-defense-aerienne.jpg","datePublished":"2025-09-26T11:48:41+00:00","dateModified":"2025-09-26T22:13:01+00:00","author":{"@id":"https:\/\/lesvolcansnews.net\/#\/schema\/person\/82c8bed2e77879ecf6cca63441f57354"},"breadcrumb":{"@id":"https:\/\/lesvolcansnews.net\/?p=69697#breadcrumb"},"inLanguage":"fr-FR","potentialAction":[{"@type":"ReadAction","target":["https:\/\/lesvolcansnews.net\/?p=69697"]}]},{"@type":"ImageObject","inLanguage":"fr-FR","@id":"https:\/\/lesvolcansnews.net\/?p=69697#primaryimage","url":"https:\/\/lesvolcansnews.net\/wp-content\/uploads\/2025\/09\/systeme-defense-aerienne.jpg","contentUrl":"https:\/\/lesvolcansnews.net\/wp-content\/uploads\/2025\/09\/systeme-defense-aerienne.jpg","width":1200,"height":675,"caption":"Reuters \/ Minist\u00e8re sud-cor\u00e9en de la D\u00e9fense"},{"@type":"BreadcrumbList","@id":"https:\/\/lesvolcansnews.net\/?p=69697#breadcrumb","itemListElement":[{"@type":"ListItem","position":1,"name":"Accueil","item":"https:\/\/lesvolcansnews.net\/"},{"@type":"ListItem","position":2,"name":"Le Rwanda d\u00e9ploie un arsenal anti-a\u00e9rien \u00e0 Masisi"}]},{"@type":"WebSite","@id":"https:\/\/lesvolcansnews.net\/#website","url":"https:\/\/lesvolcansnews.net\/","name":"LES VOLCANS NEWS","description":"L&#039;INFORMATION C&#039;EST NOUS","potentialAction":[{"@type":"SearchAction","target":{"@type":"EntryPoint","urlTemplate":"https:\/\/lesvolcansnews.net\/?s={search_term_string}"},"query-input":{"@type":"PropertyValueSpecification","valueRequired":true,"valueName":"search_term_string"}}],"inLanguage":"fr-FR"},{"@type":"Person","@id":"https:\/\/lesvolcansnews.net\/#\/schema\/person\/82c8bed2e77879ecf6cca63441f57354","name":"R\u00e9daction - Les Volcans News","image":{"@type":"ImageObject","inLanguage":"fr-FR","@id":"https:\/\/secure.gravatar.com\/avatar\/8408942dd851e8a9c09f3d382a661bc05d2b3cd9002139bc1795b9528cdc6c80?s=96&d=mm&r=g","url":"https:\/\/secure.gravatar.com\/avatar\/8408942dd851e8a9c09f3d382a661bc05d2b3cd9002139bc1795b9528cdc6c80?s=96&d=mm&r=g","contentUrl":"https:\/\/secure.gravatar.com\/avatar\/8408942dd851e8a9c09f3d382a661bc05d2b3cd9002139bc1795b9528cdc6c80?s=96&d=mm&r=g","caption":"R\u00e9daction - Les Volcans News"},"url":"https:\/\/lesvolcansnews.net\/?author=14"}]}},"_links":{"self":[{"href":"https:\/\/lesvolcansnews.net\/index.php?rest_route=\/wp\/v2\/posts\/69697","targetHints":{"allow":["GET"]}}],"collection":[{"href":"https:\/\/lesvolcansnews.net\/index.php?rest_route=\/wp\/v2\/posts"}],"about":[{"href":"https:\/\/lesvolcansnews.net\/index.php?rest_route=\/wp\/v2\/types\/post"}],"author":[{"embeddable":true,"href":"https:\/\/lesvolcansnews.net\/index.php?rest_route=\/wp\/v2\/users\/14"}],"replies":[{"embeddable":true,"href":"https:\/\/lesvolcansnews.net\/index.php?rest_route=%2Fwp%2Fv2%2Fcomments&post=69697"}],"version-history":[{"count":2,"href":"https:\/\/lesvolcansnews.net\/index.php?rest_route=\/wp\/v2\/posts\/69697\/revisions"}],"predecessor-version":[{"id":69732,"href":"https:\/\/lesvolcansnews.net\/index.php?rest_route=\/wp\/v2\/posts\/69697\/revisions\/69732"}],"wp:featuredmedia":[{"embeddable":true,"href":"https:\/\/lesvolcansnews.net\/index.php?rest_route=\/wp\/v2\/media\/69698"}],"wp:attachment":[{"href":"https:\/\/lesvolcansnews.net\/index.php?rest_route=%2Fwp%2Fv2%2Fmedia&parent=69697"}],"wp:term":[{"taxonomy":"category","embeddable":true,"href":"https:\/\/lesvolcansnews.net\/index.php?rest_route=%2Fwp%2Fv2%2Fcategories&post=69697"},{"taxonomy":"post_tag","embeddable":true,"href":"https:\/\/lesvolcansnews.net\/index.php?rest_route=%2Fwp%2Fv2%2Ftags&post=69697"}],"curies":[{"name":"wp","href":"https:\/\/api.w.org\/{rel}","templated":true}]}}