{"id":69671,"date":"2025-09-26T11:13:10","date_gmt":"2025-09-26T09:13:10","guid":{"rendered":"https:\/\/lesvolcansnews.net\/?p=69671"},"modified":"2025-11-07T08:16:59","modified_gmt":"2025-11-07T06:16:59","slug":"goma-un-autre-jeune-tue-par-balle-a-majengo","status":"publish","type":"post","link":"https:\/\/lesvolcansnews.net\/?p=69671","title":{"rendered":"Goma: un autre jeune tu\u00e9 par balle \u00e0 Majengo"},"content":{"rendered":"<p><strong>Constant Matunguru Muhikwa a \u00e9t\u00e9 tu\u00e9 par balle dans la nuit de jeudi \u00e0 vendredi 26 septembre dans le quartier Majengo, au nord de la ville de Goma, chef-lieu de la province du Nord-Kivu, dans l&#8217;est de la R\u00e9publique d\u00e9mocratique du Congo (RDC), ont rapport\u00e9 plusieurs sources locales.<\/strong><\/p>\n<p>Selon des t\u00e9moins, la victime a \u00e9t\u00e9 abattue aux environs de 2h du matin, sur l\u2019avenue Kindu, pr\u00e9cis\u00e9ment vers le lieu-dit Bingombe.<\/p>\n<p>Elle revenait d\u2019un lieu de deuil lorsqu\u2019elle aurait \u00e9t\u00e9 intercept\u00e9e par des hommes arm\u00e9s non identifi\u00e9s, qui l&#8217;ont ex\u00e9cut\u00e9e sur place.<\/p>\n<p>&#8220;Il sortait d\u2019une veill\u00e9e mortuaire quand il est tomb\u00e9 entre les mains de ces hommes en armes. Ils ne lui ont laiss\u00e9 aucune chance&#8221;, a indiqu\u00e9 Kasereka Luvao Jo.<\/p>\n<p>Le mouvement du M23, qui contr\u00f4le la ville, aurait instaur\u00e9 un couvre-feu informel dans la journ\u00e9e de jeudi.<\/p>\n<p>Des \u00e9l\u00e9ments assimil\u00e9s au M23 auraient proc\u00e9d\u00e9 \u00e0 des arrestations de jeunes dans le quartier voisin de Katoyi  lors de cette op\u00e9ration.<\/p>\n<p>Les autorit\u00e9s congolaises n\u2019ont pas encore communiqu\u00e9 officiellement sur cet incident, ni sur la pr\u00e9sence signal\u00e9e du M23 dans ces quartiers dens\u00e9ment peupl\u00e9s.<\/p>\n<p>La r\u00e9daction<\/p>\n","protected":false},"excerpt":{"rendered":"<p>Constant Matunguru Muhikwa a \u00e9t\u00e9 tu\u00e9 par balle dans la nuit de jeudi \u00e0 vendredi 26 septembre dans le quartier Majengo, au nord de la ville de Goma, chef-lieu de<\/p>\n","protected":false},"author":14,"featured_media":69678,"comment_status":"open","ping_status":"open","sticky":false,"template":"","format":"standard","meta":{"footnotes":""},"categories":[9],"tags":[],"class_list":["post-69671","post","type-post","status-publish","format-standard","has-post-thumbnail","hentry","category-societe"],"yoast_head":"<!-- This site is optimized with the Yoast SEO plugin v27.5 - https:\/\/yoast.com\/product\/yoast-seo-wordpress\/ -->\n<title>Goma: un autre jeune tu\u00e9 par balle \u00e0 Majengo - LES VOLCANS NEWS<\/title>\n<meta name=\"robots\" content=\"index, follow, max-snippet:-1, max-image-preview:large, max-video-preview:-1\" \/>\n<link rel=\"canonical\" href=\"https:\/\/lesvolcansnews.net\/?p=69671\" \/>\n<meta property=\"og:locale\" content=\"fr_FR\" \/>\n<meta property=\"og:type\" content=\"article\" \/>\n<meta property=\"og:title\" content=\"Goma: un autre jeune tu\u00e9 par balle \u00e0 Majengo - LES VOLCANS NEWS\" \/>\n<meta property=\"og:description\" content=\"Constant Matunguru Muhikwa a \u00e9t\u00e9 tu\u00e9 par balle dans la nuit de jeudi \u00e0 vendredi 26 septembre dans le quartier Majengo, au nord de la ville de Goma, chef-lieu de\" \/>\n<meta property=\"og:url\" content=\"https:\/\/lesvolcansnews.net\/?p=69671\" \/>\n<meta property=\"og:site_name\" content=\"LES VOLCANS NEWS\" \/>\n<meta property=\"article:published_time\" content=\"2025-09-26T09:13:10+00:00\" \/>\n<meta property=\"article:modified_time\" content=\"2025-11-07T06:16:59+00:00\" \/>\n<meta property=\"og:image\" content=\"https:\/\/lesvolcansnews.net\/wp-content\/uploads\/2025\/09\/IMG-20250926-WA0073.jpg\" \/>\n\t<meta property=\"og:image:width\" content=\"960\" \/>\n\t<meta property=\"og:image:height\" content=\"834\" \/>\n\t<meta property=\"og:image:type\" content=\"image\/jpeg\" \/>\n<meta name=\"author\" content=\"R\u00e9daction - Les Volcans News\" \/>\n<meta name=\"twitter:card\" content=\"summary_large_image\" \/>\n<meta name=\"twitter:label1\" content=\"\u00c9crit par\" \/>\n\t<meta name=\"twitter:data1\" content=\"R\u00e9daction - Les Volcans News\" \/>\n\t<meta name=\"twitter:label2\" content=\"Dur\u00e9e de lecture estim\u00e9e\" \/>\n\t<meta name=\"twitter:data2\" content=\"1 minute\" \/>\n<script type=\"application\/ld+json\" class=\"yoast-schema-graph\">{\"@context\":\"https:\\\/\\\/schema.org\",\"@graph\":[{\"@type\":\"Article\",\"@id\":\"https:\\\/\\\/lesvolcansnews.net\\\/?p=69671#article\",\"isPartOf\":{\"@id\":\"https:\\\/\\\/lesvolcansnews.net\\\/?p=69671\"},\"author\":{\"name\":\"R\u00e9daction - Les Volcans News\",\"@id\":\"https:\\\/\\\/lesvolcansnews.net\\\/#\\\/schema\\\/person\\\/82c8bed2e77879ecf6cca63441f57354\"},\"headline\":\"Goma: un autre jeune tu\u00e9 par balle \u00e0 Majengo\",\"datePublished\":\"2025-09-26T09:13:10+00:00\",\"dateModified\":\"2025-11-07T06:16:59+00:00\",\"mainEntityOfPage\":{\"@id\":\"https:\\\/\\\/lesvolcansnews.net\\\/?p=69671\"},\"wordCount\":220,\"commentCount\":0,\"image\":{\"@id\":\"https:\\\/\\\/lesvolcansnews.net\\\/?p=69671#primaryimage\"},\"thumbnailUrl\":\"https:\\\/\\\/lesvolcansnews.net\\\/wp-content\\\/uploads\\\/2025\\\/09\\\/IMG-20250926-WA0073.jpg\",\"articleSection\":[\"SOCIET\u00c9\"],\"inLanguage\":\"fr-FR\",\"potentialAction\":[{\"@type\":\"CommentAction\",\"name\":\"Comment\",\"target\":[\"https:\\\/\\\/lesvolcansnews.net\\\/?p=69671#respond\"]}]},{\"@type\":\"WebPage\",\"@id\":\"https:\\\/\\\/lesvolcansnews.net\\\/?p=69671\",\"url\":\"https:\\\/\\\/lesvolcansnews.net\\\/?p=69671\",\"name\":\"Goma: un autre jeune tu\u00e9 par balle \u00e0 Majengo - LES VOLCANS NEWS\",\"isPartOf\":{\"@id\":\"https:\\\/\\\/lesvolcansnews.net\\\/#website\"},\"primaryImageOfPage\":{\"@id\":\"https:\\\/\\\/lesvolcansnews.net\\\/?p=69671#primaryimage\"},\"image\":{\"@id\":\"https:\\\/\\\/lesvolcansnews.net\\\/?p=69671#primaryimage\"},\"thumbnailUrl\":\"https:\\\/\\\/lesvolcansnews.net\\\/wp-content\\\/uploads\\\/2025\\\/09\\\/IMG-20250926-WA0073.jpg\",\"datePublished\":\"2025-09-26T09:13:10+00:00\",\"dateModified\":\"2025-11-07T06:16:59+00:00\",\"author\":{\"@id\":\"https:\\\/\\\/lesvolcansnews.net\\\/#\\\/schema\\\/person\\\/82c8bed2e77879ecf6cca63441f57354\"},\"breadcrumb\":{\"@id\":\"https:\\\/\\\/lesvolcansnews.net\\\/?p=69671#breadcrumb\"},\"inLanguage\":\"fr-FR\",\"potentialAction\":[{\"@type\":\"ReadAction\",\"target\":[\"https:\\\/\\\/lesvolcansnews.net\\\/?p=69671\"]}]},{\"@type\":\"ImageObject\",\"inLanguage\":\"fr-FR\",\"@id\":\"https:\\\/\\\/lesvolcansnews.net\\\/?p=69671#primaryimage\",\"url\":\"https:\\\/\\\/lesvolcansnews.net\\\/wp-content\\\/uploads\\\/2025\\\/09\\\/IMG-20250926-WA0073.jpg\",\"contentUrl\":\"https:\\\/\\\/lesvolcansnews.net\\\/wp-content\\\/uploads\\\/2025\\\/09\\\/IMG-20250926-WA0073.jpg\",\"width\":960,\"height\":834},{\"@type\":\"BreadcrumbList\",\"@id\":\"https:\\\/\\\/lesvolcansnews.net\\\/?p=69671#breadcrumb\",\"itemListElement\":[{\"@type\":\"ListItem\",\"position\":1,\"name\":\"Accueil\",\"item\":\"https:\\\/\\\/lesvolcansnews.net\\\/\"},{\"@type\":\"ListItem\",\"position\":2,\"name\":\"Goma: un autre jeune tu\u00e9 par balle \u00e0 Majengo\"}]},{\"@type\":\"WebSite\",\"@id\":\"https:\\\/\\\/lesvolcansnews.net\\\/#website\",\"url\":\"https:\\\/\\\/lesvolcansnews.net\\\/\",\"name\":\"LES VOLCANS NEWS\",\"description\":\"L&#039;INFORMATION C&#039;EST NOUS\",\"potentialAction\":[{\"@type\":\"SearchAction\",\"target\":{\"@type\":\"EntryPoint\",\"urlTemplate\":\"https:\\\/\\\/lesvolcansnews.net\\\/?s={search_term_string}\"},\"query-input\":{\"@type\":\"PropertyValueSpecification\",\"valueRequired\":true,\"valueName\":\"search_term_string\"}}],\"inLanguage\":\"fr-FR\"},{\"@type\":\"Person\",\"@id\":\"https:\\\/\\\/lesvolcansnews.net\\\/#\\\/schema\\\/person\\\/82c8bed2e77879ecf6cca63441f57354\",\"name\":\"R\u00e9daction - Les Volcans News\",\"image\":{\"@type\":\"ImageObject\",\"inLanguage\":\"fr-FR\",\"@id\":\"https:\\\/\\\/secure.gravatar.com\\\/avatar\\\/8408942dd851e8a9c09f3d382a661bc05d2b3cd9002139bc1795b9528cdc6c80?s=96&d=mm&r=g\",\"url\":\"https:\\\/\\\/secure.gravatar.com\\\/avatar\\\/8408942dd851e8a9c09f3d382a661bc05d2b3cd9002139bc1795b9528cdc6c80?s=96&d=mm&r=g\",\"contentUrl\":\"https:\\\/\\\/secure.gravatar.com\\\/avatar\\\/8408942dd851e8a9c09f3d382a661bc05d2b3cd9002139bc1795b9528cdc6c80?s=96&d=mm&r=g\",\"caption\":\"R\u00e9daction - Les Volcans News\"},\"url\":\"https:\\\/\\\/lesvolcansnews.net\\\/?author=14\"}]}<\/script>\n<!-- \/ Yoast SEO plugin. -->","yoast_head_json":{"title":"Goma: un autre jeune tu\u00e9 par balle \u00e0 Majengo - LES VOLCANS NEWS","robots":{"index":"index","follow":"follow","max-snippet":"max-snippet:-1","max-image-preview":"max-image-preview:large","max-video-preview":"max-video-preview:-1"},"canonical":"https:\/\/lesvolcansnews.net\/?p=69671","og_locale":"fr_FR","og_type":"article","og_title":"Goma: un autre jeune tu\u00e9 par balle \u00e0 Majengo - LES VOLCANS NEWS","og_description":"Constant Matunguru Muhikwa a \u00e9t\u00e9 tu\u00e9 par balle dans la nuit de jeudi \u00e0 vendredi 26 septembre dans le quartier Majengo, au nord de la ville de Goma, chef-lieu de","og_url":"https:\/\/lesvolcansnews.net\/?p=69671","og_site_name":"LES VOLCANS NEWS","article_published_time":"2025-09-26T09:13:10+00:00","article_modified_time":"2025-11-07T06:16:59+00:00","og_image":[{"width":960,"height":834,"url":"https:\/\/lesvolcansnews.net\/wp-content\/uploads\/2025\/09\/IMG-20250926-WA0073.jpg","type":"image\/jpeg"}],"author":"R\u00e9daction - Les Volcans News","twitter_card":"summary_large_image","twitter_misc":{"\u00c9crit par":"R\u00e9daction - Les Volcans News","Dur\u00e9e de lecture estim\u00e9e":"1 minute"},"schema":{"@context":"https:\/\/schema.org","@graph":[{"@type":"Article","@id":"https:\/\/lesvolcansnews.net\/?p=69671#article","isPartOf":{"@id":"https:\/\/lesvolcansnews.net\/?p=69671"},"author":{"name":"R\u00e9daction - Les Volcans News","@id":"https:\/\/lesvolcansnews.net\/#\/schema\/person\/82c8bed2e77879ecf6cca63441f57354"},"headline":"Goma: un autre jeune tu\u00e9 par balle \u00e0 Majengo","datePublished":"2025-09-26T09:13:10+00:00","dateModified":"2025-11-07T06:16:59+00:00","mainEntityOfPage":{"@id":"https:\/\/lesvolcansnews.net\/?p=69671"},"wordCount":220,"commentCount":0,"image":{"@id":"https:\/\/lesvolcansnews.net\/?p=69671#primaryimage"},"thumbnailUrl":"https:\/\/lesvolcansnews.net\/wp-content\/uploads\/2025\/09\/IMG-20250926-WA0073.jpg","articleSection":["SOCIET\u00c9"],"inLanguage":"fr-FR","potentialAction":[{"@type":"CommentAction","name":"Comment","target":["https:\/\/lesvolcansnews.net\/?p=69671#respond"]}]},{"@type":"WebPage","@id":"https:\/\/lesvolcansnews.net\/?p=69671","url":"https:\/\/lesvolcansnews.net\/?p=69671","name":"Goma: un autre jeune tu\u00e9 par balle \u00e0 Majengo - LES VOLCANS NEWS","isPartOf":{"@id":"https:\/\/lesvolcansnews.net\/#website"},"primaryImageOfPage":{"@id":"https:\/\/lesvolcansnews.net\/?p=69671#primaryimage"},"image":{"@id":"https:\/\/lesvolcansnews.net\/?p=69671#primaryimage"},"thumbnailUrl":"https:\/\/lesvolcansnews.net\/wp-content\/uploads\/2025\/09\/IMG-20250926-WA0073.jpg","datePublished":"2025-09-26T09:13:10+00:00","dateModified":"2025-11-07T06:16:59+00:00","author":{"@id":"https:\/\/lesvolcansnews.net\/#\/schema\/person\/82c8bed2e77879ecf6cca63441f57354"},"breadcrumb":{"@id":"https:\/\/lesvolcansnews.net\/?p=69671#breadcrumb"},"inLanguage":"fr-FR","potentialAction":[{"@type":"ReadAction","target":["https:\/\/lesvolcansnews.net\/?p=69671"]}]},{"@type":"ImageObject","inLanguage":"fr-FR","@id":"https:\/\/lesvolcansnews.net\/?p=69671#primaryimage","url":"https:\/\/lesvolcansnews.net\/wp-content\/uploads\/2025\/09\/IMG-20250926-WA0073.jpg","contentUrl":"https:\/\/lesvolcansnews.net\/wp-content\/uploads\/2025\/09\/IMG-20250926-WA0073.jpg","width":960,"height":834},{"@type":"BreadcrumbList","@id":"https:\/\/lesvolcansnews.net\/?p=69671#breadcrumb","itemListElement":[{"@type":"ListItem","position":1,"name":"Accueil","item":"https:\/\/lesvolcansnews.net\/"},{"@type":"ListItem","position":2,"name":"Goma: un autre jeune tu\u00e9 par balle \u00e0 Majengo"}]},{"@type":"WebSite","@id":"https:\/\/lesvolcansnews.net\/#website","url":"https:\/\/lesvolcansnews.net\/","name":"LES VOLCANS NEWS","description":"L&#039;INFORMATION C&#039;EST NOUS","potentialAction":[{"@type":"SearchAction","target":{"@type":"EntryPoint","urlTemplate":"https:\/\/lesvolcansnews.net\/?s={search_term_string}"},"query-input":{"@type":"PropertyValueSpecification","valueRequired":true,"valueName":"search_term_string"}}],"inLanguage":"fr-FR"},{"@type":"Person","@id":"https:\/\/lesvolcansnews.net\/#\/schema\/person\/82c8bed2e77879ecf6cca63441f57354","name":"R\u00e9daction - Les Volcans News","image":{"@type":"ImageObject","inLanguage":"fr-FR","@id":"https:\/\/secure.gravatar.com\/avatar\/8408942dd851e8a9c09f3d382a661bc05d2b3cd9002139bc1795b9528cdc6c80?s=96&d=mm&r=g","url":"https:\/\/secure.gravatar.com\/avatar\/8408942dd851e8a9c09f3d382a661bc05d2b3cd9002139bc1795b9528cdc6c80?s=96&d=mm&r=g","contentUrl":"https:\/\/secure.gravatar.com\/avatar\/8408942dd851e8a9c09f3d382a661bc05d2b3cd9002139bc1795b9528cdc6c80?s=96&d=mm&r=g","caption":"R\u00e9daction - Les Volcans News"},"url":"https:\/\/lesvolcansnews.net\/?author=14"}]}},"_links":{"self":[{"href":"https:\/\/lesvolcansnews.net\/index.php?rest_route=\/wp\/v2\/posts\/69671","targetHints":{"allow":["GET"]}}],"collection":[{"href":"https:\/\/lesvolcansnews.net\/index.php?rest_route=\/wp\/v2\/posts"}],"about":[{"href":"https:\/\/lesvolcansnews.net\/index.php?rest_route=\/wp\/v2\/types\/post"}],"author":[{"embeddable":true,"href":"https:\/\/lesvolcansnews.net\/index.php?rest_route=\/wp\/v2\/users\/14"}],"replies":[{"embeddable":true,"href":"https:\/\/lesvolcansnews.net\/index.php?rest_route=%2Fwp%2Fv2%2Fcomments&post=69671"}],"version-history":[{"count":2,"href":"https:\/\/lesvolcansnews.net\/index.php?rest_route=\/wp\/v2\/posts\/69671\/revisions"}],"predecessor-version":[{"id":70595,"href":"https:\/\/lesvolcansnews.net\/index.php?rest_route=\/wp\/v2\/posts\/69671\/revisions\/70595"}],"wp:featuredmedia":[{"embeddable":true,"href":"https:\/\/lesvolcansnews.net\/index.php?rest_route=\/wp\/v2\/media\/69678"}],"wp:attachment":[{"href":"https:\/\/lesvolcansnews.net\/index.php?rest_route=%2Fwp%2Fv2%2Fmedia&parent=69671"}],"wp:term":[{"taxonomy":"category","embeddable":true,"href":"https:\/\/lesvolcansnews.net\/index.php?rest_route=%2Fwp%2Fv2%2Fcategories&post=69671"},{"taxonomy":"post_tag","embeddable":true,"href":"https:\/\/lesvolcansnews.net\/index.php?rest_route=%2Fwp%2Fv2%2Ftags&post=69671"}],"curies":[{"name":"wp","href":"https:\/\/api.w.org\/{rel}","templated":true}]}}