{"id":69645,"date":"2025-09-24T13:03:18","date_gmt":"2025-09-24T11:03:18","guid":{"rendered":"https:\/\/lesvolcansnews.net\/2025\/09\/24\/agression-rwandaise-tshisekedi-appelle-lonu-a-faire-appliquer-laccord-de-washington-et-la-resolution-2773\/"},"modified":"2025-09-24T13:03:18","modified_gmt":"2025-09-24T11:03:18","slug":"agression-rwandaise-tshisekedi-appelle-lonu-a-faire-appliquer-laccord-de-washington-et-la-resolution-2773","status":"publish","type":"post","link":"https:\/\/lesvolcansnews.net\/?p=69645","title":{"rendered":"Agression rwandaise : Tshisekedi appelle l\u2019ONU \u00e0 faire appliquer l\u2019accord de Washington et la R\u00e9solution 2773"},"content":{"rendered":"\n<p>Depuis la tribune solennelle de la 80\u1d49 Assembl\u00e9e g\u00e9n\u00e9rale des Nations Unies \u00e0 New York, le Pr\u00e9sident de la R\u00e9publique d\u00e9mocratique du Congo, F\u00e9lix-Antoine Tshisekedi Tshilombo, a lanc\u00e9 un appel fort \u00e0 la communaut\u00e9 internationale. Il a exhort\u00e9 l\u2019ONU \u00e0 veiller \u00e0 l&#8217;application stricte de l\u2019accord de paix de Washington entre la RDC et le Rwanda, en lien direct avec la R\u00e9solution 2773 sur la situation s\u00e9curitaire dans l\u2019Est du pays.<br><br>\u00ab <em>Le retrait des troupes rwandaises, la fin de leur appui au M23 et le retour de l&#8217;autorit\u00e9 de l&#8217;\u00c9tat congolais sur toutes les zones occup\u00e9es, constituent des conditions non n\u00e9gociables pour une paix durable \u00bb,<\/em> a martel\u00e9 le chef de l\u2019\u00c9tat congolais devant l\u2019assembl\u00e9e internationale.<br><br>Faisant r\u00e9f\u00e9rence \u00e0 l\u2019accord de Washington sign\u00e9 sous l\u2019\u00e9gide des \u00c9tats-Unis, F\u00e9lix Tshisekedi a insist\u00e9 sur le fait que ce texte est d\u00e9sormais &#8220;indissociable&#8221; de l&#8217;ex\u00e9cution de la R\u00e9solution 2773 du Conseil de s\u00e9curit\u00e9. Cette derni\u00e8re exige notamment la cessation des hostilit\u00e9s dans l\u2019Est du Congo, le respect de la souverainet\u00e9 territoriale du pays et la fin du soutien au groupe arm\u00e9 M23, largement reconnu comme \u00e9tant appuy\u00e9 par Kigali.<br><br>\u00ab Je demande aux Nations Unies de veiller \u00e0 la stricte application de cet accord (&#8230;) Tant que ces d\u00e9cisions ne seront pas ex\u00e9cut\u00e9es, le sang des innocents continuera \u00e0 couler \u00bb, a averti le pr\u00e9sident congolais, visiblement \u00e9mu par la gravit\u00e9 de la situation humanitaire et s\u00e9curitaire dans la r\u00e9gion du Kivu.<br><br><br>Au-del\u00e0 de la situation sp\u00e9cifique de la RDC, F\u00e9lix Tshisekedi a profit\u00e9 de son allocution pour dresser un tableau sombre de l\u2019\u00e9tat du monde. Il a d\u00e9nonc\u00e9 l\u2019affaiblissement du droit international, l\u2019inefficacit\u00e9 des m\u00e9canismes multilat\u00e9raux, et la r\u00e9surgence des logiques imp\u00e9rialistes qui minent la paix sur plusieurs continents.<br><br>\u00ab La rh\u00e9torique guerri\u00e8re regagne du terrain et l\u2019on assiste, impuissants, au retour des vieux d\u00e9mons : agressions arm\u00e9es, guerres de pr\u00e9dation des ressources et de conqu\u00eate d\u2019espaces vitaux, qui n\u2019\u00e9pargnent aucun continent \u00bb,a-t-il observ\u00e9.<br><br>Il a notamment cit\u00e9 les conflits au Proche-Orient, en Ukraine, en Birmanie, en Syrie et au Y\u00e9men, en les repla\u00e7ant dans le contexte d\u2019un d\u00e9s\u00e9quilibre global des relations internationales. Le pr\u00e9sident congolais a tenu \u00e0 rappeler que la guerre qui s\u00e9vit depuis trois d\u00e9cennies dans l&#8217;Est de la RDC ne doit plus \u00eatre consid\u00e9r\u00e9e comme un simple conflit local.<br><br>\u00ab Cette guerre s\u2019est mu\u00e9e en entreprise pr\u00e9datrice : elle d\u00e9passe depuis longtemps les seules dimensions militaires ou g\u00e9opolitiques ; elle vise \u00e0 piller nos ressources, effacer notre m\u00e9moire collective et d\u00e9truire nos communaut\u00e9s \u00bb, a d\u00e9plor\u00e9 le pr\u00e9sident Tshisekedi, appelant \u00e0 un sursaut de conscience globale.<br><br><br>L\u2019appel du chef de l\u2019\u00c9tat congolais intervient dans un contexte o\u00f9 les tensions entre Kinshasa et Kigali restent vives, malgr\u00e9 plusieurs m\u00e9diations r\u00e9gionales et internationales. L\u2019accord de Washington, pr\u00e9sent\u00e9 comme un jalon majeur vers la d\u00e9sescalade, peine \u00e0 \u00eatre appliqu\u00e9 sur le terrain.<br><br>\u00ab Le monde doit choisir entre l\u2019indiff\u00e9rence complice et l\u2019action d\u00e9cisive pour la paix. Notre peuple attend la justice, pas la piti\u00e9 \u00bb, a conclu le pr\u00e9sident congolais, sous les applaudissements d\u2019une partie de l\u2019assembl\u00e9e.<\/p>\n\n\n\n<p>La r\u00e9daction <\/p>\n","protected":false},"excerpt":{"rendered":"<p>Depuis la tribune solennelle de la 80\u1d49 Assembl\u00e9e g\u00e9n\u00e9rale des Nations Unies \u00e0 New York, le Pr\u00e9sident de la R\u00e9publique d\u00e9mocratique du Congo, F\u00e9lix-Antoine Tshisekedi Tshilombo, a lanc\u00e9 un appel<\/p>\n","protected":false},"author":14,"featured_media":69644,"comment_status":"open","ping_status":"open","sticky":false,"template":"","format":"standard","meta":{"footnotes":""},"categories":[1],"tags":[],"class_list":["post-69645","post","type-post","status-publish","format-standard","has-post-thumbnail","hentry","category-actualite"],"yoast_head":"<!-- This site is optimized with the Yoast SEO plugin v27.5 - https:\/\/yoast.com\/product\/yoast-seo-wordpress\/ -->\n<title>Agression rwandaise : Tshisekedi appelle l\u2019ONU \u00e0 faire appliquer l\u2019accord de Washington et la R\u00e9solution 2773 - LES VOLCANS NEWS<\/title>\n<meta name=\"robots\" content=\"index, follow, max-snippet:-1, max-image-preview:large, max-video-preview:-1\" \/>\n<link rel=\"canonical\" href=\"https:\/\/lesvolcansnews.net\/?p=69645\" \/>\n<meta property=\"og:locale\" content=\"fr_FR\" \/>\n<meta property=\"og:type\" content=\"article\" \/>\n<meta property=\"og:title\" content=\"Agression rwandaise : Tshisekedi appelle l\u2019ONU \u00e0 faire appliquer l\u2019accord de Washington et la R\u00e9solution 2773 - LES VOLCANS NEWS\" \/>\n<meta property=\"og:description\" content=\"Depuis la tribune solennelle de la 80\u1d49 Assembl\u00e9e g\u00e9n\u00e9rale des Nations Unies \u00e0 New York, le Pr\u00e9sident de la R\u00e9publique d\u00e9mocratique du Congo, F\u00e9lix-Antoine Tshisekedi Tshilombo, a lanc\u00e9 un appel\" \/>\n<meta property=\"og:url\" content=\"https:\/\/lesvolcansnews.net\/?p=69645\" \/>\n<meta property=\"og:site_name\" content=\"LES VOLCANS NEWS\" \/>\n<meta property=\"article:published_time\" content=\"2025-09-24T11:03:18+00:00\" \/>\n<meta property=\"og:image\" content=\"https:\/\/lesvolcansnews.net\/wp-content\/uploads\/2025\/09\/20250924_120439.jpg\" \/>\n\t<meta property=\"og:image:width\" content=\"488\" \/>\n\t<meta property=\"og:image:height\" content=\"279\" \/>\n\t<meta property=\"og:image:type\" content=\"image\/jpeg\" \/>\n<meta name=\"author\" content=\"R\u00e9daction - Les Volcans News\" \/>\n<meta name=\"twitter:card\" content=\"summary_large_image\" \/>\n<meta name=\"twitter:label1\" content=\"\u00c9crit par\" \/>\n\t<meta name=\"twitter:data1\" content=\"R\u00e9daction - Les Volcans News\" \/>\n\t<meta name=\"twitter:label2\" content=\"Dur\u00e9e de lecture estim\u00e9e\" \/>\n\t<meta name=\"twitter:data2\" content=\"3 minutes\" \/>\n<script type=\"application\/ld+json\" class=\"yoast-schema-graph\">{\"@context\":\"https:\\\/\\\/schema.org\",\"@graph\":[{\"@type\":\"Article\",\"@id\":\"https:\\\/\\\/lesvolcansnews.net\\\/?p=69645#article\",\"isPartOf\":{\"@id\":\"https:\\\/\\\/lesvolcansnews.net\\\/?p=69645\"},\"author\":{\"name\":\"R\u00e9daction - Les Volcans News\",\"@id\":\"https:\\\/\\\/lesvolcansnews.net\\\/#\\\/schema\\\/person\\\/82c8bed2e77879ecf6cca63441f57354\"},\"headline\":\"Agression rwandaise : Tshisekedi appelle l\u2019ONU \u00e0 faire appliquer l\u2019accord de Washington et la R\u00e9solution 2773\",\"datePublished\":\"2025-09-24T11:03:18+00:00\",\"mainEntityOfPage\":{\"@id\":\"https:\\\/\\\/lesvolcansnews.net\\\/?p=69645\"},\"wordCount\":593,\"commentCount\":0,\"image\":{\"@id\":\"https:\\\/\\\/lesvolcansnews.net\\\/?p=69645#primaryimage\"},\"thumbnailUrl\":\"https:\\\/\\\/lesvolcansnews.net\\\/wp-content\\\/uploads\\\/2025\\\/09\\\/20250924_120439.jpg\",\"articleSection\":[\"ACTUALIT\u00c9\"],\"inLanguage\":\"fr-FR\",\"potentialAction\":[{\"@type\":\"CommentAction\",\"name\":\"Comment\",\"target\":[\"https:\\\/\\\/lesvolcansnews.net\\\/?p=69645#respond\"]}]},{\"@type\":\"WebPage\",\"@id\":\"https:\\\/\\\/lesvolcansnews.net\\\/?p=69645\",\"url\":\"https:\\\/\\\/lesvolcansnews.net\\\/?p=69645\",\"name\":\"Agression rwandaise : Tshisekedi appelle l\u2019ONU \u00e0 faire appliquer l\u2019accord de Washington et la R\u00e9solution 2773 - LES VOLCANS NEWS\",\"isPartOf\":{\"@id\":\"https:\\\/\\\/lesvolcansnews.net\\\/#website\"},\"primaryImageOfPage\":{\"@id\":\"https:\\\/\\\/lesvolcansnews.net\\\/?p=69645#primaryimage\"},\"image\":{\"@id\":\"https:\\\/\\\/lesvolcansnews.net\\\/?p=69645#primaryimage\"},\"thumbnailUrl\":\"https:\\\/\\\/lesvolcansnews.net\\\/wp-content\\\/uploads\\\/2025\\\/09\\\/20250924_120439.jpg\",\"datePublished\":\"2025-09-24T11:03:18+00:00\",\"author\":{\"@id\":\"https:\\\/\\\/lesvolcansnews.net\\\/#\\\/schema\\\/person\\\/82c8bed2e77879ecf6cca63441f57354\"},\"breadcrumb\":{\"@id\":\"https:\\\/\\\/lesvolcansnews.net\\\/?p=69645#breadcrumb\"},\"inLanguage\":\"fr-FR\",\"potentialAction\":[{\"@type\":\"ReadAction\",\"target\":[\"https:\\\/\\\/lesvolcansnews.net\\\/?p=69645\"]}]},{\"@type\":\"ImageObject\",\"inLanguage\":\"fr-FR\",\"@id\":\"https:\\\/\\\/lesvolcansnews.net\\\/?p=69645#primaryimage\",\"url\":\"https:\\\/\\\/lesvolcansnews.net\\\/wp-content\\\/uploads\\\/2025\\\/09\\\/20250924_120439.jpg\",\"contentUrl\":\"https:\\\/\\\/lesvolcansnews.net\\\/wp-content\\\/uploads\\\/2025\\\/09\\\/20250924_120439.jpg\",\"width\":488,\"height\":279},{\"@type\":\"BreadcrumbList\",\"@id\":\"https:\\\/\\\/lesvolcansnews.net\\\/?p=69645#breadcrumb\",\"itemListElement\":[{\"@type\":\"ListItem\",\"position\":1,\"name\":\"Accueil\",\"item\":\"https:\\\/\\\/lesvolcansnews.net\\\/\"},{\"@type\":\"ListItem\",\"position\":2,\"name\":\"Agression rwandaise : Tshisekedi appelle l\u2019ONU \u00e0 faire appliquer l\u2019accord de Washington et la R\u00e9solution 2773\"}]},{\"@type\":\"WebSite\",\"@id\":\"https:\\\/\\\/lesvolcansnews.net\\\/#website\",\"url\":\"https:\\\/\\\/lesvolcansnews.net\\\/\",\"name\":\"LES VOLCANS NEWS\",\"description\":\"L&#039;INFORMATION C&#039;EST NOUS\",\"potentialAction\":[{\"@type\":\"SearchAction\",\"target\":{\"@type\":\"EntryPoint\",\"urlTemplate\":\"https:\\\/\\\/lesvolcansnews.net\\\/?s={search_term_string}\"},\"query-input\":{\"@type\":\"PropertyValueSpecification\",\"valueRequired\":true,\"valueName\":\"search_term_string\"}}],\"inLanguage\":\"fr-FR\"},{\"@type\":\"Person\",\"@id\":\"https:\\\/\\\/lesvolcansnews.net\\\/#\\\/schema\\\/person\\\/82c8bed2e77879ecf6cca63441f57354\",\"name\":\"R\u00e9daction - Les Volcans News\",\"image\":{\"@type\":\"ImageObject\",\"inLanguage\":\"fr-FR\",\"@id\":\"https:\\\/\\\/secure.gravatar.com\\\/avatar\\\/8408942dd851e8a9c09f3d382a661bc05d2b3cd9002139bc1795b9528cdc6c80?s=96&d=mm&r=g\",\"url\":\"https:\\\/\\\/secure.gravatar.com\\\/avatar\\\/8408942dd851e8a9c09f3d382a661bc05d2b3cd9002139bc1795b9528cdc6c80?s=96&d=mm&r=g\",\"contentUrl\":\"https:\\\/\\\/secure.gravatar.com\\\/avatar\\\/8408942dd851e8a9c09f3d382a661bc05d2b3cd9002139bc1795b9528cdc6c80?s=96&d=mm&r=g\",\"caption\":\"R\u00e9daction - Les Volcans News\"},\"url\":\"https:\\\/\\\/lesvolcansnews.net\\\/?author=14\"}]}<\/script>\n<!-- \/ Yoast SEO plugin. -->","yoast_head_json":{"title":"Agression rwandaise : Tshisekedi appelle l\u2019ONU \u00e0 faire appliquer l\u2019accord de Washington et la R\u00e9solution 2773 - LES VOLCANS NEWS","robots":{"index":"index","follow":"follow","max-snippet":"max-snippet:-1","max-image-preview":"max-image-preview:large","max-video-preview":"max-video-preview:-1"},"canonical":"https:\/\/lesvolcansnews.net\/?p=69645","og_locale":"fr_FR","og_type":"article","og_title":"Agression rwandaise : Tshisekedi appelle l\u2019ONU \u00e0 faire appliquer l\u2019accord de Washington et la R\u00e9solution 2773 - LES VOLCANS NEWS","og_description":"Depuis la tribune solennelle de la 80\u1d49 Assembl\u00e9e g\u00e9n\u00e9rale des Nations Unies \u00e0 New York, le Pr\u00e9sident de la R\u00e9publique d\u00e9mocratique du Congo, F\u00e9lix-Antoine Tshisekedi Tshilombo, a lanc\u00e9 un appel","og_url":"https:\/\/lesvolcansnews.net\/?p=69645","og_site_name":"LES VOLCANS NEWS","article_published_time":"2025-09-24T11:03:18+00:00","og_image":[{"width":488,"height":279,"url":"https:\/\/lesvolcansnews.net\/wp-content\/uploads\/2025\/09\/20250924_120439.jpg","type":"image\/jpeg"}],"author":"R\u00e9daction - Les Volcans News","twitter_card":"summary_large_image","twitter_misc":{"\u00c9crit par":"R\u00e9daction - Les Volcans News","Dur\u00e9e de lecture estim\u00e9e":"3 minutes"},"schema":{"@context":"https:\/\/schema.org","@graph":[{"@type":"Article","@id":"https:\/\/lesvolcansnews.net\/?p=69645#article","isPartOf":{"@id":"https:\/\/lesvolcansnews.net\/?p=69645"},"author":{"name":"R\u00e9daction - Les Volcans News","@id":"https:\/\/lesvolcansnews.net\/#\/schema\/person\/82c8bed2e77879ecf6cca63441f57354"},"headline":"Agression rwandaise : Tshisekedi appelle l\u2019ONU \u00e0 faire appliquer l\u2019accord de Washington et la R\u00e9solution 2773","datePublished":"2025-09-24T11:03:18+00:00","mainEntityOfPage":{"@id":"https:\/\/lesvolcansnews.net\/?p=69645"},"wordCount":593,"commentCount":0,"image":{"@id":"https:\/\/lesvolcansnews.net\/?p=69645#primaryimage"},"thumbnailUrl":"https:\/\/lesvolcansnews.net\/wp-content\/uploads\/2025\/09\/20250924_120439.jpg","articleSection":["ACTUALIT\u00c9"],"inLanguage":"fr-FR","potentialAction":[{"@type":"CommentAction","name":"Comment","target":["https:\/\/lesvolcansnews.net\/?p=69645#respond"]}]},{"@type":"WebPage","@id":"https:\/\/lesvolcansnews.net\/?p=69645","url":"https:\/\/lesvolcansnews.net\/?p=69645","name":"Agression rwandaise : Tshisekedi appelle l\u2019ONU \u00e0 faire appliquer l\u2019accord de Washington et la R\u00e9solution 2773 - LES VOLCANS NEWS","isPartOf":{"@id":"https:\/\/lesvolcansnews.net\/#website"},"primaryImageOfPage":{"@id":"https:\/\/lesvolcansnews.net\/?p=69645#primaryimage"},"image":{"@id":"https:\/\/lesvolcansnews.net\/?p=69645#primaryimage"},"thumbnailUrl":"https:\/\/lesvolcansnews.net\/wp-content\/uploads\/2025\/09\/20250924_120439.jpg","datePublished":"2025-09-24T11:03:18+00:00","author":{"@id":"https:\/\/lesvolcansnews.net\/#\/schema\/person\/82c8bed2e77879ecf6cca63441f57354"},"breadcrumb":{"@id":"https:\/\/lesvolcansnews.net\/?p=69645#breadcrumb"},"inLanguage":"fr-FR","potentialAction":[{"@type":"ReadAction","target":["https:\/\/lesvolcansnews.net\/?p=69645"]}]},{"@type":"ImageObject","inLanguage":"fr-FR","@id":"https:\/\/lesvolcansnews.net\/?p=69645#primaryimage","url":"https:\/\/lesvolcansnews.net\/wp-content\/uploads\/2025\/09\/20250924_120439.jpg","contentUrl":"https:\/\/lesvolcansnews.net\/wp-content\/uploads\/2025\/09\/20250924_120439.jpg","width":488,"height":279},{"@type":"BreadcrumbList","@id":"https:\/\/lesvolcansnews.net\/?p=69645#breadcrumb","itemListElement":[{"@type":"ListItem","position":1,"name":"Accueil","item":"https:\/\/lesvolcansnews.net\/"},{"@type":"ListItem","position":2,"name":"Agression rwandaise : Tshisekedi appelle l\u2019ONU \u00e0 faire appliquer l\u2019accord de Washington et la R\u00e9solution 2773"}]},{"@type":"WebSite","@id":"https:\/\/lesvolcansnews.net\/#website","url":"https:\/\/lesvolcansnews.net\/","name":"LES VOLCANS NEWS","description":"L&#039;INFORMATION C&#039;EST NOUS","potentialAction":[{"@type":"SearchAction","target":{"@type":"EntryPoint","urlTemplate":"https:\/\/lesvolcansnews.net\/?s={search_term_string}"},"query-input":{"@type":"PropertyValueSpecification","valueRequired":true,"valueName":"search_term_string"}}],"inLanguage":"fr-FR"},{"@type":"Person","@id":"https:\/\/lesvolcansnews.net\/#\/schema\/person\/82c8bed2e77879ecf6cca63441f57354","name":"R\u00e9daction - Les Volcans News","image":{"@type":"ImageObject","inLanguage":"fr-FR","@id":"https:\/\/secure.gravatar.com\/avatar\/8408942dd851e8a9c09f3d382a661bc05d2b3cd9002139bc1795b9528cdc6c80?s=96&d=mm&r=g","url":"https:\/\/secure.gravatar.com\/avatar\/8408942dd851e8a9c09f3d382a661bc05d2b3cd9002139bc1795b9528cdc6c80?s=96&d=mm&r=g","contentUrl":"https:\/\/secure.gravatar.com\/avatar\/8408942dd851e8a9c09f3d382a661bc05d2b3cd9002139bc1795b9528cdc6c80?s=96&d=mm&r=g","caption":"R\u00e9daction - Les Volcans News"},"url":"https:\/\/lesvolcansnews.net\/?author=14"}]}},"_links":{"self":[{"href":"https:\/\/lesvolcansnews.net\/index.php?rest_route=\/wp\/v2\/posts\/69645","targetHints":{"allow":["GET"]}}],"collection":[{"href":"https:\/\/lesvolcansnews.net\/index.php?rest_route=\/wp\/v2\/posts"}],"about":[{"href":"https:\/\/lesvolcansnews.net\/index.php?rest_route=\/wp\/v2\/types\/post"}],"author":[{"embeddable":true,"href":"https:\/\/lesvolcansnews.net\/index.php?rest_route=\/wp\/v2\/users\/14"}],"replies":[{"embeddable":true,"href":"https:\/\/lesvolcansnews.net\/index.php?rest_route=%2Fwp%2Fv2%2Fcomments&post=69645"}],"version-history":[{"count":0,"href":"https:\/\/lesvolcansnews.net\/index.php?rest_route=\/wp\/v2\/posts\/69645\/revisions"}],"wp:featuredmedia":[{"embeddable":true,"href":"https:\/\/lesvolcansnews.net\/index.php?rest_route=\/wp\/v2\/media\/69644"}],"wp:attachment":[{"href":"https:\/\/lesvolcansnews.net\/index.php?rest_route=%2Fwp%2Fv2%2Fmedia&parent=69645"}],"wp:term":[{"taxonomy":"category","embeddable":true,"href":"https:\/\/lesvolcansnews.net\/index.php?rest_route=%2Fwp%2Fv2%2Fcategories&post=69645"},{"taxonomy":"post_tag","embeddable":true,"href":"https:\/\/lesvolcansnews.net\/index.php?rest_route=%2Fwp%2Fv2%2Ftags&post=69645"}],"curies":[{"name":"wp","href":"https:\/\/api.w.org\/{rel}","templated":true}]}}