{"id":69623,"date":"2025-09-23T13:52:16","date_gmt":"2025-09-23T11:52:16","guid":{"rendered":"https:\/\/lesvolcansnews.net\/?p=69623"},"modified":"2025-09-23T13:52:16","modified_gmt":"2025-09-23T11:52:16","slug":"journee-internationale-de-la-paix-en-ituri-les-jeunes-etudient-les-modalites-de-frequentation-mutuelle-dans-un-dialogue-de-proximite","status":"publish","type":"post","link":"https:\/\/lesvolcansnews.net\/?p=69623","title":{"rendered":"Journ\u00e9e internationale de la Paix : en Ituri, les jeunes \u00e9tudient les modalit\u00e9s de fr\u00e9quentation mutuelle dans un dialogue de proximit\u00e9"},"content":{"rendered":"<p><strong>Un dialogue de proximit\u00e9 a \u00e9t\u00e9 organis\u00e9 par le conseil provincial de la jeunesse de l&#8217;Ituri, le 22 septembre 2025, entre les jeunes du Sud et du Nord de la ville de Bunia en marge de la journ\u00e9e internationale de la paix c\u00e9l\u00e9br\u00e9e chaque 21 septembre de l&#8217;ann\u00e9e.<\/strong><\/p>\n<p>Au cours de ces pourparlers, plusieurs probl\u00e9matiques qui freinent la cohabitation et le d\u00e9veloppement de la ville ont \u00e9t\u00e9 soulign\u00e9es notamment la non-fr\u00e9quentation des jeunes d&#8217;un quartier \u00e0 un autre, l&#8217;inaccessibilit\u00e9 des transports en commun dans certains coins urbains et tant d&#8217;autres choses.<\/p>\n<p><strong>Recit du fait<\/strong><\/p>\n<p>\u00ab <em>Se relever pour un monde plus \u00e9quilibr\u00e9 et durable dans l&#8217;unit\u00e9 et la non-violence, la paix<\/em> \u00bb, est possible c&#8217;est le th\u00e8me choisi pour c\u00e9l\u00e9brer la journ\u00e9e internationale de la paix<\/p>\n<p>Ma\u00eetre C\u00e9line, conseill\u00e8re du gouverneur en charge de l&#8217;administration qui a ouvert ce dialogue reste convaincu cette initiative est la plus meilleure qui peut amener la province de l&#8217;Ituri.<\/p>\n<p>Dans un dialogue inclusif et franc, les jeunes ont \u00e9voqu\u00e9 les diff\u00e9rents probl\u00e8mes qui freinent la cohabitation dans la ville notamment la non fr\u00e9quentation. Le pr\u00e9sident du conseil provincial de la jeunesse flexible promet une solution tant soit peu pour une paix durable.<\/p>\n<p>Signalons que ce dialogue s&#8217;est cl\u00f4tur\u00e9 par un match amical au stade Epo-ville entre les jeunes. L&#8217;activit\u00e9 \u00e9tant organis\u00e9e par le conseil provincial de la jeunesse a \u00e9t\u00e9 appuy\u00e9e par l&#8217;organisation Alert International avec le financement de l&#8217;Union Europ\u00e9enne.<\/p>\n<p><strong>R\u00e9daction<\/strong><\/p>\n","protected":false},"excerpt":{"rendered":"<p>Un dialogue de proximit\u00e9 a \u00e9t\u00e9 organis\u00e9 par le conseil provincial de la jeunesse de l&#8217;Ituri, le 22 septembre 2025, entre les jeunes du Sud et du Nord de la<\/p>\n","protected":false},"author":14,"featured_media":69619,"comment_status":"open","ping_status":"open","sticky":false,"template":"","format":"standard","meta":{"footnotes":""},"categories":[59,32],"tags":[],"class_list":["post-69623","post","type-post","status-publish","format-standard","has-post-thumbnail","hentry","category-jeunesse","category-securite"],"yoast_head":"<!-- This site is optimized with the Yoast SEO plugin v27.5 - https:\/\/yoast.com\/product\/yoast-seo-wordpress\/ -->\n<title>Journ\u00e9e internationale de la Paix : en Ituri, les jeunes \u00e9tudient les modalit\u00e9s de fr\u00e9quentation mutuelle dans un dialogue de proximit\u00e9 - LES VOLCANS NEWS<\/title>\n<meta name=\"robots\" content=\"index, follow, max-snippet:-1, max-image-preview:large, max-video-preview:-1\" \/>\n<link rel=\"canonical\" href=\"https:\/\/lesvolcansnews.net\/?p=69623\" \/>\n<meta property=\"og:locale\" content=\"fr_FR\" \/>\n<meta property=\"og:type\" content=\"article\" \/>\n<meta property=\"og:title\" content=\"Journ\u00e9e internationale de la Paix : en Ituri, les jeunes \u00e9tudient les modalit\u00e9s de fr\u00e9quentation mutuelle dans un dialogue de proximit\u00e9 - LES VOLCANS NEWS\" \/>\n<meta property=\"og:description\" content=\"Un dialogue de proximit\u00e9 a \u00e9t\u00e9 organis\u00e9 par le conseil provincial de la jeunesse de l&#8217;Ituri, le 22 septembre 2025, entre les jeunes du Sud et du Nord de la\" \/>\n<meta property=\"og:url\" content=\"https:\/\/lesvolcansnews.net\/?p=69623\" \/>\n<meta property=\"og:site_name\" content=\"LES VOLCANS NEWS\" \/>\n<meta property=\"article:published_time\" content=\"2025-09-23T11:52:16+00:00\" \/>\n<meta property=\"og:image\" content=\"https:\/\/i0.wp.com\/lesvolcansnews.net\/wp-content\/uploads\/2025\/09\/IMG-20250923-WA0136.jpg?fit=895%2C463&ssl=1\" \/>\n\t<meta property=\"og:image:width\" content=\"895\" \/>\n\t<meta property=\"og:image:height\" content=\"463\" \/>\n\t<meta property=\"og:image:type\" content=\"image\/jpeg\" \/>\n<meta name=\"author\" content=\"R\u00e9daction - Les Volcans News\" \/>\n<meta name=\"twitter:card\" content=\"summary_large_image\" \/>\n<meta name=\"twitter:label1\" content=\"\u00c9crit par\" \/>\n\t<meta name=\"twitter:data1\" content=\"R\u00e9daction - Les Volcans News\" \/>\n\t<meta name=\"twitter:label2\" content=\"Dur\u00e9e de lecture estim\u00e9e\" \/>\n\t<meta name=\"twitter:data2\" content=\"1 minute\" \/>\n<script type=\"application\/ld+json\" class=\"yoast-schema-graph\">{\"@context\":\"https:\\\/\\\/schema.org\",\"@graph\":[{\"@type\":\"Article\",\"@id\":\"https:\\\/\\\/lesvolcansnews.net\\\/?p=69623#article\",\"isPartOf\":{\"@id\":\"https:\\\/\\\/lesvolcansnews.net\\\/?p=69623\"},\"author\":{\"name\":\"R\u00e9daction - Les Volcans News\",\"@id\":\"https:\\\/\\\/lesvolcansnews.net\\\/#\\\/schema\\\/person\\\/82c8bed2e77879ecf6cca63441f57354\"},\"headline\":\"Journ\u00e9e internationale de la Paix : en Ituri, les jeunes \u00e9tudient les modalit\u00e9s de fr\u00e9quentation mutuelle dans un dialogue de proximit\u00e9\",\"datePublished\":\"2025-09-23T11:52:16+00:00\",\"mainEntityOfPage\":{\"@id\":\"https:\\\/\\\/lesvolcansnews.net\\\/?p=69623\"},\"wordCount\":293,\"commentCount\":0,\"image\":{\"@id\":\"https:\\\/\\\/lesvolcansnews.net\\\/?p=69623#primaryimage\"},\"thumbnailUrl\":\"https:\\\/\\\/lesvolcansnews.net\\\/wp-content\\\/uploads\\\/2025\\\/09\\\/IMG-20250923-WA0136.jpg\",\"articleSection\":[\"JEUNESSE\",\"S\u00c9CURIT\u00c9\"],\"inLanguage\":\"fr-FR\",\"potentialAction\":[{\"@type\":\"CommentAction\",\"name\":\"Comment\",\"target\":[\"https:\\\/\\\/lesvolcansnews.net\\\/?p=69623#respond\"]}]},{\"@type\":\"WebPage\",\"@id\":\"https:\\\/\\\/lesvolcansnews.net\\\/?p=69623\",\"url\":\"https:\\\/\\\/lesvolcansnews.net\\\/?p=69623\",\"name\":\"Journ\u00e9e internationale de la Paix : en Ituri, les jeunes \u00e9tudient les modalit\u00e9s de fr\u00e9quentation mutuelle dans un dialogue de proximit\u00e9 - LES VOLCANS NEWS\",\"isPartOf\":{\"@id\":\"https:\\\/\\\/lesvolcansnews.net\\\/#website\"},\"primaryImageOfPage\":{\"@id\":\"https:\\\/\\\/lesvolcansnews.net\\\/?p=69623#primaryimage\"},\"image\":{\"@id\":\"https:\\\/\\\/lesvolcansnews.net\\\/?p=69623#primaryimage\"},\"thumbnailUrl\":\"https:\\\/\\\/lesvolcansnews.net\\\/wp-content\\\/uploads\\\/2025\\\/09\\\/IMG-20250923-WA0136.jpg\",\"datePublished\":\"2025-09-23T11:52:16+00:00\",\"author\":{\"@id\":\"https:\\\/\\\/lesvolcansnews.net\\\/#\\\/schema\\\/person\\\/82c8bed2e77879ecf6cca63441f57354\"},\"breadcrumb\":{\"@id\":\"https:\\\/\\\/lesvolcansnews.net\\\/?p=69623#breadcrumb\"},\"inLanguage\":\"fr-FR\",\"potentialAction\":[{\"@type\":\"ReadAction\",\"target\":[\"https:\\\/\\\/lesvolcansnews.net\\\/?p=69623\"]}]},{\"@type\":\"ImageObject\",\"inLanguage\":\"fr-FR\",\"@id\":\"https:\\\/\\\/lesvolcansnews.net\\\/?p=69623#primaryimage\",\"url\":\"https:\\\/\\\/lesvolcansnews.net\\\/wp-content\\\/uploads\\\/2025\\\/09\\\/IMG-20250923-WA0136.jpg\",\"contentUrl\":\"https:\\\/\\\/lesvolcansnews.net\\\/wp-content\\\/uploads\\\/2025\\\/09\\\/IMG-20250923-WA0136.jpg\",\"width\":895,\"height\":463},{\"@type\":\"BreadcrumbList\",\"@id\":\"https:\\\/\\\/lesvolcansnews.net\\\/?p=69623#breadcrumb\",\"itemListElement\":[{\"@type\":\"ListItem\",\"position\":1,\"name\":\"Accueil\",\"item\":\"https:\\\/\\\/lesvolcansnews.net\\\/\"},{\"@type\":\"ListItem\",\"position\":2,\"name\":\"Journ\u00e9e internationale de la Paix : en Ituri, les jeunes \u00e9tudient les modalit\u00e9s de fr\u00e9quentation mutuelle dans un dialogue de proximit\u00e9\"}]},{\"@type\":\"WebSite\",\"@id\":\"https:\\\/\\\/lesvolcansnews.net\\\/#website\",\"url\":\"https:\\\/\\\/lesvolcansnews.net\\\/\",\"name\":\"LES VOLCANS NEWS\",\"description\":\"L&#039;INFORMATION C&#039;EST NOUS\",\"potentialAction\":[{\"@type\":\"SearchAction\",\"target\":{\"@type\":\"EntryPoint\",\"urlTemplate\":\"https:\\\/\\\/lesvolcansnews.net\\\/?s={search_term_string}\"},\"query-input\":{\"@type\":\"PropertyValueSpecification\",\"valueRequired\":true,\"valueName\":\"search_term_string\"}}],\"inLanguage\":\"fr-FR\"},{\"@type\":\"Person\",\"@id\":\"https:\\\/\\\/lesvolcansnews.net\\\/#\\\/schema\\\/person\\\/82c8bed2e77879ecf6cca63441f57354\",\"name\":\"R\u00e9daction - Les Volcans News\",\"image\":{\"@type\":\"ImageObject\",\"inLanguage\":\"fr-FR\",\"@id\":\"https:\\\/\\\/secure.gravatar.com\\\/avatar\\\/8408942dd851e8a9c09f3d382a661bc05d2b3cd9002139bc1795b9528cdc6c80?s=96&d=mm&r=g\",\"url\":\"https:\\\/\\\/secure.gravatar.com\\\/avatar\\\/8408942dd851e8a9c09f3d382a661bc05d2b3cd9002139bc1795b9528cdc6c80?s=96&d=mm&r=g\",\"contentUrl\":\"https:\\\/\\\/secure.gravatar.com\\\/avatar\\\/8408942dd851e8a9c09f3d382a661bc05d2b3cd9002139bc1795b9528cdc6c80?s=96&d=mm&r=g\",\"caption\":\"R\u00e9daction - Les Volcans News\"},\"url\":\"https:\\\/\\\/lesvolcansnews.net\\\/?author=14\"}]}<\/script>\n<!-- \/ Yoast SEO plugin. -->","yoast_head_json":{"title":"Journ\u00e9e internationale de la Paix : en Ituri, les jeunes \u00e9tudient les modalit\u00e9s de fr\u00e9quentation mutuelle dans un dialogue de proximit\u00e9 - LES VOLCANS NEWS","robots":{"index":"index","follow":"follow","max-snippet":"max-snippet:-1","max-image-preview":"max-image-preview:large","max-video-preview":"max-video-preview:-1"},"canonical":"https:\/\/lesvolcansnews.net\/?p=69623","og_locale":"fr_FR","og_type":"article","og_title":"Journ\u00e9e internationale de la Paix : en Ituri, les jeunes \u00e9tudient les modalit\u00e9s de fr\u00e9quentation mutuelle dans un dialogue de proximit\u00e9 - LES VOLCANS NEWS","og_description":"Un dialogue de proximit\u00e9 a \u00e9t\u00e9 organis\u00e9 par le conseil provincial de la jeunesse de l&#8217;Ituri, le 22 septembre 2025, entre les jeunes du Sud et du Nord de la","og_url":"https:\/\/lesvolcansnews.net\/?p=69623","og_site_name":"LES VOLCANS NEWS","article_published_time":"2025-09-23T11:52:16+00:00","og_image":[{"width":895,"height":463,"url":"https:\/\/i0.wp.com\/lesvolcansnews.net\/wp-content\/uploads\/2025\/09\/IMG-20250923-WA0136.jpg?fit=895%2C463&ssl=1","type":"image\/jpeg"}],"author":"R\u00e9daction - Les Volcans News","twitter_card":"summary_large_image","twitter_misc":{"\u00c9crit par":"R\u00e9daction - Les Volcans News","Dur\u00e9e de lecture estim\u00e9e":"1 minute"},"schema":{"@context":"https:\/\/schema.org","@graph":[{"@type":"Article","@id":"https:\/\/lesvolcansnews.net\/?p=69623#article","isPartOf":{"@id":"https:\/\/lesvolcansnews.net\/?p=69623"},"author":{"name":"R\u00e9daction - Les Volcans News","@id":"https:\/\/lesvolcansnews.net\/#\/schema\/person\/82c8bed2e77879ecf6cca63441f57354"},"headline":"Journ\u00e9e internationale de la Paix : en Ituri, les jeunes \u00e9tudient les modalit\u00e9s de fr\u00e9quentation mutuelle dans un dialogue de proximit\u00e9","datePublished":"2025-09-23T11:52:16+00:00","mainEntityOfPage":{"@id":"https:\/\/lesvolcansnews.net\/?p=69623"},"wordCount":293,"commentCount":0,"image":{"@id":"https:\/\/lesvolcansnews.net\/?p=69623#primaryimage"},"thumbnailUrl":"https:\/\/lesvolcansnews.net\/wp-content\/uploads\/2025\/09\/IMG-20250923-WA0136.jpg","articleSection":["JEUNESSE","S\u00c9CURIT\u00c9"],"inLanguage":"fr-FR","potentialAction":[{"@type":"CommentAction","name":"Comment","target":["https:\/\/lesvolcansnews.net\/?p=69623#respond"]}]},{"@type":"WebPage","@id":"https:\/\/lesvolcansnews.net\/?p=69623","url":"https:\/\/lesvolcansnews.net\/?p=69623","name":"Journ\u00e9e internationale de la Paix : en Ituri, les jeunes \u00e9tudient les modalit\u00e9s de fr\u00e9quentation mutuelle dans un dialogue de proximit\u00e9 - LES VOLCANS NEWS","isPartOf":{"@id":"https:\/\/lesvolcansnews.net\/#website"},"primaryImageOfPage":{"@id":"https:\/\/lesvolcansnews.net\/?p=69623#primaryimage"},"image":{"@id":"https:\/\/lesvolcansnews.net\/?p=69623#primaryimage"},"thumbnailUrl":"https:\/\/lesvolcansnews.net\/wp-content\/uploads\/2025\/09\/IMG-20250923-WA0136.jpg","datePublished":"2025-09-23T11:52:16+00:00","author":{"@id":"https:\/\/lesvolcansnews.net\/#\/schema\/person\/82c8bed2e77879ecf6cca63441f57354"},"breadcrumb":{"@id":"https:\/\/lesvolcansnews.net\/?p=69623#breadcrumb"},"inLanguage":"fr-FR","potentialAction":[{"@type":"ReadAction","target":["https:\/\/lesvolcansnews.net\/?p=69623"]}]},{"@type":"ImageObject","inLanguage":"fr-FR","@id":"https:\/\/lesvolcansnews.net\/?p=69623#primaryimage","url":"https:\/\/lesvolcansnews.net\/wp-content\/uploads\/2025\/09\/IMG-20250923-WA0136.jpg","contentUrl":"https:\/\/lesvolcansnews.net\/wp-content\/uploads\/2025\/09\/IMG-20250923-WA0136.jpg","width":895,"height":463},{"@type":"BreadcrumbList","@id":"https:\/\/lesvolcansnews.net\/?p=69623#breadcrumb","itemListElement":[{"@type":"ListItem","position":1,"name":"Accueil","item":"https:\/\/lesvolcansnews.net\/"},{"@type":"ListItem","position":2,"name":"Journ\u00e9e internationale de la Paix : en Ituri, les jeunes \u00e9tudient les modalit\u00e9s de fr\u00e9quentation mutuelle dans un dialogue de proximit\u00e9"}]},{"@type":"WebSite","@id":"https:\/\/lesvolcansnews.net\/#website","url":"https:\/\/lesvolcansnews.net\/","name":"LES VOLCANS NEWS","description":"L&#039;INFORMATION C&#039;EST NOUS","potentialAction":[{"@type":"SearchAction","target":{"@type":"EntryPoint","urlTemplate":"https:\/\/lesvolcansnews.net\/?s={search_term_string}"},"query-input":{"@type":"PropertyValueSpecification","valueRequired":true,"valueName":"search_term_string"}}],"inLanguage":"fr-FR"},{"@type":"Person","@id":"https:\/\/lesvolcansnews.net\/#\/schema\/person\/82c8bed2e77879ecf6cca63441f57354","name":"R\u00e9daction - Les Volcans News","image":{"@type":"ImageObject","inLanguage":"fr-FR","@id":"https:\/\/secure.gravatar.com\/avatar\/8408942dd851e8a9c09f3d382a661bc05d2b3cd9002139bc1795b9528cdc6c80?s=96&d=mm&r=g","url":"https:\/\/secure.gravatar.com\/avatar\/8408942dd851e8a9c09f3d382a661bc05d2b3cd9002139bc1795b9528cdc6c80?s=96&d=mm&r=g","contentUrl":"https:\/\/secure.gravatar.com\/avatar\/8408942dd851e8a9c09f3d382a661bc05d2b3cd9002139bc1795b9528cdc6c80?s=96&d=mm&r=g","caption":"R\u00e9daction - Les Volcans News"},"url":"https:\/\/lesvolcansnews.net\/?author=14"}]}},"_links":{"self":[{"href":"https:\/\/lesvolcansnews.net\/index.php?rest_route=\/wp\/v2\/posts\/69623","targetHints":{"allow":["GET"]}}],"collection":[{"href":"https:\/\/lesvolcansnews.net\/index.php?rest_route=\/wp\/v2\/posts"}],"about":[{"href":"https:\/\/lesvolcansnews.net\/index.php?rest_route=\/wp\/v2\/types\/post"}],"author":[{"embeddable":true,"href":"https:\/\/lesvolcansnews.net\/index.php?rest_route=\/wp\/v2\/users\/14"}],"replies":[{"embeddable":true,"href":"https:\/\/lesvolcansnews.net\/index.php?rest_route=%2Fwp%2Fv2%2Fcomments&post=69623"}],"version-history":[{"count":1,"href":"https:\/\/lesvolcansnews.net\/index.php?rest_route=\/wp\/v2\/posts\/69623\/revisions"}],"predecessor-version":[{"id":69624,"href":"https:\/\/lesvolcansnews.net\/index.php?rest_route=\/wp\/v2\/posts\/69623\/revisions\/69624"}],"wp:featuredmedia":[{"embeddable":true,"href":"https:\/\/lesvolcansnews.net\/index.php?rest_route=\/wp\/v2\/media\/69619"}],"wp:attachment":[{"href":"https:\/\/lesvolcansnews.net\/index.php?rest_route=%2Fwp%2Fv2%2Fmedia&parent=69623"}],"wp:term":[{"taxonomy":"category","embeddable":true,"href":"https:\/\/lesvolcansnews.net\/index.php?rest_route=%2Fwp%2Fv2%2Fcategories&post=69623"},{"taxonomy":"post_tag","embeddable":true,"href":"https:\/\/lesvolcansnews.net\/index.php?rest_route=%2Fwp%2Fv2%2Ftags&post=69623"}],"curies":[{"name":"wp","href":"https:\/\/api.w.org\/{rel}","templated":true}]}}