{"id":69572,"date":"2025-09-20T23:57:15","date_gmt":"2025-09-20T21:57:15","guid":{"rendered":"https:\/\/lesvolcansnews.net\/2025\/09\/20\/goma-lafc-m23-et-cafed-plantent-plus-de-200-arbres\/"},"modified":"2025-09-22T14:24:15","modified_gmt":"2025-09-22T12:24:15","slug":"goma-plus-de-200-arbres-plantes-pour-celebrer-la-journee-internationale-de-la-paix","status":"publish","type":"post","link":"https:\/\/lesvolcansnews.net\/?p=69572","title":{"rendered":"Goma : des arbres plant\u00e9s pour c\u00e9l\u00e9brer la Journ\u00e9e internationale de la paix"},"content":{"rendered":"\r\n<p><strong> \u00c0 l\u2019occasion de la Journ\u00e9e internationale de la paix, c\u00e9l\u00e9br\u00e9e chaque 21 septembre, les femmes de plusieurs organisations f\u00e9minines \u00e0 Goma, dans l\u2019est de la R\u00e9publique d\u00e9mocratique du Congo (RDC), ont pos\u00e9 un geste symbolique et engag\u00e9 : planter des \u00ab arbres de la paix \u00bb le long des principales art\u00e8res de la ville.<\/strong><\/p>\r\n<p>Une initiative \u00e0 la fois environnementale et citoyenne, port\u00e9e par le Collectif des associations f\u00e9minines pour le d\u00e9veloppement (CAFED).<\/p>\r\n<p>La mobilisation, qui s\u2019est tenue ce samedi 20 septembre en marge de la journ\u00e9e officielle, a r\u00e9uni des militantes de diverses structures, dont le Club RFI Goma, Woman Power DRC et le CAFED. Ensemble, elles ont mis en terre plus de 200 arbres sur plusieurs axes strat\u00e9giques de Goma, notamment la rue Lyn Lusi.<\/p>\r\n<p>\u00ab <em>Ce matin \u00e0 Goma, le CAFED, avec la participation de Woman Power DRC, a lanc\u00e9 la Journ\u00e9eDeLaPaix par une plantation symbolique des Arbres de la Paix sur la rue Lyn Lusi<\/em> \u00bb, a indiqu\u00e9 un message publi\u00e9 sur la page officielle de Woman Power DRC.<\/p>\r\n<p>Dans un autre communiqu\u00e9, les organisatrices ont rappel\u00e9 la port\u00e9e du geste : \u00ab <em>Journ\u00e9e internationale de la paix \u00e0 Goma, dont nous avons plant\u00e9 les arbres de paix qui sont un symbole de r\u00e9conciliation, d\u2019engagements, d\u2019espoir et d\u2019emplit. Un arbre plant\u00e9 est une paix enracin\u00e9e.<\/em> \u00bb<\/p>\r\n<p>ces actions symboliques prennent une signification particuli\u00e8re.<\/p>\r\n<p>Elles traduisent la volont\u00e9 des femmes de Goma de contribuer activement \u00e0 la paix et \u00e0 la r\u00e9silience de leur communaut\u00e9, en alliant lutte pour la stabilit\u00e9 et protection de l\u2019environnement.<\/p>\r\n<p>La plantation des arbres vise \u00e9galement \u00e0 sensibiliser la population \u00e0 l\u2019importance du verdissement urbain, dans une ville confront\u00e9e \u00e0 des d\u00e9fis \u00e9cologiques croissants li\u00e9s \u00e0 l\u2019urbanisation rapide et aux d\u00e9placements massifs dus aux conflits.<\/p>\r\n<p>La Journ\u00e9e internationale de la paix, instaur\u00e9e par les Nations unies, appelle chaque ann\u00e9e \u00e0 un cessez-le-feu mondial et \u00e0 la promotion d\u2019une culture de paix. \u00c0 Goma, ce sont des femmes, par la terre et les racines, qui en ont rappel\u00e9 l\u2019essence.<\/p>\r\n<p><em>Gabriel Kashugushu<\/em><\/p>\r\n","protected":false},"excerpt":{"rendered":"<p>\u00c0 l\u2019occasion de la Journ\u00e9e internationale de la paix, c\u00e9l\u00e9br\u00e9e chaque 21 septembre, les femmes de plusieurs organisations f\u00e9minines \u00e0 Goma, dans l\u2019est de la R\u00e9publique d\u00e9mocratique du Congo (RDC),<\/p>\n","protected":false},"author":14,"featured_media":69571,"comment_status":"open","ping_status":"open","sticky":false,"template":"","format":"standard","meta":{"footnotes":""},"categories":[50],"tags":[],"class_list":["post-69572","post","type-post","status-publish","format-standard","has-post-thumbnail","hentry","category-environnement"],"yoast_head":"<!-- This site is optimized with the Yoast SEO plugin v27.5 - https:\/\/yoast.com\/product\/yoast-seo-wordpress\/ -->\n<title>Goma : des arbres plant\u00e9s pour c\u00e9l\u00e9brer la Journ\u00e9e internationale de la paix - LES VOLCANS NEWS<\/title>\n<meta name=\"robots\" content=\"index, follow, max-snippet:-1, max-image-preview:large, max-video-preview:-1\" \/>\n<link rel=\"canonical\" href=\"https:\/\/lesvolcansnews.net\/?p=69572\" \/>\n<meta property=\"og:locale\" content=\"fr_FR\" \/>\n<meta property=\"og:type\" content=\"article\" \/>\n<meta property=\"og:title\" content=\"Goma : des arbres plant\u00e9s pour c\u00e9l\u00e9brer la Journ\u00e9e internationale de la paix - LES VOLCANS NEWS\" \/>\n<meta property=\"og:description\" content=\"\u00c0 l\u2019occasion de la Journ\u00e9e internationale de la paix, c\u00e9l\u00e9br\u00e9e chaque 21 septembre, les femmes de plusieurs organisations f\u00e9minines \u00e0 Goma, dans l\u2019est de la R\u00e9publique d\u00e9mocratique du Congo (RDC),\" \/>\n<meta property=\"og:url\" content=\"https:\/\/lesvolcansnews.net\/?p=69572\" \/>\n<meta property=\"og:site_name\" content=\"LES VOLCANS NEWS\" \/>\n<meta property=\"article:published_time\" content=\"2025-09-20T21:57:15+00:00\" \/>\n<meta property=\"article:modified_time\" content=\"2025-09-22T12:24:15+00:00\" \/>\n<meta property=\"og:image\" content=\"https:\/\/lesvolcansnews.net\/wp-content\/uploads\/2025\/09\/20250920_224118.jpg\" \/>\n\t<meta property=\"og:image:width\" content=\"2048\" \/>\n\t<meta property=\"og:image:height\" content=\"1536\" \/>\n\t<meta property=\"og:image:type\" content=\"image\/jpeg\" \/>\n<meta name=\"author\" content=\"R\u00e9daction - Les Volcans News\" \/>\n<meta name=\"twitter:card\" content=\"summary_large_image\" \/>\n<meta name=\"twitter:label1\" content=\"\u00c9crit par\" \/>\n\t<meta name=\"twitter:data1\" content=\"R\u00e9daction - Les Volcans News\" \/>\n\t<meta name=\"twitter:label2\" content=\"Dur\u00e9e de lecture estim\u00e9e\" \/>\n\t<meta name=\"twitter:data2\" content=\"2 minutes\" \/>\n<script type=\"application\/ld+json\" class=\"yoast-schema-graph\">{\"@context\":\"https:\\\/\\\/schema.org\",\"@graph\":[{\"@type\":\"Article\",\"@id\":\"https:\\\/\\\/lesvolcansnews.net\\\/?p=69572#article\",\"isPartOf\":{\"@id\":\"https:\\\/\\\/lesvolcansnews.net\\\/?p=69572\"},\"author\":{\"name\":\"R\u00e9daction - Les Volcans News\",\"@id\":\"https:\\\/\\\/lesvolcansnews.net\\\/#\\\/schema\\\/person\\\/82c8bed2e77879ecf6cca63441f57354\"},\"headline\":\"Goma : des arbres plant\u00e9s pour c\u00e9l\u00e9brer la Journ\u00e9e internationale de la paix\",\"datePublished\":\"2025-09-20T21:57:15+00:00\",\"dateModified\":\"2025-09-22T12:24:15+00:00\",\"mainEntityOfPage\":{\"@id\":\"https:\\\/\\\/lesvolcansnews.net\\\/?p=69572\"},\"wordCount\":368,\"commentCount\":0,\"image\":{\"@id\":\"https:\\\/\\\/lesvolcansnews.net\\\/?p=69572#primaryimage\"},\"thumbnailUrl\":\"https:\\\/\\\/lesvolcansnews.net\\\/wp-content\\\/uploads\\\/2025\\\/09\\\/20250920_224118.jpg\",\"articleSection\":[\"ENVIRONNEMENT\"],\"inLanguage\":\"fr-FR\",\"potentialAction\":[{\"@type\":\"CommentAction\",\"name\":\"Comment\",\"target\":[\"https:\\\/\\\/lesvolcansnews.net\\\/?p=69572#respond\"]}]},{\"@type\":\"WebPage\",\"@id\":\"https:\\\/\\\/lesvolcansnews.net\\\/?p=69572\",\"url\":\"https:\\\/\\\/lesvolcansnews.net\\\/?p=69572\",\"name\":\"Goma : des arbres plant\u00e9s pour c\u00e9l\u00e9brer la Journ\u00e9e internationale de la paix - LES VOLCANS NEWS\",\"isPartOf\":{\"@id\":\"https:\\\/\\\/lesvolcansnews.net\\\/#website\"},\"primaryImageOfPage\":{\"@id\":\"https:\\\/\\\/lesvolcansnews.net\\\/?p=69572#primaryimage\"},\"image\":{\"@id\":\"https:\\\/\\\/lesvolcansnews.net\\\/?p=69572#primaryimage\"},\"thumbnailUrl\":\"https:\\\/\\\/lesvolcansnews.net\\\/wp-content\\\/uploads\\\/2025\\\/09\\\/20250920_224118.jpg\",\"datePublished\":\"2025-09-20T21:57:15+00:00\",\"dateModified\":\"2025-09-22T12:24:15+00:00\",\"author\":{\"@id\":\"https:\\\/\\\/lesvolcansnews.net\\\/#\\\/schema\\\/person\\\/82c8bed2e77879ecf6cca63441f57354\"},\"breadcrumb\":{\"@id\":\"https:\\\/\\\/lesvolcansnews.net\\\/?p=69572#breadcrumb\"},\"inLanguage\":\"fr-FR\",\"potentialAction\":[{\"@type\":\"ReadAction\",\"target\":[\"https:\\\/\\\/lesvolcansnews.net\\\/?p=69572\"]}]},{\"@type\":\"ImageObject\",\"inLanguage\":\"fr-FR\",\"@id\":\"https:\\\/\\\/lesvolcansnews.net\\\/?p=69572#primaryimage\",\"url\":\"https:\\\/\\\/lesvolcansnews.net\\\/wp-content\\\/uploads\\\/2025\\\/09\\\/20250920_224118.jpg\",\"contentUrl\":\"https:\\\/\\\/lesvolcansnews.net\\\/wp-content\\\/uploads\\\/2025\\\/09\\\/20250920_224118.jpg\",\"width\":2048,\"height\":1536},{\"@type\":\"BreadcrumbList\",\"@id\":\"https:\\\/\\\/lesvolcansnews.net\\\/?p=69572#breadcrumb\",\"itemListElement\":[{\"@type\":\"ListItem\",\"position\":1,\"name\":\"Accueil\",\"item\":\"https:\\\/\\\/lesvolcansnews.net\\\/\"},{\"@type\":\"ListItem\",\"position\":2,\"name\":\"Goma : des arbres plant\u00e9s pour c\u00e9l\u00e9brer la Journ\u00e9e internationale de la paix\"}]},{\"@type\":\"WebSite\",\"@id\":\"https:\\\/\\\/lesvolcansnews.net\\\/#website\",\"url\":\"https:\\\/\\\/lesvolcansnews.net\\\/\",\"name\":\"LES VOLCANS NEWS\",\"description\":\"L&#039;INFORMATION C&#039;EST NOUS\",\"potentialAction\":[{\"@type\":\"SearchAction\",\"target\":{\"@type\":\"EntryPoint\",\"urlTemplate\":\"https:\\\/\\\/lesvolcansnews.net\\\/?s={search_term_string}\"},\"query-input\":{\"@type\":\"PropertyValueSpecification\",\"valueRequired\":true,\"valueName\":\"search_term_string\"}}],\"inLanguage\":\"fr-FR\"},{\"@type\":\"Person\",\"@id\":\"https:\\\/\\\/lesvolcansnews.net\\\/#\\\/schema\\\/person\\\/82c8bed2e77879ecf6cca63441f57354\",\"name\":\"R\u00e9daction - Les Volcans News\",\"image\":{\"@type\":\"ImageObject\",\"inLanguage\":\"fr-FR\",\"@id\":\"https:\\\/\\\/secure.gravatar.com\\\/avatar\\\/8408942dd851e8a9c09f3d382a661bc05d2b3cd9002139bc1795b9528cdc6c80?s=96&d=mm&r=g\",\"url\":\"https:\\\/\\\/secure.gravatar.com\\\/avatar\\\/8408942dd851e8a9c09f3d382a661bc05d2b3cd9002139bc1795b9528cdc6c80?s=96&d=mm&r=g\",\"contentUrl\":\"https:\\\/\\\/secure.gravatar.com\\\/avatar\\\/8408942dd851e8a9c09f3d382a661bc05d2b3cd9002139bc1795b9528cdc6c80?s=96&d=mm&r=g\",\"caption\":\"R\u00e9daction - Les Volcans News\"},\"url\":\"https:\\\/\\\/lesvolcansnews.net\\\/?author=14\"}]}<\/script>\n<!-- \/ Yoast SEO plugin. -->","yoast_head_json":{"title":"Goma : des arbres plant\u00e9s pour c\u00e9l\u00e9brer la Journ\u00e9e internationale de la paix - LES VOLCANS NEWS","robots":{"index":"index","follow":"follow","max-snippet":"max-snippet:-1","max-image-preview":"max-image-preview:large","max-video-preview":"max-video-preview:-1"},"canonical":"https:\/\/lesvolcansnews.net\/?p=69572","og_locale":"fr_FR","og_type":"article","og_title":"Goma : des arbres plant\u00e9s pour c\u00e9l\u00e9brer la Journ\u00e9e internationale de la paix - LES VOLCANS NEWS","og_description":"\u00c0 l\u2019occasion de la Journ\u00e9e internationale de la paix, c\u00e9l\u00e9br\u00e9e chaque 21 septembre, les femmes de plusieurs organisations f\u00e9minines \u00e0 Goma, dans l\u2019est de la R\u00e9publique d\u00e9mocratique du Congo (RDC),","og_url":"https:\/\/lesvolcansnews.net\/?p=69572","og_site_name":"LES VOLCANS NEWS","article_published_time":"2025-09-20T21:57:15+00:00","article_modified_time":"2025-09-22T12:24:15+00:00","og_image":[{"width":2048,"height":1536,"url":"https:\/\/lesvolcansnews.net\/wp-content\/uploads\/2025\/09\/20250920_224118.jpg","type":"image\/jpeg"}],"author":"R\u00e9daction - Les Volcans News","twitter_card":"summary_large_image","twitter_misc":{"\u00c9crit par":"R\u00e9daction - Les Volcans News","Dur\u00e9e de lecture estim\u00e9e":"2 minutes"},"schema":{"@context":"https:\/\/schema.org","@graph":[{"@type":"Article","@id":"https:\/\/lesvolcansnews.net\/?p=69572#article","isPartOf":{"@id":"https:\/\/lesvolcansnews.net\/?p=69572"},"author":{"name":"R\u00e9daction - Les Volcans News","@id":"https:\/\/lesvolcansnews.net\/#\/schema\/person\/82c8bed2e77879ecf6cca63441f57354"},"headline":"Goma : des arbres plant\u00e9s pour c\u00e9l\u00e9brer la Journ\u00e9e internationale de la paix","datePublished":"2025-09-20T21:57:15+00:00","dateModified":"2025-09-22T12:24:15+00:00","mainEntityOfPage":{"@id":"https:\/\/lesvolcansnews.net\/?p=69572"},"wordCount":368,"commentCount":0,"image":{"@id":"https:\/\/lesvolcansnews.net\/?p=69572#primaryimage"},"thumbnailUrl":"https:\/\/lesvolcansnews.net\/wp-content\/uploads\/2025\/09\/20250920_224118.jpg","articleSection":["ENVIRONNEMENT"],"inLanguage":"fr-FR","potentialAction":[{"@type":"CommentAction","name":"Comment","target":["https:\/\/lesvolcansnews.net\/?p=69572#respond"]}]},{"@type":"WebPage","@id":"https:\/\/lesvolcansnews.net\/?p=69572","url":"https:\/\/lesvolcansnews.net\/?p=69572","name":"Goma : des arbres plant\u00e9s pour c\u00e9l\u00e9brer la Journ\u00e9e internationale de la paix - LES VOLCANS NEWS","isPartOf":{"@id":"https:\/\/lesvolcansnews.net\/#website"},"primaryImageOfPage":{"@id":"https:\/\/lesvolcansnews.net\/?p=69572#primaryimage"},"image":{"@id":"https:\/\/lesvolcansnews.net\/?p=69572#primaryimage"},"thumbnailUrl":"https:\/\/lesvolcansnews.net\/wp-content\/uploads\/2025\/09\/20250920_224118.jpg","datePublished":"2025-09-20T21:57:15+00:00","dateModified":"2025-09-22T12:24:15+00:00","author":{"@id":"https:\/\/lesvolcansnews.net\/#\/schema\/person\/82c8bed2e77879ecf6cca63441f57354"},"breadcrumb":{"@id":"https:\/\/lesvolcansnews.net\/?p=69572#breadcrumb"},"inLanguage":"fr-FR","potentialAction":[{"@type":"ReadAction","target":["https:\/\/lesvolcansnews.net\/?p=69572"]}]},{"@type":"ImageObject","inLanguage":"fr-FR","@id":"https:\/\/lesvolcansnews.net\/?p=69572#primaryimage","url":"https:\/\/lesvolcansnews.net\/wp-content\/uploads\/2025\/09\/20250920_224118.jpg","contentUrl":"https:\/\/lesvolcansnews.net\/wp-content\/uploads\/2025\/09\/20250920_224118.jpg","width":2048,"height":1536},{"@type":"BreadcrumbList","@id":"https:\/\/lesvolcansnews.net\/?p=69572#breadcrumb","itemListElement":[{"@type":"ListItem","position":1,"name":"Accueil","item":"https:\/\/lesvolcansnews.net\/"},{"@type":"ListItem","position":2,"name":"Goma : des arbres plant\u00e9s pour c\u00e9l\u00e9brer la Journ\u00e9e internationale de la paix"}]},{"@type":"WebSite","@id":"https:\/\/lesvolcansnews.net\/#website","url":"https:\/\/lesvolcansnews.net\/","name":"LES VOLCANS NEWS","description":"L&#039;INFORMATION C&#039;EST NOUS","potentialAction":[{"@type":"SearchAction","target":{"@type":"EntryPoint","urlTemplate":"https:\/\/lesvolcansnews.net\/?s={search_term_string}"},"query-input":{"@type":"PropertyValueSpecification","valueRequired":true,"valueName":"search_term_string"}}],"inLanguage":"fr-FR"},{"@type":"Person","@id":"https:\/\/lesvolcansnews.net\/#\/schema\/person\/82c8bed2e77879ecf6cca63441f57354","name":"R\u00e9daction - Les Volcans News","image":{"@type":"ImageObject","inLanguage":"fr-FR","@id":"https:\/\/secure.gravatar.com\/avatar\/8408942dd851e8a9c09f3d382a661bc05d2b3cd9002139bc1795b9528cdc6c80?s=96&d=mm&r=g","url":"https:\/\/secure.gravatar.com\/avatar\/8408942dd851e8a9c09f3d382a661bc05d2b3cd9002139bc1795b9528cdc6c80?s=96&d=mm&r=g","contentUrl":"https:\/\/secure.gravatar.com\/avatar\/8408942dd851e8a9c09f3d382a661bc05d2b3cd9002139bc1795b9528cdc6c80?s=96&d=mm&r=g","caption":"R\u00e9daction - Les Volcans News"},"url":"https:\/\/lesvolcansnews.net\/?author=14"}]}},"_links":{"self":[{"href":"https:\/\/lesvolcansnews.net\/index.php?rest_route=\/wp\/v2\/posts\/69572","targetHints":{"allow":["GET"]}}],"collection":[{"href":"https:\/\/lesvolcansnews.net\/index.php?rest_route=\/wp\/v2\/posts"}],"about":[{"href":"https:\/\/lesvolcansnews.net\/index.php?rest_route=\/wp\/v2\/types\/post"}],"author":[{"embeddable":true,"href":"https:\/\/lesvolcansnews.net\/index.php?rest_route=\/wp\/v2\/users\/14"}],"replies":[{"embeddable":true,"href":"https:\/\/lesvolcansnews.net\/index.php?rest_route=%2Fwp%2Fv2%2Fcomments&post=69572"}],"version-history":[{"count":6,"href":"https:\/\/lesvolcansnews.net\/index.php?rest_route=\/wp\/v2\/posts\/69572\/revisions"}],"predecessor-version":[{"id":69608,"href":"https:\/\/lesvolcansnews.net\/index.php?rest_route=\/wp\/v2\/posts\/69572\/revisions\/69608"}],"wp:featuredmedia":[{"embeddable":true,"href":"https:\/\/lesvolcansnews.net\/index.php?rest_route=\/wp\/v2\/media\/69571"}],"wp:attachment":[{"href":"https:\/\/lesvolcansnews.net\/index.php?rest_route=%2Fwp%2Fv2%2Fmedia&parent=69572"}],"wp:term":[{"taxonomy":"category","embeddable":true,"href":"https:\/\/lesvolcansnews.net\/index.php?rest_route=%2Fwp%2Fv2%2Fcategories&post=69572"},{"taxonomy":"post_tag","embeddable":true,"href":"https:\/\/lesvolcansnews.net\/index.php?rest_route=%2Fwp%2Fv2%2Ftags&post=69572"}],"curies":[{"name":"wp","href":"https:\/\/api.w.org\/{rel}","templated":true}]}}