{"id":69557,"date":"2025-09-19T21:11:57","date_gmt":"2025-09-19T19:11:57","guid":{"rendered":"https:\/\/lesvolcansnews.net\/?p=69557"},"modified":"2025-09-19T21:11:57","modified_gmt":"2025-09-19T19:11:57","slug":"proces-kabila-la-haute-cour-militaire-relance-les-debats-malgre-labsence-des-temoins","status":"publish","type":"post","link":"https:\/\/lesvolcansnews.net\/?p=69557","title":{"rendered":"Proc\u00e8s Kabila : la Haute Cour militaire relance les d\u00e9bats malgr\u00e9 l&#8217;absence des t\u00e9moins"},"content":{"rendered":"<p><strong>Comme attendu, la Haute Cour militaire a rouvert, ce vendredi, les d\u00e9bats dans le proc\u00e8s tr\u00e8s m\u00e9diatis\u00e9 opposant l\u2019ancien pr\u00e9sident de la R\u00e9publique d\u00e9mocratique du Congo, Joseph Kabila, \u00e0 l\u2019auditeur g\u00e9n\u00e9ral des Forces arm\u00e9es (FARDC). <\/strong><\/p>\n<p>Mais la reprise d\u2019audience s\u2019est d\u00e9roul\u00e9e sans la comparution annonc\u00e9e de trois t\u00e9moins-cl\u00e9s, invoquant des raisons de s\u00e9curit\u00e9.<\/p>\n<p>\u00ab <em>Nous avions la charge de faire compara\u00eetre les t\u00e9moins, mais un probl\u00e8me de s\u00e9curisation s\u2019est pos\u00e9. Comme les t\u00e9moignages sont nombreux, nous pensons qu\u2019\u00e0 ce stade, nous pouvons nous-m\u00eames d\u00e9velopper certains \u00e9l\u00e9ments pour que ce qui est suffisamment \u00e9tabli dans le chef du pr\u00e9venu rencontre votre conviction au-del\u00e0 de tout doute raisonnable<\/em> \u00bb, a affirm\u00e9 Me Richard Bondo, avocat de la partie civile, devant les juges.<\/p>\n<p>La d\u00e9fense de la R\u00e9publique, qui avait sollicit\u00e9 la r\u00e9ouverture du d\u00e9bat, entend poursuivre sa d\u00e9monstration sans l\u2019appui direct des t\u00e9moins initiaux. Elle accuse l\u2019ancien chef de l\u2019\u00c9tat d\u2019avoir soutenu le mouvement rebelle AFC\/M23, consid\u00e9r\u00e9 comme une organisation terroriste par Kinshasa, et d\u2019avoir caus\u00e9 un pr\u00e9judice \u00e9conomique et s\u00e9curitaire majeur \u00e0 l\u2019\u00c9tat congolais.<\/p>\n<p>Dans une prise de parole marquante, Me Jean-Marie Kabengela a remis en question la nationalit\u00e9 congolaise de Joseph Kabila, estimant qu\u2019il ne pouvait \u00eatre poursuivi pour trahison en tant que citoyen \u00e9tranger. \u00ab <em>Il dispose de la possession d\u2019\u00e9tat de nationalit\u00e9 rwandaise<\/em> \u00bb, a-t-il soutenu, \u00e9voquant plusieurs t\u00e9moignages \u00e0 l\u2019appui de cette affirmation. Il a donc appel\u00e9 \u00e0 une requalification des faits en espionnage.<\/p>\n<p>Les avocats de la R\u00e9publique pr\u00e9voient de pr\u00e9senter, dans les jours \u00e0 venir, des \u00e9l\u00e9ments mat\u00e9riels qu\u2019ils estiment suffisants pour \u00e9tablir un lien financier entre Kabila et l\u2019AFC\/M23. Ils entendent \u00e9galement justifier une r\u00e9vision \u00e0 la hausse des dommages et int\u00e9r\u00eats, initialement fix\u00e9s \u00e0 24 millions de dollars, d\u00e9sormais port\u00e9s \u00e0 plus de 30 millions USD.<\/p>\n<p>Le proc\u00e8s, in\u00e9dit dans l\u2019histoire judiciaire du pays, continue de susciter une attention intense dans l\u2019opinion publique nationale et au-del\u00e0 des fronti\u00e8res. Joseph Kabila, au pouvoir entre 2001 et 2019, nie en bloc les accusations port\u00e9es contre lui et d\u00e9nonce un \u00ab acharnement politique \u00bb.<\/p>\n<p>L\u2019audience a \u00e9t\u00e9 suspendue en fin de journ\u00e9e et reprendra la semaine prochaine pour l\u2019examen des pi\u00e8ces \u00e0 conviction et des plaidoiries compl\u00e9mentaires.<\/p>\n<p><strong><em>Clovis Ali <\/em><\/strong><\/p>\n","protected":false},"excerpt":{"rendered":"<p>Comme attendu, la Haute Cour militaire a rouvert, ce vendredi, les d\u00e9bats dans le proc\u00e8s tr\u00e8s m\u00e9diatis\u00e9 opposant l\u2019ancien pr\u00e9sident de la R\u00e9publique d\u00e9mocratique du Congo, Joseph Kabila, \u00e0 l\u2019auditeur<\/p>\n","protected":false},"author":14,"featured_media":69358,"comment_status":"open","ping_status":"open","sticky":false,"template":"","format":"standard","meta":{"footnotes":""},"categories":[1],"tags":[],"class_list":["post-69557","post","type-post","status-publish","format-standard","has-post-thumbnail","hentry","category-actualite"],"yoast_head":"<!-- This site is optimized with the Yoast SEO plugin v27.5 - https:\/\/yoast.com\/product\/yoast-seo-wordpress\/ -->\n<title>Proc\u00e8s Kabila : la Haute Cour militaire relance les d\u00e9bats malgr\u00e9 l&#039;absence des t\u00e9moins - LES VOLCANS NEWS<\/title>\n<meta name=\"robots\" content=\"index, follow, max-snippet:-1, max-image-preview:large, max-video-preview:-1\" \/>\n<link rel=\"canonical\" href=\"https:\/\/lesvolcansnews.net\/?p=69557\" \/>\n<meta property=\"og:locale\" content=\"fr_FR\" \/>\n<meta property=\"og:type\" content=\"article\" \/>\n<meta property=\"og:title\" content=\"Proc\u00e8s Kabila : la Haute Cour militaire relance les d\u00e9bats malgr\u00e9 l&#039;absence des t\u00e9moins - LES VOLCANS NEWS\" \/>\n<meta property=\"og:description\" content=\"Comme attendu, la Haute Cour militaire a rouvert, ce vendredi, les d\u00e9bats dans le proc\u00e8s tr\u00e8s m\u00e9diatis\u00e9 opposant l\u2019ancien pr\u00e9sident de la R\u00e9publique d\u00e9mocratique du Congo, Joseph Kabila, \u00e0 l\u2019auditeur\" \/>\n<meta property=\"og:url\" content=\"https:\/\/lesvolcansnews.net\/?p=69557\" \/>\n<meta property=\"og:site_name\" content=\"LES VOLCANS NEWS\" \/>\n<meta property=\"article:published_time\" content=\"2025-09-19T19:11:57+00:00\" \/>\n<meta property=\"og:image\" content=\"https:\/\/i0.wp.com\/lesvolcansnews.net\/wp-content\/uploads\/2025\/09\/20250912_151137.jpg?fit=1280%2C720&ssl=1\" \/>\n\t<meta property=\"og:image:width\" content=\"1280\" \/>\n\t<meta property=\"og:image:height\" content=\"720\" \/>\n\t<meta property=\"og:image:type\" content=\"image\/jpeg\" \/>\n<meta name=\"author\" content=\"R\u00e9daction - Les Volcans News\" \/>\n<meta name=\"twitter:card\" content=\"summary_large_image\" \/>\n<meta name=\"twitter:label1\" content=\"\u00c9crit par\" \/>\n\t<meta name=\"twitter:data1\" content=\"R\u00e9daction - Les Volcans News\" \/>\n\t<meta name=\"twitter:label2\" content=\"Dur\u00e9e de lecture estim\u00e9e\" \/>\n\t<meta name=\"twitter:data2\" content=\"2 minutes\" \/>\n<script type=\"application\/ld+json\" class=\"yoast-schema-graph\">{\"@context\":\"https:\\\/\\\/schema.org\",\"@graph\":[{\"@type\":\"Article\",\"@id\":\"https:\\\/\\\/lesvolcansnews.net\\\/?p=69557#article\",\"isPartOf\":{\"@id\":\"https:\\\/\\\/lesvolcansnews.net\\\/?p=69557\"},\"author\":{\"name\":\"R\u00e9daction - Les Volcans News\",\"@id\":\"https:\\\/\\\/lesvolcansnews.net\\\/#\\\/schema\\\/person\\\/82c8bed2e77879ecf6cca63441f57354\"},\"headline\":\"Proc\u00e8s Kabila : la Haute Cour militaire relance les d\u00e9bats malgr\u00e9 l&#8217;absence des t\u00e9moins\",\"datePublished\":\"2025-09-19T19:11:57+00:00\",\"mainEntityOfPage\":{\"@id\":\"https:\\\/\\\/lesvolcansnews.net\\\/?p=69557\"},\"wordCount\":437,\"commentCount\":0,\"image\":{\"@id\":\"https:\\\/\\\/lesvolcansnews.net\\\/?p=69557#primaryimage\"},\"thumbnailUrl\":\"https:\\\/\\\/lesvolcansnews.net\\\/wp-content\\\/uploads\\\/2025\\\/09\\\/20250912_151137.jpg\",\"articleSection\":[\"ACTUALIT\u00c9\"],\"inLanguage\":\"fr-FR\",\"potentialAction\":[{\"@type\":\"CommentAction\",\"name\":\"Comment\",\"target\":[\"https:\\\/\\\/lesvolcansnews.net\\\/?p=69557#respond\"]}]},{\"@type\":\"WebPage\",\"@id\":\"https:\\\/\\\/lesvolcansnews.net\\\/?p=69557\",\"url\":\"https:\\\/\\\/lesvolcansnews.net\\\/?p=69557\",\"name\":\"Proc\u00e8s Kabila : la Haute Cour militaire relance les d\u00e9bats malgr\u00e9 l'absence des t\u00e9moins - LES VOLCANS NEWS\",\"isPartOf\":{\"@id\":\"https:\\\/\\\/lesvolcansnews.net\\\/#website\"},\"primaryImageOfPage\":{\"@id\":\"https:\\\/\\\/lesvolcansnews.net\\\/?p=69557#primaryimage\"},\"image\":{\"@id\":\"https:\\\/\\\/lesvolcansnews.net\\\/?p=69557#primaryimage\"},\"thumbnailUrl\":\"https:\\\/\\\/lesvolcansnews.net\\\/wp-content\\\/uploads\\\/2025\\\/09\\\/20250912_151137.jpg\",\"datePublished\":\"2025-09-19T19:11:57+00:00\",\"author\":{\"@id\":\"https:\\\/\\\/lesvolcansnews.net\\\/#\\\/schema\\\/person\\\/82c8bed2e77879ecf6cca63441f57354\"},\"breadcrumb\":{\"@id\":\"https:\\\/\\\/lesvolcansnews.net\\\/?p=69557#breadcrumb\"},\"inLanguage\":\"fr-FR\",\"potentialAction\":[{\"@type\":\"ReadAction\",\"target\":[\"https:\\\/\\\/lesvolcansnews.net\\\/?p=69557\"]}]},{\"@type\":\"ImageObject\",\"inLanguage\":\"fr-FR\",\"@id\":\"https:\\\/\\\/lesvolcansnews.net\\\/?p=69557#primaryimage\",\"url\":\"https:\\\/\\\/lesvolcansnews.net\\\/wp-content\\\/uploads\\\/2025\\\/09\\\/20250912_151137.jpg\",\"contentUrl\":\"https:\\\/\\\/lesvolcansnews.net\\\/wp-content\\\/uploads\\\/2025\\\/09\\\/20250912_151137.jpg\",\"width\":1280,\"height\":720},{\"@type\":\"BreadcrumbList\",\"@id\":\"https:\\\/\\\/lesvolcansnews.net\\\/?p=69557#breadcrumb\",\"itemListElement\":[{\"@type\":\"ListItem\",\"position\":1,\"name\":\"Accueil\",\"item\":\"https:\\\/\\\/lesvolcansnews.net\\\/\"},{\"@type\":\"ListItem\",\"position\":2,\"name\":\"Proc\u00e8s Kabila : la Haute Cour militaire relance les d\u00e9bats malgr\u00e9 l&#8217;absence des t\u00e9moins\"}]},{\"@type\":\"WebSite\",\"@id\":\"https:\\\/\\\/lesvolcansnews.net\\\/#website\",\"url\":\"https:\\\/\\\/lesvolcansnews.net\\\/\",\"name\":\"LES VOLCANS NEWS\",\"description\":\"L&#039;INFORMATION C&#039;EST NOUS\",\"potentialAction\":[{\"@type\":\"SearchAction\",\"target\":{\"@type\":\"EntryPoint\",\"urlTemplate\":\"https:\\\/\\\/lesvolcansnews.net\\\/?s={search_term_string}\"},\"query-input\":{\"@type\":\"PropertyValueSpecification\",\"valueRequired\":true,\"valueName\":\"search_term_string\"}}],\"inLanguage\":\"fr-FR\"},{\"@type\":\"Person\",\"@id\":\"https:\\\/\\\/lesvolcansnews.net\\\/#\\\/schema\\\/person\\\/82c8bed2e77879ecf6cca63441f57354\",\"name\":\"R\u00e9daction - Les Volcans News\",\"image\":{\"@type\":\"ImageObject\",\"inLanguage\":\"fr-FR\",\"@id\":\"https:\\\/\\\/secure.gravatar.com\\\/avatar\\\/8408942dd851e8a9c09f3d382a661bc05d2b3cd9002139bc1795b9528cdc6c80?s=96&d=mm&r=g\",\"url\":\"https:\\\/\\\/secure.gravatar.com\\\/avatar\\\/8408942dd851e8a9c09f3d382a661bc05d2b3cd9002139bc1795b9528cdc6c80?s=96&d=mm&r=g\",\"contentUrl\":\"https:\\\/\\\/secure.gravatar.com\\\/avatar\\\/8408942dd851e8a9c09f3d382a661bc05d2b3cd9002139bc1795b9528cdc6c80?s=96&d=mm&r=g\",\"caption\":\"R\u00e9daction - Les Volcans News\"},\"url\":\"https:\\\/\\\/lesvolcansnews.net\\\/?author=14\"}]}<\/script>\n<!-- \/ Yoast SEO plugin. -->","yoast_head_json":{"title":"Proc\u00e8s Kabila : la Haute Cour militaire relance les d\u00e9bats malgr\u00e9 l'absence des t\u00e9moins - LES VOLCANS NEWS","robots":{"index":"index","follow":"follow","max-snippet":"max-snippet:-1","max-image-preview":"max-image-preview:large","max-video-preview":"max-video-preview:-1"},"canonical":"https:\/\/lesvolcansnews.net\/?p=69557","og_locale":"fr_FR","og_type":"article","og_title":"Proc\u00e8s Kabila : la Haute Cour militaire relance les d\u00e9bats malgr\u00e9 l'absence des t\u00e9moins - LES VOLCANS NEWS","og_description":"Comme attendu, la Haute Cour militaire a rouvert, ce vendredi, les d\u00e9bats dans le proc\u00e8s tr\u00e8s m\u00e9diatis\u00e9 opposant l\u2019ancien pr\u00e9sident de la R\u00e9publique d\u00e9mocratique du Congo, Joseph Kabila, \u00e0 l\u2019auditeur","og_url":"https:\/\/lesvolcansnews.net\/?p=69557","og_site_name":"LES VOLCANS NEWS","article_published_time":"2025-09-19T19:11:57+00:00","og_image":[{"width":1280,"height":720,"url":"https:\/\/i0.wp.com\/lesvolcansnews.net\/wp-content\/uploads\/2025\/09\/20250912_151137.jpg?fit=1280%2C720&ssl=1","type":"image\/jpeg"}],"author":"R\u00e9daction - Les Volcans News","twitter_card":"summary_large_image","twitter_misc":{"\u00c9crit par":"R\u00e9daction - Les Volcans News","Dur\u00e9e de lecture estim\u00e9e":"2 minutes"},"schema":{"@context":"https:\/\/schema.org","@graph":[{"@type":"Article","@id":"https:\/\/lesvolcansnews.net\/?p=69557#article","isPartOf":{"@id":"https:\/\/lesvolcansnews.net\/?p=69557"},"author":{"name":"R\u00e9daction - Les Volcans News","@id":"https:\/\/lesvolcansnews.net\/#\/schema\/person\/82c8bed2e77879ecf6cca63441f57354"},"headline":"Proc\u00e8s Kabila : la Haute Cour militaire relance les d\u00e9bats malgr\u00e9 l&#8217;absence des t\u00e9moins","datePublished":"2025-09-19T19:11:57+00:00","mainEntityOfPage":{"@id":"https:\/\/lesvolcansnews.net\/?p=69557"},"wordCount":437,"commentCount":0,"image":{"@id":"https:\/\/lesvolcansnews.net\/?p=69557#primaryimage"},"thumbnailUrl":"https:\/\/lesvolcansnews.net\/wp-content\/uploads\/2025\/09\/20250912_151137.jpg","articleSection":["ACTUALIT\u00c9"],"inLanguage":"fr-FR","potentialAction":[{"@type":"CommentAction","name":"Comment","target":["https:\/\/lesvolcansnews.net\/?p=69557#respond"]}]},{"@type":"WebPage","@id":"https:\/\/lesvolcansnews.net\/?p=69557","url":"https:\/\/lesvolcansnews.net\/?p=69557","name":"Proc\u00e8s Kabila : la Haute Cour militaire relance les d\u00e9bats malgr\u00e9 l'absence des t\u00e9moins - LES VOLCANS NEWS","isPartOf":{"@id":"https:\/\/lesvolcansnews.net\/#website"},"primaryImageOfPage":{"@id":"https:\/\/lesvolcansnews.net\/?p=69557#primaryimage"},"image":{"@id":"https:\/\/lesvolcansnews.net\/?p=69557#primaryimage"},"thumbnailUrl":"https:\/\/lesvolcansnews.net\/wp-content\/uploads\/2025\/09\/20250912_151137.jpg","datePublished":"2025-09-19T19:11:57+00:00","author":{"@id":"https:\/\/lesvolcansnews.net\/#\/schema\/person\/82c8bed2e77879ecf6cca63441f57354"},"breadcrumb":{"@id":"https:\/\/lesvolcansnews.net\/?p=69557#breadcrumb"},"inLanguage":"fr-FR","potentialAction":[{"@type":"ReadAction","target":["https:\/\/lesvolcansnews.net\/?p=69557"]}]},{"@type":"ImageObject","inLanguage":"fr-FR","@id":"https:\/\/lesvolcansnews.net\/?p=69557#primaryimage","url":"https:\/\/lesvolcansnews.net\/wp-content\/uploads\/2025\/09\/20250912_151137.jpg","contentUrl":"https:\/\/lesvolcansnews.net\/wp-content\/uploads\/2025\/09\/20250912_151137.jpg","width":1280,"height":720},{"@type":"BreadcrumbList","@id":"https:\/\/lesvolcansnews.net\/?p=69557#breadcrumb","itemListElement":[{"@type":"ListItem","position":1,"name":"Accueil","item":"https:\/\/lesvolcansnews.net\/"},{"@type":"ListItem","position":2,"name":"Proc\u00e8s Kabila : la Haute Cour militaire relance les d\u00e9bats malgr\u00e9 l&#8217;absence des t\u00e9moins"}]},{"@type":"WebSite","@id":"https:\/\/lesvolcansnews.net\/#website","url":"https:\/\/lesvolcansnews.net\/","name":"LES VOLCANS NEWS","description":"L&#039;INFORMATION C&#039;EST NOUS","potentialAction":[{"@type":"SearchAction","target":{"@type":"EntryPoint","urlTemplate":"https:\/\/lesvolcansnews.net\/?s={search_term_string}"},"query-input":{"@type":"PropertyValueSpecification","valueRequired":true,"valueName":"search_term_string"}}],"inLanguage":"fr-FR"},{"@type":"Person","@id":"https:\/\/lesvolcansnews.net\/#\/schema\/person\/82c8bed2e77879ecf6cca63441f57354","name":"R\u00e9daction - Les Volcans News","image":{"@type":"ImageObject","inLanguage":"fr-FR","@id":"https:\/\/secure.gravatar.com\/avatar\/8408942dd851e8a9c09f3d382a661bc05d2b3cd9002139bc1795b9528cdc6c80?s=96&d=mm&r=g","url":"https:\/\/secure.gravatar.com\/avatar\/8408942dd851e8a9c09f3d382a661bc05d2b3cd9002139bc1795b9528cdc6c80?s=96&d=mm&r=g","contentUrl":"https:\/\/secure.gravatar.com\/avatar\/8408942dd851e8a9c09f3d382a661bc05d2b3cd9002139bc1795b9528cdc6c80?s=96&d=mm&r=g","caption":"R\u00e9daction - Les Volcans News"},"url":"https:\/\/lesvolcansnews.net\/?author=14"}]}},"_links":{"self":[{"href":"https:\/\/lesvolcansnews.net\/index.php?rest_route=\/wp\/v2\/posts\/69557","targetHints":{"allow":["GET"]}}],"collection":[{"href":"https:\/\/lesvolcansnews.net\/index.php?rest_route=\/wp\/v2\/posts"}],"about":[{"href":"https:\/\/lesvolcansnews.net\/index.php?rest_route=\/wp\/v2\/types\/post"}],"author":[{"embeddable":true,"href":"https:\/\/lesvolcansnews.net\/index.php?rest_route=\/wp\/v2\/users\/14"}],"replies":[{"embeddable":true,"href":"https:\/\/lesvolcansnews.net\/index.php?rest_route=%2Fwp%2Fv2%2Fcomments&post=69557"}],"version-history":[{"count":1,"href":"https:\/\/lesvolcansnews.net\/index.php?rest_route=\/wp\/v2\/posts\/69557\/revisions"}],"predecessor-version":[{"id":69558,"href":"https:\/\/lesvolcansnews.net\/index.php?rest_route=\/wp\/v2\/posts\/69557\/revisions\/69558"}],"wp:featuredmedia":[{"embeddable":true,"href":"https:\/\/lesvolcansnews.net\/index.php?rest_route=\/wp\/v2\/media\/69358"}],"wp:attachment":[{"href":"https:\/\/lesvolcansnews.net\/index.php?rest_route=%2Fwp%2Fv2%2Fmedia&parent=69557"}],"wp:term":[{"taxonomy":"category","embeddable":true,"href":"https:\/\/lesvolcansnews.net\/index.php?rest_route=%2Fwp%2Fv2%2Fcategories&post=69557"},{"taxonomy":"post_tag","embeddable":true,"href":"https:\/\/lesvolcansnews.net\/index.php?rest_route=%2Fwp%2Fv2%2Ftags&post=69557"}],"curies":[{"name":"wp","href":"https:\/\/api.w.org\/{rel}","templated":true}]}}