{"id":69532,"date":"2025-09-19T17:09:35","date_gmt":"2025-09-19T15:09:35","guid":{"rendered":"https:\/\/lesvolcansnews.net\/?p=69532"},"modified":"2025-09-19T17:09:35","modified_gmt":"2025-09-19T15:09:35","slug":"luniversite-pedagogique-nationale-lance-la-celebration-de-20-ans-de-statut-universitaire-et-plus-de-60-ans-au-service-de-leducation","status":"publish","type":"post","link":"https:\/\/lesvolcansnews.net\/?p=69532","title":{"rendered":"L\u2019Universit\u00e9 p\u00e9dagogique nationale lance la c\u00e9l\u00e8bration de 20 ans de statut universitaire et plus de 60 ans au service de l\u2019\u00e9ducation"},"content":{"rendered":"<p>&nbsp;<\/p>\n<p>L\u2019Universit\u00e9 p\u00e9dagogique nationale (UPN), pilier de la formation des enseignants en R\u00e9publique d\u00e9mocratique du Congo, c\u00e9l\u00e8bre cette ann\u00e9e le 20\u1d49 anniversaire de sa transformation en universit\u00e9 publique.<\/p>\n<p>\u00c0 cette occasion, la rectrice Yvonne Ibebeke est revenue sur le riche parcours historique de l\u2019institution, qui remonte \u00e0 l\u2019\u00e9poque postcoloniale.<\/p>\n<p>\u00ab Depuis sa cr\u00e9ation, l\u2019UPN\u00a0 anciennement Institut p\u00e9dagogique national a jou\u00e9 un r\u00f4le fondamental dans la formation d\u2019enseignants qualifi\u00e9s pour l\u2019enseignement secondaire. Sa mission s\u2019est progressivement \u00e9largie, faisant d\u2019elle une r\u00e9f\u00e9rence nationale en mati\u00e8re de p\u00e9dagogie \u00bb, a d\u00e9clar\u00e9 Mme Ibebeke lors du lancement de l\u2019ann\u00e9e comm\u00e9morative \u00e0 Kinshasa.<\/p>\n<p>L\u2019histoire de l\u2019UPN d\u00e9bute en 1961, une ann\u00e9e apr\u00e8s l\u2019ind\u00e9pendance de la RDC, avec la cr\u00e9ation de l\u2019\u00c9cole normale moyenne pilote de Kinshasa-Binza, par l\u2019Ordonnance-loi n\u00b073 du 22 septembre 1961, sign\u00e9e par le ministre de l\u2019\u00c9ducation nationale. Son objectif : pallier le d\u00e9part massif des enseignants belges et former localement des enseignants pour le secondaire inf\u00e9rieur.<\/p>\n<p>Cette mission se renforce en 1965, lorsque l\u2019Ordonnance n\u00b0342 \u00e9rige l\u2019\u00e9tablissement en Institut p\u00e9dagogique national (IPN), avec des responsabilit\u00e9s \u00e9largies, notamment la diffusion de mat\u00e9riel p\u00e9dagogique.<\/p>\n<p>En 1969, l\u2019IPN \u00e9largit son champ d\u2019action \u00e0 la formation des agr\u00e9g\u00e9s en sciences pour le secondaire sup\u00e9rieur, par la cr\u00e9ation de l\u2019\u00c9cole normale sup\u00e9rieure, int\u00e9gr\u00e9e plus tard comme section de second cycle en p\u00e9dagogie appliqu\u00e9e.<\/p>\n<h3>Un cadre juridique \u00e9volutif<\/h3>\n<p>Au fil des d\u00e9cennies, l\u2019\u00e9tablissement s\u2019est vu dot\u00e9 de bases juridiques successives :<\/p>\n<ul>\n<li>Ordonnance n\u00b070 du 24 juillet 1970 : conf\u00e8re \u00e0 l\u2019IPN un r\u00f4le national de coordination p\u00e9dagogique.<\/li>\n<li>Ordonnance-loi n\u00b0071\/075 du 6 ao\u00fbt 1971 : int\u00e8gre l\u2019IPN dans l\u2019Universit\u00e9 nationale du Congo (UNACO), future UNAZA, tout en conservant son autonomie.<\/li>\n<li>Ordonnance-loi n\u00b00025\/81 du 3 octobre 1981 : \u00e9rige l\u2019IPN en \u00e9tablissement public autonome, membre du Conseil d\u2019administration unique des ISP.<\/li>\n<\/ul>\n<p>Ce n\u2019est qu\u2019en 2005, avec le D\u00e9cret pr\u00e9sidentiel n\u00b005\/007 du 23 f\u00e9vrier, que l\u2019Universit\u00e9 p\u00e9dagogique nationale (UPN) est officiellement cr\u00e9\u00e9e comme universit\u00e9 publique \u00e0 part enti\u00e8re, devenant la deuxi\u00e8me grande universit\u00e9 publique de Kinshasa apr\u00e8s l\u2019Universit\u00e9 de Kinshasa (UNIKIN).<\/p>\n<p>L\u2019UPN est aujourd\u2019hui consid\u00e9r\u00e9e comme la r\u00e9f\u00e9rence nationale en mati\u00e8re de formation p\u00e9dagogique, avec plusieurs facult\u00e9s et cycles de formation sp\u00e9cialis\u00e9s dans les sciences de l\u2019\u00e9ducation, les lettres, les math\u00e9matiques, les techniques, la psychologie et la p\u00e9dagogie appliqu\u00e9e.<\/p>\n<p>\u00ab L\u2019ossature juridique et administrative de cette institution lui a permis d\u2019exercer une influence notable sur les autres \u00e9tablissements du pays, comme un droit de protectorat \u00bb, souligne la rectrice, citant les travaux du chercheur Tshipamba (2015).<\/p>\n<p>Dans le cadre de l\u2019ann\u00e9e comm\u00e9morative, une s\u00e9rie d\u2019activit\u00e9s scientifiques et p\u00e9dagogiques est pr\u00e9vue, visant \u00e0 r\u00e9fl\u00e9chir aux d\u00e9fis de la formation des enseignants dans un contexte d\u2019\u00e9volution rapide du syst\u00e8me \u00e9ducatif congolais.<\/p>\n<p>\u00ab Nous voulons honorer notre pass\u00e9 tout en tra\u00e7ant l\u2019avenir. L\u2019UPN entend rester \u00e0 la pointe de l\u2019innovation p\u00e9dagogique et contribuer activement \u00e0 la modernisation de notre \u00e9ducation nationale \u00bb, a conclu Mme Ibebeke.<\/p>\n<p>La R\u00e9daction<\/p>\n","protected":false},"excerpt":{"rendered":"<p>&nbsp; L\u2019Universit\u00e9 p\u00e9dagogique nationale (UPN), pilier de la formation des enseignants en R\u00e9publique d\u00e9mocratique du Congo, c\u00e9l\u00e8bre cette ann\u00e9e le 20\u1d49 anniversaire de sa transformation en universit\u00e9 publique. \u00c0 cette<\/p>\n","protected":false},"author":14,"featured_media":69533,"comment_status":"open","ping_status":"open","sticky":false,"template":"","format":"standard","meta":{"footnotes":""},"categories":[30],"tags":[],"class_list":["post-69532","post","type-post","status-publish","format-standard","has-post-thumbnail","hentry","category-education"],"yoast_head":"<!-- This site is optimized with the Yoast SEO plugin v27.3 - https:\/\/yoast.com\/product\/yoast-seo-wordpress\/ -->\n<title>L\u2019Universit\u00e9 p\u00e9dagogique nationale lance la c\u00e9l\u00e8bration de 20 ans de statut universitaire et plus de 60 ans au service de l\u2019\u00e9ducation - LES VOLCANS NEWS<\/title>\n<meta name=\"robots\" content=\"index, follow, max-snippet:-1, max-image-preview:large, max-video-preview:-1\" \/>\n<link rel=\"canonical\" href=\"https:\/\/lesvolcansnews.net\/?p=69532\" \/>\n<meta property=\"og:locale\" content=\"fr_FR\" \/>\n<meta property=\"og:type\" content=\"article\" \/>\n<meta property=\"og:title\" content=\"L\u2019Universit\u00e9 p\u00e9dagogique nationale lance la c\u00e9l\u00e8bration de 20 ans de statut universitaire et plus de 60 ans au service de l\u2019\u00e9ducation - LES VOLCANS NEWS\" \/>\n<meta property=\"og:description\" content=\"&nbsp; L\u2019Universit\u00e9 p\u00e9dagogique nationale (UPN), pilier de la formation des enseignants en R\u00e9publique d\u00e9mocratique du Congo, c\u00e9l\u00e8bre cette ann\u00e9e le 20\u1d49 anniversaire de sa transformation en universit\u00e9 publique. \u00c0 cette\" \/>\n<meta property=\"og:url\" content=\"https:\/\/lesvolcansnews.net\/?p=69532\" \/>\n<meta property=\"og:site_name\" content=\"LES VOLCANS NEWS\" \/>\n<meta property=\"article:published_time\" content=\"2025-09-19T15:09:35+00:00\" \/>\n<meta property=\"og:image\" content=\"https:\/\/lesvolcansnews.net\/wp-content\/uploads\/2025\/09\/G1Ntei1WAAAYJ4f-1.jpeg\" \/>\n\t<meta property=\"og:image:width\" content=\"1080\" \/>\n\t<meta property=\"og:image:height\" content=\"809\" \/>\n\t<meta property=\"og:image:type\" content=\"image\/jpeg\" \/>\n<meta name=\"author\" content=\"R\u00e9daction - Les Volcans News\" \/>\n<meta name=\"twitter:card\" content=\"summary_large_image\" \/>\n<meta name=\"twitter:label1\" content=\"\u00c9crit par\" \/>\n\t<meta name=\"twitter:data1\" content=\"R\u00e9daction - Les Volcans News\" \/>\n\t<meta name=\"twitter:label2\" content=\"Dur\u00e9e de lecture estim\u00e9e\" \/>\n\t<meta name=\"twitter:data2\" content=\"3 minutes\" \/>\n<script type=\"application\/ld+json\" class=\"yoast-schema-graph\">{\"@context\":\"https:\\\/\\\/schema.org\",\"@graph\":[{\"@type\":\"Article\",\"@id\":\"https:\\\/\\\/lesvolcansnews.net\\\/?p=69532#article\",\"isPartOf\":{\"@id\":\"https:\\\/\\\/lesvolcansnews.net\\\/?p=69532\"},\"author\":{\"name\":\"R\u00e9daction - Les Volcans News\",\"@id\":\"https:\\\/\\\/lesvolcansnews.net\\\/#\\\/schema\\\/person\\\/82c8bed2e77879ecf6cca63441f57354\"},\"headline\":\"L\u2019Universit\u00e9 p\u00e9dagogique nationale lance la c\u00e9l\u00e8bration de 20 ans de statut universitaire et plus de 60 ans au service de l\u2019\u00e9ducation\",\"datePublished\":\"2025-09-19T15:09:35+00:00\",\"mainEntityOfPage\":{\"@id\":\"https:\\\/\\\/lesvolcansnews.net\\\/?p=69532\"},\"wordCount\":582,\"commentCount\":0,\"image\":{\"@id\":\"https:\\\/\\\/lesvolcansnews.net\\\/?p=69532#primaryimage\"},\"thumbnailUrl\":\"https:\\\/\\\/lesvolcansnews.net\\\/wp-content\\\/uploads\\\/2025\\\/09\\\/G1Ntei1WAAAYJ4f-1.jpeg\",\"articleSection\":[\"\u00c9DUCATION\"],\"inLanguage\":\"fr-FR\",\"potentialAction\":[{\"@type\":\"CommentAction\",\"name\":\"Comment\",\"target\":[\"https:\\\/\\\/lesvolcansnews.net\\\/?p=69532#respond\"]}]},{\"@type\":\"WebPage\",\"@id\":\"https:\\\/\\\/lesvolcansnews.net\\\/?p=69532\",\"url\":\"https:\\\/\\\/lesvolcansnews.net\\\/?p=69532\",\"name\":\"L\u2019Universit\u00e9 p\u00e9dagogique nationale lance la c\u00e9l\u00e8bration de 20 ans de statut universitaire et plus de 60 ans au service de l\u2019\u00e9ducation - LES VOLCANS NEWS\",\"isPartOf\":{\"@id\":\"https:\\\/\\\/lesvolcansnews.net\\\/#website\"},\"primaryImageOfPage\":{\"@id\":\"https:\\\/\\\/lesvolcansnews.net\\\/?p=69532#primaryimage\"},\"image\":{\"@id\":\"https:\\\/\\\/lesvolcansnews.net\\\/?p=69532#primaryimage\"},\"thumbnailUrl\":\"https:\\\/\\\/lesvolcansnews.net\\\/wp-content\\\/uploads\\\/2025\\\/09\\\/G1Ntei1WAAAYJ4f-1.jpeg\",\"datePublished\":\"2025-09-19T15:09:35+00:00\",\"author\":{\"@id\":\"https:\\\/\\\/lesvolcansnews.net\\\/#\\\/schema\\\/person\\\/82c8bed2e77879ecf6cca63441f57354\"},\"breadcrumb\":{\"@id\":\"https:\\\/\\\/lesvolcansnews.net\\\/?p=69532#breadcrumb\"},\"inLanguage\":\"fr-FR\",\"potentialAction\":[{\"@type\":\"ReadAction\",\"target\":[\"https:\\\/\\\/lesvolcansnews.net\\\/?p=69532\"]}]},{\"@type\":\"ImageObject\",\"inLanguage\":\"fr-FR\",\"@id\":\"https:\\\/\\\/lesvolcansnews.net\\\/?p=69532#primaryimage\",\"url\":\"https:\\\/\\\/lesvolcansnews.net\\\/wp-content\\\/uploads\\\/2025\\\/09\\\/G1Ntei1WAAAYJ4f-1.jpeg\",\"contentUrl\":\"https:\\\/\\\/lesvolcansnews.net\\\/wp-content\\\/uploads\\\/2025\\\/09\\\/G1Ntei1WAAAYJ4f-1.jpeg\",\"width\":1080,\"height\":809},{\"@type\":\"BreadcrumbList\",\"@id\":\"https:\\\/\\\/lesvolcansnews.net\\\/?p=69532#breadcrumb\",\"itemListElement\":[{\"@type\":\"ListItem\",\"position\":1,\"name\":\"Accueil\",\"item\":\"https:\\\/\\\/lesvolcansnews.net\\\/\"},{\"@type\":\"ListItem\",\"position\":2,\"name\":\"L\u2019Universit\u00e9 p\u00e9dagogique nationale lance la c\u00e9l\u00e8bration de 20 ans de statut universitaire et plus de 60 ans au service de l\u2019\u00e9ducation\"}]},{\"@type\":\"WebSite\",\"@id\":\"https:\\\/\\\/lesvolcansnews.net\\\/#website\",\"url\":\"https:\\\/\\\/lesvolcansnews.net\\\/\",\"name\":\"LES VOLCANS NEWS\",\"description\":\"L&#039;INFORMATION C&#039;EST NOUS\",\"potentialAction\":[{\"@type\":\"SearchAction\",\"target\":{\"@type\":\"EntryPoint\",\"urlTemplate\":\"https:\\\/\\\/lesvolcansnews.net\\\/?s={search_term_string}\"},\"query-input\":{\"@type\":\"PropertyValueSpecification\",\"valueRequired\":true,\"valueName\":\"search_term_string\"}}],\"inLanguage\":\"fr-FR\"},{\"@type\":\"Person\",\"@id\":\"https:\\\/\\\/lesvolcansnews.net\\\/#\\\/schema\\\/person\\\/82c8bed2e77879ecf6cca63441f57354\",\"name\":\"R\u00e9daction - Les Volcans News\",\"image\":{\"@type\":\"ImageObject\",\"inLanguage\":\"fr-FR\",\"@id\":\"https:\\\/\\\/secure.gravatar.com\\\/avatar\\\/8408942dd851e8a9c09f3d382a661bc05d2b3cd9002139bc1795b9528cdc6c80?s=96&d=mm&r=g\",\"url\":\"https:\\\/\\\/secure.gravatar.com\\\/avatar\\\/8408942dd851e8a9c09f3d382a661bc05d2b3cd9002139bc1795b9528cdc6c80?s=96&d=mm&r=g\",\"contentUrl\":\"https:\\\/\\\/secure.gravatar.com\\\/avatar\\\/8408942dd851e8a9c09f3d382a661bc05d2b3cd9002139bc1795b9528cdc6c80?s=96&d=mm&r=g\",\"caption\":\"R\u00e9daction - Les Volcans News\"},\"url\":\"https:\\\/\\\/lesvolcansnews.net\\\/?author=14\"}]}<\/script>\n<!-- \/ Yoast SEO plugin. -->","yoast_head_json":{"title":"L\u2019Universit\u00e9 p\u00e9dagogique nationale lance la c\u00e9l\u00e8bration de 20 ans de statut universitaire et plus de 60 ans au service de l\u2019\u00e9ducation - LES VOLCANS NEWS","robots":{"index":"index","follow":"follow","max-snippet":"max-snippet:-1","max-image-preview":"max-image-preview:large","max-video-preview":"max-video-preview:-1"},"canonical":"https:\/\/lesvolcansnews.net\/?p=69532","og_locale":"fr_FR","og_type":"article","og_title":"L\u2019Universit\u00e9 p\u00e9dagogique nationale lance la c\u00e9l\u00e8bration de 20 ans de statut universitaire et plus de 60 ans au service de l\u2019\u00e9ducation - LES VOLCANS NEWS","og_description":"&nbsp; L\u2019Universit\u00e9 p\u00e9dagogique nationale (UPN), pilier de la formation des enseignants en R\u00e9publique d\u00e9mocratique du Congo, c\u00e9l\u00e8bre cette ann\u00e9e le 20\u1d49 anniversaire de sa transformation en universit\u00e9 publique. \u00c0 cette","og_url":"https:\/\/lesvolcansnews.net\/?p=69532","og_site_name":"LES VOLCANS NEWS","article_published_time":"2025-09-19T15:09:35+00:00","og_image":[{"width":1080,"height":809,"url":"https:\/\/lesvolcansnews.net\/wp-content\/uploads\/2025\/09\/G1Ntei1WAAAYJ4f-1.jpeg","type":"image\/jpeg"}],"author":"R\u00e9daction - Les Volcans News","twitter_card":"summary_large_image","twitter_misc":{"\u00c9crit par":"R\u00e9daction - Les Volcans News","Dur\u00e9e de lecture estim\u00e9e":"3 minutes"},"schema":{"@context":"https:\/\/schema.org","@graph":[{"@type":"Article","@id":"https:\/\/lesvolcansnews.net\/?p=69532#article","isPartOf":{"@id":"https:\/\/lesvolcansnews.net\/?p=69532"},"author":{"name":"R\u00e9daction - Les Volcans News","@id":"https:\/\/lesvolcansnews.net\/#\/schema\/person\/82c8bed2e77879ecf6cca63441f57354"},"headline":"L\u2019Universit\u00e9 p\u00e9dagogique nationale lance la c\u00e9l\u00e8bration de 20 ans de statut universitaire et plus de 60 ans au service de l\u2019\u00e9ducation","datePublished":"2025-09-19T15:09:35+00:00","mainEntityOfPage":{"@id":"https:\/\/lesvolcansnews.net\/?p=69532"},"wordCount":582,"commentCount":0,"image":{"@id":"https:\/\/lesvolcansnews.net\/?p=69532#primaryimage"},"thumbnailUrl":"https:\/\/lesvolcansnews.net\/wp-content\/uploads\/2025\/09\/G1Ntei1WAAAYJ4f-1.jpeg","articleSection":["\u00c9DUCATION"],"inLanguage":"fr-FR","potentialAction":[{"@type":"CommentAction","name":"Comment","target":["https:\/\/lesvolcansnews.net\/?p=69532#respond"]}]},{"@type":"WebPage","@id":"https:\/\/lesvolcansnews.net\/?p=69532","url":"https:\/\/lesvolcansnews.net\/?p=69532","name":"L\u2019Universit\u00e9 p\u00e9dagogique nationale lance la c\u00e9l\u00e8bration de 20 ans de statut universitaire et plus de 60 ans au service de l\u2019\u00e9ducation - LES VOLCANS NEWS","isPartOf":{"@id":"https:\/\/lesvolcansnews.net\/#website"},"primaryImageOfPage":{"@id":"https:\/\/lesvolcansnews.net\/?p=69532#primaryimage"},"image":{"@id":"https:\/\/lesvolcansnews.net\/?p=69532#primaryimage"},"thumbnailUrl":"https:\/\/lesvolcansnews.net\/wp-content\/uploads\/2025\/09\/G1Ntei1WAAAYJ4f-1.jpeg","datePublished":"2025-09-19T15:09:35+00:00","author":{"@id":"https:\/\/lesvolcansnews.net\/#\/schema\/person\/82c8bed2e77879ecf6cca63441f57354"},"breadcrumb":{"@id":"https:\/\/lesvolcansnews.net\/?p=69532#breadcrumb"},"inLanguage":"fr-FR","potentialAction":[{"@type":"ReadAction","target":["https:\/\/lesvolcansnews.net\/?p=69532"]}]},{"@type":"ImageObject","inLanguage":"fr-FR","@id":"https:\/\/lesvolcansnews.net\/?p=69532#primaryimage","url":"https:\/\/lesvolcansnews.net\/wp-content\/uploads\/2025\/09\/G1Ntei1WAAAYJ4f-1.jpeg","contentUrl":"https:\/\/lesvolcansnews.net\/wp-content\/uploads\/2025\/09\/G1Ntei1WAAAYJ4f-1.jpeg","width":1080,"height":809},{"@type":"BreadcrumbList","@id":"https:\/\/lesvolcansnews.net\/?p=69532#breadcrumb","itemListElement":[{"@type":"ListItem","position":1,"name":"Accueil","item":"https:\/\/lesvolcansnews.net\/"},{"@type":"ListItem","position":2,"name":"L\u2019Universit\u00e9 p\u00e9dagogique nationale lance la c\u00e9l\u00e8bration de 20 ans de statut universitaire et plus de 60 ans au service de l\u2019\u00e9ducation"}]},{"@type":"WebSite","@id":"https:\/\/lesvolcansnews.net\/#website","url":"https:\/\/lesvolcansnews.net\/","name":"LES VOLCANS NEWS","description":"L&#039;INFORMATION C&#039;EST NOUS","potentialAction":[{"@type":"SearchAction","target":{"@type":"EntryPoint","urlTemplate":"https:\/\/lesvolcansnews.net\/?s={search_term_string}"},"query-input":{"@type":"PropertyValueSpecification","valueRequired":true,"valueName":"search_term_string"}}],"inLanguage":"fr-FR"},{"@type":"Person","@id":"https:\/\/lesvolcansnews.net\/#\/schema\/person\/82c8bed2e77879ecf6cca63441f57354","name":"R\u00e9daction - Les Volcans News","image":{"@type":"ImageObject","inLanguage":"fr-FR","@id":"https:\/\/secure.gravatar.com\/avatar\/8408942dd851e8a9c09f3d382a661bc05d2b3cd9002139bc1795b9528cdc6c80?s=96&d=mm&r=g","url":"https:\/\/secure.gravatar.com\/avatar\/8408942dd851e8a9c09f3d382a661bc05d2b3cd9002139bc1795b9528cdc6c80?s=96&d=mm&r=g","contentUrl":"https:\/\/secure.gravatar.com\/avatar\/8408942dd851e8a9c09f3d382a661bc05d2b3cd9002139bc1795b9528cdc6c80?s=96&d=mm&r=g","caption":"R\u00e9daction - Les Volcans News"},"url":"https:\/\/lesvolcansnews.net\/?author=14"}]}},"_links":{"self":[{"href":"https:\/\/lesvolcansnews.net\/index.php?rest_route=\/wp\/v2\/posts\/69532","targetHints":{"allow":["GET"]}}],"collection":[{"href":"https:\/\/lesvolcansnews.net\/index.php?rest_route=\/wp\/v2\/posts"}],"about":[{"href":"https:\/\/lesvolcansnews.net\/index.php?rest_route=\/wp\/v2\/types\/post"}],"author":[{"embeddable":true,"href":"https:\/\/lesvolcansnews.net\/index.php?rest_route=\/wp\/v2\/users\/14"}],"replies":[{"embeddable":true,"href":"https:\/\/lesvolcansnews.net\/index.php?rest_route=%2Fwp%2Fv2%2Fcomments&post=69532"}],"version-history":[{"count":1,"href":"https:\/\/lesvolcansnews.net\/index.php?rest_route=\/wp\/v2\/posts\/69532\/revisions"}],"predecessor-version":[{"id":69534,"href":"https:\/\/lesvolcansnews.net\/index.php?rest_route=\/wp\/v2\/posts\/69532\/revisions\/69534"}],"wp:featuredmedia":[{"embeddable":true,"href":"https:\/\/lesvolcansnews.net\/index.php?rest_route=\/wp\/v2\/media\/69533"}],"wp:attachment":[{"href":"https:\/\/lesvolcansnews.net\/index.php?rest_route=%2Fwp%2Fv2%2Fmedia&parent=69532"}],"wp:term":[{"taxonomy":"category","embeddable":true,"href":"https:\/\/lesvolcansnews.net\/index.php?rest_route=%2Fwp%2Fv2%2Fcategories&post=69532"},{"taxonomy":"post_tag","embeddable":true,"href":"https:\/\/lesvolcansnews.net\/index.php?rest_route=%2Fwp%2Fv2%2Ftags&post=69532"}],"curies":[{"name":"wp","href":"https:\/\/api.w.org\/{rel}","templated":true}]}}