{"id":69521,"date":"2025-09-19T14:17:16","date_gmt":"2025-09-19T12:17:16","guid":{"rendered":"https:\/\/lesvolcansnews.net\/?p=69521"},"modified":"2025-09-19T14:17:16","modified_gmt":"2025-09-19T12:17:16","slug":"rdc-parlement-vital-kamerhe-auditionne-ce-vendredi-par-la-commission-speciale-sur-les-petitions-visant-les-membres-du-bureau-de-lassemblee-nationale","status":"publish","type":"post","link":"https:\/\/lesvolcansnews.net\/?p=69521","title":{"rendered":"RDC-Parlement : Vital Kamerhe auditionn\u00e9 ce vendredi par la Commission sp\u00e9ciale sur les p\u00e9titions visant les membres du bureau de l\u2019Assembl\u00e9e nationale"},"content":{"rendered":"<p>&nbsp;<\/p>\n<p>Le pr\u00e9sident de l\u2019Assembl\u00e9e nationale de la R\u00e9publique d\u00e9mocratique du Congo, Vital Kamerhe, sera entendu ce vendredi 19 septembre \u00e0 15h00 par la Commission sp\u00e9ciale et temporaire charg\u00e9e de l\u2019examen des p\u00e9titions visant cinq membres du bureau de la chambre basse du Parlement, accus\u00e9s de mauvaise gestion, selon un communiqu\u00e9 officiel consult\u00e9 jeudi.<\/p>\n<p>Conform\u00e9ment \u00e0 la r\u00e9solution adopt\u00e9e en pl\u00e9ni\u00e8re le mercredi 17 septembre 2025, et en application de l\u2019article 31 du R\u00e8glement int\u00e9rieur de l\u2019Assembl\u00e9e nationale, une commission sp\u00e9ciale a \u00e9t\u00e9 constitu\u00e9e, avec un bureau install\u00e9 par consensus entre les membres.<\/p>\n<p>Le calendrier des travaux, rendu public par le rapporteur de la Commission, l\u2019honorable Mambu Mbasa Yannick, pr\u00e9voit une s\u00e9rie d\u2019auditions qui s\u2019\u00e9taleront sur deux jours.<\/p>\n<p>La journ\u00e9e du vendredi 19 septembre sera marqu\u00e9e par :<\/p>\n<ul>\n<li>10h00 : Audition des initiateurs des p\u00e9titions,<\/li>\n<li>15h00 : Audition du pr\u00e9sident de l\u2019Assembl\u00e9e nationale, Vital Kamerhe,<\/li>\n<li>17h00 : Audition de l\u2019honorable rapporteur de l\u2019Assembl\u00e9e nationale,<\/li>\n<li>18h00 : Travaux en commission.<\/li>\n<\/ul>\n<p>Les auditions se poursuivront le samedi 20 septembre avec :<\/p>\n<ul>\n<li>10h00 : Rapporteur adjointe de l\u2019Assembl\u00e9e nationale,<\/li>\n<li>11h00 : Questeur de l\u2019Assembl\u00e9e nationale,<\/li>\n<li>13h00 : Questeur adjointe.<\/li>\n<\/ul>\n<p>Le communiqu\u00e9 pr\u00e9cise que ce calendrier fait office de convocation officielle pour les honorables concern\u00e9s. Les travaux se d\u00e9rouleront au si\u00e8ge de l\u2019Assembl\u00e9e nationale \u00e0 Kinshasa.<\/p>\n<p>Les cinq membres du bureau vis\u00e9s par ces p\u00e9titions sont accus\u00e9s de mauvaise gestion des ressources administratives et financi\u00e8res du Parlement. La Commission a pour mission d&#8217;examiner ces griefs, d\u2019entendre les parties concern\u00e9es et de formuler des recommandations \u00e0 l\u2019issue de ses travaux.<\/p>\n<p>L\u2019audition de Vital Kamerhe, figure politique de premier plan et ancien directeur de cabinet du chef de l\u2019\u00c9tat F\u00e9lix Tshisekedi, est attendue avec attention dans le contexte actuel d\u2019effervescence politique au sein de l\u2019institution parlementaire.<\/p>\n<p>Les conclusions de la Commission pourraient avoir des cons\u00e9quences importantes sur l\u2019\u00e9quilibre interne de la chambre basse, \u00e0 quelques mois de la prochaine session parlementaire.<\/p>\n<p>Clovis Ali<\/p>\n","protected":false},"excerpt":{"rendered":"<p>&nbsp; Le pr\u00e9sident de l\u2019Assembl\u00e9e nationale de la R\u00e9publique d\u00e9mocratique du Congo, Vital Kamerhe, sera entendu ce vendredi 19 septembre \u00e0 15h00 par la Commission sp\u00e9ciale et temporaire charg\u00e9e de<\/p>\n","protected":false},"author":14,"featured_media":69522,"comment_status":"open","ping_status":"open","sticky":false,"template":"","format":"standard","meta":{"footnotes":""},"categories":[1],"tags":[],"class_list":["post-69521","post","type-post","status-publish","format-standard","has-post-thumbnail","hentry","category-actualite"],"yoast_head":"<!-- This site is optimized with the Yoast SEO plugin v27.5 - https:\/\/yoast.com\/product\/yoast-seo-wordpress\/ -->\n<title>RDC-Parlement : Vital Kamerhe auditionn\u00e9 ce vendredi par la Commission sp\u00e9ciale sur les p\u00e9titions visant les membres du bureau de l\u2019Assembl\u00e9e nationale - LES VOLCANS NEWS<\/title>\n<meta name=\"robots\" content=\"index, follow, max-snippet:-1, max-image-preview:large, max-video-preview:-1\" \/>\n<link rel=\"canonical\" href=\"https:\/\/lesvolcansnews.net\/?p=69521\" \/>\n<meta property=\"og:locale\" content=\"fr_FR\" \/>\n<meta property=\"og:type\" content=\"article\" \/>\n<meta property=\"og:title\" content=\"RDC-Parlement : Vital Kamerhe auditionn\u00e9 ce vendredi par la Commission sp\u00e9ciale sur les p\u00e9titions visant les membres du bureau de l\u2019Assembl\u00e9e nationale - LES VOLCANS NEWS\" \/>\n<meta property=\"og:description\" content=\"&nbsp; Le pr\u00e9sident de l\u2019Assembl\u00e9e nationale de la R\u00e9publique d\u00e9mocratique du Congo, Vital Kamerhe, sera entendu ce vendredi 19 septembre \u00e0 15h00 par la Commission sp\u00e9ciale et temporaire charg\u00e9e de\" \/>\n<meta property=\"og:url\" content=\"https:\/\/lesvolcansnews.net\/?p=69521\" \/>\n<meta property=\"og:site_name\" content=\"LES VOLCANS NEWS\" \/>\n<meta property=\"article:published_time\" content=\"2025-09-19T12:17:16+00:00\" \/>\n<meta property=\"og:image\" content=\"https:\/\/lesvolcansnews.net\/wp-content\/uploads\/2025\/09\/G0CZif3WYAAQbod-1.jpeg\" \/>\n\t<meta property=\"og:image:width\" content=\"1080\" \/>\n\t<meta property=\"og:image:height\" content=\"1070\" \/>\n\t<meta property=\"og:image:type\" content=\"image\/jpeg\" \/>\n<meta name=\"author\" content=\"R\u00e9daction - Les Volcans News\" \/>\n<meta name=\"twitter:card\" content=\"summary_large_image\" \/>\n<meta name=\"twitter:label1\" content=\"\u00c9crit par\" \/>\n\t<meta name=\"twitter:data1\" content=\"R\u00e9daction - Les Volcans News\" \/>\n\t<meta name=\"twitter:label2\" content=\"Dur\u00e9e de lecture estim\u00e9e\" \/>\n\t<meta name=\"twitter:data2\" content=\"2 minutes\" \/>\n<script type=\"application\/ld+json\" class=\"yoast-schema-graph\">{\"@context\":\"https:\\\/\\\/schema.org\",\"@graph\":[{\"@type\":\"Article\",\"@id\":\"https:\\\/\\\/lesvolcansnews.net\\\/?p=69521#article\",\"isPartOf\":{\"@id\":\"https:\\\/\\\/lesvolcansnews.net\\\/?p=69521\"},\"author\":{\"name\":\"R\u00e9daction - Les Volcans News\",\"@id\":\"https:\\\/\\\/lesvolcansnews.net\\\/#\\\/schema\\\/person\\\/82c8bed2e77879ecf6cca63441f57354\"},\"headline\":\"RDC-Parlement : Vital Kamerhe auditionn\u00e9 ce vendredi par la Commission sp\u00e9ciale sur les p\u00e9titions visant les membres du bureau de l\u2019Assembl\u00e9e nationale\",\"datePublished\":\"2025-09-19T12:17:16+00:00\",\"mainEntityOfPage\":{\"@id\":\"https:\\\/\\\/lesvolcansnews.net\\\/?p=69521\"},\"wordCount\":383,\"commentCount\":0,\"image\":{\"@id\":\"https:\\\/\\\/lesvolcansnews.net\\\/?p=69521#primaryimage\"},\"thumbnailUrl\":\"https:\\\/\\\/lesvolcansnews.net\\\/wp-content\\\/uploads\\\/2025\\\/09\\\/G0CZif3WYAAQbod-1.jpeg\",\"articleSection\":[\"ACTUALIT\u00c9\"],\"inLanguage\":\"fr-FR\",\"potentialAction\":[{\"@type\":\"CommentAction\",\"name\":\"Comment\",\"target\":[\"https:\\\/\\\/lesvolcansnews.net\\\/?p=69521#respond\"]}]},{\"@type\":\"WebPage\",\"@id\":\"https:\\\/\\\/lesvolcansnews.net\\\/?p=69521\",\"url\":\"https:\\\/\\\/lesvolcansnews.net\\\/?p=69521\",\"name\":\"RDC-Parlement : Vital Kamerhe auditionn\u00e9 ce vendredi par la Commission sp\u00e9ciale sur les p\u00e9titions visant les membres du bureau de l\u2019Assembl\u00e9e nationale - LES VOLCANS NEWS\",\"isPartOf\":{\"@id\":\"https:\\\/\\\/lesvolcansnews.net\\\/#website\"},\"primaryImageOfPage\":{\"@id\":\"https:\\\/\\\/lesvolcansnews.net\\\/?p=69521#primaryimage\"},\"image\":{\"@id\":\"https:\\\/\\\/lesvolcansnews.net\\\/?p=69521#primaryimage\"},\"thumbnailUrl\":\"https:\\\/\\\/lesvolcansnews.net\\\/wp-content\\\/uploads\\\/2025\\\/09\\\/G0CZif3WYAAQbod-1.jpeg\",\"datePublished\":\"2025-09-19T12:17:16+00:00\",\"author\":{\"@id\":\"https:\\\/\\\/lesvolcansnews.net\\\/#\\\/schema\\\/person\\\/82c8bed2e77879ecf6cca63441f57354\"},\"breadcrumb\":{\"@id\":\"https:\\\/\\\/lesvolcansnews.net\\\/?p=69521#breadcrumb\"},\"inLanguage\":\"fr-FR\",\"potentialAction\":[{\"@type\":\"ReadAction\",\"target\":[\"https:\\\/\\\/lesvolcansnews.net\\\/?p=69521\"]}]},{\"@type\":\"ImageObject\",\"inLanguage\":\"fr-FR\",\"@id\":\"https:\\\/\\\/lesvolcansnews.net\\\/?p=69521#primaryimage\",\"url\":\"https:\\\/\\\/lesvolcansnews.net\\\/wp-content\\\/uploads\\\/2025\\\/09\\\/G0CZif3WYAAQbod-1.jpeg\",\"contentUrl\":\"https:\\\/\\\/lesvolcansnews.net\\\/wp-content\\\/uploads\\\/2025\\\/09\\\/G0CZif3WYAAQbod-1.jpeg\",\"width\":1080,\"height\":1070},{\"@type\":\"BreadcrumbList\",\"@id\":\"https:\\\/\\\/lesvolcansnews.net\\\/?p=69521#breadcrumb\",\"itemListElement\":[{\"@type\":\"ListItem\",\"position\":1,\"name\":\"Accueil\",\"item\":\"https:\\\/\\\/lesvolcansnews.net\\\/\"},{\"@type\":\"ListItem\",\"position\":2,\"name\":\"RDC-Parlement : Vital Kamerhe auditionn\u00e9 ce vendredi par la Commission sp\u00e9ciale sur les p\u00e9titions visant les membres du bureau de l\u2019Assembl\u00e9e nationale\"}]},{\"@type\":\"WebSite\",\"@id\":\"https:\\\/\\\/lesvolcansnews.net\\\/#website\",\"url\":\"https:\\\/\\\/lesvolcansnews.net\\\/\",\"name\":\"LES VOLCANS NEWS\",\"description\":\"L&#039;INFORMATION C&#039;EST NOUS\",\"potentialAction\":[{\"@type\":\"SearchAction\",\"target\":{\"@type\":\"EntryPoint\",\"urlTemplate\":\"https:\\\/\\\/lesvolcansnews.net\\\/?s={search_term_string}\"},\"query-input\":{\"@type\":\"PropertyValueSpecification\",\"valueRequired\":true,\"valueName\":\"search_term_string\"}}],\"inLanguage\":\"fr-FR\"},{\"@type\":\"Person\",\"@id\":\"https:\\\/\\\/lesvolcansnews.net\\\/#\\\/schema\\\/person\\\/82c8bed2e77879ecf6cca63441f57354\",\"name\":\"R\u00e9daction - Les Volcans News\",\"image\":{\"@type\":\"ImageObject\",\"inLanguage\":\"fr-FR\",\"@id\":\"https:\\\/\\\/secure.gravatar.com\\\/avatar\\\/8408942dd851e8a9c09f3d382a661bc05d2b3cd9002139bc1795b9528cdc6c80?s=96&d=mm&r=g\",\"url\":\"https:\\\/\\\/secure.gravatar.com\\\/avatar\\\/8408942dd851e8a9c09f3d382a661bc05d2b3cd9002139bc1795b9528cdc6c80?s=96&d=mm&r=g\",\"contentUrl\":\"https:\\\/\\\/secure.gravatar.com\\\/avatar\\\/8408942dd851e8a9c09f3d382a661bc05d2b3cd9002139bc1795b9528cdc6c80?s=96&d=mm&r=g\",\"caption\":\"R\u00e9daction - Les Volcans News\"},\"url\":\"https:\\\/\\\/lesvolcansnews.net\\\/?author=14\"}]}<\/script>\n<!-- \/ Yoast SEO plugin. -->","yoast_head_json":{"title":"RDC-Parlement : Vital Kamerhe auditionn\u00e9 ce vendredi par la Commission sp\u00e9ciale sur les p\u00e9titions visant les membres du bureau de l\u2019Assembl\u00e9e nationale - LES VOLCANS NEWS","robots":{"index":"index","follow":"follow","max-snippet":"max-snippet:-1","max-image-preview":"max-image-preview:large","max-video-preview":"max-video-preview:-1"},"canonical":"https:\/\/lesvolcansnews.net\/?p=69521","og_locale":"fr_FR","og_type":"article","og_title":"RDC-Parlement : Vital Kamerhe auditionn\u00e9 ce vendredi par la Commission sp\u00e9ciale sur les p\u00e9titions visant les membres du bureau de l\u2019Assembl\u00e9e nationale - LES VOLCANS NEWS","og_description":"&nbsp; Le pr\u00e9sident de l\u2019Assembl\u00e9e nationale de la R\u00e9publique d\u00e9mocratique du Congo, Vital Kamerhe, sera entendu ce vendredi 19 septembre \u00e0 15h00 par la Commission sp\u00e9ciale et temporaire charg\u00e9e de","og_url":"https:\/\/lesvolcansnews.net\/?p=69521","og_site_name":"LES VOLCANS NEWS","article_published_time":"2025-09-19T12:17:16+00:00","og_image":[{"width":1080,"height":1070,"url":"https:\/\/lesvolcansnews.net\/wp-content\/uploads\/2025\/09\/G0CZif3WYAAQbod-1.jpeg","type":"image\/jpeg"}],"author":"R\u00e9daction - Les Volcans News","twitter_card":"summary_large_image","twitter_misc":{"\u00c9crit par":"R\u00e9daction - Les Volcans News","Dur\u00e9e de lecture estim\u00e9e":"2 minutes"},"schema":{"@context":"https:\/\/schema.org","@graph":[{"@type":"Article","@id":"https:\/\/lesvolcansnews.net\/?p=69521#article","isPartOf":{"@id":"https:\/\/lesvolcansnews.net\/?p=69521"},"author":{"name":"R\u00e9daction - Les Volcans News","@id":"https:\/\/lesvolcansnews.net\/#\/schema\/person\/82c8bed2e77879ecf6cca63441f57354"},"headline":"RDC-Parlement : Vital Kamerhe auditionn\u00e9 ce vendredi par la Commission sp\u00e9ciale sur les p\u00e9titions visant les membres du bureau de l\u2019Assembl\u00e9e nationale","datePublished":"2025-09-19T12:17:16+00:00","mainEntityOfPage":{"@id":"https:\/\/lesvolcansnews.net\/?p=69521"},"wordCount":383,"commentCount":0,"image":{"@id":"https:\/\/lesvolcansnews.net\/?p=69521#primaryimage"},"thumbnailUrl":"https:\/\/lesvolcansnews.net\/wp-content\/uploads\/2025\/09\/G0CZif3WYAAQbod-1.jpeg","articleSection":["ACTUALIT\u00c9"],"inLanguage":"fr-FR","potentialAction":[{"@type":"CommentAction","name":"Comment","target":["https:\/\/lesvolcansnews.net\/?p=69521#respond"]}]},{"@type":"WebPage","@id":"https:\/\/lesvolcansnews.net\/?p=69521","url":"https:\/\/lesvolcansnews.net\/?p=69521","name":"RDC-Parlement : Vital Kamerhe auditionn\u00e9 ce vendredi par la Commission sp\u00e9ciale sur les p\u00e9titions visant les membres du bureau de l\u2019Assembl\u00e9e nationale - LES VOLCANS NEWS","isPartOf":{"@id":"https:\/\/lesvolcansnews.net\/#website"},"primaryImageOfPage":{"@id":"https:\/\/lesvolcansnews.net\/?p=69521#primaryimage"},"image":{"@id":"https:\/\/lesvolcansnews.net\/?p=69521#primaryimage"},"thumbnailUrl":"https:\/\/lesvolcansnews.net\/wp-content\/uploads\/2025\/09\/G0CZif3WYAAQbod-1.jpeg","datePublished":"2025-09-19T12:17:16+00:00","author":{"@id":"https:\/\/lesvolcansnews.net\/#\/schema\/person\/82c8bed2e77879ecf6cca63441f57354"},"breadcrumb":{"@id":"https:\/\/lesvolcansnews.net\/?p=69521#breadcrumb"},"inLanguage":"fr-FR","potentialAction":[{"@type":"ReadAction","target":["https:\/\/lesvolcansnews.net\/?p=69521"]}]},{"@type":"ImageObject","inLanguage":"fr-FR","@id":"https:\/\/lesvolcansnews.net\/?p=69521#primaryimage","url":"https:\/\/lesvolcansnews.net\/wp-content\/uploads\/2025\/09\/G0CZif3WYAAQbod-1.jpeg","contentUrl":"https:\/\/lesvolcansnews.net\/wp-content\/uploads\/2025\/09\/G0CZif3WYAAQbod-1.jpeg","width":1080,"height":1070},{"@type":"BreadcrumbList","@id":"https:\/\/lesvolcansnews.net\/?p=69521#breadcrumb","itemListElement":[{"@type":"ListItem","position":1,"name":"Accueil","item":"https:\/\/lesvolcansnews.net\/"},{"@type":"ListItem","position":2,"name":"RDC-Parlement : Vital Kamerhe auditionn\u00e9 ce vendredi par la Commission sp\u00e9ciale sur les p\u00e9titions visant les membres du bureau de l\u2019Assembl\u00e9e nationale"}]},{"@type":"WebSite","@id":"https:\/\/lesvolcansnews.net\/#website","url":"https:\/\/lesvolcansnews.net\/","name":"LES VOLCANS NEWS","description":"L&#039;INFORMATION C&#039;EST NOUS","potentialAction":[{"@type":"SearchAction","target":{"@type":"EntryPoint","urlTemplate":"https:\/\/lesvolcansnews.net\/?s={search_term_string}"},"query-input":{"@type":"PropertyValueSpecification","valueRequired":true,"valueName":"search_term_string"}}],"inLanguage":"fr-FR"},{"@type":"Person","@id":"https:\/\/lesvolcansnews.net\/#\/schema\/person\/82c8bed2e77879ecf6cca63441f57354","name":"R\u00e9daction - Les Volcans News","image":{"@type":"ImageObject","inLanguage":"fr-FR","@id":"https:\/\/secure.gravatar.com\/avatar\/8408942dd851e8a9c09f3d382a661bc05d2b3cd9002139bc1795b9528cdc6c80?s=96&d=mm&r=g","url":"https:\/\/secure.gravatar.com\/avatar\/8408942dd851e8a9c09f3d382a661bc05d2b3cd9002139bc1795b9528cdc6c80?s=96&d=mm&r=g","contentUrl":"https:\/\/secure.gravatar.com\/avatar\/8408942dd851e8a9c09f3d382a661bc05d2b3cd9002139bc1795b9528cdc6c80?s=96&d=mm&r=g","caption":"R\u00e9daction - Les Volcans News"},"url":"https:\/\/lesvolcansnews.net\/?author=14"}]}},"_links":{"self":[{"href":"https:\/\/lesvolcansnews.net\/index.php?rest_route=\/wp\/v2\/posts\/69521","targetHints":{"allow":["GET"]}}],"collection":[{"href":"https:\/\/lesvolcansnews.net\/index.php?rest_route=\/wp\/v2\/posts"}],"about":[{"href":"https:\/\/lesvolcansnews.net\/index.php?rest_route=\/wp\/v2\/types\/post"}],"author":[{"embeddable":true,"href":"https:\/\/lesvolcansnews.net\/index.php?rest_route=\/wp\/v2\/users\/14"}],"replies":[{"embeddable":true,"href":"https:\/\/lesvolcansnews.net\/index.php?rest_route=%2Fwp%2Fv2%2Fcomments&post=69521"}],"version-history":[{"count":1,"href":"https:\/\/lesvolcansnews.net\/index.php?rest_route=\/wp\/v2\/posts\/69521\/revisions"}],"predecessor-version":[{"id":69523,"href":"https:\/\/lesvolcansnews.net\/index.php?rest_route=\/wp\/v2\/posts\/69521\/revisions\/69523"}],"wp:featuredmedia":[{"embeddable":true,"href":"https:\/\/lesvolcansnews.net\/index.php?rest_route=\/wp\/v2\/media\/69522"}],"wp:attachment":[{"href":"https:\/\/lesvolcansnews.net\/index.php?rest_route=%2Fwp%2Fv2%2Fmedia&parent=69521"}],"wp:term":[{"taxonomy":"category","embeddable":true,"href":"https:\/\/lesvolcansnews.net\/index.php?rest_route=%2Fwp%2Fv2%2Fcategories&post=69521"},{"taxonomy":"post_tag","embeddable":true,"href":"https:\/\/lesvolcansnews.net\/index.php?rest_route=%2Fwp%2Fv2%2Ftags&post=69521"}],"curies":[{"name":"wp","href":"https:\/\/api.w.org\/{rel}","templated":true}]}}