{"id":69518,"date":"2025-09-19T13:51:33","date_gmt":"2025-09-19T11:51:33","guid":{"rendered":"https:\/\/lesvolcansnews.net\/?p=69518"},"modified":"2025-09-19T13:51:33","modified_gmt":"2025-09-19T11:51:33","slug":"rdc-lacedh-denonce-une-procedure-denregistrement-des-defenseurs-des-droits-humains-jugee-liberticide","status":"publish","type":"post","link":"https:\/\/lesvolcansnews.net\/?p=69518","title":{"rendered":"RDC : L\u2019ACEDH d\u00e9nonce une proc\u00e9dure d\u2019enregistrement des d\u00e9fenseurs des droits humains jug\u00e9e \u00ab liberticide \u00bb"},"content":{"rendered":"<p>&nbsp;<\/p>\n<p><strong>L\u2019Association Congolaise pour l\u2019\u00c9ducation aux Droits Humains (ACEDH) a vivement critiqu\u00e9 la nouvelle proc\u00e9dure d\u2019enregistrement et d\u2019identification des d\u00e9fenseurs des droits humains (DDH) mise en place par la Commission Nationale des Droits de l\u2019Homme (CNDH), la qualifiant de \u00ab dangereuse, r\u00e9pressive et inconstitutionnelle \u00bb.<\/strong><\/p>\n<p>Dans un communiqu\u00e9 officiel publi\u00e9 mercredi, l\u2019ACEDH d\u00e9nonce une mesure \u00ab extr\u00eamement p\u00e9rilleuse \u00bb qui menace les libert\u00e9s fondamentales en R\u00e9publique d\u00e9mocratique du Congo, tout en exposant particuli\u00e8rement les d\u00e9fenseurs environnementaux et les militants ruraux \u00e0 un contr\u00f4le \u00e9tatique accru.<\/p>\n<p>\u00ab Cette proc\u00e9dure ne garantit ni la protection, ni la libert\u00e9 des d\u00e9fenseurs des droits humains. Elle ouvre plut\u00f4t la voie \u00e0 leur fichage, \u00e0 leur surveillance et \u00e0 leur marginalisation \u00bb, a alert\u00e9 l\u2019ACEDH, appelant \u00e0 une suspension imm\u00e9diate du processus.<\/p>\n<p>Officiellement instaur\u00e9e par le communiqu\u00e9 N\u00b0 004\/CNDH\/007\/CAB-RAP\/03\/2025 et mise en \u0153uvre d\u00e8s ao\u00fbt 2025, cette proc\u00e9dure exige des DDH une s\u00e9rie de documents administratifs, allant de la lettre de demande \u00e0 la preuve d\u2019existence l\u00e9gale pour les associations, en passant par des d\u00e9clarations sur l\u2019honneur et des rapports d\u2019activit\u00e9s.<\/p>\n<p>Pr\u00e9sent\u00e9 comme un outil de transparence, ce m\u00e9canisme serait, selon l\u2019ACEDH, \u00ab un r\u00e9pertoire national masqu\u00e9 \u00bb dont l\u2019objectif r\u00e9el serait de restreindre les libert\u00e9s d\u2019action et d\u2019expression des d\u00e9fenseurs par la d\u00e9livrance ou le retrait d\u2019une carte officielle d\u2019exercice.<\/p>\n<h3><strong>Une contradiction avec la loi sur la protection des DDH<\/strong><\/h3>\n<p>Pour l\u2019ACEDH, cette proc\u00e9dure viole l\u2019esprit et la lettre de la loi n\u00b0 23\/027 du 15 juin 2023 relative \u00e0 la protection et \u00e0 la responsabilit\u00e9 du DDH, notamment son article 7, qui pr\u00e9voit l\u2019enregistrement <em>facultatif<\/em> des DDH non affili\u00e9s \u00e0 une organisation, en garantissant leur ind\u00e9pendance vis-\u00e0-vis de la CNDH.<\/p>\n<p>\u00ab<em> En instaurant une d\u00e9marche rigide et intrusive, la CNDH outrepasse ses pr\u00e9rogatives et contrevient \u00e0 son mandat de protection des libert\u00e9s publiques \u00bb<\/em>, affirme l\u2019ONG.<\/p>\n<p>Dans un pays o\u00f9, entre 2020 et 2022, 97 cas d\u2019arrestations arbitraires et de criminalisation de DDH ont \u00e9t\u00e9 document\u00e9s, cette nouvelle mesure est per\u00e7ue comme un signal alarmant.<\/p>\n<p>L\u2019ACEDH rappelle que, selon le dernier rapport de <em>Global Witness<\/em> publi\u00e9 en septembre 2025, 146 d\u00e9fenseurs de l\u2019environnement ont \u00e9t\u00e9 tu\u00e9s ou port\u00e9s disparus dans le monde l\u2019an dernier.<\/p>\n<p><em> \u00ab La RDC ne peut pas se permettre d\u2019adopter des pratiques qui, ailleurs, ont conduit \u00e0 de telles trag\u00e9dies \u00bb<\/em>, pr\u00e9vient l\u2019association.<\/p>\n<p>L\u2019ACEDH appelle \u00e0 la suspension imm\u00e9diate de cette mesure et recommande :<\/p>\n<ul>\n<li>La cr\u00e9ation d&#8217;une commission mixte CNDH-DDH pour \u00e9valuer la proc\u00e9dure ;<\/li>\n<li>La r\u00e9vision du cadre l\u00e9gal pour garantir l\u2019ind\u00e9pendance des d\u00e9fenseurs ;<\/li>\n<li>L\u2019implication du Parlement pour purger la loi de ses dispositions jug\u00e9es anticonstitutionnelles ;<\/li>\n<li>L\u2019ouverture d\u2019un dialogue national transparent et conforme aux normes internationales.<\/li>\n<\/ul>\n<h3><strong>\u00ab La d\u00e9fense des droits humains ne doit pas \u00eatre conditionn\u00e9e \u00e0 un enregistrement \u00bb<\/strong><\/h3>\n<p>\u00ab<em> La d\u00e9fense des droits humains est un pilier de notre d\u00e9mocratie. Aucun m\u00e9canisme bureaucratique ou politique ne devrait la compromettre \u00bb<\/em>, a insist\u00e9 l\u2019ACEDH dans sa d\u00e9claration sign\u00e9e \u00e0 Goma.<\/p>\n<p>Selon l\u2019organisation, ce processus d\u2019enregistrement, qui exclut les d\u00e9fenseurs non-enregistr\u00e9s de toute protection, cr\u00e9e une distinction injustifi\u00e9e entre DDH <em>\u00ab officiels<\/em> \u00bb et ceux qui, par choix ou contrainte, ne s\u2019y soumettent pas.<\/p>\n<p><b>Clovis Ali <\/b><\/p>\n","protected":false},"excerpt":{"rendered":"<p>&nbsp; L\u2019Association Congolaise pour l\u2019\u00c9ducation aux Droits Humains (ACEDH) a vivement critiqu\u00e9 la nouvelle proc\u00e9dure d\u2019enregistrement et d\u2019identification des d\u00e9fenseurs des droits humains (DDH) mise en place par la Commission<\/p>\n","protected":false},"author":14,"featured_media":69519,"comment_status":"open","ping_status":"open","sticky":false,"template":"","format":"standard","meta":{"footnotes":""},"categories":[78],"tags":[],"class_list":["post-69518","post","type-post","status-publish","format-standard","has-post-thumbnail","hentry","category-droits-humains"],"yoast_head":"<!-- This site is optimized with the Yoast SEO plugin v27.5 - https:\/\/yoast.com\/product\/yoast-seo-wordpress\/ -->\n<title>RDC : L\u2019ACEDH d\u00e9nonce une proc\u00e9dure d\u2019enregistrement des d\u00e9fenseurs des droits humains jug\u00e9e \u00ab liberticide \u00bb - LES VOLCANS NEWS<\/title>\n<meta name=\"robots\" content=\"index, follow, max-snippet:-1, max-image-preview:large, max-video-preview:-1\" \/>\n<link rel=\"canonical\" href=\"https:\/\/lesvolcansnews.net\/?p=69518\" \/>\n<meta property=\"og:locale\" content=\"fr_FR\" \/>\n<meta property=\"og:type\" content=\"article\" \/>\n<meta property=\"og:title\" content=\"RDC : L\u2019ACEDH d\u00e9nonce une proc\u00e9dure d\u2019enregistrement des d\u00e9fenseurs des droits humains jug\u00e9e \u00ab liberticide \u00bb - LES VOLCANS NEWS\" \/>\n<meta property=\"og:description\" content=\"&nbsp; L\u2019Association Congolaise pour l\u2019\u00c9ducation aux Droits Humains (ACEDH) a vivement critiqu\u00e9 la nouvelle proc\u00e9dure d\u2019enregistrement et d\u2019identification des d\u00e9fenseurs des droits humains (DDH) mise en place par la Commission\" \/>\n<meta property=\"og:url\" content=\"https:\/\/lesvolcansnews.net\/?p=69518\" \/>\n<meta property=\"og:site_name\" content=\"LES VOLCANS NEWS\" \/>\n<meta property=\"article:published_time\" content=\"2025-09-19T11:51:33+00:00\" \/>\n<meta property=\"og:image\" content=\"https:\/\/lesvolcansnews.net\/wp-content\/uploads\/2025\/09\/524319345_1050012560576006_7334158622732071678_n.jpg\" \/>\n\t<meta property=\"og:image:width\" content=\"200\" \/>\n\t<meta property=\"og:image:height\" content=\"200\" \/>\n\t<meta property=\"og:image:type\" content=\"image\/jpeg\" \/>\n<meta name=\"author\" content=\"R\u00e9daction - Les Volcans News\" \/>\n<meta name=\"twitter:card\" content=\"summary_large_image\" \/>\n<meta name=\"twitter:label1\" content=\"\u00c9crit par\" \/>\n\t<meta name=\"twitter:data1\" content=\"R\u00e9daction - Les Volcans News\" \/>\n\t<meta name=\"twitter:label2\" content=\"Dur\u00e9e de lecture estim\u00e9e\" \/>\n\t<meta name=\"twitter:data2\" content=\"3 minutes\" \/>\n<script type=\"application\/ld+json\" class=\"yoast-schema-graph\">{\"@context\":\"https:\\\/\\\/schema.org\",\"@graph\":[{\"@type\":\"Article\",\"@id\":\"https:\\\/\\\/lesvolcansnews.net\\\/?p=69518#article\",\"isPartOf\":{\"@id\":\"https:\\\/\\\/lesvolcansnews.net\\\/?p=69518\"},\"author\":{\"name\":\"R\u00e9daction - Les Volcans News\",\"@id\":\"https:\\\/\\\/lesvolcansnews.net\\\/#\\\/schema\\\/person\\\/82c8bed2e77879ecf6cca63441f57354\"},\"headline\":\"RDC : L\u2019ACEDH d\u00e9nonce une proc\u00e9dure d\u2019enregistrement des d\u00e9fenseurs des droits humains jug\u00e9e \u00ab liberticide \u00bb\",\"datePublished\":\"2025-09-19T11:51:33+00:00\",\"mainEntityOfPage\":{\"@id\":\"https:\\\/\\\/lesvolcansnews.net\\\/?p=69518\"},\"wordCount\":596,\"commentCount\":0,\"image\":{\"@id\":\"https:\\\/\\\/lesvolcansnews.net\\\/?p=69518#primaryimage\"},\"thumbnailUrl\":\"https:\\\/\\\/lesvolcansnews.net\\\/wp-content\\\/uploads\\\/2025\\\/09\\\/524319345_1050012560576006_7334158622732071678_n.jpg\",\"articleSection\":[\"DROITS HUMAINS\"],\"inLanguage\":\"fr-FR\",\"potentialAction\":[{\"@type\":\"CommentAction\",\"name\":\"Comment\",\"target\":[\"https:\\\/\\\/lesvolcansnews.net\\\/?p=69518#respond\"]}]},{\"@type\":\"WebPage\",\"@id\":\"https:\\\/\\\/lesvolcansnews.net\\\/?p=69518\",\"url\":\"https:\\\/\\\/lesvolcansnews.net\\\/?p=69518\",\"name\":\"RDC : L\u2019ACEDH d\u00e9nonce une proc\u00e9dure d\u2019enregistrement des d\u00e9fenseurs des droits humains jug\u00e9e \u00ab liberticide \u00bb - LES VOLCANS NEWS\",\"isPartOf\":{\"@id\":\"https:\\\/\\\/lesvolcansnews.net\\\/#website\"},\"primaryImageOfPage\":{\"@id\":\"https:\\\/\\\/lesvolcansnews.net\\\/?p=69518#primaryimage\"},\"image\":{\"@id\":\"https:\\\/\\\/lesvolcansnews.net\\\/?p=69518#primaryimage\"},\"thumbnailUrl\":\"https:\\\/\\\/lesvolcansnews.net\\\/wp-content\\\/uploads\\\/2025\\\/09\\\/524319345_1050012560576006_7334158622732071678_n.jpg\",\"datePublished\":\"2025-09-19T11:51:33+00:00\",\"author\":{\"@id\":\"https:\\\/\\\/lesvolcansnews.net\\\/#\\\/schema\\\/person\\\/82c8bed2e77879ecf6cca63441f57354\"},\"breadcrumb\":{\"@id\":\"https:\\\/\\\/lesvolcansnews.net\\\/?p=69518#breadcrumb\"},\"inLanguage\":\"fr-FR\",\"potentialAction\":[{\"@type\":\"ReadAction\",\"target\":[\"https:\\\/\\\/lesvolcansnews.net\\\/?p=69518\"]}]},{\"@type\":\"ImageObject\",\"inLanguage\":\"fr-FR\",\"@id\":\"https:\\\/\\\/lesvolcansnews.net\\\/?p=69518#primaryimage\",\"url\":\"https:\\\/\\\/lesvolcansnews.net\\\/wp-content\\\/uploads\\\/2025\\\/09\\\/524319345_1050012560576006_7334158622732071678_n.jpg\",\"contentUrl\":\"https:\\\/\\\/lesvolcansnews.net\\\/wp-content\\\/uploads\\\/2025\\\/09\\\/524319345_1050012560576006_7334158622732071678_n.jpg\",\"width\":200,\"height\":200},{\"@type\":\"BreadcrumbList\",\"@id\":\"https:\\\/\\\/lesvolcansnews.net\\\/?p=69518#breadcrumb\",\"itemListElement\":[{\"@type\":\"ListItem\",\"position\":1,\"name\":\"Accueil\",\"item\":\"https:\\\/\\\/lesvolcansnews.net\\\/\"},{\"@type\":\"ListItem\",\"position\":2,\"name\":\"RDC : L\u2019ACEDH d\u00e9nonce une proc\u00e9dure d\u2019enregistrement des d\u00e9fenseurs des droits humains jug\u00e9e \u00ab liberticide \u00bb\"}]},{\"@type\":\"WebSite\",\"@id\":\"https:\\\/\\\/lesvolcansnews.net\\\/#website\",\"url\":\"https:\\\/\\\/lesvolcansnews.net\\\/\",\"name\":\"LES VOLCANS NEWS\",\"description\":\"L&#039;INFORMATION C&#039;EST NOUS\",\"potentialAction\":[{\"@type\":\"SearchAction\",\"target\":{\"@type\":\"EntryPoint\",\"urlTemplate\":\"https:\\\/\\\/lesvolcansnews.net\\\/?s={search_term_string}\"},\"query-input\":{\"@type\":\"PropertyValueSpecification\",\"valueRequired\":true,\"valueName\":\"search_term_string\"}}],\"inLanguage\":\"fr-FR\"},{\"@type\":\"Person\",\"@id\":\"https:\\\/\\\/lesvolcansnews.net\\\/#\\\/schema\\\/person\\\/82c8bed2e77879ecf6cca63441f57354\",\"name\":\"R\u00e9daction - Les Volcans News\",\"image\":{\"@type\":\"ImageObject\",\"inLanguage\":\"fr-FR\",\"@id\":\"https:\\\/\\\/secure.gravatar.com\\\/avatar\\\/8408942dd851e8a9c09f3d382a661bc05d2b3cd9002139bc1795b9528cdc6c80?s=96&d=mm&r=g\",\"url\":\"https:\\\/\\\/secure.gravatar.com\\\/avatar\\\/8408942dd851e8a9c09f3d382a661bc05d2b3cd9002139bc1795b9528cdc6c80?s=96&d=mm&r=g\",\"contentUrl\":\"https:\\\/\\\/secure.gravatar.com\\\/avatar\\\/8408942dd851e8a9c09f3d382a661bc05d2b3cd9002139bc1795b9528cdc6c80?s=96&d=mm&r=g\",\"caption\":\"R\u00e9daction - Les Volcans News\"},\"url\":\"https:\\\/\\\/lesvolcansnews.net\\\/?author=14\"}]}<\/script>\n<!-- \/ Yoast SEO plugin. -->","yoast_head_json":{"title":"RDC : L\u2019ACEDH d\u00e9nonce une proc\u00e9dure d\u2019enregistrement des d\u00e9fenseurs des droits humains jug\u00e9e \u00ab liberticide \u00bb - LES VOLCANS NEWS","robots":{"index":"index","follow":"follow","max-snippet":"max-snippet:-1","max-image-preview":"max-image-preview:large","max-video-preview":"max-video-preview:-1"},"canonical":"https:\/\/lesvolcansnews.net\/?p=69518","og_locale":"fr_FR","og_type":"article","og_title":"RDC : L\u2019ACEDH d\u00e9nonce une proc\u00e9dure d\u2019enregistrement des d\u00e9fenseurs des droits humains jug\u00e9e \u00ab liberticide \u00bb - LES VOLCANS NEWS","og_description":"&nbsp; L\u2019Association Congolaise pour l\u2019\u00c9ducation aux Droits Humains (ACEDH) a vivement critiqu\u00e9 la nouvelle proc\u00e9dure d\u2019enregistrement et d\u2019identification des d\u00e9fenseurs des droits humains (DDH) mise en place par la Commission","og_url":"https:\/\/lesvolcansnews.net\/?p=69518","og_site_name":"LES VOLCANS NEWS","article_published_time":"2025-09-19T11:51:33+00:00","og_image":[{"width":200,"height":200,"url":"https:\/\/lesvolcansnews.net\/wp-content\/uploads\/2025\/09\/524319345_1050012560576006_7334158622732071678_n.jpg","type":"image\/jpeg"}],"author":"R\u00e9daction - Les Volcans News","twitter_card":"summary_large_image","twitter_misc":{"\u00c9crit par":"R\u00e9daction - Les Volcans News","Dur\u00e9e de lecture estim\u00e9e":"3 minutes"},"schema":{"@context":"https:\/\/schema.org","@graph":[{"@type":"Article","@id":"https:\/\/lesvolcansnews.net\/?p=69518#article","isPartOf":{"@id":"https:\/\/lesvolcansnews.net\/?p=69518"},"author":{"name":"R\u00e9daction - Les Volcans News","@id":"https:\/\/lesvolcansnews.net\/#\/schema\/person\/82c8bed2e77879ecf6cca63441f57354"},"headline":"RDC : L\u2019ACEDH d\u00e9nonce une proc\u00e9dure d\u2019enregistrement des d\u00e9fenseurs des droits humains jug\u00e9e \u00ab liberticide \u00bb","datePublished":"2025-09-19T11:51:33+00:00","mainEntityOfPage":{"@id":"https:\/\/lesvolcansnews.net\/?p=69518"},"wordCount":596,"commentCount":0,"image":{"@id":"https:\/\/lesvolcansnews.net\/?p=69518#primaryimage"},"thumbnailUrl":"https:\/\/lesvolcansnews.net\/wp-content\/uploads\/2025\/09\/524319345_1050012560576006_7334158622732071678_n.jpg","articleSection":["DROITS HUMAINS"],"inLanguage":"fr-FR","potentialAction":[{"@type":"CommentAction","name":"Comment","target":["https:\/\/lesvolcansnews.net\/?p=69518#respond"]}]},{"@type":"WebPage","@id":"https:\/\/lesvolcansnews.net\/?p=69518","url":"https:\/\/lesvolcansnews.net\/?p=69518","name":"RDC : L\u2019ACEDH d\u00e9nonce une proc\u00e9dure d\u2019enregistrement des d\u00e9fenseurs des droits humains jug\u00e9e \u00ab liberticide \u00bb - LES VOLCANS NEWS","isPartOf":{"@id":"https:\/\/lesvolcansnews.net\/#website"},"primaryImageOfPage":{"@id":"https:\/\/lesvolcansnews.net\/?p=69518#primaryimage"},"image":{"@id":"https:\/\/lesvolcansnews.net\/?p=69518#primaryimage"},"thumbnailUrl":"https:\/\/lesvolcansnews.net\/wp-content\/uploads\/2025\/09\/524319345_1050012560576006_7334158622732071678_n.jpg","datePublished":"2025-09-19T11:51:33+00:00","author":{"@id":"https:\/\/lesvolcansnews.net\/#\/schema\/person\/82c8bed2e77879ecf6cca63441f57354"},"breadcrumb":{"@id":"https:\/\/lesvolcansnews.net\/?p=69518#breadcrumb"},"inLanguage":"fr-FR","potentialAction":[{"@type":"ReadAction","target":["https:\/\/lesvolcansnews.net\/?p=69518"]}]},{"@type":"ImageObject","inLanguage":"fr-FR","@id":"https:\/\/lesvolcansnews.net\/?p=69518#primaryimage","url":"https:\/\/lesvolcansnews.net\/wp-content\/uploads\/2025\/09\/524319345_1050012560576006_7334158622732071678_n.jpg","contentUrl":"https:\/\/lesvolcansnews.net\/wp-content\/uploads\/2025\/09\/524319345_1050012560576006_7334158622732071678_n.jpg","width":200,"height":200},{"@type":"BreadcrumbList","@id":"https:\/\/lesvolcansnews.net\/?p=69518#breadcrumb","itemListElement":[{"@type":"ListItem","position":1,"name":"Accueil","item":"https:\/\/lesvolcansnews.net\/"},{"@type":"ListItem","position":2,"name":"RDC : L\u2019ACEDH d\u00e9nonce une proc\u00e9dure d\u2019enregistrement des d\u00e9fenseurs des droits humains jug\u00e9e \u00ab liberticide \u00bb"}]},{"@type":"WebSite","@id":"https:\/\/lesvolcansnews.net\/#website","url":"https:\/\/lesvolcansnews.net\/","name":"LES VOLCANS NEWS","description":"L&#039;INFORMATION C&#039;EST NOUS","potentialAction":[{"@type":"SearchAction","target":{"@type":"EntryPoint","urlTemplate":"https:\/\/lesvolcansnews.net\/?s={search_term_string}"},"query-input":{"@type":"PropertyValueSpecification","valueRequired":true,"valueName":"search_term_string"}}],"inLanguage":"fr-FR"},{"@type":"Person","@id":"https:\/\/lesvolcansnews.net\/#\/schema\/person\/82c8bed2e77879ecf6cca63441f57354","name":"R\u00e9daction - Les Volcans News","image":{"@type":"ImageObject","inLanguage":"fr-FR","@id":"https:\/\/secure.gravatar.com\/avatar\/8408942dd851e8a9c09f3d382a661bc05d2b3cd9002139bc1795b9528cdc6c80?s=96&d=mm&r=g","url":"https:\/\/secure.gravatar.com\/avatar\/8408942dd851e8a9c09f3d382a661bc05d2b3cd9002139bc1795b9528cdc6c80?s=96&d=mm&r=g","contentUrl":"https:\/\/secure.gravatar.com\/avatar\/8408942dd851e8a9c09f3d382a661bc05d2b3cd9002139bc1795b9528cdc6c80?s=96&d=mm&r=g","caption":"R\u00e9daction - Les Volcans News"},"url":"https:\/\/lesvolcansnews.net\/?author=14"}]}},"_links":{"self":[{"href":"https:\/\/lesvolcansnews.net\/index.php?rest_route=\/wp\/v2\/posts\/69518","targetHints":{"allow":["GET"]}}],"collection":[{"href":"https:\/\/lesvolcansnews.net\/index.php?rest_route=\/wp\/v2\/posts"}],"about":[{"href":"https:\/\/lesvolcansnews.net\/index.php?rest_route=\/wp\/v2\/types\/post"}],"author":[{"embeddable":true,"href":"https:\/\/lesvolcansnews.net\/index.php?rest_route=\/wp\/v2\/users\/14"}],"replies":[{"embeddable":true,"href":"https:\/\/lesvolcansnews.net\/index.php?rest_route=%2Fwp%2Fv2%2Fcomments&post=69518"}],"version-history":[{"count":1,"href":"https:\/\/lesvolcansnews.net\/index.php?rest_route=\/wp\/v2\/posts\/69518\/revisions"}],"predecessor-version":[{"id":69520,"href":"https:\/\/lesvolcansnews.net\/index.php?rest_route=\/wp\/v2\/posts\/69518\/revisions\/69520"}],"wp:featuredmedia":[{"embeddable":true,"href":"https:\/\/lesvolcansnews.net\/index.php?rest_route=\/wp\/v2\/media\/69519"}],"wp:attachment":[{"href":"https:\/\/lesvolcansnews.net\/index.php?rest_route=%2Fwp%2Fv2%2Fmedia&parent=69518"}],"wp:term":[{"taxonomy":"category","embeddable":true,"href":"https:\/\/lesvolcansnews.net\/index.php?rest_route=%2Fwp%2Fv2%2Fcategories&post=69518"},{"taxonomy":"post_tag","embeddable":true,"href":"https:\/\/lesvolcansnews.net\/index.php?rest_route=%2Fwp%2Fv2%2Ftags&post=69518"}],"curies":[{"name":"wp","href":"https:\/\/api.w.org\/{rel}","templated":true}]}}