{"id":69503,"date":"2025-09-18T14:38:32","date_gmt":"2025-09-18T12:38:32","guid":{"rendered":"https:\/\/lesvolcansnews.net\/2025\/09\/18\/felix-tshisekedi-en-visite-en-afrique-du-sud-sur-invitation-de-cyril-ramaphosa\/"},"modified":"2025-09-18T14:38:32","modified_gmt":"2025-09-18T12:38:32","slug":"felix-tshisekedi-en-visite-en-afrique-du-sud-sur-invitation-de-cyril-ramaphosa","status":"publish","type":"post","link":"https:\/\/lesvolcansnews.net\/?p=69503","title":{"rendered":"F\u00e9lix Tshisekedi en visite en Afrique du Sud sur invitation de Cyril Ramaphosa"},"content":{"rendered":"\n<p><br><br> <strong>Le Pr\u00e9sident de la R\u00e9publique D\u00e9mocratique du Congo, F\u00e9lix Antoine Tshisekedi Tshilombo, a effectu\u00e9 ce jeudi matin une visite de travail de quelques heures en Afrique du Sud, \u00e0 l\u2019invitation de son homologue sud-africain, Cyril Ramaphosa.<\/strong><br><br>Arriv\u00e9 t\u00f4t dans la matin\u00e9e \u00e0 l\u2019a\u00e9roport militaire de Pretoria, le Chef de l\u2019\u00c9tat congolais a \u00e9t\u00e9 chaleureusement accueilli par la vice-ministre sud-africaine des Affaires \u00e9trang\u00e8res, madame Thandi Moreka. Cette visite express s\u2019inscrit dans le cadre du raffermissement des relations bilat\u00e9rales entre Kinshasa et Pretoria, deux capitales strat\u00e9giques sur le continent.<br><br>Peu apr\u00e8s son arriv\u00e9e, le cort\u00e8ge pr\u00e9sidentiel s\u2019est dirig\u00e9 vers le palais pr\u00e9sidentiel de Mahlamba Ndlopfu, o\u00f9 une rencontre en t\u00eate-\u00e0-t\u00eate entre les deux Chefs d\u2019\u00c9tat \u00e9tait pr\u00e9vue, suivie d\u2019un d\u00e9jeuner de travail.<br><br>Cette visite intervient dans un moment o\u00f9 le besoin croissant de coordination r\u00e9gionale sur les questions s\u00e9curitaires, \u00e9conomiques et diplomatiques. <br><br>Les deux pays sont li\u00e9s par une s\u00e9rie d\u2019accords bilat\u00e9raux couvrant divers domaines, notamment la d\u00e9fense, l\u2019\u00e9nergie, le commerce, la diplomatie et la formation.<br><br>Alors que la r\u00e9gion d\u2019Afrique centrale et australe fait face \u00e0 des d\u00e9fis s\u00e9curitaires importants, notamment en lien avec les groupes arm\u00e9s dans l\u2019Est de la RDC et les menaces transnationales, cette visite prend tout son sens.<br><br>Selon des observateurs, les \u00e9changes entre les Pr\u00e9sidents Tshisekedi et Ramaphosa devraient \u00e9galement porter sur les partenariats \u00e9conomiques, les investissements sud-africains en RDC, et la coordination au sein de la SADC (Communaut\u00e9 de d\u00e9veloppement de l\u2019Afrique australe), dont les deux pays sont membres influents.<br><br>Le Pr\u00e9sident Tshisekedi devrait regagner Kinshasa dans la soir\u00e9e, \u00e0 l\u2019issue de cette mission diplomatique de haut niveau.<br><br>La r\u00e9daction<\/p>\n","protected":false},"excerpt":{"rendered":"<p>Le Pr\u00e9sident de la R\u00e9publique D\u00e9mocratique du Congo, F\u00e9lix Antoine Tshisekedi Tshilombo, a effectu\u00e9 ce jeudi matin une visite de travail de quelques heures en Afrique du Sud, \u00e0 l\u2019invitation<\/p>\n","protected":false},"author":14,"featured_media":69502,"comment_status":"open","ping_status":"open","sticky":false,"template":"","format":"standard","meta":{"footnotes":""},"categories":[1],"tags":[],"class_list":["post-69503","post","type-post","status-publish","format-standard","has-post-thumbnail","hentry","category-actualite"],"yoast_head":"<!-- This site is optimized with the Yoast SEO plugin v27.3 - https:\/\/yoast.com\/product\/yoast-seo-wordpress\/ -->\n<title>F\u00e9lix Tshisekedi en visite en Afrique du Sud sur invitation de Cyril Ramaphosa - LES VOLCANS NEWS<\/title>\n<meta name=\"robots\" content=\"index, follow, max-snippet:-1, max-image-preview:large, max-video-preview:-1\" \/>\n<link rel=\"canonical\" href=\"https:\/\/lesvolcansnews.net\/?p=69503\" \/>\n<meta property=\"og:locale\" content=\"fr_FR\" \/>\n<meta property=\"og:type\" content=\"article\" \/>\n<meta property=\"og:title\" content=\"F\u00e9lix Tshisekedi en visite en Afrique du Sud sur invitation de Cyril Ramaphosa - LES VOLCANS NEWS\" \/>\n<meta property=\"og:description\" content=\"Le Pr\u00e9sident de la R\u00e9publique D\u00e9mocratique du Congo, F\u00e9lix Antoine Tshisekedi Tshilombo, a effectu\u00e9 ce jeudi matin une visite de travail de quelques heures en Afrique du Sud, \u00e0 l\u2019invitation\" \/>\n<meta property=\"og:url\" content=\"https:\/\/lesvolcansnews.net\/?p=69503\" \/>\n<meta property=\"og:site_name\" content=\"LES VOLCANS NEWS\" \/>\n<meta property=\"article:published_time\" content=\"2025-09-18T12:38:32+00:00\" \/>\n<meta property=\"og:image\" content=\"https:\/\/lesvolcansnews.net\/wp-content\/uploads\/2025\/09\/20250918_133152.jpg\" \/>\n\t<meta property=\"og:image:width\" content=\"1080\" \/>\n\t<meta property=\"og:image:height\" content=\"796\" \/>\n\t<meta property=\"og:image:type\" content=\"image\/jpeg\" \/>\n<meta name=\"author\" content=\"R\u00e9daction - Les Volcans News\" \/>\n<meta name=\"twitter:card\" content=\"summary_large_image\" \/>\n<meta name=\"twitter:label1\" content=\"\u00c9crit par\" \/>\n\t<meta name=\"twitter:data1\" content=\"R\u00e9daction - Les Volcans News\" \/>\n\t<meta name=\"twitter:label2\" content=\"Dur\u00e9e de lecture estim\u00e9e\" \/>\n\t<meta name=\"twitter:data2\" content=\"2 minutes\" \/>\n<script type=\"application\/ld+json\" class=\"yoast-schema-graph\">{\"@context\":\"https:\\\/\\\/schema.org\",\"@graph\":[{\"@type\":\"Article\",\"@id\":\"https:\\\/\\\/lesvolcansnews.net\\\/?p=69503#article\",\"isPartOf\":{\"@id\":\"https:\\\/\\\/lesvolcansnews.net\\\/?p=69503\"},\"author\":{\"name\":\"R\u00e9daction - Les Volcans News\",\"@id\":\"https:\\\/\\\/lesvolcansnews.net\\\/#\\\/schema\\\/person\\\/82c8bed2e77879ecf6cca63441f57354\"},\"headline\":\"F\u00e9lix Tshisekedi en visite en Afrique du Sud sur invitation de Cyril Ramaphosa\",\"datePublished\":\"2025-09-18T12:38:32+00:00\",\"mainEntityOfPage\":{\"@id\":\"https:\\\/\\\/lesvolcansnews.net\\\/?p=69503\"},\"wordCount\":323,\"commentCount\":0,\"image\":{\"@id\":\"https:\\\/\\\/lesvolcansnews.net\\\/?p=69503#primaryimage\"},\"thumbnailUrl\":\"https:\\\/\\\/lesvolcansnews.net\\\/wp-content\\\/uploads\\\/2025\\\/09\\\/20250918_133152.jpg\",\"articleSection\":[\"ACTUALIT\u00c9\"],\"inLanguage\":\"fr-FR\",\"potentialAction\":[{\"@type\":\"CommentAction\",\"name\":\"Comment\",\"target\":[\"https:\\\/\\\/lesvolcansnews.net\\\/?p=69503#respond\"]}]},{\"@type\":\"WebPage\",\"@id\":\"https:\\\/\\\/lesvolcansnews.net\\\/?p=69503\",\"url\":\"https:\\\/\\\/lesvolcansnews.net\\\/?p=69503\",\"name\":\"F\u00e9lix Tshisekedi en visite en Afrique du Sud sur invitation de Cyril Ramaphosa - LES VOLCANS NEWS\",\"isPartOf\":{\"@id\":\"https:\\\/\\\/lesvolcansnews.net\\\/#website\"},\"primaryImageOfPage\":{\"@id\":\"https:\\\/\\\/lesvolcansnews.net\\\/?p=69503#primaryimage\"},\"image\":{\"@id\":\"https:\\\/\\\/lesvolcansnews.net\\\/?p=69503#primaryimage\"},\"thumbnailUrl\":\"https:\\\/\\\/lesvolcansnews.net\\\/wp-content\\\/uploads\\\/2025\\\/09\\\/20250918_133152.jpg\",\"datePublished\":\"2025-09-18T12:38:32+00:00\",\"author\":{\"@id\":\"https:\\\/\\\/lesvolcansnews.net\\\/#\\\/schema\\\/person\\\/82c8bed2e77879ecf6cca63441f57354\"},\"breadcrumb\":{\"@id\":\"https:\\\/\\\/lesvolcansnews.net\\\/?p=69503#breadcrumb\"},\"inLanguage\":\"fr-FR\",\"potentialAction\":[{\"@type\":\"ReadAction\",\"target\":[\"https:\\\/\\\/lesvolcansnews.net\\\/?p=69503\"]}]},{\"@type\":\"ImageObject\",\"inLanguage\":\"fr-FR\",\"@id\":\"https:\\\/\\\/lesvolcansnews.net\\\/?p=69503#primaryimage\",\"url\":\"https:\\\/\\\/lesvolcansnews.net\\\/wp-content\\\/uploads\\\/2025\\\/09\\\/20250918_133152.jpg\",\"contentUrl\":\"https:\\\/\\\/lesvolcansnews.net\\\/wp-content\\\/uploads\\\/2025\\\/09\\\/20250918_133152.jpg\",\"width\":1080,\"height\":796},{\"@type\":\"BreadcrumbList\",\"@id\":\"https:\\\/\\\/lesvolcansnews.net\\\/?p=69503#breadcrumb\",\"itemListElement\":[{\"@type\":\"ListItem\",\"position\":1,\"name\":\"Accueil\",\"item\":\"https:\\\/\\\/lesvolcansnews.net\\\/\"},{\"@type\":\"ListItem\",\"position\":2,\"name\":\"F\u00e9lix Tshisekedi en visite en Afrique du Sud sur invitation de Cyril Ramaphosa\"}]},{\"@type\":\"WebSite\",\"@id\":\"https:\\\/\\\/lesvolcansnews.net\\\/#website\",\"url\":\"https:\\\/\\\/lesvolcansnews.net\\\/\",\"name\":\"LES VOLCANS NEWS\",\"description\":\"L&#039;INFORMATION C&#039;EST NOUS\",\"potentialAction\":[{\"@type\":\"SearchAction\",\"target\":{\"@type\":\"EntryPoint\",\"urlTemplate\":\"https:\\\/\\\/lesvolcansnews.net\\\/?s={search_term_string}\"},\"query-input\":{\"@type\":\"PropertyValueSpecification\",\"valueRequired\":true,\"valueName\":\"search_term_string\"}}],\"inLanguage\":\"fr-FR\"},{\"@type\":\"Person\",\"@id\":\"https:\\\/\\\/lesvolcansnews.net\\\/#\\\/schema\\\/person\\\/82c8bed2e77879ecf6cca63441f57354\",\"name\":\"R\u00e9daction - Les Volcans News\",\"image\":{\"@type\":\"ImageObject\",\"inLanguage\":\"fr-FR\",\"@id\":\"https:\\\/\\\/secure.gravatar.com\\\/avatar\\\/8408942dd851e8a9c09f3d382a661bc05d2b3cd9002139bc1795b9528cdc6c80?s=96&d=mm&r=g\",\"url\":\"https:\\\/\\\/secure.gravatar.com\\\/avatar\\\/8408942dd851e8a9c09f3d382a661bc05d2b3cd9002139bc1795b9528cdc6c80?s=96&d=mm&r=g\",\"contentUrl\":\"https:\\\/\\\/secure.gravatar.com\\\/avatar\\\/8408942dd851e8a9c09f3d382a661bc05d2b3cd9002139bc1795b9528cdc6c80?s=96&d=mm&r=g\",\"caption\":\"R\u00e9daction - Les Volcans News\"},\"url\":\"https:\\\/\\\/lesvolcansnews.net\\\/?author=14\"}]}<\/script>\n<!-- \/ Yoast SEO plugin. -->","yoast_head_json":{"title":"F\u00e9lix Tshisekedi en visite en Afrique du Sud sur invitation de Cyril Ramaphosa - LES VOLCANS NEWS","robots":{"index":"index","follow":"follow","max-snippet":"max-snippet:-1","max-image-preview":"max-image-preview:large","max-video-preview":"max-video-preview:-1"},"canonical":"https:\/\/lesvolcansnews.net\/?p=69503","og_locale":"fr_FR","og_type":"article","og_title":"F\u00e9lix Tshisekedi en visite en Afrique du Sud sur invitation de Cyril Ramaphosa - LES VOLCANS NEWS","og_description":"Le Pr\u00e9sident de la R\u00e9publique D\u00e9mocratique du Congo, F\u00e9lix Antoine Tshisekedi Tshilombo, a effectu\u00e9 ce jeudi matin une visite de travail de quelques heures en Afrique du Sud, \u00e0 l\u2019invitation","og_url":"https:\/\/lesvolcansnews.net\/?p=69503","og_site_name":"LES VOLCANS NEWS","article_published_time":"2025-09-18T12:38:32+00:00","og_image":[{"width":1080,"height":796,"url":"https:\/\/lesvolcansnews.net\/wp-content\/uploads\/2025\/09\/20250918_133152.jpg","type":"image\/jpeg"}],"author":"R\u00e9daction - Les Volcans News","twitter_card":"summary_large_image","twitter_misc":{"\u00c9crit par":"R\u00e9daction - Les Volcans News","Dur\u00e9e de lecture estim\u00e9e":"2 minutes"},"schema":{"@context":"https:\/\/schema.org","@graph":[{"@type":"Article","@id":"https:\/\/lesvolcansnews.net\/?p=69503#article","isPartOf":{"@id":"https:\/\/lesvolcansnews.net\/?p=69503"},"author":{"name":"R\u00e9daction - Les Volcans News","@id":"https:\/\/lesvolcansnews.net\/#\/schema\/person\/82c8bed2e77879ecf6cca63441f57354"},"headline":"F\u00e9lix Tshisekedi en visite en Afrique du Sud sur invitation de Cyril Ramaphosa","datePublished":"2025-09-18T12:38:32+00:00","mainEntityOfPage":{"@id":"https:\/\/lesvolcansnews.net\/?p=69503"},"wordCount":323,"commentCount":0,"image":{"@id":"https:\/\/lesvolcansnews.net\/?p=69503#primaryimage"},"thumbnailUrl":"https:\/\/lesvolcansnews.net\/wp-content\/uploads\/2025\/09\/20250918_133152.jpg","articleSection":["ACTUALIT\u00c9"],"inLanguage":"fr-FR","potentialAction":[{"@type":"CommentAction","name":"Comment","target":["https:\/\/lesvolcansnews.net\/?p=69503#respond"]}]},{"@type":"WebPage","@id":"https:\/\/lesvolcansnews.net\/?p=69503","url":"https:\/\/lesvolcansnews.net\/?p=69503","name":"F\u00e9lix Tshisekedi en visite en Afrique du Sud sur invitation de Cyril Ramaphosa - LES VOLCANS NEWS","isPartOf":{"@id":"https:\/\/lesvolcansnews.net\/#website"},"primaryImageOfPage":{"@id":"https:\/\/lesvolcansnews.net\/?p=69503#primaryimage"},"image":{"@id":"https:\/\/lesvolcansnews.net\/?p=69503#primaryimage"},"thumbnailUrl":"https:\/\/lesvolcansnews.net\/wp-content\/uploads\/2025\/09\/20250918_133152.jpg","datePublished":"2025-09-18T12:38:32+00:00","author":{"@id":"https:\/\/lesvolcansnews.net\/#\/schema\/person\/82c8bed2e77879ecf6cca63441f57354"},"breadcrumb":{"@id":"https:\/\/lesvolcansnews.net\/?p=69503#breadcrumb"},"inLanguage":"fr-FR","potentialAction":[{"@type":"ReadAction","target":["https:\/\/lesvolcansnews.net\/?p=69503"]}]},{"@type":"ImageObject","inLanguage":"fr-FR","@id":"https:\/\/lesvolcansnews.net\/?p=69503#primaryimage","url":"https:\/\/lesvolcansnews.net\/wp-content\/uploads\/2025\/09\/20250918_133152.jpg","contentUrl":"https:\/\/lesvolcansnews.net\/wp-content\/uploads\/2025\/09\/20250918_133152.jpg","width":1080,"height":796},{"@type":"BreadcrumbList","@id":"https:\/\/lesvolcansnews.net\/?p=69503#breadcrumb","itemListElement":[{"@type":"ListItem","position":1,"name":"Accueil","item":"https:\/\/lesvolcansnews.net\/"},{"@type":"ListItem","position":2,"name":"F\u00e9lix Tshisekedi en visite en Afrique du Sud sur invitation de Cyril Ramaphosa"}]},{"@type":"WebSite","@id":"https:\/\/lesvolcansnews.net\/#website","url":"https:\/\/lesvolcansnews.net\/","name":"LES VOLCANS NEWS","description":"L&#039;INFORMATION C&#039;EST NOUS","potentialAction":[{"@type":"SearchAction","target":{"@type":"EntryPoint","urlTemplate":"https:\/\/lesvolcansnews.net\/?s={search_term_string}"},"query-input":{"@type":"PropertyValueSpecification","valueRequired":true,"valueName":"search_term_string"}}],"inLanguage":"fr-FR"},{"@type":"Person","@id":"https:\/\/lesvolcansnews.net\/#\/schema\/person\/82c8bed2e77879ecf6cca63441f57354","name":"R\u00e9daction - Les Volcans News","image":{"@type":"ImageObject","inLanguage":"fr-FR","@id":"https:\/\/secure.gravatar.com\/avatar\/8408942dd851e8a9c09f3d382a661bc05d2b3cd9002139bc1795b9528cdc6c80?s=96&d=mm&r=g","url":"https:\/\/secure.gravatar.com\/avatar\/8408942dd851e8a9c09f3d382a661bc05d2b3cd9002139bc1795b9528cdc6c80?s=96&d=mm&r=g","contentUrl":"https:\/\/secure.gravatar.com\/avatar\/8408942dd851e8a9c09f3d382a661bc05d2b3cd9002139bc1795b9528cdc6c80?s=96&d=mm&r=g","caption":"R\u00e9daction - Les Volcans News"},"url":"https:\/\/lesvolcansnews.net\/?author=14"}]}},"_links":{"self":[{"href":"https:\/\/lesvolcansnews.net\/index.php?rest_route=\/wp\/v2\/posts\/69503","targetHints":{"allow":["GET"]}}],"collection":[{"href":"https:\/\/lesvolcansnews.net\/index.php?rest_route=\/wp\/v2\/posts"}],"about":[{"href":"https:\/\/lesvolcansnews.net\/index.php?rest_route=\/wp\/v2\/types\/post"}],"author":[{"embeddable":true,"href":"https:\/\/lesvolcansnews.net\/index.php?rest_route=\/wp\/v2\/users\/14"}],"replies":[{"embeddable":true,"href":"https:\/\/lesvolcansnews.net\/index.php?rest_route=%2Fwp%2Fv2%2Fcomments&post=69503"}],"version-history":[{"count":0,"href":"https:\/\/lesvolcansnews.net\/index.php?rest_route=\/wp\/v2\/posts\/69503\/revisions"}],"wp:featuredmedia":[{"embeddable":true,"href":"https:\/\/lesvolcansnews.net\/index.php?rest_route=\/wp\/v2\/media\/69502"}],"wp:attachment":[{"href":"https:\/\/lesvolcansnews.net\/index.php?rest_route=%2Fwp%2Fv2%2Fmedia&parent=69503"}],"wp:term":[{"taxonomy":"category","embeddable":true,"href":"https:\/\/lesvolcansnews.net\/index.php?rest_route=%2Fwp%2Fv2%2Fcategories&post=69503"},{"taxonomy":"post_tag","embeddable":true,"href":"https:\/\/lesvolcansnews.net\/index.php?rest_route=%2Fwp%2Fv2%2Ftags&post=69503"}],"curies":[{"name":"wp","href":"https:\/\/api.w.org\/{rel}","templated":true}]}}