{"id":69497,"date":"2025-09-18T13:00:52","date_gmt":"2025-09-18T11:00:52","guid":{"rendered":"https:\/\/lesvolcansnews.net\/2025\/09\/18\/violents-affrontements-a-mwenga-des-morts-des-blesses-et-le-qg-du-general-autoproclame-nyakiliba-incendie\/"},"modified":"2025-09-18T13:00:52","modified_gmt":"2025-09-18T11:00:52","slug":"violents-affrontements-a-mwenga-des-morts-des-blesses-et-le-qg-du-general-autoproclame-nyakiliba-incendie","status":"publish","type":"post","link":"https:\/\/lesvolcansnews.net\/?p=69497","title":{"rendered":"Violents affrontements \u00e0 Mwenga : des morts, des bless\u00e9s et le QG du g\u00e9n\u00e9ral autoproclam\u00e9 Nyakiliba incendi\u00e9"},"content":{"rendered":"\n<p>Au moins trois personnes ont \u00e9t\u00e9 tu\u00e9es et deux autres bless\u00e9es jeudi 18 septembre dans des affrontements violents entre les groupes arm\u00e9s Wazalendo Malaika et les partisans du g\u00e9n\u00e9ral autoproclam\u00e9 Nyakiliba, dans le territoire de Mwenga, dans l&#8217;est de la R\u00e9publique d\u00e9mocratique du Congo (RDC).<\/p>\n\n\n\n<p> L\u2019\u00e9tat-major de ce dernier a \u00e9t\u00e9 incendi\u00e9, ont rapport\u00e9 plusieurs sources locales concordantes.<\/p>\n\n\n\n<p>La tension est mont\u00e9e brusquement dans la matin\u00e9e \u00e0 la suite de la d\u00e9cision controvers\u00e9e de supprimer plusieurs barri\u00e8res ill\u00e9gales \u00e9rig\u00e9es sur la Route Nationale n\u00b02 (RN2), point strat\u00e9gique du trafic routier dans la r\u00e9gion. <\/p>\n\n\n\n<p>Ces barri\u00e8res, souvent utilis\u00e9es comme postes de p\u00e9age clandestins par les groupes arm\u00e9s, sont au c\u0153ur des rivalit\u00e9s pour le contr\u00f4le territorial et financier.<\/p>\n\n\n\n<p><\/p>\n\n\n\n<p>Selon les premiers \u00e9l\u00e9ments recueillis, les violences ont \u00e9clat\u00e9 lorsque les combattants Wazalendo ont tent\u00e9 de d\u00e9manteler une barri\u00e8re tenue par les \u00e9l\u00e9ments de Nyakiliba, entra\u00eenant une riposte imm\u00e9diate. Le bilan provisoire fait \u00e9tat de trois morts, dont un civil atteint par balle, et de deux bless\u00e9s graves, selon des sources hospitali\u00e8res locales.<\/p>\n\n\n\n<p>Dans la foul\u00e9e des affrontements, l\u2019\u00e9tat-major de Nyakiliba, situ\u00e9 dans la p\u00e9riph\u00e9rie du centre de Mwenga, a \u00e9t\u00e9 incendi\u00e9. Des t\u00e9moins sur place affirment avoir vu des colonnes de fum\u00e9e noire s\u2019\u00e9lever au-dessus du quartier, alors que les combats faisaient rage dans les rues avoisinantes.<\/p>\n\n\n\n<p>La population locale, prise de panique, a d\u00e9sert\u00e9 les march\u00e9s et les \u00e9coles. Plusieurs familles cherchent \u00e0 fuir la zone, mais les routes sont coup\u00e9es ou dangereuses en raison des combats.<\/p>\n\n\n\n<p>Les autorit\u00e9s provinciales n\u2019ont pas encore r\u00e9agi officiellement \u00e0 ces \u00e9v\u00e9nements, mais des sources s\u00e9curitaires confirment qu\u2019une r\u00e9union de crise est en cours \u00e0 Bukavu, chef-lieu du Sud-Kivu.<\/p>\n\n\n\n<p>Les tensions entre groupes arm\u00e9s dans cette r\u00e9gion riche en ressources mini\u00e8res mais min\u00e9e par des d\u00e9cennies de conflits sont fr\u00e9quentes.<\/p>\n\n\n\n<p> Le mouvement Wazalendo Malaika, qui se pr\u00e9sente comme une milice d\u2019autod\u00e9fense patriotique, accuse r\u00e9guli\u00e8rement d&#8217;autres factions arm\u00e9es de pillages, d\u2019extorsions et d\u2019atteintes aux populations civiles.<\/p>\n\n\n\n<p>L\u2019arm\u00e9e congolaise (FARDC), peu pr\u00e9sente dans certaines zones recul\u00e9es de Mwenga, est souvent critiqu\u00e9e pour son incapacit\u00e9 \u00e0 d\u00e9sarmer ces groupes ou \u00e0 assurer la s\u00e9curit\u00e9 des civils.<\/p>\n\n\n\n<p>La r\u00e9daction <\/p>\n","protected":false},"excerpt":{"rendered":"<p>Au moins trois personnes ont \u00e9t\u00e9 tu\u00e9es et deux autres bless\u00e9es jeudi 18 septembre dans des affrontements violents entre les groupes arm\u00e9s Wazalendo Malaika et les partisans du g\u00e9n\u00e9ral autoproclam\u00e9<\/p>\n","protected":false},"author":14,"featured_media":69496,"comment_status":"open","ping_status":"open","sticky":false,"template":"","format":"standard","meta":{"footnotes":""},"categories":[1],"tags":[],"class_list":["post-69497","post","type-post","status-publish","format-standard","has-post-thumbnail","hentry","category-actualite"],"yoast_head":"<!-- This site is optimized with the Yoast SEO plugin v27.3 - https:\/\/yoast.com\/product\/yoast-seo-wordpress\/ -->\n<title>Violents affrontements \u00e0 Mwenga : des morts, des bless\u00e9s et le QG du g\u00e9n\u00e9ral autoproclam\u00e9 Nyakiliba incendi\u00e9 - LES VOLCANS NEWS<\/title>\n<meta name=\"robots\" content=\"index, follow, max-snippet:-1, max-image-preview:large, max-video-preview:-1\" \/>\n<link rel=\"canonical\" href=\"https:\/\/lesvolcansnews.net\/?p=69497\" \/>\n<meta property=\"og:locale\" content=\"fr_FR\" \/>\n<meta property=\"og:type\" content=\"article\" \/>\n<meta property=\"og:title\" content=\"Violents affrontements \u00e0 Mwenga : des morts, des bless\u00e9s et le QG du g\u00e9n\u00e9ral autoproclam\u00e9 Nyakiliba incendi\u00e9 - LES VOLCANS NEWS\" \/>\n<meta property=\"og:description\" content=\"Au moins trois personnes ont \u00e9t\u00e9 tu\u00e9es et deux autres bless\u00e9es jeudi 18 septembre dans des affrontements violents entre les groupes arm\u00e9s Wazalendo Malaika et les partisans du g\u00e9n\u00e9ral autoproclam\u00e9\" \/>\n<meta property=\"og:url\" content=\"https:\/\/lesvolcansnews.net\/?p=69497\" \/>\n<meta property=\"og:site_name\" content=\"LES VOLCANS NEWS\" \/>\n<meta property=\"article:published_time\" content=\"2025-09-18T11:00:52+00:00\" \/>\n<meta property=\"og:image\" content=\"https:\/\/lesvolcansnews.net\/wp-content\/uploads\/2025\/09\/IMG-20250916-WA0213-1.jpg\" \/>\n\t<meta property=\"og:image:width\" content=\"808\" \/>\n\t<meta property=\"og:image:height\" content=\"614\" \/>\n\t<meta property=\"og:image:type\" content=\"image\/jpeg\" \/>\n<meta name=\"author\" content=\"R\u00e9daction - Les Volcans News\" \/>\n<meta name=\"twitter:card\" content=\"summary_large_image\" \/>\n<meta name=\"twitter:label1\" content=\"\u00c9crit par\" \/>\n\t<meta name=\"twitter:data1\" content=\"R\u00e9daction - Les Volcans News\" \/>\n\t<meta name=\"twitter:label2\" content=\"Dur\u00e9e de lecture estim\u00e9e\" \/>\n\t<meta name=\"twitter:data2\" content=\"2 minutes\" \/>\n<script type=\"application\/ld+json\" class=\"yoast-schema-graph\">{\"@context\":\"https:\\\/\\\/schema.org\",\"@graph\":[{\"@type\":\"Article\",\"@id\":\"https:\\\/\\\/lesvolcansnews.net\\\/?p=69497#article\",\"isPartOf\":{\"@id\":\"https:\\\/\\\/lesvolcansnews.net\\\/?p=69497\"},\"author\":{\"name\":\"R\u00e9daction - Les Volcans News\",\"@id\":\"https:\\\/\\\/lesvolcansnews.net\\\/#\\\/schema\\\/person\\\/82c8bed2e77879ecf6cca63441f57354\"},\"headline\":\"Violents affrontements \u00e0 Mwenga : des morts, des bless\u00e9s et le QG du g\u00e9n\u00e9ral autoproclam\u00e9 Nyakiliba incendi\u00e9\",\"datePublished\":\"2025-09-18T11:00:52+00:00\",\"mainEntityOfPage\":{\"@id\":\"https:\\\/\\\/lesvolcansnews.net\\\/?p=69497\"},\"wordCount\":434,\"commentCount\":0,\"image\":{\"@id\":\"https:\\\/\\\/lesvolcansnews.net\\\/?p=69497#primaryimage\"},\"thumbnailUrl\":\"https:\\\/\\\/lesvolcansnews.net\\\/wp-content\\\/uploads\\\/2025\\\/09\\\/IMG-20250916-WA0213-1.jpg\",\"articleSection\":[\"ACTUALIT\u00c9\"],\"inLanguage\":\"fr-FR\",\"potentialAction\":[{\"@type\":\"CommentAction\",\"name\":\"Comment\",\"target\":[\"https:\\\/\\\/lesvolcansnews.net\\\/?p=69497#respond\"]}]},{\"@type\":\"WebPage\",\"@id\":\"https:\\\/\\\/lesvolcansnews.net\\\/?p=69497\",\"url\":\"https:\\\/\\\/lesvolcansnews.net\\\/?p=69497\",\"name\":\"Violents affrontements \u00e0 Mwenga : des morts, des bless\u00e9s et le QG du g\u00e9n\u00e9ral autoproclam\u00e9 Nyakiliba incendi\u00e9 - LES VOLCANS NEWS\",\"isPartOf\":{\"@id\":\"https:\\\/\\\/lesvolcansnews.net\\\/#website\"},\"primaryImageOfPage\":{\"@id\":\"https:\\\/\\\/lesvolcansnews.net\\\/?p=69497#primaryimage\"},\"image\":{\"@id\":\"https:\\\/\\\/lesvolcansnews.net\\\/?p=69497#primaryimage\"},\"thumbnailUrl\":\"https:\\\/\\\/lesvolcansnews.net\\\/wp-content\\\/uploads\\\/2025\\\/09\\\/IMG-20250916-WA0213-1.jpg\",\"datePublished\":\"2025-09-18T11:00:52+00:00\",\"author\":{\"@id\":\"https:\\\/\\\/lesvolcansnews.net\\\/#\\\/schema\\\/person\\\/82c8bed2e77879ecf6cca63441f57354\"},\"breadcrumb\":{\"@id\":\"https:\\\/\\\/lesvolcansnews.net\\\/?p=69497#breadcrumb\"},\"inLanguage\":\"fr-FR\",\"potentialAction\":[{\"@type\":\"ReadAction\",\"target\":[\"https:\\\/\\\/lesvolcansnews.net\\\/?p=69497\"]}]},{\"@type\":\"ImageObject\",\"inLanguage\":\"fr-FR\",\"@id\":\"https:\\\/\\\/lesvolcansnews.net\\\/?p=69497#primaryimage\",\"url\":\"https:\\\/\\\/lesvolcansnews.net\\\/wp-content\\\/uploads\\\/2025\\\/09\\\/IMG-20250916-WA0213-1.jpg\",\"contentUrl\":\"https:\\\/\\\/lesvolcansnews.net\\\/wp-content\\\/uploads\\\/2025\\\/09\\\/IMG-20250916-WA0213-1.jpg\",\"width\":808,\"height\":614},{\"@type\":\"BreadcrumbList\",\"@id\":\"https:\\\/\\\/lesvolcansnews.net\\\/?p=69497#breadcrumb\",\"itemListElement\":[{\"@type\":\"ListItem\",\"position\":1,\"name\":\"Accueil\",\"item\":\"https:\\\/\\\/lesvolcansnews.net\\\/\"},{\"@type\":\"ListItem\",\"position\":2,\"name\":\"Violents affrontements \u00e0 Mwenga : des morts, des bless\u00e9s et le QG du g\u00e9n\u00e9ral autoproclam\u00e9 Nyakiliba incendi\u00e9\"}]},{\"@type\":\"WebSite\",\"@id\":\"https:\\\/\\\/lesvolcansnews.net\\\/#website\",\"url\":\"https:\\\/\\\/lesvolcansnews.net\\\/\",\"name\":\"LES VOLCANS NEWS\",\"description\":\"L&#039;INFORMATION C&#039;EST NOUS\",\"potentialAction\":[{\"@type\":\"SearchAction\",\"target\":{\"@type\":\"EntryPoint\",\"urlTemplate\":\"https:\\\/\\\/lesvolcansnews.net\\\/?s={search_term_string}\"},\"query-input\":{\"@type\":\"PropertyValueSpecification\",\"valueRequired\":true,\"valueName\":\"search_term_string\"}}],\"inLanguage\":\"fr-FR\"},{\"@type\":\"Person\",\"@id\":\"https:\\\/\\\/lesvolcansnews.net\\\/#\\\/schema\\\/person\\\/82c8bed2e77879ecf6cca63441f57354\",\"name\":\"R\u00e9daction - Les Volcans News\",\"image\":{\"@type\":\"ImageObject\",\"inLanguage\":\"fr-FR\",\"@id\":\"https:\\\/\\\/secure.gravatar.com\\\/avatar\\\/8408942dd851e8a9c09f3d382a661bc05d2b3cd9002139bc1795b9528cdc6c80?s=96&d=mm&r=g\",\"url\":\"https:\\\/\\\/secure.gravatar.com\\\/avatar\\\/8408942dd851e8a9c09f3d382a661bc05d2b3cd9002139bc1795b9528cdc6c80?s=96&d=mm&r=g\",\"contentUrl\":\"https:\\\/\\\/secure.gravatar.com\\\/avatar\\\/8408942dd851e8a9c09f3d382a661bc05d2b3cd9002139bc1795b9528cdc6c80?s=96&d=mm&r=g\",\"caption\":\"R\u00e9daction - Les Volcans News\"},\"url\":\"https:\\\/\\\/lesvolcansnews.net\\\/?author=14\"}]}<\/script>\n<!-- \/ Yoast SEO plugin. -->","yoast_head_json":{"title":"Violents affrontements \u00e0 Mwenga : des morts, des bless\u00e9s et le QG du g\u00e9n\u00e9ral autoproclam\u00e9 Nyakiliba incendi\u00e9 - LES VOLCANS NEWS","robots":{"index":"index","follow":"follow","max-snippet":"max-snippet:-1","max-image-preview":"max-image-preview:large","max-video-preview":"max-video-preview:-1"},"canonical":"https:\/\/lesvolcansnews.net\/?p=69497","og_locale":"fr_FR","og_type":"article","og_title":"Violents affrontements \u00e0 Mwenga : des morts, des bless\u00e9s et le QG du g\u00e9n\u00e9ral autoproclam\u00e9 Nyakiliba incendi\u00e9 - LES VOLCANS NEWS","og_description":"Au moins trois personnes ont \u00e9t\u00e9 tu\u00e9es et deux autres bless\u00e9es jeudi 18 septembre dans des affrontements violents entre les groupes arm\u00e9s Wazalendo Malaika et les partisans du g\u00e9n\u00e9ral autoproclam\u00e9","og_url":"https:\/\/lesvolcansnews.net\/?p=69497","og_site_name":"LES VOLCANS NEWS","article_published_time":"2025-09-18T11:00:52+00:00","og_image":[{"width":808,"height":614,"url":"https:\/\/lesvolcansnews.net\/wp-content\/uploads\/2025\/09\/IMG-20250916-WA0213-1.jpg","type":"image\/jpeg"}],"author":"R\u00e9daction - Les Volcans News","twitter_card":"summary_large_image","twitter_misc":{"\u00c9crit par":"R\u00e9daction - Les Volcans News","Dur\u00e9e de lecture estim\u00e9e":"2 minutes"},"schema":{"@context":"https:\/\/schema.org","@graph":[{"@type":"Article","@id":"https:\/\/lesvolcansnews.net\/?p=69497#article","isPartOf":{"@id":"https:\/\/lesvolcansnews.net\/?p=69497"},"author":{"name":"R\u00e9daction - Les Volcans News","@id":"https:\/\/lesvolcansnews.net\/#\/schema\/person\/82c8bed2e77879ecf6cca63441f57354"},"headline":"Violents affrontements \u00e0 Mwenga : des morts, des bless\u00e9s et le QG du g\u00e9n\u00e9ral autoproclam\u00e9 Nyakiliba incendi\u00e9","datePublished":"2025-09-18T11:00:52+00:00","mainEntityOfPage":{"@id":"https:\/\/lesvolcansnews.net\/?p=69497"},"wordCount":434,"commentCount":0,"image":{"@id":"https:\/\/lesvolcansnews.net\/?p=69497#primaryimage"},"thumbnailUrl":"https:\/\/lesvolcansnews.net\/wp-content\/uploads\/2025\/09\/IMG-20250916-WA0213-1.jpg","articleSection":["ACTUALIT\u00c9"],"inLanguage":"fr-FR","potentialAction":[{"@type":"CommentAction","name":"Comment","target":["https:\/\/lesvolcansnews.net\/?p=69497#respond"]}]},{"@type":"WebPage","@id":"https:\/\/lesvolcansnews.net\/?p=69497","url":"https:\/\/lesvolcansnews.net\/?p=69497","name":"Violents affrontements \u00e0 Mwenga : des morts, des bless\u00e9s et le QG du g\u00e9n\u00e9ral autoproclam\u00e9 Nyakiliba incendi\u00e9 - LES VOLCANS NEWS","isPartOf":{"@id":"https:\/\/lesvolcansnews.net\/#website"},"primaryImageOfPage":{"@id":"https:\/\/lesvolcansnews.net\/?p=69497#primaryimage"},"image":{"@id":"https:\/\/lesvolcansnews.net\/?p=69497#primaryimage"},"thumbnailUrl":"https:\/\/lesvolcansnews.net\/wp-content\/uploads\/2025\/09\/IMG-20250916-WA0213-1.jpg","datePublished":"2025-09-18T11:00:52+00:00","author":{"@id":"https:\/\/lesvolcansnews.net\/#\/schema\/person\/82c8bed2e77879ecf6cca63441f57354"},"breadcrumb":{"@id":"https:\/\/lesvolcansnews.net\/?p=69497#breadcrumb"},"inLanguage":"fr-FR","potentialAction":[{"@type":"ReadAction","target":["https:\/\/lesvolcansnews.net\/?p=69497"]}]},{"@type":"ImageObject","inLanguage":"fr-FR","@id":"https:\/\/lesvolcansnews.net\/?p=69497#primaryimage","url":"https:\/\/lesvolcansnews.net\/wp-content\/uploads\/2025\/09\/IMG-20250916-WA0213-1.jpg","contentUrl":"https:\/\/lesvolcansnews.net\/wp-content\/uploads\/2025\/09\/IMG-20250916-WA0213-1.jpg","width":808,"height":614},{"@type":"BreadcrumbList","@id":"https:\/\/lesvolcansnews.net\/?p=69497#breadcrumb","itemListElement":[{"@type":"ListItem","position":1,"name":"Accueil","item":"https:\/\/lesvolcansnews.net\/"},{"@type":"ListItem","position":2,"name":"Violents affrontements \u00e0 Mwenga : des morts, des bless\u00e9s et le QG du g\u00e9n\u00e9ral autoproclam\u00e9 Nyakiliba incendi\u00e9"}]},{"@type":"WebSite","@id":"https:\/\/lesvolcansnews.net\/#website","url":"https:\/\/lesvolcansnews.net\/","name":"LES VOLCANS NEWS","description":"L&#039;INFORMATION C&#039;EST NOUS","potentialAction":[{"@type":"SearchAction","target":{"@type":"EntryPoint","urlTemplate":"https:\/\/lesvolcansnews.net\/?s={search_term_string}"},"query-input":{"@type":"PropertyValueSpecification","valueRequired":true,"valueName":"search_term_string"}}],"inLanguage":"fr-FR"},{"@type":"Person","@id":"https:\/\/lesvolcansnews.net\/#\/schema\/person\/82c8bed2e77879ecf6cca63441f57354","name":"R\u00e9daction - Les Volcans News","image":{"@type":"ImageObject","inLanguage":"fr-FR","@id":"https:\/\/secure.gravatar.com\/avatar\/8408942dd851e8a9c09f3d382a661bc05d2b3cd9002139bc1795b9528cdc6c80?s=96&d=mm&r=g","url":"https:\/\/secure.gravatar.com\/avatar\/8408942dd851e8a9c09f3d382a661bc05d2b3cd9002139bc1795b9528cdc6c80?s=96&d=mm&r=g","contentUrl":"https:\/\/secure.gravatar.com\/avatar\/8408942dd851e8a9c09f3d382a661bc05d2b3cd9002139bc1795b9528cdc6c80?s=96&d=mm&r=g","caption":"R\u00e9daction - Les Volcans News"},"url":"https:\/\/lesvolcansnews.net\/?author=14"}]}},"_links":{"self":[{"href":"https:\/\/lesvolcansnews.net\/index.php?rest_route=\/wp\/v2\/posts\/69497","targetHints":{"allow":["GET"]}}],"collection":[{"href":"https:\/\/lesvolcansnews.net\/index.php?rest_route=\/wp\/v2\/posts"}],"about":[{"href":"https:\/\/lesvolcansnews.net\/index.php?rest_route=\/wp\/v2\/types\/post"}],"author":[{"embeddable":true,"href":"https:\/\/lesvolcansnews.net\/index.php?rest_route=\/wp\/v2\/users\/14"}],"replies":[{"embeddable":true,"href":"https:\/\/lesvolcansnews.net\/index.php?rest_route=%2Fwp%2Fv2%2Fcomments&post=69497"}],"version-history":[{"count":0,"href":"https:\/\/lesvolcansnews.net\/index.php?rest_route=\/wp\/v2\/posts\/69497\/revisions"}],"wp:featuredmedia":[{"embeddable":true,"href":"https:\/\/lesvolcansnews.net\/index.php?rest_route=\/wp\/v2\/media\/69496"}],"wp:attachment":[{"href":"https:\/\/lesvolcansnews.net\/index.php?rest_route=%2Fwp%2Fv2%2Fmedia&parent=69497"}],"wp:term":[{"taxonomy":"category","embeddable":true,"href":"https:\/\/lesvolcansnews.net\/index.php?rest_route=%2Fwp%2Fv2%2Fcategories&post=69497"},{"taxonomy":"post_tag","embeddable":true,"href":"https:\/\/lesvolcansnews.net\/index.php?rest_route=%2Fwp%2Fv2%2Ftags&post=69497"}],"curies":[{"name":"wp","href":"https:\/\/api.w.org\/{rel}","templated":true}]}}